{"id":5180,"date":"2021-09-15T17:59:02","date_gmt":"2021-09-15T17:59:02","guid":{"rendered":"https:\/\/www.equalmedia.mx\/site\/?p=5180"},"modified":"2021-09-15T21:02:40","modified_gmt":"2021-09-15T21:02:40","slug":"bime-pro-espera-reunir-a-mas-de-3-000-profesionales-de-la-industria-musical-de-todo-el-mundo-en-su-9a-edicion","status":"publish","type":"post","link":"https:\/\/www.equalmedia.mx\/site\/albums\/bime-pro-espera-reunir-a-mas-de-3-000-profesionales-de-la-industria-musical-de-todo-el-mundo-en-su-9a-edicion\/","title":{"rendered":"BIME PRO espera reunir a m\u00e1s de 3.000 profesionales de la industria musical de todo el mundo en su 9\u00aa edici\u00f3n"},"content":{"rendered":"\n<p><\/p>\n\n\n\n<p><\/p>\n\n\n\n<p><\/p>\n\n\n\n<p><\/p>\n\n\n\n<div class=\"wp-block-columns are-vertically-aligned-center is-layout-flex wp-container-core-columns-is-layout-9d6595d7 wp-block-columns-is-layout-flex\">\n<div class=\"wp-block-column is-vertically-aligned-center is-layout-flow wp-block-column-is-layout-flow\" style=\"flex-basis:100%\">\n<div class=\"wp-block-group\"><div class=\"wp-block-group__inner-container is-layout-flow wp-block-group-is-layout-flow\">\n<figure class=\"wp-block-table\"><table><tbody><tr><td><br>El pr\u00f3ximo mes de octubre la industria musical internacional se dar\u00e1 cita en Bilbao para asistir a la<strong>&nbsp;9\u00aa edici\u00f3n<\/strong><strong>de BIME PRO<\/strong>. Un esperado reencuentro&nbsp;<strong>entre las industrias musicales de Europa y Am\u00e9rica Latina&nbsp;<\/strong>que, tras la distancia que inevitablemente impuso la pandemia entre ambos continentes, se reunir\u00e1 en el&nbsp;<strong>Palacio Euskalduna<\/strong>&nbsp;\u202fdurante\u202flos d\u00edas&nbsp;<strong>27, 28 y 29 de octubre.&nbsp;<\/strong><br>A la programaci\u00f3n de artistas encabezada por&nbsp;<strong>Raphael,\u202f Shirley Manson y Mala Rodriguez&nbsp;<\/strong>se sumar\u00e1n&nbsp;<strong>Bomba Est\u00e9reo<\/strong>&nbsp;y&nbsp;<strong>John Acquaviva<\/strong>. Los l\u00edderes del grupo colombiano,&nbsp;<strong>Li Saumet y Sim\u00f3n Mej\u00eda<\/strong>, ofrecer\u00e1n una charla junto a sus managers&nbsp;<strong>Camila Saravia y Daniel Zawadzki<\/strong>&nbsp;quienes han trabajado en el desarrollo de su carrera desde los comienzos. Por su parte el panel&nbsp;del DJ, productor y artista canadiense estar\u00e1 enfocado en la&nbsp;inversi\u00f3n, representando como fundador el fondo P<a href=\"https:\/\/music.lasttour.net\/r\/52664fcc55f5d7ea0bee3cfa2?ct=YTo1OntzOjY6InNvdXJjZSI7YToyOntpOjA7czoxNDoiY2FtcGFpZ24uZXZlbnQiO2k6MTtpOjgyMTt9czo1OiJlbWFpbCI7aToyOTY7czo0OiJzdGF0IjtzOjIyOiI2MTQxYTZhNzQxMzQ0MzA4MDg4MjAzIjtzOjQ6ImxlYWQiO2k6MTY2Mzc2O3M6NzoiY2hhbm5lbCI7YToxOntzOjU6ImVtYWlsIjtpOjI5Njt9fQ%3D%3D&amp;\" target=\"_blank\" rel=\"noreferrer noopener\">lus Eight Equity<\/a>&nbsp;del cual son asesores Richie H. y Ben Turner. Del \u00e1mbito profesional participar\u00e1n&nbsp;<strong>Fabio Acosta<\/strong>&nbsp;e&nbsp;<strong>Iv\u00e1n Alarc\u00f3n<\/strong>, m\u00e1nagers de&nbsp;<strong>J. Balvin<\/strong>,&nbsp;<strong>Rosa Lagarrigue,<\/strong>&nbsp;CEO de RLM y&nbsp;<strong>Gay Mercader,&nbsp;<\/strong>m\u00edtico promotor espa\u00f1ol, &nbsp;compartir\u00e1n la grabaci\u00f3n del episodio numero 100 del exitoso podcast INDUSTRIA MUSICAL con Carlos Gal\u00e1n.&nbsp; Tambi\u00e9n contaremos con&nbsp;<strong>Jon Ollier,&nbsp;<\/strong>agente de<strong>&nbsp;Ed Sheeran<\/strong>, liderando un programa compuesto por referentes del sector. Adem\u00e1s, la artista argentina&nbsp;<strong>Zoe Gotusso<\/strong>&nbsp;ofrecer\u00e1 una charla en el marco de BIME Campus.<\/td><\/tr><\/tbody><\/table><\/figure>\n<\/div><\/div>\n<\/div>\n<\/div>\n\n\n\n<p><\/p>\n\n\n\n<p><\/p>\n\n\n\n<p><\/p>\n\n\n\n<p><\/p>\n\n\n\n<figure class=\"wp-block-embed is-type-video is-provider-youtube wp-block-embed-youtube wp-embed-aspect-16-9 wp-has-aspect-ratio\"><div class=\"wp-block-embed__wrapper\">\n<iframe title=\"BIME CITY 2020 - Aftermovie\" width=\"1300\" height=\"731\" data-src=\"https:\/\/www.youtube.com\/embed\/y0EQs0g1uwA?feature=oembed\" frameborder=\"0\" allow=\"accelerometer; autoplay; clipboard-write; encrypted-media; gyroscope; picture-in-picture\" allowfullscreen src=\"data:image\/svg+xml;base64,PHN2ZyB3aWR0aD0iMSIgaGVpZ2h0PSIxIiB4bWxucz0iaHR0cDovL3d3dy53My5vcmcvMjAwMC9zdmciPjwvc3ZnPg==\" class=\"lazyload\" data-load-mode=\"1\"><\/iframe>\n<\/div><\/figure>\n\n\n\n<p class=\"has-text-align-center\"><strong>LA ACTUALIDAD Y EL FUTURO DE LA INDUSTRIA MUSICAL EN 360\u00ba<\/strong><\/p>\n\n\n\n<p class=\"has-text-align-center\">El recinto este a\u00f1o estar\u00e1 habilitado al completo con casi&nbsp;<strong>7.000 metros cuadrados<\/strong>, adapt\u00e1ndose a la mayor dimensi\u00f3n que ha alcanzado el congreso en su 9\u00aa edici\u00f3n. Los&nbsp;<strong>m\u00e1s de \u202f3.000 profesionales<\/strong>\u202f que \u202fse dan cita cada a\u00f1o podr\u00e1n participar de amplios espacios de networking, 80 paneles con tem\u00e1ticas muy diversas, speedmeetings y varios talleres entre otra amplia oferta de contenidos y actividades tanto de manera&nbsp;<strong>presencial<\/strong>&nbsp;como&nbsp;<strong>virtual<\/strong>&nbsp;y, como novedad este a\u00f1o, tambi\u00e9n en formato&nbsp;<strong>podcast<\/strong>.&nbsp;<\/p>\n\n\n\n<p class=\"has-text-align-center\">En el apartado\u00a0<strong>BIME FESTS\u00a0<\/strong>se trabajar\u00e1 sobre el presente y futuro de la contrataci\u00f3n de artistas en 4 mesas redondas con gran representaci\u00f3n de agentes de Reino Unido:\u00a0<strong>Alex Bruford<\/strong>\u00a0(Managing Director de ATC LIVE agencia de Nick Cave &amp; The Bad Seeds, Metronomy, The Lumineers)\u00a0<strong>Jon Ollier<\/strong>\u00a0(CEO de ONE FIINIX LIVE, agente de Ed Sheeran),\u00a0<strong>Natasha Gregory<\/strong>\u00a0(Co-founder Mother Artists, agente de Idles). Durante el panel\u00a0<strong>\u201cSimpat\u00eda por la Industria Musical\u201d\u00a0<\/strong>se grabar\u00e1 en directo la entrega n\u00famero 100 del podcast de nombre hom\u00f3nimo. Tambi\u00e9n habr\u00e1 un panel especializado en\u00a0<strong>formaci\u00f3n<\/strong>, un sector que cada vez cobra m\u00e1s relevancia dentro de la industria musical. Se trabajar\u00e1 adem\u00e1s sobre los\u00a0<strong>derechos de autor<\/strong>\u00a0en torno al\u202flivestreaming y una herramienta que est\u00e1 cobrando mucho protagonismo en el sector como son los activos digitales o\u00a0<strong>NFTs<\/strong>. Las nuevas\u00a0<strong>plataformas y formatos de prescripci\u00f3n musical<\/strong>\u00a0para las nuevas generaciones tambi\u00e9n tendr\u00e1n un espacio importante en el programa.\u00a0<\/p>\n\n\n\n<p><\/p>\n\n\n\n<div class=\"wp-block-image\"><figure class=\"aligncenter size-large\"><img fetchpriority=\"high\" decoding=\"async\" width=\"724\" height=\"1024\" src=\"https:\/\/www.equalmedia.mx\/site\/wp-content\/uploads\/2021\/09\/BIME-PRO-CARTEL_v2_Mesa-de-trabajo-1-copia-21-724x1024.jpg\" alt=\"\" class=\"wp-image-5257\" srcset=\"https:\/\/www.equalmedia.mx\/site\/wp-content\/uploads\/2021\/09\/BIME-PRO-CARTEL_v2_Mesa-de-trabajo-1-copia-21-724x1024.jpg 724w, https:\/\/www.equalmedia.mx\/site\/wp-content\/uploads\/2021\/09\/BIME-PRO-CARTEL_v2_Mesa-de-trabajo-1-copia-21-scaled-300x424.jpg 300w, https:\/\/www.equalmedia.mx\/site\/wp-content\/uploads\/2021\/09\/BIME-PRO-CARTEL_v2_Mesa-de-trabajo-1-copia-21-scaled-600x849.jpg 600w, https:\/\/www.equalmedia.mx\/site\/wp-content\/uploads\/2021\/09\/BIME-PRO-CARTEL_v2_Mesa-de-trabajo-1-copia-21-212x300.jpg 212w, https:\/\/www.equalmedia.mx\/site\/wp-content\/uploads\/2021\/09\/BIME-PRO-CARTEL_v2_Mesa-de-trabajo-1-copia-21-768x1086.jpg 768w, https:\/\/www.equalmedia.mx\/site\/wp-content\/uploads\/2021\/09\/BIME-PRO-CARTEL_v2_Mesa-de-trabajo-1-copia-21-1086x1536.jpg 1086w, https:\/\/www.equalmedia.mx\/site\/wp-content\/uploads\/2021\/09\/BIME-PRO-CARTEL_v2_Mesa-de-trabajo-1-copia-21-1448x2048.jpg 1448w, https:\/\/www.equalmedia.mx\/site\/wp-content\/uploads\/2021\/09\/BIME-PRO-CARTEL_v2_Mesa-de-trabajo-1-copia-21-scaled.jpg 1810w\" sizes=\"(max-width: 724px) 100vw, 724px\" \/><figcaption><em><a href=\"https:\/\/www.bime.net\/\">BIME 2021<\/a><\/em><\/figcaption><\/figure><\/div>\n\n\n\n<p><\/p>\n","protected":false},"excerpt":{"rendered":"<p>El pr\u00f3ximo mes de octubre la industria musical internacional se dar\u00e1 cita en Bilbao para asistir a la&nbsp;9\u00aa edici\u00f3nde BIME PRO. Un esperado reencuentro&nbsp;entre las industrias musicales de Europa y Am\u00e9rica Latina&nbsp;que, tras la distancia que inevitablemente impuso la pandemia entre ambos continentes, se reunir\u00e1 en el&nbsp;Palacio Euskalduna&nbsp;\u202fdurante\u202flos d\u00edas&nbsp;27, 28 y 29 de octubre.&nbsp;A la [&hellip;]<\/p>\n","protected":false},"author":1,"featured_media":5254,"comment_status":"closed","ping_status":"closed","sticky":false,"template":"","format":"standard","meta":{"footnotes":""},"categories":[16,18,94,100],"tags":[],"class_list":["post-5180","post","type-post","status-publish","format-standard","has-post-thumbnail","hentry","category-albums","category-events","category-industria-musical","category-news"],"yoast_head":"<!-- This site is optimized with the Yoast SEO plugin v26.6 - https:\/\/yoast.com\/wordpress\/plugins\/seo\/ -->\n<title>Equal Media | Hagamos que Suceda<\/title>\n<meta name=\"description\" content=\"Conectamos el mensaje de tu banda musical con audiencias interesadas en conocerles | Te ayudamos a alcanzar tus objetivos | HAGAMOS QUE SUCEDA\" \/>\n<meta name=\"robots\" content=\"index, follow, max-snippet:-1, max-image-preview:large, max-video-preview:-1\" \/>\n<link rel=\"canonical\" href=\"https:\/\/www.equalmedia.mx\/site\/albums\/bime-pro-espera-reunir-a-mas-de-3-000-profesionales-de-la-industria-musical-de-todo-el-mundo-en-su-9a-edicion\/\" \/>\n<meta property=\"og:locale\" content=\"es_ES\" \/>\n<meta property=\"og:type\" content=\"article\" \/>\n<meta property=\"og:title\" content=\"Equal Media | Hagamos que Suceda\" \/>\n<meta property=\"og:description\" content=\"Conectamos el mensaje de tu banda musical con audiencias interesadas en conocerles | Te ayudamos a alcanzar tus objetivos | HAGAMOS QUE SUCEDA\" \/>\n<meta property=\"og:url\" content=\"https:\/\/www.equalmedia.mx\/site\/albums\/bime-pro-espera-reunir-a-mas-de-3-000-profesionales-de-la-industria-musical-de-todo-el-mundo-en-su-9a-edicion\/\" \/>\n<meta property=\"og:site_name\" content=\"EQUAL MUSIC | Cultura Latina en Movimiento\" \/>\n<meta property=\"article:published_time\" content=\"2021-09-15T17:59:02+00:00\" \/>\n<meta property=\"article:modified_time\" content=\"2021-09-15T21:02:40+00:00\" \/>\n<meta property=\"og:image\" content=\"https:\/\/www.equalmedia.mx\/site\/wp-content\/uploads\/2021\/09\/BIME-post-cuadrado.jpg\" \/>\n\t<meta property=\"og:image:width\" content=\"1080\" \/>\n\t<meta property=\"og:image:height\" content=\"1080\" \/>\n\t<meta property=\"og:image:type\" content=\"image\/jpeg\" \/>\n<meta name=\"author\" content=\"Equal Media\" \/>\n<meta name=\"twitter:card\" content=\"summary_large_image\" \/>\n<meta name=\"twitter:label1\" content=\"Escrito por\" \/>\n\t<meta name=\"twitter:data1\" content=\"Equal Media\" \/>\n\t<meta name=\"twitter:label2\" content=\"Tiempo de lectura\" \/>\n\t<meta name=\"twitter:data2\" content=\"3 minutos\" \/>\n<script type=\"application\/ld+json\" class=\"yoast-schema-graph\">{\"@context\":\"https:\/\/schema.org\",\"@graph\":[{\"@type\":\"Article\",\"@id\":\"https:\/\/www.equalmedia.mx\/site\/albums\/bime-pro-espera-reunir-a-mas-de-3-000-profesionales-de-la-industria-musical-de-todo-el-mundo-en-su-9a-edicion\/#article\",\"isPartOf\":{\"@id\":\"https:\/\/www.equalmedia.mx\/site\/albums\/bime-pro-espera-reunir-a-mas-de-3-000-profesionales-de-la-industria-musical-de-todo-el-mundo-en-su-9a-edicion\/\"},\"author\":{\"name\":\"Equal Media\",\"@id\":\"https:\/\/www.equalmedia.mx\/site\/#\/schema\/person\/41b6e60d650a80262fa6b5189bbb9f20\"},\"headline\":\"BIME PRO espera reunir a m\u00e1s de 3.000 profesionales de la industria musical de todo el mundo en su 9\u00aa edici\u00f3n\",\"datePublished\":\"2021-09-15T17:59:02+00:00\",\"dateModified\":\"2021-09-15T21:02:40+00:00\",\"mainEntityOfPage\":{\"@id\":\"https:\/\/www.equalmedia.mx\/site\/albums\/bime-pro-espera-reunir-a-mas-de-3-000-profesionales-de-la-industria-musical-de-todo-el-mundo-en-su-9a-edicion\/\"},\"wordCount\":572,\"publisher\":{\"@id\":\"https:\/\/www.equalmedia.mx\/site\/#organization\"},\"image\":{\"@id\":\"https:\/\/www.equalmedia.mx\/site\/albums\/bime-pro-espera-reunir-a-mas-de-3-000-profesionales-de-la-industria-musical-de-todo-el-mundo-en-su-9a-edicion\/#primaryimage\"},\"thumbnailUrl\":\"https:\/\/www.equalmedia.mx\/site\/wp-content\/uploads\/2021\/09\/BIME-post-cuadrado.jpg\",\"articleSection\":[\"Albums\",\"Events\",\"Industria Musical\",\"news\"],\"inLanguage\":\"es\"},{\"@type\":\"WebPage\",\"@id\":\"https:\/\/www.equalmedia.mx\/site\/albums\/bime-pro-espera-reunir-a-mas-de-3-000-profesionales-de-la-industria-musical-de-todo-el-mundo-en-su-9a-edicion\/\",\"url\":\"https:\/\/www.equalmedia.mx\/site\/albums\/bime-pro-espera-reunir-a-mas-de-3-000-profesionales-de-la-industria-musical-de-todo-el-mundo-en-su-9a-edicion\/\",\"name\":\"Equal Media | Hagamos que Suceda\",\"isPartOf\":{\"@id\":\"https:\/\/www.equalmedia.mx\/site\/#website\"},\"primaryImageOfPage\":{\"@id\":\"https:\/\/www.equalmedia.mx\/site\/albums\/bime-pro-espera-reunir-a-mas-de-3-000-profesionales-de-la-industria-musical-de-todo-el-mundo-en-su-9a-edicion\/#primaryimage\"},\"image\":{\"@id\":\"https:\/\/www.equalmedia.mx\/site\/albums\/bime-pro-espera-reunir-a-mas-de-3-000-profesionales-de-la-industria-musical-de-todo-el-mundo-en-su-9a-edicion\/#primaryimage\"},\"thumbnailUrl\":\"https:\/\/www.equalmedia.mx\/site\/wp-content\/uploads\/2021\/09\/BIME-post-cuadrado.jpg\",\"datePublished\":\"2021-09-15T17:59:02+00:00\",\"dateModified\":\"2021-09-15T21:02:40+00:00\",\"description\":\"Conectamos el mensaje de tu banda musical con audiencias interesadas en conocerles | Te ayudamos a alcanzar tus objetivos | HAGAMOS QUE SUCEDA\",\"breadcrumb\":{\"@id\":\"https:\/\/www.equalmedia.mx\/site\/albums\/bime-pro-espera-reunir-a-mas-de-3-000-profesionales-de-la-industria-musical-de-todo-el-mundo-en-su-9a-edicion\/#breadcrumb\"},\"inLanguage\":\"es\",\"potentialAction\":[{\"@type\":\"ReadAction\",\"target\":[\"https:\/\/www.equalmedia.mx\/site\/albums\/bime-pro-espera-reunir-a-mas-de-3-000-profesionales-de-la-industria-musical-de-todo-el-mundo-en-su-9a-edicion\/\"]}]},{\"@type\":\"ImageObject\",\"inLanguage\":\"es\",\"@id\":\"https:\/\/www.equalmedia.mx\/site\/albums\/bime-pro-espera-reunir-a-mas-de-3-000-profesionales-de-la-industria-musical-de-todo-el-mundo-en-su-9a-edicion\/#primaryimage\",\"url\":\"https:\/\/www.equalmedia.mx\/site\/wp-content\/uploads\/2021\/09\/BIME-post-cuadrado.jpg\",\"contentUrl\":\"https:\/\/www.equalmedia.mx\/site\/wp-content\/uploads\/2021\/09\/BIME-post-cuadrado.jpg\",\"width\":1080,\"height\":1080},{\"@type\":\"BreadcrumbList\",\"@id\":\"https:\/\/www.equalmedia.mx\/site\/albums\/bime-pro-espera-reunir-a-mas-de-3-000-profesionales-de-la-industria-musical-de-todo-el-mundo-en-su-9a-edicion\/#breadcrumb\",\"itemListElement\":[{\"@type\":\"ListItem\",\"position\":1,\"name\":\"Inicio\",\"item\":\"https:\/\/www.equalmedia.mx\/site\/\"},{\"@type\":\"ListItem\",\"position\":2,\"name\":\"BIME PRO espera reunir a m\u00e1s de 3.000 profesionales de la industria musical de todo el mundo en su 9\u00aa edici\u00f3n\"}]},{\"@type\":\"WebSite\",\"@id\":\"https:\/\/www.equalmedia.mx\/site\/#website\",\"url\":\"https:\/\/www.equalmedia.mx\/site\/\",\"name\":\"EQUAL MUSIC | Cultura Latina en Movimiento\",\"description\":\"Ritmo en movimiento.\",\"publisher\":{\"@id\":\"https:\/\/www.equalmedia.mx\/site\/#organization\"},\"potentialAction\":[{\"@type\":\"SearchAction\",\"target\":{\"@type\":\"EntryPoint\",\"urlTemplate\":\"https:\/\/www.equalmedia.mx\/site\/?s={search_term_string}\"},\"query-input\":{\"@type\":\"PropertyValueSpecification\",\"valueRequired\":true,\"valueName\":\"search_term_string\"}}],\"inLanguage\":\"es\"},{\"@type\":\"Organization\",\"@id\":\"https:\/\/www.equalmedia.mx\/site\/#organization\",\"name\":\"EQUAL MUSIC | Cultura Latina en Movimiento\",\"url\":\"https:\/\/www.equalmedia.mx\/site\/\",\"logo\":{\"@type\":\"ImageObject\",\"inLanguage\":\"es\",\"@id\":\"https:\/\/www.equalmedia.mx\/site\/#\/schema\/logo\/image\/\",\"url\":\"https:\/\/www.equalmedia.mx\/site\/wp-content\/uploads\/2021\/07\/logoblanco.png\",\"contentUrl\":\"https:\/\/www.equalmedia.mx\/site\/wp-content\/uploads\/2021\/07\/logoblanco.png\",\"width\":1920,\"height\":589,\"caption\":\"EQUAL MUSIC | Cultura Latina en Movimiento\"},\"image\":{\"@id\":\"https:\/\/www.equalmedia.mx\/site\/#\/schema\/logo\/image\/\"}},{\"@type\":\"Person\",\"@id\":\"https:\/\/www.equalmedia.mx\/site\/#\/schema\/person\/41b6e60d650a80262fa6b5189bbb9f20\",\"name\":\"Equal Media\",\"image\":{\"@type\":\"ImageObject\",\"inLanguage\":\"es\",\"@id\":\"https:\/\/www.equalmedia.mx\/site\/#\/schema\/person\/image\/\",\"url\":\"https:\/\/secure.gravatar.com\/avatar\/51c3f8f080f557c61349ab37ab35c9f967b3b271510dd8ef0b9b16a3dd5a89e9?s=96&d=mm&r=g\",\"contentUrl\":\"https:\/\/secure.gravatar.com\/avatar\/51c3f8f080f557c61349ab37ab35c9f967b3b271510dd8ef0b9b16a3dd5a89e9?s=96&d=mm&r=g\",\"caption\":\"Equal Media\"},\"description\":\"Equal Media es una productora y agencia de estrategia cultural transmedia que impulsa la visibilidad de la m\u00fasica y cultura latina a trav\u00e9s de contenidos originales, multiplataforma y con enfoque social. Con operaci\u00f3n desde Estados Unidos, M\u00e9xico y Colombia, Equal Media se ha consolidado como un actor clave en la narrativa documental, la curadur\u00eda musical y la creaci\u00f3n de formatos de alto impacto para audiencias latinas globales. Sus producciones incluyen Equal Music Sessions \u2014con m\u00e1s de 300 artistas programados en LATV Network\u2014, la serie Hunters y el documental 4TRO EL3MENTOS. Sus contenidos son emitidos en prime time en EE.UU. v\u00eda LATV y VOD, alcanzando m\u00e1s de 62 millones de hogares en mercados como Nueva York, Los \u00c1ngeles, Miami y Chicago. Equal Media ha estado presente con cobertura original y branded content en eventos como el Media Hub de los Latin Grammys, LAMC (NY), BIME (Bilbao, Bogot\u00e1), Vive Latino (CDMX), MIM LATAM, CAMM, entre otros hubs de la industria. Aliada de plataformas como Keychange, Femnoise, We Make Noise y la Municipalidad de Quilicura (Chile), Equal Media promueve una industria m\u00e1s equitativa, programando de forma activa proyectos liderados por mujeres, comunidades LGBTQ+ y sectores vulnerables. Bajo la direcci\u00f3n de Ulises Sanher \u2014reconocido por la UNAM y otras instituciones acad\u00e9micas por su labor cultural\u2014, Equal Media ha contribuido a formar nuevas audiencias desde la educaci\u00f3n, el activismo y la creatividad. Sanher ha sido invitado como speaker en foros como Circulart (COL), FIMPRO (MEX), Canadian Music Week (CAN), FME (CAN), SIM S\u00e3o Paulo (BR), MUPA (PAN), Corriente (PER) y Brasil Trends Conference. Tambi\u00e9n ha sido jurado externo de los Premios Rolling Stone en Espa\u00f1ol en Miami y ha ofrecido asesor\u00eda creativa en colaboraci\u00f3n con Berklee Valencia y la Asociaci\u00f3n de Supervisores Musicales.\",\"sameAs\":[\"https:\/\/www.equalmedia.mx\/\",\"https:\/\/www.instagram.com\/equal.music\",\"https:\/\/www.linkedin.com\/in\/ulises-sanher\/\",\"https:\/\/www.youtube.com\/@equalmusicworld\"],\"url\":\"https:\/\/www.equalmedia.mx\/site\/author\/admin\/\"}]}<\/script>\n<!-- \/ Yoast SEO plugin. -->","yoast_head_json":{"title":"Equal Media | Hagamos que Suceda","description":"Conectamos el mensaje de tu banda musical con audiencias interesadas en conocerles | Te ayudamos a alcanzar tus objetivos | HAGAMOS QUE SUCEDA","robots":{"index":"index","follow":"follow","max-snippet":"max-snippet:-1","max-image-preview":"max-image-preview:large","max-video-preview":"max-video-preview:-1"},"canonical":"https:\/\/www.equalmedia.mx\/site\/albums\/bime-pro-espera-reunir-a-mas-de-3-000-profesionales-de-la-industria-musical-de-todo-el-mundo-en-su-9a-edicion\/","og_locale":"es_ES","og_type":"article","og_title":"Equal Media | Hagamos que Suceda","og_description":"Conectamos el mensaje de tu banda musical con audiencias interesadas en conocerles | Te ayudamos a alcanzar tus objetivos | HAGAMOS QUE SUCEDA","og_url":"https:\/\/www.equalmedia.mx\/site\/albums\/bime-pro-espera-reunir-a-mas-de-3-000-profesionales-de-la-industria-musical-de-todo-el-mundo-en-su-9a-edicion\/","og_site_name":"EQUAL MUSIC | Cultura Latina en Movimiento","article_published_time":"2021-09-15T17:59:02+00:00","article_modified_time":"2021-09-15T21:02:40+00:00","og_image":[{"width":1080,"height":1080,"url":"https:\/\/www.equalmedia.mx\/site\/wp-content\/uploads\/2021\/09\/BIME-post-cuadrado.jpg","type":"image\/jpeg"}],"author":"Equal Media","twitter_card":"summary_large_image","twitter_misc":{"Escrito por":"Equal Media","Tiempo de lectura":"3 minutos"},"schema":{"@context":"https:\/\/schema.org","@graph":[{"@type":"Article","@id":"https:\/\/www.equalmedia.mx\/site\/albums\/bime-pro-espera-reunir-a-mas-de-3-000-profesionales-de-la-industria-musical-de-todo-el-mundo-en-su-9a-edicion\/#article","isPartOf":{"@id":"https:\/\/www.equalmedia.mx\/site\/albums\/bime-pro-espera-reunir-a-mas-de-3-000-profesionales-de-la-industria-musical-de-todo-el-mundo-en-su-9a-edicion\/"},"author":{"name":"Equal Media","@id":"https:\/\/www.equalmedia.mx\/site\/#\/schema\/person\/41b6e60d650a80262fa6b5189bbb9f20"},"headline":"BIME PRO espera reunir a m\u00e1s de 3.000 profesionales de la industria musical de todo el mundo en su 9\u00aa edici\u00f3n","datePublished":"2021-09-15T17:59:02+00:00","dateModified":"2021-09-15T21:02:40+00:00","mainEntityOfPage":{"@id":"https:\/\/www.equalmedia.mx\/site\/albums\/bime-pro-espera-reunir-a-mas-de-3-000-profesionales-de-la-industria-musical-de-todo-el-mundo-en-su-9a-edicion\/"},"wordCount":572,"publisher":{"@id":"https:\/\/www.equalmedia.mx\/site\/#organization"},"image":{"@id":"https:\/\/www.equalmedia.mx\/site\/albums\/bime-pro-espera-reunir-a-mas-de-3-000-profesionales-de-la-industria-musical-de-todo-el-mundo-en-su-9a-edicion\/#primaryimage"},"thumbnailUrl":"https:\/\/www.equalmedia.mx\/site\/wp-content\/uploads\/2021\/09\/BIME-post-cuadrado.jpg","articleSection":["Albums","Events","Industria Musical","news"],"inLanguage":"es"},{"@type":"WebPage","@id":"https:\/\/www.equalmedia.mx\/site\/albums\/bime-pro-espera-reunir-a-mas-de-3-000-profesionales-de-la-industria-musical-de-todo-el-mundo-en-su-9a-edicion\/","url":"https:\/\/www.equalmedia.mx\/site\/albums\/bime-pro-espera-reunir-a-mas-de-3-000-profesionales-de-la-industria-musical-de-todo-el-mundo-en-su-9a-edicion\/","name":"Equal Media | Hagamos que Suceda","isPartOf":{"@id":"https:\/\/www.equalmedia.mx\/site\/#website"},"primaryImageOfPage":{"@id":"https:\/\/www.equalmedia.mx\/site\/albums\/bime-pro-espera-reunir-a-mas-de-3-000-profesionales-de-la-industria-musical-de-todo-el-mundo-en-su-9a-edicion\/#primaryimage"},"image":{"@id":"https:\/\/www.equalmedia.mx\/site\/albums\/bime-pro-espera-reunir-a-mas-de-3-000-profesionales-de-la-industria-musical-de-todo-el-mundo-en-su-9a-edicion\/#primaryimage"},"thumbnailUrl":"https:\/\/www.equalmedia.mx\/site\/wp-content\/uploads\/2021\/09\/BIME-post-cuadrado.jpg","datePublished":"2021-09-15T17:59:02+00:00","dateModified":"2021-09-15T21:02:40+00:00","description":"Conectamos el mensaje de tu banda musical con audiencias interesadas en conocerles | Te ayudamos a alcanzar tus objetivos | HAGAMOS QUE SUCEDA","breadcrumb":{"@id":"https:\/\/www.equalmedia.mx\/site\/albums\/bime-pro-espera-reunir-a-mas-de-3-000-profesionales-de-la-industria-musical-de-todo-el-mundo-en-su-9a-edicion\/#breadcrumb"},"inLanguage":"es","potentialAction":[{"@type":"ReadAction","target":["https:\/\/www.equalmedia.mx\/site\/albums\/bime-pro-espera-reunir-a-mas-de-3-000-profesionales-de-la-industria-musical-de-todo-el-mundo-en-su-9a-edicion\/"]}]},{"@type":"ImageObject","inLanguage":"es","@id":"https:\/\/www.equalmedia.mx\/site\/albums\/bime-pro-espera-reunir-a-mas-de-3-000-profesionales-de-la-industria-musical-de-todo-el-mundo-en-su-9a-edicion\/#primaryimage","url":"https:\/\/www.equalmedia.mx\/site\/wp-content\/uploads\/2021\/09\/BIME-post-cuadrado.jpg","contentUrl":"https:\/\/www.equalmedia.mx\/site\/wp-content\/uploads\/2021\/09\/BIME-post-cuadrado.jpg","width":1080,"height":1080},{"@type":"BreadcrumbList","@id":"https:\/\/www.equalmedia.mx\/site\/albums\/bime-pro-espera-reunir-a-mas-de-3-000-profesionales-de-la-industria-musical-de-todo-el-mundo-en-su-9a-edicion\/#breadcrumb","itemListElement":[{"@type":"ListItem","position":1,"name":"Inicio","item":"https:\/\/www.equalmedia.mx\/site\/"},{"@type":"ListItem","position":2,"name":"BIME PRO espera reunir a m\u00e1s de 3.000 profesionales de la industria musical de todo el mundo en su 9\u00aa edici\u00f3n"}]},{"@type":"WebSite","@id":"https:\/\/www.equalmedia.mx\/site\/#website","url":"https:\/\/www.equalmedia.mx\/site\/","name":"EQUAL MUSIC | Cultura Latina en Movimiento","description":"Ritmo en movimiento.","publisher":{"@id":"https:\/\/www.equalmedia.mx\/site\/#organization"},"potentialAction":[{"@type":"SearchAction","target":{"@type":"EntryPoint","urlTemplate":"https:\/\/www.equalmedia.mx\/site\/?s={search_term_string}"},"query-input":{"@type":"PropertyValueSpecification","valueRequired":true,"valueName":"search_term_string"}}],"inLanguage":"es"},{"@type":"Organization","@id":"https:\/\/www.equalmedia.mx\/site\/#organization","name":"EQUAL MUSIC | Cultura Latina en Movimiento","url":"https:\/\/www.equalmedia.mx\/site\/","logo":{"@type":"ImageObject","inLanguage":"es","@id":"https:\/\/www.equalmedia.mx\/site\/#\/schema\/logo\/image\/","url":"https:\/\/www.equalmedia.mx\/site\/wp-content\/uploads\/2021\/07\/logoblanco.png","contentUrl":"https:\/\/www.equalmedia.mx\/site\/wp-content\/uploads\/2021\/07\/logoblanco.png","width":1920,"height":589,"caption":"EQUAL MUSIC | Cultura Latina en Movimiento"},"image":{"@id":"https:\/\/www.equalmedia.mx\/site\/#\/schema\/logo\/image\/"}},{"@type":"Person","@id":"https:\/\/www.equalmedia.mx\/site\/#\/schema\/person\/41b6e60d650a80262fa6b5189bbb9f20","name":"Equal Media","image":{"@type":"ImageObject","inLanguage":"es","@id":"https:\/\/www.equalmedia.mx\/site\/#\/schema\/person\/image\/","url":"https:\/\/secure.gravatar.com\/avatar\/51c3f8f080f557c61349ab37ab35c9f967b3b271510dd8ef0b9b16a3dd5a89e9?s=96&d=mm&r=g","contentUrl":"https:\/\/secure.gravatar.com\/avatar\/51c3f8f080f557c61349ab37ab35c9f967b3b271510dd8ef0b9b16a3dd5a89e9?s=96&d=mm&r=g","caption":"Equal Media"},"description":"Equal Media es una productora y agencia de estrategia cultural transmedia que impulsa la visibilidad de la m\u00fasica y cultura latina a trav\u00e9s de contenidos originales, multiplataforma y con enfoque social. Con operaci\u00f3n desde Estados Unidos, M\u00e9xico y Colombia, Equal Media se ha consolidado como un actor clave en la narrativa documental, la curadur\u00eda musical y la creaci\u00f3n de formatos de alto impacto para audiencias latinas globales. Sus producciones incluyen Equal Music Sessions \u2014con m\u00e1s de 300 artistas programados en LATV Network\u2014, la serie Hunters y el documental 4TRO EL3MENTOS. Sus contenidos son emitidos en prime time en EE.UU. v\u00eda LATV y VOD, alcanzando m\u00e1s de 62 millones de hogares en mercados como Nueva York, Los \u00c1ngeles, Miami y Chicago. Equal Media ha estado presente con cobertura original y branded content en eventos como el Media Hub de los Latin Grammys, LAMC (NY), BIME (Bilbao, Bogot\u00e1), Vive Latino (CDMX), MIM LATAM, CAMM, entre otros hubs de la industria. Aliada de plataformas como Keychange, Femnoise, We Make Noise y la Municipalidad de Quilicura (Chile), Equal Media promueve una industria m\u00e1s equitativa, programando de forma activa proyectos liderados por mujeres, comunidades LGBTQ+ y sectores vulnerables. Bajo la direcci\u00f3n de Ulises Sanher \u2014reconocido por la UNAM y otras instituciones acad\u00e9micas por su labor cultural\u2014, Equal Media ha contribuido a formar nuevas audiencias desde la educaci\u00f3n, el activismo y la creatividad. Sanher ha sido invitado como speaker en foros como Circulart (COL), FIMPRO (MEX), Canadian Music Week (CAN), FME (CAN), SIM S\u00e3o Paulo (BR), MUPA (PAN), Corriente (PER) y Brasil Trends Conference. Tambi\u00e9n ha sido jurado externo de los Premios Rolling Stone en Espa\u00f1ol en Miami y ha ofrecido asesor\u00eda creativa en colaboraci\u00f3n con Berklee Valencia y la Asociaci\u00f3n de Supervisores Musicales.","sameAs":["https:\/\/www.equalmedia.mx\/","https:\/\/www.instagram.com\/equal.music","https:\/\/www.linkedin.com\/in\/ulises-sanher\/","https:\/\/www.youtube.com\/@equalmusicworld"],"url":"https:\/\/www.equalmedia.mx\/site\/author\/admin\/"}]}},"_links":{"self":[{"href":"https:\/\/www.equalmedia.mx\/site\/wp-json\/wp\/v2\/posts\/5180","targetHints":{"allow":["GET"]}}],"collection":[{"href":"https:\/\/www.equalmedia.mx\/site\/wp-json\/wp\/v2\/posts"}],"about":[{"href":"https:\/\/www.equalmedia.mx\/site\/wp-json\/wp\/v2\/types\/post"}],"author":[{"embeddable":true,"href":"https:\/\/www.equalmedia.mx\/site\/wp-json\/wp\/v2\/users\/1"}],"replies":[{"embeddable":true,"href":"https:\/\/www.equalmedia.mx\/site\/wp-json\/wp\/v2\/comments?post=5180"}],"version-history":[{"count":0,"href":"https:\/\/www.equalmedia.mx\/site\/wp-json\/wp\/v2\/posts\/5180\/revisions"}],"wp:featuredmedia":[{"embeddable":true,"href":"https:\/\/www.equalmedia.mx\/site\/wp-json\/wp\/v2\/media\/5254"}],"wp:attachment":[{"href":"https:\/\/www.equalmedia.mx\/site\/wp-json\/wp\/v2\/media?parent=5180"}],"wp:term":[{"taxonomy":"category","embeddable":true,"href":"https:\/\/www.equalmedia.mx\/site\/wp-json\/wp\/v2\/categories?post=5180"},{"taxonomy":"post_tag","embeddable":true,"href":"https:\/\/www.equalmedia.mx\/site\/wp-json\/wp\/v2\/tags?post=5180"}],"curies":[{"name":"wp","href":"https:\/\/api.w.org\/{rel}","templated":true}]}}