{"id":5314,"date":"2021-09-22T03:19:10","date_gmt":"2021-09-22T03:19:10","guid":{"rendered":"https:\/\/www.equalmedia.mx\/site\/?p=5314"},"modified":"2021-09-22T03:22:29","modified_gmt":"2021-09-22T03:22:29","slug":"1971-el-ano-en-que-la-musica-cambio-todo","status":"publish","type":"post","link":"https:\/\/www.equalmedia.mx\/site\/news\/1971-el-ano-en-que-la-musica-cambio-todo\/","title":{"rendered":"1971, el a\u00f1o en que la m\u00fasica cambi\u00f3 todo"},"content":{"rendered":"\n<p>Por: Ulises Sanher<\/p>\n\n\n\n<p>Existe una gran oferta de documentales mediante las m\u00faltiples plataformas (las ya existentes y las reci\u00e9n lanzadas) done la m\u00fasica est\u00e1 presente,  de repente se vuelve imposible darnos cuenta de la cantidad de productos que exploran las biograf\u00edas de personajes que definieron la historia de la m\u00fasica, productores, agentes, fot\u00f3grafos, managers, bookers etc&#8230;<\/p>\n\n\n\n<p>Esto lo podemos analizar en dos v\u00edas, por un lado el que la m\u00fasica regrese con tal nivel de centro de atenci\u00f3n es interesante ya que nos habla de c\u00f3mo las audiencias est\u00e1n pidiendo m\u00e1s y m\u00e1s este tipo de contenidos, es dif\u00edcil saber si esto culminar\u00e1 en m\u00e1s pel\u00edculas biogr\u00e1ficas donde no todos los productos han sido buenos pero se agradece el intento. <\/p>\n\n\n\n<p>Por otro lado se puede analizar qui\u00e9nes estamos consumiendo y bajo qu\u00e9 premisa, \u00bfes el morbo o el inter\u00e9s de entender una \u00e9poca?,  \u00bfesperamos entender c\u00f3mo se manejaba la m\u00fasica cuando el mercado no era tan accesible para todos?, \u00bfc\u00f3mo se manejaban los artistas, la influencia de las drogas, el contexto de la guerra y la desigualdad social y el racismo?, algunas historias podr\u00edan ser motivadoras para todos aquellos que buscan abrirse camino en un mercado de competencia enorme  debido a la facilidad que propiciaron los <em>home studios<\/em> a la hora de hacer m\u00fasica, la atomizaci\u00f3n del p\u00fablico y la audiencia shuffle que las plataformas de <em>streaming<\/em> se encargaron de amaestrar a tal nivel que influyeron incluso en los <em>line ups<\/em> de festivales pre, inter y post pandemia, se entiende como diversidad pero depende del lugar donde te encuentres para aceptar o rechazar dichos cambios en los h\u00e1bitos de consumo.<\/p>\n\n\n\n<p>Hay 2 en particular que suman por su belleza narrativa y particular manera de presentarnos etapas donde la m\u00fasica se movi\u00f3 a la par del contexto social o viceversa, no sabemos qui\u00e9n molde\u00f3 a quien pero se logr\u00f3 una relaci\u00f3n simbi\u00f3tica donde la historia se vio musicalizada por canciones trascendentes, <strong>1971 <\/strong>de <strong>Apple+ <\/strong>es una joya visual y auditiva, el gui\u00f3n te mantiene, acompa\u00f1ado de im\u00e1genes que nos devuelven a esos iconos omnipresentes a\u00fan en la actualidad.<\/p>\n\n\n\n<figure class=\"wp-block-embed aligncenter is-type-video is-provider-youtube wp-block-embed-youtube wp-embed-aspect-16-9 wp-has-aspect-ratio\"><div class=\"wp-block-embed__wrapper\">\n<iframe title=\"1971: The Year That Music Changed Everything \u2014 Official Trailer | Apple TV+\" width=\"1300\" height=\"731\" data-src=\"https:\/\/www.youtube.com\/embed\/7QUSrefGO34?feature=oembed\" frameborder=\"0\" allow=\"accelerometer; autoplay; clipboard-write; encrypted-media; gyroscope; picture-in-picture\" allowfullscreen src=\"data:image\/svg+xml;base64,PHN2ZyB3aWR0aD0iMSIgaGVpZ2h0PSIxIiB4bWxucz0iaHR0cDovL3d3dy53My5vcmcvMjAwMC9zdmciPjwvc3ZnPg==\" class=\"lazyload\" data-load-mode=\"1\"><\/iframe>\n<\/div><\/figure>\n\n\n\n<p>A trav\u00e9s de 8 episodios los creadores nos presentan c\u00f3mo las aristas y luchas civiles fueron musas y los compositores supieron aprovechar lo que ten\u00edan frente a ellos. No es nuevo hablar de segregaci\u00f3n y la mayor\u00eda de las biograf\u00edas ya sabemos c\u00f3mo terminan, lo maravilloso es la manera en que se nos lleva de la mano para dejarnos atrapados cap\u00edtulo a cap\u00edtulo y con deseos de explorar y regresar a esos temas que ya hab\u00edamos olvidado.<\/p>\n\n\n\n<p>1971 es una mirada cruda en todos los aspectos, hay im\u00e1genes duras que la est\u00e9tica de \u00e9poca ayuda a sentirlas lejanas, cuando terminamos nos damos cuenta que en realidad no hemos cambiado mucho como humanidad, s\u00f3lo la m\u00fasica, me he preguntado de qu\u00e9 hablar\u00eda un documental en 50 a\u00f1os, \u00bfqu\u00e9 m\u00fasica formar\u00eda parte del <em>soundtrack<\/em> habiendo tanta con fecha de caducidad?, \u00bfnos burlar\u00edamos de nosotros mismos al darnos cuenta que le dimos demasiado poder al anonimato y cobard\u00eda que algunas redes ofrecen para funcionar como psic\u00f3logas digitales?, \u00bfllegar\u00e1 el punto donde nos demos cuenta fuimos manejados <em>ad nauseam<\/em> por personajes a los que les importamos un carajo?.<\/p>\n\n\n\n<p>\u00bfC\u00f3mo traduciremos esta historia hacia la m\u00fasica y la lucha latinoamericana? opto por ser anal\u00edtico y aprender lo que leo, veo y consumo, esperando que dichas ense\u00f1anzas nos ayuden a modificar el presente y que los documentales que se realicen de esta \u00e9poca no sean tan crueles con nuestra sociedad acostumbrada a pelear y defender distracciones m\u00e1s all\u00e1 de lo verdaderamente importante, con todo y la subjetividad que esto signifique.<\/p>\n\n\n\n<p>En una posterior entrega hablaremos de <strong>This Is Pop<\/strong> y su brillante manera de hablarnos tambi\u00e9n de la m\u00fasica.<\/p>\n\n\n\n<p><\/p>\n\n\n\n<p><em>Suscr\u00edbete a Equal Radio en tu sistema de streaming favorito y Equal Media por YouTube para m\u00e1s contenido.<\/em><\/p>\n","protected":false},"excerpt":{"rendered":"<p>Por: Ulises Sanher Existe una gran oferta de documentales mediante las m\u00faltiples plataformas (las ya existentes y las reci\u00e9n lanzadas) done la m\u00fasica est\u00e1 presente, de repente se vuelve imposible darnos cuenta de la cantidad de productos que exploran las biograf\u00edas de personajes que definieron la historia de la m\u00fasica, productores, agentes, fot\u00f3grafos, managers, bookers [&hellip;]<\/p>\n","protected":false},"author":1,"featured_media":5316,"comment_status":"closed","ping_status":"closed","sticky":false,"template":"","format":"standard","meta":{"footnotes":""},"categories":[16,128,100,129],"tags":[],"class_list":["post-5314","post","type-post","status-publish","format-standard","has-post-thumbnail","hentry","category-albums","category-editorial","category-news","category-recomendaciones"],"yoast_head":"<!-- This site is optimized with the Yoast SEO plugin v26.6 - https:\/\/yoast.com\/wordpress\/plugins\/seo\/ -->\n<title>Equal Media | Hagamos que Suceda<\/title>\n<meta name=\"description\" content=\"Conectamos el mensaje de tu banda musical con audiencias interesadas en conocerles | Te ayudamos a alcanzar tus objetivos | HAGAMOS QUE SUCEDA\" \/>\n<meta name=\"robots\" content=\"index, follow, max-snippet:-1, max-image-preview:large, max-video-preview:-1\" \/>\n<link rel=\"canonical\" href=\"https:\/\/www.equalmedia.mx\/site\/news\/1971-el-ano-en-que-la-musica-cambio-todo\/\" \/>\n<meta property=\"og:locale\" content=\"es_ES\" \/>\n<meta property=\"og:type\" content=\"article\" \/>\n<meta property=\"og:title\" content=\"Equal Media | Hagamos que Suceda\" \/>\n<meta property=\"og:description\" content=\"Conectamos el mensaje de tu banda musical con audiencias interesadas en conocerles | Te ayudamos a alcanzar tus objetivos | HAGAMOS QUE SUCEDA\" \/>\n<meta property=\"og:url\" content=\"https:\/\/www.equalmedia.mx\/site\/news\/1971-el-ano-en-que-la-musica-cambio-todo\/\" \/>\n<meta property=\"og:site_name\" content=\"EQUAL MUSIC | Cultura Latina en Movimiento\" \/>\n<meta property=\"article:published_time\" content=\"2021-09-22T03:19:10+00:00\" \/>\n<meta property=\"article:modified_time\" content=\"2021-09-22T03:22:29+00:00\" \/>\n<meta property=\"og:image\" content=\"https:\/\/www.equalmedia.mx\/site\/wp-content\/uploads\/2021\/09\/Disen\u0303o-sin-ti\u0301tulo.jpg\" \/>\n\t<meta property=\"og:image:width\" content=\"1080\" \/>\n\t<meta property=\"og:image:height\" content=\"1080\" \/>\n\t<meta property=\"og:image:type\" content=\"image\/jpeg\" \/>\n<meta name=\"author\" content=\"Equal Media\" \/>\n<meta name=\"twitter:card\" content=\"summary_large_image\" \/>\n<meta name=\"twitter:label1\" content=\"Escrito por\" \/>\n\t<meta name=\"twitter:data1\" content=\"Equal Media\" \/>\n\t<meta name=\"twitter:label2\" content=\"Tiempo de lectura\" \/>\n\t<meta name=\"twitter:data2\" content=\"3 minutos\" \/>\n<script type=\"application\/ld+json\" class=\"yoast-schema-graph\">{\"@context\":\"https:\/\/schema.org\",\"@graph\":[{\"@type\":\"Article\",\"@id\":\"https:\/\/www.equalmedia.mx\/site\/news\/1971-el-ano-en-que-la-musica-cambio-todo\/#article\",\"isPartOf\":{\"@id\":\"https:\/\/www.equalmedia.mx\/site\/news\/1971-el-ano-en-que-la-musica-cambio-todo\/\"},\"author\":{\"name\":\"Equal Media\",\"@id\":\"https:\/\/www.equalmedia.mx\/site\/#\/schema\/person\/41b6e60d650a80262fa6b5189bbb9f20\"},\"headline\":\"1971, el a\u00f1o en que la m\u00fasica cambi\u00f3 todo\",\"datePublished\":\"2021-09-22T03:19:10+00:00\",\"dateModified\":\"2021-09-22T03:22:29+00:00\",\"mainEntityOfPage\":{\"@id\":\"https:\/\/www.equalmedia.mx\/site\/news\/1971-el-ano-en-que-la-musica-cambio-todo\/\"},\"wordCount\":715,\"publisher\":{\"@id\":\"https:\/\/www.equalmedia.mx\/site\/#organization\"},\"image\":{\"@id\":\"https:\/\/www.equalmedia.mx\/site\/news\/1971-el-ano-en-que-la-musica-cambio-todo\/#primaryimage\"},\"thumbnailUrl\":\"https:\/\/www.equalmedia.mx\/site\/wp-content\/uploads\/2021\/09\/Disen\u0303o-sin-ti\u0301tulo.jpg\",\"articleSection\":[\"Albums\",\"Editorial\",\"news\",\"Recomendaciones\"],\"inLanguage\":\"es\"},{\"@type\":\"WebPage\",\"@id\":\"https:\/\/www.equalmedia.mx\/site\/news\/1971-el-ano-en-que-la-musica-cambio-todo\/\",\"url\":\"https:\/\/www.equalmedia.mx\/site\/news\/1971-el-ano-en-que-la-musica-cambio-todo\/\",\"name\":\"Equal Media | Hagamos que Suceda\",\"isPartOf\":{\"@id\":\"https:\/\/www.equalmedia.mx\/site\/#website\"},\"primaryImageOfPage\":{\"@id\":\"https:\/\/www.equalmedia.mx\/site\/news\/1971-el-ano-en-que-la-musica-cambio-todo\/#primaryimage\"},\"image\":{\"@id\":\"https:\/\/www.equalmedia.mx\/site\/news\/1971-el-ano-en-que-la-musica-cambio-todo\/#primaryimage\"},\"thumbnailUrl\":\"https:\/\/www.equalmedia.mx\/site\/wp-content\/uploads\/2021\/09\/Disen\u0303o-sin-ti\u0301tulo.jpg\",\"datePublished\":\"2021-09-22T03:19:10+00:00\",\"dateModified\":\"2021-09-22T03:22:29+00:00\",\"description\":\"Conectamos el mensaje de tu banda musical con audiencias interesadas en conocerles | Te ayudamos a alcanzar tus objetivos | HAGAMOS QUE SUCEDA\",\"breadcrumb\":{\"@id\":\"https:\/\/www.equalmedia.mx\/site\/news\/1971-el-ano-en-que-la-musica-cambio-todo\/#breadcrumb\"},\"inLanguage\":\"es\",\"potentialAction\":[{\"@type\":\"ReadAction\",\"target\":[\"https:\/\/www.equalmedia.mx\/site\/news\/1971-el-ano-en-que-la-musica-cambio-todo\/\"]}]},{\"@type\":\"ImageObject\",\"inLanguage\":\"es\",\"@id\":\"https:\/\/www.equalmedia.mx\/site\/news\/1971-el-ano-en-que-la-musica-cambio-todo\/#primaryimage\",\"url\":\"https:\/\/www.equalmedia.mx\/site\/wp-content\/uploads\/2021\/09\/Disen\u0303o-sin-ti\u0301tulo.jpg\",\"contentUrl\":\"https:\/\/www.equalmedia.mx\/site\/wp-content\/uploads\/2021\/09\/Disen\u0303o-sin-ti\u0301tulo.jpg\",\"width\":1080,\"height\":1080},{\"@type\":\"BreadcrumbList\",\"@id\":\"https:\/\/www.equalmedia.mx\/site\/news\/1971-el-ano-en-que-la-musica-cambio-todo\/#breadcrumb\",\"itemListElement\":[{\"@type\":\"ListItem\",\"position\":1,\"name\":\"Inicio\",\"item\":\"https:\/\/www.equalmedia.mx\/site\/\"},{\"@type\":\"ListItem\",\"position\":2,\"name\":\"1971, el a\u00f1o en que la m\u00fasica cambi\u00f3 todo\"}]},{\"@type\":\"WebSite\",\"@id\":\"https:\/\/www.equalmedia.mx\/site\/#website\",\"url\":\"https:\/\/www.equalmedia.mx\/site\/\",\"name\":\"EQUAL MUSIC | Cultura Latina en Movimiento\",\"description\":\"Ritmo en movimiento.\",\"publisher\":{\"@id\":\"https:\/\/www.equalmedia.mx\/site\/#organization\"},\"potentialAction\":[{\"@type\":\"SearchAction\",\"target\":{\"@type\":\"EntryPoint\",\"urlTemplate\":\"https:\/\/www.equalmedia.mx\/site\/?s={search_term_string}\"},\"query-input\":{\"@type\":\"PropertyValueSpecification\",\"valueRequired\":true,\"valueName\":\"search_term_string\"}}],\"inLanguage\":\"es\"},{\"@type\":\"Organization\",\"@id\":\"https:\/\/www.equalmedia.mx\/site\/#organization\",\"name\":\"EQUAL MUSIC | Cultura Latina en Movimiento\",\"url\":\"https:\/\/www.equalmedia.mx\/site\/\",\"logo\":{\"@type\":\"ImageObject\",\"inLanguage\":\"es\",\"@id\":\"https:\/\/www.equalmedia.mx\/site\/#\/schema\/logo\/image\/\",\"url\":\"https:\/\/www.equalmedia.mx\/site\/wp-content\/uploads\/2021\/07\/logoblanco.png\",\"contentUrl\":\"https:\/\/www.equalmedia.mx\/site\/wp-content\/uploads\/2021\/07\/logoblanco.png\",\"width\":1920,\"height\":589,\"caption\":\"EQUAL MUSIC | Cultura Latina en Movimiento\"},\"image\":{\"@id\":\"https:\/\/www.equalmedia.mx\/site\/#\/schema\/logo\/image\/\"}},{\"@type\":\"Person\",\"@id\":\"https:\/\/www.equalmedia.mx\/site\/#\/schema\/person\/41b6e60d650a80262fa6b5189bbb9f20\",\"name\":\"Equal Media\",\"image\":{\"@type\":\"ImageObject\",\"inLanguage\":\"es\",\"@id\":\"https:\/\/www.equalmedia.mx\/site\/#\/schema\/person\/image\/\",\"url\":\"https:\/\/secure.gravatar.com\/avatar\/51c3f8f080f557c61349ab37ab35c9f967b3b271510dd8ef0b9b16a3dd5a89e9?s=96&d=mm&r=g\",\"contentUrl\":\"https:\/\/secure.gravatar.com\/avatar\/51c3f8f080f557c61349ab37ab35c9f967b3b271510dd8ef0b9b16a3dd5a89e9?s=96&d=mm&r=g\",\"caption\":\"Equal Media\"},\"description\":\"Equal Media es una productora y agencia de estrategia cultural transmedia que impulsa la visibilidad de la m\u00fasica y cultura latina a trav\u00e9s de contenidos originales, multiplataforma y con enfoque social. Con operaci\u00f3n desde Estados Unidos, M\u00e9xico y Colombia, Equal Media se ha consolidado como un actor clave en la narrativa documental, la curadur\u00eda musical y la creaci\u00f3n de formatos de alto impacto para audiencias latinas globales. Sus producciones incluyen Equal Music Sessions \u2014con m\u00e1s de 300 artistas programados en LATV Network\u2014, la serie Hunters y el documental 4TRO EL3MENTOS. Sus contenidos son emitidos en prime time en EE.UU. v\u00eda LATV y VOD, alcanzando m\u00e1s de 62 millones de hogares en mercados como Nueva York, Los \u00c1ngeles, Miami y Chicago. Equal Media ha estado presente con cobertura original y branded content en eventos como el Media Hub de los Latin Grammys, LAMC (NY), BIME (Bilbao, Bogot\u00e1), Vive Latino (CDMX), MIM LATAM, CAMM, entre otros hubs de la industria. Aliada de plataformas como Keychange, Femnoise, We Make Noise y la Municipalidad de Quilicura (Chile), Equal Media promueve una industria m\u00e1s equitativa, programando de forma activa proyectos liderados por mujeres, comunidades LGBTQ+ y sectores vulnerables. Bajo la direcci\u00f3n de Ulises Sanher \u2014reconocido por la UNAM y otras instituciones acad\u00e9micas por su labor cultural\u2014, Equal Media ha contribuido a formar nuevas audiencias desde la educaci\u00f3n, el activismo y la creatividad. Sanher ha sido invitado como speaker en foros como Circulart (COL), FIMPRO (MEX), Canadian Music Week (CAN), FME (CAN), SIM S\u00e3o Paulo (BR), MUPA (PAN), Corriente (PER) y Brasil Trends Conference. Tambi\u00e9n ha sido jurado externo de los Premios Rolling Stone en Espa\u00f1ol en Miami y ha ofrecido asesor\u00eda creativa en colaboraci\u00f3n con Berklee Valencia y la Asociaci\u00f3n de Supervisores Musicales.\",\"sameAs\":[\"https:\/\/www.equalmedia.mx\/\",\"https:\/\/www.instagram.com\/equal.music\",\"https:\/\/www.linkedin.com\/in\/ulises-sanher\/\",\"https:\/\/www.youtube.com\/@equalmusicworld\"],\"url\":\"https:\/\/www.equalmedia.mx\/site\/author\/admin\/\"}]}<\/script>\n<!-- \/ Yoast SEO plugin. -->","yoast_head_json":{"title":"Equal Media | Hagamos que Suceda","description":"Conectamos el mensaje de tu banda musical con audiencias interesadas en conocerles | Te ayudamos a alcanzar tus objetivos | HAGAMOS QUE SUCEDA","robots":{"index":"index","follow":"follow","max-snippet":"max-snippet:-1","max-image-preview":"max-image-preview:large","max-video-preview":"max-video-preview:-1"},"canonical":"https:\/\/www.equalmedia.mx\/site\/news\/1971-el-ano-en-que-la-musica-cambio-todo\/","og_locale":"es_ES","og_type":"article","og_title":"Equal Media | Hagamos que Suceda","og_description":"Conectamos el mensaje de tu banda musical con audiencias interesadas en conocerles | Te ayudamos a alcanzar tus objetivos | HAGAMOS QUE SUCEDA","og_url":"https:\/\/www.equalmedia.mx\/site\/news\/1971-el-ano-en-que-la-musica-cambio-todo\/","og_site_name":"EQUAL MUSIC | Cultura Latina en Movimiento","article_published_time":"2021-09-22T03:19:10+00:00","article_modified_time":"2021-09-22T03:22:29+00:00","og_image":[{"width":1080,"height":1080,"url":"https:\/\/www.equalmedia.mx\/site\/wp-content\/uploads\/2021\/09\/Disen\u0303o-sin-ti\u0301tulo.jpg","type":"image\/jpeg"}],"author":"Equal Media","twitter_card":"summary_large_image","twitter_misc":{"Escrito por":"Equal Media","Tiempo de lectura":"3 minutos"},"schema":{"@context":"https:\/\/schema.org","@graph":[{"@type":"Article","@id":"https:\/\/www.equalmedia.mx\/site\/news\/1971-el-ano-en-que-la-musica-cambio-todo\/#article","isPartOf":{"@id":"https:\/\/www.equalmedia.mx\/site\/news\/1971-el-ano-en-que-la-musica-cambio-todo\/"},"author":{"name":"Equal Media","@id":"https:\/\/www.equalmedia.mx\/site\/#\/schema\/person\/41b6e60d650a80262fa6b5189bbb9f20"},"headline":"1971, el a\u00f1o en que la m\u00fasica cambi\u00f3 todo","datePublished":"2021-09-22T03:19:10+00:00","dateModified":"2021-09-22T03:22:29+00:00","mainEntityOfPage":{"@id":"https:\/\/www.equalmedia.mx\/site\/news\/1971-el-ano-en-que-la-musica-cambio-todo\/"},"wordCount":715,"publisher":{"@id":"https:\/\/www.equalmedia.mx\/site\/#organization"},"image":{"@id":"https:\/\/www.equalmedia.mx\/site\/news\/1971-el-ano-en-que-la-musica-cambio-todo\/#primaryimage"},"thumbnailUrl":"https:\/\/www.equalmedia.mx\/site\/wp-content\/uploads\/2021\/09\/Disen\u0303o-sin-ti\u0301tulo.jpg","articleSection":["Albums","Editorial","news","Recomendaciones"],"inLanguage":"es"},{"@type":"WebPage","@id":"https:\/\/www.equalmedia.mx\/site\/news\/1971-el-ano-en-que-la-musica-cambio-todo\/","url":"https:\/\/www.equalmedia.mx\/site\/news\/1971-el-ano-en-que-la-musica-cambio-todo\/","name":"Equal Media | Hagamos que Suceda","isPartOf":{"@id":"https:\/\/www.equalmedia.mx\/site\/#website"},"primaryImageOfPage":{"@id":"https:\/\/www.equalmedia.mx\/site\/news\/1971-el-ano-en-que-la-musica-cambio-todo\/#primaryimage"},"image":{"@id":"https:\/\/www.equalmedia.mx\/site\/news\/1971-el-ano-en-que-la-musica-cambio-todo\/#primaryimage"},"thumbnailUrl":"https:\/\/www.equalmedia.mx\/site\/wp-content\/uploads\/2021\/09\/Disen\u0303o-sin-ti\u0301tulo.jpg","datePublished":"2021-09-22T03:19:10+00:00","dateModified":"2021-09-22T03:22:29+00:00","description":"Conectamos el mensaje de tu banda musical con audiencias interesadas en conocerles | Te ayudamos a alcanzar tus objetivos | HAGAMOS QUE SUCEDA","breadcrumb":{"@id":"https:\/\/www.equalmedia.mx\/site\/news\/1971-el-ano-en-que-la-musica-cambio-todo\/#breadcrumb"},"inLanguage":"es","potentialAction":[{"@type":"ReadAction","target":["https:\/\/www.equalmedia.mx\/site\/news\/1971-el-ano-en-que-la-musica-cambio-todo\/"]}]},{"@type":"ImageObject","inLanguage":"es","@id":"https:\/\/www.equalmedia.mx\/site\/news\/1971-el-ano-en-que-la-musica-cambio-todo\/#primaryimage","url":"https:\/\/www.equalmedia.mx\/site\/wp-content\/uploads\/2021\/09\/Disen\u0303o-sin-ti\u0301tulo.jpg","contentUrl":"https:\/\/www.equalmedia.mx\/site\/wp-content\/uploads\/2021\/09\/Disen\u0303o-sin-ti\u0301tulo.jpg","width":1080,"height":1080},{"@type":"BreadcrumbList","@id":"https:\/\/www.equalmedia.mx\/site\/news\/1971-el-ano-en-que-la-musica-cambio-todo\/#breadcrumb","itemListElement":[{"@type":"ListItem","position":1,"name":"Inicio","item":"https:\/\/www.equalmedia.mx\/site\/"},{"@type":"ListItem","position":2,"name":"1971, el a\u00f1o en que la m\u00fasica cambi\u00f3 todo"}]},{"@type":"WebSite","@id":"https:\/\/www.equalmedia.mx\/site\/#website","url":"https:\/\/www.equalmedia.mx\/site\/","name":"EQUAL MUSIC | Cultura Latina en Movimiento","description":"Ritmo en movimiento.","publisher":{"@id":"https:\/\/www.equalmedia.mx\/site\/#organization"},"potentialAction":[{"@type":"SearchAction","target":{"@type":"EntryPoint","urlTemplate":"https:\/\/www.equalmedia.mx\/site\/?s={search_term_string}"},"query-input":{"@type":"PropertyValueSpecification","valueRequired":true,"valueName":"search_term_string"}}],"inLanguage":"es"},{"@type":"Organization","@id":"https:\/\/www.equalmedia.mx\/site\/#organization","name":"EQUAL MUSIC | Cultura Latina en Movimiento","url":"https:\/\/www.equalmedia.mx\/site\/","logo":{"@type":"ImageObject","inLanguage":"es","@id":"https:\/\/www.equalmedia.mx\/site\/#\/schema\/logo\/image\/","url":"https:\/\/www.equalmedia.mx\/site\/wp-content\/uploads\/2021\/07\/logoblanco.png","contentUrl":"https:\/\/www.equalmedia.mx\/site\/wp-content\/uploads\/2021\/07\/logoblanco.png","width":1920,"height":589,"caption":"EQUAL MUSIC | Cultura Latina en Movimiento"},"image":{"@id":"https:\/\/www.equalmedia.mx\/site\/#\/schema\/logo\/image\/"}},{"@type":"Person","@id":"https:\/\/www.equalmedia.mx\/site\/#\/schema\/person\/41b6e60d650a80262fa6b5189bbb9f20","name":"Equal Media","image":{"@type":"ImageObject","inLanguage":"es","@id":"https:\/\/www.equalmedia.mx\/site\/#\/schema\/person\/image\/","url":"https:\/\/secure.gravatar.com\/avatar\/51c3f8f080f557c61349ab37ab35c9f967b3b271510dd8ef0b9b16a3dd5a89e9?s=96&d=mm&r=g","contentUrl":"https:\/\/secure.gravatar.com\/avatar\/51c3f8f080f557c61349ab37ab35c9f967b3b271510dd8ef0b9b16a3dd5a89e9?s=96&d=mm&r=g","caption":"Equal Media"},"description":"Equal Media es una productora y agencia de estrategia cultural transmedia que impulsa la visibilidad de la m\u00fasica y cultura latina a trav\u00e9s de contenidos originales, multiplataforma y con enfoque social. Con operaci\u00f3n desde Estados Unidos, M\u00e9xico y Colombia, Equal Media se ha consolidado como un actor clave en la narrativa documental, la curadur\u00eda musical y la creaci\u00f3n de formatos de alto impacto para audiencias latinas globales. Sus producciones incluyen Equal Music Sessions \u2014con m\u00e1s de 300 artistas programados en LATV Network\u2014, la serie Hunters y el documental 4TRO EL3MENTOS. Sus contenidos son emitidos en prime time en EE.UU. v\u00eda LATV y VOD, alcanzando m\u00e1s de 62 millones de hogares en mercados como Nueva York, Los \u00c1ngeles, Miami y Chicago. Equal Media ha estado presente con cobertura original y branded content en eventos como el Media Hub de los Latin Grammys, LAMC (NY), BIME (Bilbao, Bogot\u00e1), Vive Latino (CDMX), MIM LATAM, CAMM, entre otros hubs de la industria. Aliada de plataformas como Keychange, Femnoise, We Make Noise y la Municipalidad de Quilicura (Chile), Equal Media promueve una industria m\u00e1s equitativa, programando de forma activa proyectos liderados por mujeres, comunidades LGBTQ+ y sectores vulnerables. Bajo la direcci\u00f3n de Ulises Sanher \u2014reconocido por la UNAM y otras instituciones acad\u00e9micas por su labor cultural\u2014, Equal Media ha contribuido a formar nuevas audiencias desde la educaci\u00f3n, el activismo y la creatividad. Sanher ha sido invitado como speaker en foros como Circulart (COL), FIMPRO (MEX), Canadian Music Week (CAN), FME (CAN), SIM S\u00e3o Paulo (BR), MUPA (PAN), Corriente (PER) y Brasil Trends Conference. Tambi\u00e9n ha sido jurado externo de los Premios Rolling Stone en Espa\u00f1ol en Miami y ha ofrecido asesor\u00eda creativa en colaboraci\u00f3n con Berklee Valencia y la Asociaci\u00f3n de Supervisores Musicales.","sameAs":["https:\/\/www.equalmedia.mx\/","https:\/\/www.instagram.com\/equal.music","https:\/\/www.linkedin.com\/in\/ulises-sanher\/","https:\/\/www.youtube.com\/@equalmusicworld"],"url":"https:\/\/www.equalmedia.mx\/site\/author\/admin\/"}]}},"_links":{"self":[{"href":"https:\/\/www.equalmedia.mx\/site\/wp-json\/wp\/v2\/posts\/5314","targetHints":{"allow":["GET"]}}],"collection":[{"href":"https:\/\/www.equalmedia.mx\/site\/wp-json\/wp\/v2\/posts"}],"about":[{"href":"https:\/\/www.equalmedia.mx\/site\/wp-json\/wp\/v2\/types\/post"}],"author":[{"embeddable":true,"href":"https:\/\/www.equalmedia.mx\/site\/wp-json\/wp\/v2\/users\/1"}],"replies":[{"embeddable":true,"href":"https:\/\/www.equalmedia.mx\/site\/wp-json\/wp\/v2\/comments?post=5314"}],"version-history":[{"count":0,"href":"https:\/\/www.equalmedia.mx\/site\/wp-json\/wp\/v2\/posts\/5314\/revisions"}],"wp:featuredmedia":[{"embeddable":true,"href":"https:\/\/www.equalmedia.mx\/site\/wp-json\/wp\/v2\/media\/5316"}],"wp:attachment":[{"href":"https:\/\/www.equalmedia.mx\/site\/wp-json\/wp\/v2\/media?parent=5314"}],"wp:term":[{"taxonomy":"category","embeddable":true,"href":"https:\/\/www.equalmedia.mx\/site\/wp-json\/wp\/v2\/categories?post=5314"},{"taxonomy":"post_tag","embeddable":true,"href":"https:\/\/www.equalmedia.mx\/site\/wp-json\/wp\/v2\/tags?post=5314"}],"curies":[{"name":"wp","href":"https:\/\/api.w.org\/{rel}","templated":true}]}}