{"id":5321,"date":"2021-09-24T18:04:35","date_gmt":"2021-09-24T18:04:35","guid":{"rendered":"https:\/\/www.equalmedia.mx\/site\/?p=5321"},"modified":"2021-09-24T18:04:37","modified_gmt":"2021-09-24T18:04:37","slug":"bime-pro-anuncia-mas-de-40-conciertos-en-bilbao","status":"publish","type":"post","link":"https:\/\/www.equalmedia.mx\/site\/albums\/bime-pro-anuncia-mas-de-40-conciertos-en-bilbao\/","title":{"rendered":"BIME PRO ANUNCIA M\u00c1S DE 40 CONCIERTOS EN BILBAO"},"content":{"rendered":"\n<p class=\"has-text-align-left\">En octubre las salas de <strong>Bilbao<\/strong> acoger\u00e1n m\u00e1s de 40 directos de grupos emergentes de<br>9 pa\u00edses y Mala Rodr\u00edguez presentar\u00e1 su libro \u201cC\u00f3mo ser Mala\u201d, en el marco de la<br>programaci\u00f3n de BIME CITY SON Estrella Galicia.<\/p>\n\n\n\n<p>El anuncio genera esperanza y emoci\u00f3n en uno de los sectores m\u00e1s golpeados por la pandemia, Bilbao acoger\u00e1 adem\u00e1s a delegados de distintas partes del mundo que disfrutar\u00e1n de una fuerte presencia latinoamericana en esta edici\u00f3n, resalta la presencia de <strong>Frank\u00b4s White Canvas<\/strong>, las chilenas generan expectativa pues su presencia y logros con \u00a8My Life, My Canvas\u00a8 ,disco producido por Dimitri Tikovoi (Placebo, The Horrors, Marianne Faithfull) resonar\u00e1 en las salas de una ciudad que ya se prepara para recibir a gran cantidad de profesionales y artistas.<\/p>\n\n\n\n<figure class=\"wp-block-embed aligncenter is-type-video is-provider-youtube wp-block-embed-youtube wp-embed-aspect-16-9 wp-has-aspect-ratio\"><div class=\"wp-block-embed__wrapper\">\n<iframe title=\"Frank&#039;s White Canvas - My Life, My Canvas (Full Concert)\" width=\"1300\" height=\"731\" data-src=\"https:\/\/www.youtube.com\/embed\/D_yJITXxSYo?start=247&#038;feature=oembed\" frameborder=\"0\" allow=\"accelerometer; autoplay; clipboard-write; encrypted-media; gyroscope; picture-in-picture\" allowfullscreen src=\"data:image\/svg+xml;base64,PHN2ZyB3aWR0aD0iMSIgaGVpZ2h0PSIxIiB4bWxucz0iaHR0cDovL3d3dy53My5vcmcvMjAwMC9zdmciPjwvc3ZnPg==\" class=\"lazyload\" data-load-mode=\"1\"><\/iframe>\n<\/div><figcaption><em>My Life, My Canvas en directo<\/em>.<\/figcaption><\/figure>\n\n\n\n<p>Este oto\u00f1o, Bilbao se sentir\u00e1 m\u00e1s acogedora que nunca cuando \u202flos d\u00edas\u00a0<strong>27, 28 y 29 de octubre<\/strong>\u00a0la industria musical internacional asista a la<strong>\u00a09\u00aa edici\u00f3nde BIME PRO<\/strong>. Durante las dos primeras jornadas, la programaci\u00f3n nocturna de\u00a0<strong>BIME CITY SON Estrella Galicia<\/strong>\u00a0aportar\u00e1 a las salas de la ciudad las\u00a0<strong>\u00faltimas tendencias musicales\u00a0<\/strong>de Europa y Am\u00e9rica Latina.Con una diversidad de sonidos que van desde el rock al trap y del pop a los ritmos latinos, el cartel estar\u00e1 formado por\u00a0<strong>bandas y artistas emergentes de 9 pa\u00edses que brindar\u00e1n m\u00e1s de 40 conciertos en directo a lo largo y a lo ancho de toda la ciudad<\/strong>.\u00a0\u00a0<\/p>\n\n\n\n<p><\/p>\n\n\n\n<div class=\"wp-block-image\"><figure class=\"aligncenter size-large\"><img fetchpriority=\"high\" decoding=\"async\" width=\"724\" height=\"1024\" src=\"https:\/\/www.equalmedia.mx\/site\/wp-content\/uploads\/2021\/09\/BIME-CITY-CARTEL-2021-724x1024.jpg\" alt=\"\" class=\"wp-image-5325\" srcset=\"https:\/\/www.equalmedia.mx\/site\/wp-content\/uploads\/2021\/09\/BIME-CITY-CARTEL-2021-724x1024.jpg 724w, https:\/\/www.equalmedia.mx\/site\/wp-content\/uploads\/2021\/09\/BIME-CITY-CARTEL-2021-300x424.jpg 300w, https:\/\/www.equalmedia.mx\/site\/wp-content\/uploads\/2021\/09\/BIME-CITY-CARTEL-2021-600x849.jpg 600w, https:\/\/www.equalmedia.mx\/site\/wp-content\/uploads\/2021\/09\/BIME-CITY-CARTEL-2021-212x300.jpg 212w, https:\/\/www.equalmedia.mx\/site\/wp-content\/uploads\/2021\/09\/BIME-CITY-CARTEL-2021-768x1087.jpg 768w, https:\/\/www.equalmedia.mx\/site\/wp-content\/uploads\/2021\/09\/BIME-CITY-CARTEL-2021.jpg 1080w\" sizes=\"(max-width: 724px) 100vw, 724px\" \/><\/figure><\/div>\n\n\n\n<p>Del \u00e1mbito estatal, se presentar\u00e1n: RUISE\u00d1ORA de Extremadura; FERRAN PALAU, PINPILINPUSSIES, ARIANA ABECASIS y VIOLETA TELLO GRAU de Catalunya; XISCO FEIJOO y ALLOVA de Galicia; IBIL BEDI, ANDREA SANTIAGO y MALAIIERBA de Navarra; EVITA TOULOUSE, NOPROCEDE, COMANDANTE TWIN y EVA RYJLEN de Madrid; ALBERTO &amp; GARC\u00cdA de Asturias y de Euskadi AIRU, RODEO Y FATHER ALIEN y MONZI SEZ, ganador de la DJ Txapelketa que se hizo en Bilborock. La participaci\u00f3n de estos artistas est\u00e1 apoyada por AIE, AGADIC, BASQUE.MUSIC, CATALAN ARTS, LARROSA MUSIC GROUP, NAVARRA LIVE MUSIC! y SOUNDS FROM SPAIN.<\/p>\n\n\n\n<p>El cartel internacional estar\u00e1 nutrido por una variedad de artistas de Europa y Latinoam\u00e9rica: desde Chile DIEGO LORENZINI, ENTR\u00d3PICA, FRANK\u2019S WHITE CANVAS y JEMMY BUTTON; desde Polonia MEHEHE, desde Colombia CERRERO, LA RUEDA, LEE EYE y LUCAS HILL; desde Francia YADAM y KIDS RETURN; desde Argentina ALEJO Y VALENT\u00cdN, FEMIGANGSTA, VALDES y ZOE GOTUSSO; desde Islandia CELL7 y desde Pa\u00edses Bajos BLANKS, LORR\u00c9N y LUKA. La participaci\u00f3n de estos artistas es posible gracias al apoyo de CENTRE NATIONAL DE LA MUSIQUE (Francia), IDARTES (Colombia), INAMU (Argentina), DUTCH MUSIC EXPORT (Holanda), PROCHILE, PROCOLOMBIA y KEYCHANGE.<\/p>\n\n\n\n<p>La m\u00fasica de estos artistas tambi\u00e9n podr\u00e1 disfrutarse en el canal online de BIME PRO donde, adem\u00e1s, bandas como WESPHERE, MARTA KNIGHT, MAGAL\u00cd SARE &amp; MANEL FORTI\u00c0 de Catalunya y ELAINE MAI de Irlanda presentar\u00e1n sus \u00faltimos trabajos. Pronto se desvelar\u00e1n m\u00e1s nombres del cartel.<\/p>\n\n\n\n<p>Adem\u00e1s de m\u00fasica, la programaci\u00f3n de este a\u00f1o tambi\u00e9n incluir\u00e1 otras actividades especiales como la de\u00a0<strong>Mala Rodr\u00edguez presentando su libro \u201cC\u00f3mo ser Mala\u201d<\/strong>\u00a0en uno de los edificios m\u00e1s emblem\u00e1ticos de Bilbao, la Biblioteca de Bidebarrieta.<\/p>\n\n\n\n<p>BIME PRO<br>27, 28, 29 octubre 2021, Bilbao<br>Palacio Euskalduna<br>www.bime.net<\/p>\n","protected":false},"excerpt":{"rendered":"<p>En octubre las salas de Bilbao acoger\u00e1n m\u00e1s de 40 directos de grupos emergentes de9 pa\u00edses y Mala Rodr\u00edguez presentar\u00e1 su libro \u201cC\u00f3mo ser Mala\u201d, en el marco de laprogramaci\u00f3n de BIME CITY SON Estrella Galicia. El anuncio genera esperanza y emoci\u00f3n en uno de los sectores m\u00e1s golpeados por la pandemia, Bilbao acoger\u00e1 adem\u00e1s [&hellip;]<\/p>\n","protected":false},"author":1,"featured_media":5324,"comment_status":"closed","ping_status":"closed","sticky":false,"template":"","format":"standard","meta":{"footnotes":""},"categories":[16,128,19,94,100],"tags":[130,123],"class_list":["post-5321","post","type-post","status-publish","format-standard","has-post-thumbnail","hentry","category-albums","category-editorial","category-festivals","category-industria-musical","category-news","tag-bime","tag-festival"],"yoast_head":"<!-- This site is optimized with the Yoast SEO plugin v26.6 - https:\/\/yoast.com\/wordpress\/plugins\/seo\/ -->\n<title>Equal Media | Hagamos que Suceda<\/title>\n<meta name=\"description\" content=\"Conectamos el mensaje de tu banda musical con audiencias interesadas en conocerles | Te ayudamos a alcanzar tus objetivos | HAGAMOS QUE SUCEDA\" \/>\n<meta name=\"robots\" content=\"index, follow, max-snippet:-1, max-image-preview:large, max-video-preview:-1\" \/>\n<link rel=\"canonical\" href=\"https:\/\/www.equalmedia.mx\/site\/albums\/bime-pro-anuncia-mas-de-40-conciertos-en-bilbao\/\" \/>\n<meta property=\"og:locale\" content=\"es_ES\" \/>\n<meta property=\"og:type\" content=\"article\" \/>\n<meta property=\"og:title\" content=\"Equal Media | Hagamos que Suceda\" \/>\n<meta property=\"og:description\" content=\"Conectamos el mensaje de tu banda musical con audiencias interesadas en conocerles | Te ayudamos a alcanzar tus objetivos | HAGAMOS QUE SUCEDA\" \/>\n<meta property=\"og:url\" content=\"https:\/\/www.equalmedia.mx\/site\/albums\/bime-pro-anuncia-mas-de-40-conciertos-en-bilbao\/\" \/>\n<meta property=\"og:site_name\" content=\"EQUAL MUSIC | Cultura Latina en Movimiento\" \/>\n<meta property=\"article:published_time\" content=\"2021-09-24T18:04:35+00:00\" \/>\n<meta property=\"article:modified_time\" content=\"2021-09-24T18:04:37+00:00\" \/>\n<meta property=\"og:image\" content=\"https:\/\/www.equalmedia.mx\/site\/wp-content\/uploads\/2021\/09\/BIME-city.jpeg\" \/>\n\t<meta property=\"og:image:width\" content=\"1440\" \/>\n\t<meta property=\"og:image:height\" content=\"1440\" \/>\n\t<meta property=\"og:image:type\" content=\"image\/jpeg\" \/>\n<meta name=\"author\" content=\"Equal Media\" \/>\n<meta name=\"twitter:card\" content=\"summary_large_image\" \/>\n<meta name=\"twitter:label1\" content=\"Escrito por\" \/>\n\t<meta name=\"twitter:data1\" content=\"Equal Media\" \/>\n\t<meta name=\"twitter:label2\" content=\"Tiempo de lectura\" \/>\n\t<meta name=\"twitter:data2\" content=\"3 minutos\" \/>\n<script type=\"application\/ld+json\" class=\"yoast-schema-graph\">{\"@context\":\"https:\/\/schema.org\",\"@graph\":[{\"@type\":\"Article\",\"@id\":\"https:\/\/www.equalmedia.mx\/site\/albums\/bime-pro-anuncia-mas-de-40-conciertos-en-bilbao\/#article\",\"isPartOf\":{\"@id\":\"https:\/\/www.equalmedia.mx\/site\/albums\/bime-pro-anuncia-mas-de-40-conciertos-en-bilbao\/\"},\"author\":{\"name\":\"Equal Media\",\"@id\":\"https:\/\/www.equalmedia.mx\/site\/#\/schema\/person\/41b6e60d650a80262fa6b5189bbb9f20\"},\"headline\":\"BIME PRO ANUNCIA M\u00c1S DE 40 CONCIERTOS EN BILBAO\",\"datePublished\":\"2021-09-24T18:04:35+00:00\",\"dateModified\":\"2021-09-24T18:04:37+00:00\",\"mainEntityOfPage\":{\"@id\":\"https:\/\/www.equalmedia.mx\/site\/albums\/bime-pro-anuncia-mas-de-40-conciertos-en-bilbao\/\"},\"wordCount\":574,\"publisher\":{\"@id\":\"https:\/\/www.equalmedia.mx\/site\/#organization\"},\"image\":{\"@id\":\"https:\/\/www.equalmedia.mx\/site\/albums\/bime-pro-anuncia-mas-de-40-conciertos-en-bilbao\/#primaryimage\"},\"thumbnailUrl\":\"https:\/\/www.equalmedia.mx\/site\/wp-content\/uploads\/2021\/09\/BIME-city.jpeg\",\"keywords\":[\"BIME\",\"festival\"],\"articleSection\":[\"Albums\",\"Editorial\",\"Festivals\",\"Industria Musical\",\"news\"],\"inLanguage\":\"es\"},{\"@type\":\"WebPage\",\"@id\":\"https:\/\/www.equalmedia.mx\/site\/albums\/bime-pro-anuncia-mas-de-40-conciertos-en-bilbao\/\",\"url\":\"https:\/\/www.equalmedia.mx\/site\/albums\/bime-pro-anuncia-mas-de-40-conciertos-en-bilbao\/\",\"name\":\"Equal Media | Hagamos que Suceda\",\"isPartOf\":{\"@id\":\"https:\/\/www.equalmedia.mx\/site\/#website\"},\"primaryImageOfPage\":{\"@id\":\"https:\/\/www.equalmedia.mx\/site\/albums\/bime-pro-anuncia-mas-de-40-conciertos-en-bilbao\/#primaryimage\"},\"image\":{\"@id\":\"https:\/\/www.equalmedia.mx\/site\/albums\/bime-pro-anuncia-mas-de-40-conciertos-en-bilbao\/#primaryimage\"},\"thumbnailUrl\":\"https:\/\/www.equalmedia.mx\/site\/wp-content\/uploads\/2021\/09\/BIME-city.jpeg\",\"datePublished\":\"2021-09-24T18:04:35+00:00\",\"dateModified\":\"2021-09-24T18:04:37+00:00\",\"description\":\"Conectamos el mensaje de tu banda musical con audiencias interesadas en conocerles | Te ayudamos a alcanzar tus objetivos | HAGAMOS QUE SUCEDA\",\"breadcrumb\":{\"@id\":\"https:\/\/www.equalmedia.mx\/site\/albums\/bime-pro-anuncia-mas-de-40-conciertos-en-bilbao\/#breadcrumb\"},\"inLanguage\":\"es\",\"potentialAction\":[{\"@type\":\"ReadAction\",\"target\":[\"https:\/\/www.equalmedia.mx\/site\/albums\/bime-pro-anuncia-mas-de-40-conciertos-en-bilbao\/\"]}]},{\"@type\":\"ImageObject\",\"inLanguage\":\"es\",\"@id\":\"https:\/\/www.equalmedia.mx\/site\/albums\/bime-pro-anuncia-mas-de-40-conciertos-en-bilbao\/#primaryimage\",\"url\":\"https:\/\/www.equalmedia.mx\/site\/wp-content\/uploads\/2021\/09\/BIME-city.jpeg\",\"contentUrl\":\"https:\/\/www.equalmedia.mx\/site\/wp-content\/uploads\/2021\/09\/BIME-city.jpeg\",\"width\":1440,\"height\":1440},{\"@type\":\"BreadcrumbList\",\"@id\":\"https:\/\/www.equalmedia.mx\/site\/albums\/bime-pro-anuncia-mas-de-40-conciertos-en-bilbao\/#breadcrumb\",\"itemListElement\":[{\"@type\":\"ListItem\",\"position\":1,\"name\":\"Inicio\",\"item\":\"https:\/\/www.equalmedia.mx\/site\/\"},{\"@type\":\"ListItem\",\"position\":2,\"name\":\"BIME PRO ANUNCIA M\u00c1S DE 40 CONCIERTOS EN BILBAO\"}]},{\"@type\":\"WebSite\",\"@id\":\"https:\/\/www.equalmedia.mx\/site\/#website\",\"url\":\"https:\/\/www.equalmedia.mx\/site\/\",\"name\":\"EQUAL MUSIC | Cultura Latina en Movimiento\",\"description\":\"Ritmo en movimiento.\",\"publisher\":{\"@id\":\"https:\/\/www.equalmedia.mx\/site\/#organization\"},\"potentialAction\":[{\"@type\":\"SearchAction\",\"target\":{\"@type\":\"EntryPoint\",\"urlTemplate\":\"https:\/\/www.equalmedia.mx\/site\/?s={search_term_string}\"},\"query-input\":{\"@type\":\"PropertyValueSpecification\",\"valueRequired\":true,\"valueName\":\"search_term_string\"}}],\"inLanguage\":\"es\"},{\"@type\":\"Organization\",\"@id\":\"https:\/\/www.equalmedia.mx\/site\/#organization\",\"name\":\"EQUAL MUSIC | Cultura Latina en Movimiento\",\"url\":\"https:\/\/www.equalmedia.mx\/site\/\",\"logo\":{\"@type\":\"ImageObject\",\"inLanguage\":\"es\",\"@id\":\"https:\/\/www.equalmedia.mx\/site\/#\/schema\/logo\/image\/\",\"url\":\"https:\/\/www.equalmedia.mx\/site\/wp-content\/uploads\/2021\/07\/logoblanco.png\",\"contentUrl\":\"https:\/\/www.equalmedia.mx\/site\/wp-content\/uploads\/2021\/07\/logoblanco.png\",\"width\":1920,\"height\":589,\"caption\":\"EQUAL MUSIC | Cultura Latina en Movimiento\"},\"image\":{\"@id\":\"https:\/\/www.equalmedia.mx\/site\/#\/schema\/logo\/image\/\"}},{\"@type\":\"Person\",\"@id\":\"https:\/\/www.equalmedia.mx\/site\/#\/schema\/person\/41b6e60d650a80262fa6b5189bbb9f20\",\"name\":\"Equal Media\",\"image\":{\"@type\":\"ImageObject\",\"inLanguage\":\"es\",\"@id\":\"https:\/\/www.equalmedia.mx\/site\/#\/schema\/person\/image\/\",\"url\":\"https:\/\/secure.gravatar.com\/avatar\/51c3f8f080f557c61349ab37ab35c9f967b3b271510dd8ef0b9b16a3dd5a89e9?s=96&d=mm&r=g\",\"contentUrl\":\"https:\/\/secure.gravatar.com\/avatar\/51c3f8f080f557c61349ab37ab35c9f967b3b271510dd8ef0b9b16a3dd5a89e9?s=96&d=mm&r=g\",\"caption\":\"Equal Media\"},\"description\":\"Equal Media es una productora y agencia de estrategia cultural transmedia que impulsa la visibilidad de la m\u00fasica y cultura latina a trav\u00e9s de contenidos originales, multiplataforma y con enfoque social. Con operaci\u00f3n desde Estados Unidos, M\u00e9xico y Colombia, Equal Media se ha consolidado como un actor clave en la narrativa documental, la curadur\u00eda musical y la creaci\u00f3n de formatos de alto impacto para audiencias latinas globales. Sus producciones incluyen Equal Music Sessions \u2014con m\u00e1s de 300 artistas programados en LATV Network\u2014, la serie Hunters y el documental 4TRO EL3MENTOS. Sus contenidos son emitidos en prime time en EE.UU. v\u00eda LATV y VOD, alcanzando m\u00e1s de 62 millones de hogares en mercados como Nueva York, Los \u00c1ngeles, Miami y Chicago. Equal Media ha estado presente con cobertura original y branded content en eventos como el Media Hub de los Latin Grammys, LAMC (NY), BIME (Bilbao, Bogot\u00e1), Vive Latino (CDMX), MIM LATAM, CAMM, entre otros hubs de la industria. Aliada de plataformas como Keychange, Femnoise, We Make Noise y la Municipalidad de Quilicura (Chile), Equal Media promueve una industria m\u00e1s equitativa, programando de forma activa proyectos liderados por mujeres, comunidades LGBTQ+ y sectores vulnerables. Bajo la direcci\u00f3n de Ulises Sanher \u2014reconocido por la UNAM y otras instituciones acad\u00e9micas por su labor cultural\u2014, Equal Media ha contribuido a formar nuevas audiencias desde la educaci\u00f3n, el activismo y la creatividad. Sanher ha sido invitado como speaker en foros como Circulart (COL), FIMPRO (MEX), Canadian Music Week (CAN), FME (CAN), SIM S\u00e3o Paulo (BR), MUPA (PAN), Corriente (PER) y Brasil Trends Conference. Tambi\u00e9n ha sido jurado externo de los Premios Rolling Stone en Espa\u00f1ol en Miami y ha ofrecido asesor\u00eda creativa en colaboraci\u00f3n con Berklee Valencia y la Asociaci\u00f3n de Supervisores Musicales.\",\"sameAs\":[\"https:\/\/www.equalmedia.mx\/\",\"https:\/\/www.instagram.com\/equal.music\",\"https:\/\/www.linkedin.com\/in\/ulises-sanher\/\",\"https:\/\/www.youtube.com\/@equalmusicworld\"],\"url\":\"https:\/\/www.equalmedia.mx\/site\/author\/admin\/\"}]}<\/script>\n<!-- \/ Yoast SEO plugin. -->","yoast_head_json":{"title":"Equal Media | Hagamos que Suceda","description":"Conectamos el mensaje de tu banda musical con audiencias interesadas en conocerles | Te ayudamos a alcanzar tus objetivos | HAGAMOS QUE SUCEDA","robots":{"index":"index","follow":"follow","max-snippet":"max-snippet:-1","max-image-preview":"max-image-preview:large","max-video-preview":"max-video-preview:-1"},"canonical":"https:\/\/www.equalmedia.mx\/site\/albums\/bime-pro-anuncia-mas-de-40-conciertos-en-bilbao\/","og_locale":"es_ES","og_type":"article","og_title":"Equal Media | Hagamos que Suceda","og_description":"Conectamos el mensaje de tu banda musical con audiencias interesadas en conocerles | Te ayudamos a alcanzar tus objetivos | HAGAMOS QUE SUCEDA","og_url":"https:\/\/www.equalmedia.mx\/site\/albums\/bime-pro-anuncia-mas-de-40-conciertos-en-bilbao\/","og_site_name":"EQUAL MUSIC | Cultura Latina en Movimiento","article_published_time":"2021-09-24T18:04:35+00:00","article_modified_time":"2021-09-24T18:04:37+00:00","og_image":[{"width":1440,"height":1440,"url":"https:\/\/www.equalmedia.mx\/site\/wp-content\/uploads\/2021\/09\/BIME-city.jpeg","type":"image\/jpeg"}],"author":"Equal Media","twitter_card":"summary_large_image","twitter_misc":{"Escrito por":"Equal Media","Tiempo de lectura":"3 minutos"},"schema":{"@context":"https:\/\/schema.org","@graph":[{"@type":"Article","@id":"https:\/\/www.equalmedia.mx\/site\/albums\/bime-pro-anuncia-mas-de-40-conciertos-en-bilbao\/#article","isPartOf":{"@id":"https:\/\/www.equalmedia.mx\/site\/albums\/bime-pro-anuncia-mas-de-40-conciertos-en-bilbao\/"},"author":{"name":"Equal Media","@id":"https:\/\/www.equalmedia.mx\/site\/#\/schema\/person\/41b6e60d650a80262fa6b5189bbb9f20"},"headline":"BIME PRO ANUNCIA M\u00c1S DE 40 CONCIERTOS EN BILBAO","datePublished":"2021-09-24T18:04:35+00:00","dateModified":"2021-09-24T18:04:37+00:00","mainEntityOfPage":{"@id":"https:\/\/www.equalmedia.mx\/site\/albums\/bime-pro-anuncia-mas-de-40-conciertos-en-bilbao\/"},"wordCount":574,"publisher":{"@id":"https:\/\/www.equalmedia.mx\/site\/#organization"},"image":{"@id":"https:\/\/www.equalmedia.mx\/site\/albums\/bime-pro-anuncia-mas-de-40-conciertos-en-bilbao\/#primaryimage"},"thumbnailUrl":"https:\/\/www.equalmedia.mx\/site\/wp-content\/uploads\/2021\/09\/BIME-city.jpeg","keywords":["BIME","festival"],"articleSection":["Albums","Editorial","Festivals","Industria Musical","news"],"inLanguage":"es"},{"@type":"WebPage","@id":"https:\/\/www.equalmedia.mx\/site\/albums\/bime-pro-anuncia-mas-de-40-conciertos-en-bilbao\/","url":"https:\/\/www.equalmedia.mx\/site\/albums\/bime-pro-anuncia-mas-de-40-conciertos-en-bilbao\/","name":"Equal Media | Hagamos que Suceda","isPartOf":{"@id":"https:\/\/www.equalmedia.mx\/site\/#website"},"primaryImageOfPage":{"@id":"https:\/\/www.equalmedia.mx\/site\/albums\/bime-pro-anuncia-mas-de-40-conciertos-en-bilbao\/#primaryimage"},"image":{"@id":"https:\/\/www.equalmedia.mx\/site\/albums\/bime-pro-anuncia-mas-de-40-conciertos-en-bilbao\/#primaryimage"},"thumbnailUrl":"https:\/\/www.equalmedia.mx\/site\/wp-content\/uploads\/2021\/09\/BIME-city.jpeg","datePublished":"2021-09-24T18:04:35+00:00","dateModified":"2021-09-24T18:04:37+00:00","description":"Conectamos el mensaje de tu banda musical con audiencias interesadas en conocerles | Te ayudamos a alcanzar tus objetivos | HAGAMOS QUE SUCEDA","breadcrumb":{"@id":"https:\/\/www.equalmedia.mx\/site\/albums\/bime-pro-anuncia-mas-de-40-conciertos-en-bilbao\/#breadcrumb"},"inLanguage":"es","potentialAction":[{"@type":"ReadAction","target":["https:\/\/www.equalmedia.mx\/site\/albums\/bime-pro-anuncia-mas-de-40-conciertos-en-bilbao\/"]}]},{"@type":"ImageObject","inLanguage":"es","@id":"https:\/\/www.equalmedia.mx\/site\/albums\/bime-pro-anuncia-mas-de-40-conciertos-en-bilbao\/#primaryimage","url":"https:\/\/www.equalmedia.mx\/site\/wp-content\/uploads\/2021\/09\/BIME-city.jpeg","contentUrl":"https:\/\/www.equalmedia.mx\/site\/wp-content\/uploads\/2021\/09\/BIME-city.jpeg","width":1440,"height":1440},{"@type":"BreadcrumbList","@id":"https:\/\/www.equalmedia.mx\/site\/albums\/bime-pro-anuncia-mas-de-40-conciertos-en-bilbao\/#breadcrumb","itemListElement":[{"@type":"ListItem","position":1,"name":"Inicio","item":"https:\/\/www.equalmedia.mx\/site\/"},{"@type":"ListItem","position":2,"name":"BIME PRO ANUNCIA M\u00c1S DE 40 CONCIERTOS EN BILBAO"}]},{"@type":"WebSite","@id":"https:\/\/www.equalmedia.mx\/site\/#website","url":"https:\/\/www.equalmedia.mx\/site\/","name":"EQUAL MUSIC | Cultura Latina en Movimiento","description":"Ritmo en movimiento.","publisher":{"@id":"https:\/\/www.equalmedia.mx\/site\/#organization"},"potentialAction":[{"@type":"SearchAction","target":{"@type":"EntryPoint","urlTemplate":"https:\/\/www.equalmedia.mx\/site\/?s={search_term_string}"},"query-input":{"@type":"PropertyValueSpecification","valueRequired":true,"valueName":"search_term_string"}}],"inLanguage":"es"},{"@type":"Organization","@id":"https:\/\/www.equalmedia.mx\/site\/#organization","name":"EQUAL MUSIC | Cultura Latina en Movimiento","url":"https:\/\/www.equalmedia.mx\/site\/","logo":{"@type":"ImageObject","inLanguage":"es","@id":"https:\/\/www.equalmedia.mx\/site\/#\/schema\/logo\/image\/","url":"https:\/\/www.equalmedia.mx\/site\/wp-content\/uploads\/2021\/07\/logoblanco.png","contentUrl":"https:\/\/www.equalmedia.mx\/site\/wp-content\/uploads\/2021\/07\/logoblanco.png","width":1920,"height":589,"caption":"EQUAL MUSIC | Cultura Latina en Movimiento"},"image":{"@id":"https:\/\/www.equalmedia.mx\/site\/#\/schema\/logo\/image\/"}},{"@type":"Person","@id":"https:\/\/www.equalmedia.mx\/site\/#\/schema\/person\/41b6e60d650a80262fa6b5189bbb9f20","name":"Equal Media","image":{"@type":"ImageObject","inLanguage":"es","@id":"https:\/\/www.equalmedia.mx\/site\/#\/schema\/person\/image\/","url":"https:\/\/secure.gravatar.com\/avatar\/51c3f8f080f557c61349ab37ab35c9f967b3b271510dd8ef0b9b16a3dd5a89e9?s=96&d=mm&r=g","contentUrl":"https:\/\/secure.gravatar.com\/avatar\/51c3f8f080f557c61349ab37ab35c9f967b3b271510dd8ef0b9b16a3dd5a89e9?s=96&d=mm&r=g","caption":"Equal Media"},"description":"Equal Media es una productora y agencia de estrategia cultural transmedia que impulsa la visibilidad de la m\u00fasica y cultura latina a trav\u00e9s de contenidos originales, multiplataforma y con enfoque social. Con operaci\u00f3n desde Estados Unidos, M\u00e9xico y Colombia, Equal Media se ha consolidado como un actor clave en la narrativa documental, la curadur\u00eda musical y la creaci\u00f3n de formatos de alto impacto para audiencias latinas globales. Sus producciones incluyen Equal Music Sessions \u2014con m\u00e1s de 300 artistas programados en LATV Network\u2014, la serie Hunters y el documental 4TRO EL3MENTOS. Sus contenidos son emitidos en prime time en EE.UU. v\u00eda LATV y VOD, alcanzando m\u00e1s de 62 millones de hogares en mercados como Nueva York, Los \u00c1ngeles, Miami y Chicago. Equal Media ha estado presente con cobertura original y branded content en eventos como el Media Hub de los Latin Grammys, LAMC (NY), BIME (Bilbao, Bogot\u00e1), Vive Latino (CDMX), MIM LATAM, CAMM, entre otros hubs de la industria. Aliada de plataformas como Keychange, Femnoise, We Make Noise y la Municipalidad de Quilicura (Chile), Equal Media promueve una industria m\u00e1s equitativa, programando de forma activa proyectos liderados por mujeres, comunidades LGBTQ+ y sectores vulnerables. Bajo la direcci\u00f3n de Ulises Sanher \u2014reconocido por la UNAM y otras instituciones acad\u00e9micas por su labor cultural\u2014, Equal Media ha contribuido a formar nuevas audiencias desde la educaci\u00f3n, el activismo y la creatividad. Sanher ha sido invitado como speaker en foros como Circulart (COL), FIMPRO (MEX), Canadian Music Week (CAN), FME (CAN), SIM S\u00e3o Paulo (BR), MUPA (PAN), Corriente (PER) y Brasil Trends Conference. Tambi\u00e9n ha sido jurado externo de los Premios Rolling Stone en Espa\u00f1ol en Miami y ha ofrecido asesor\u00eda creativa en colaboraci\u00f3n con Berklee Valencia y la Asociaci\u00f3n de Supervisores Musicales.","sameAs":["https:\/\/www.equalmedia.mx\/","https:\/\/www.instagram.com\/equal.music","https:\/\/www.linkedin.com\/in\/ulises-sanher\/","https:\/\/www.youtube.com\/@equalmusicworld"],"url":"https:\/\/www.equalmedia.mx\/site\/author\/admin\/"}]}},"_links":{"self":[{"href":"https:\/\/www.equalmedia.mx\/site\/wp-json\/wp\/v2\/posts\/5321","targetHints":{"allow":["GET"]}}],"collection":[{"href":"https:\/\/www.equalmedia.mx\/site\/wp-json\/wp\/v2\/posts"}],"about":[{"href":"https:\/\/www.equalmedia.mx\/site\/wp-json\/wp\/v2\/types\/post"}],"author":[{"embeddable":true,"href":"https:\/\/www.equalmedia.mx\/site\/wp-json\/wp\/v2\/users\/1"}],"replies":[{"embeddable":true,"href":"https:\/\/www.equalmedia.mx\/site\/wp-json\/wp\/v2\/comments?post=5321"}],"version-history":[{"count":0,"href":"https:\/\/www.equalmedia.mx\/site\/wp-json\/wp\/v2\/posts\/5321\/revisions"}],"wp:featuredmedia":[{"embeddable":true,"href":"https:\/\/www.equalmedia.mx\/site\/wp-json\/wp\/v2\/media\/5324"}],"wp:attachment":[{"href":"https:\/\/www.equalmedia.mx\/site\/wp-json\/wp\/v2\/media?parent=5321"}],"wp:term":[{"taxonomy":"category","embeddable":true,"href":"https:\/\/www.equalmedia.mx\/site\/wp-json\/wp\/v2\/categories?post=5321"},{"taxonomy":"post_tag","embeddable":true,"href":"https:\/\/www.equalmedia.mx\/site\/wp-json\/wp\/v2\/tags?post=5321"}],"curies":[{"name":"wp","href":"https:\/\/api.w.org\/{rel}","templated":true}]}}