{"id":5336,"date":"2021-09-29T20:55:33","date_gmt":"2021-09-29T20:55:33","guid":{"rendered":"https:\/\/www.equalmedia.mx\/site\/?p=5336"},"modified":"2021-09-30T02:25:04","modified_gmt":"2021-09-30T02:25:04","slug":"musicos-y-especialistas-unen-fuerzas-en-el-festival-por-la-transparencia","status":"publish","type":"post","link":"https:\/\/www.equalmedia.mx\/site\/albums\/musicos-y-especialistas-unen-fuerzas-en-el-festival-por-la-transparencia\/","title":{"rendered":"M\u00fasicos y especialistas unen fuerzas en el Festival por la Transparencia"},"content":{"rendered":"\n<p>Cuando pensamos en la corrupci\u00f3n y todas las problem\u00e1ticas que acarrea, es com\u00fan que nuestros pensamientos se anclen inmediata y casi exclusivamente en el \u00e1mbito gubernamental, la administraci\u00f3n p\u00fablica. Pero lo cierto es que este mal se extiende en otras esferas de la vida social y, desafortunadamente, las ONGs no son la excepci\u00f3n.&nbsp;<\/p>\n\n\n\n<p>Consciente de esta situaci\u00f3n, la arquitecta chilena Ver\u00f3nica Celis se dio a la tarea de dise\u00f1ar un sistema que permite seguir el rumbo de las donaciones a nivel global:&nbsp;<strong>EnlightAID<\/strong>. El principal objetivo de esta star-up: realizar reportes p\u00fablicos, en tiempo real, durante la recaudaci\u00f3n de fondos y ejecuci\u00f3n de proyectos sociales y ambientales, con el fin de combatir la corrupci\u00f3n. Lo anterior debido a que \u201cen 2012 la ONU public\u00f3 que el 30% de lo que se dona a nivel global se perd\u00eda en la corrupci\u00f3n, un hecho que resulta realmente escabroso\u201d, comparte la CEO y fundadora de&nbsp;<strong>EnlightAID<\/strong>.<\/p>\n\n\n\n<p><\/p>\n\n\n\n<div class=\"wp-block-image is-style-rounded\"><figure class=\"aligncenter size-large\"><img fetchpriority=\"high\" decoding=\"async\" width=\"683\" height=\"1024\" src=\"https:\/\/www.equalmedia.mx\/site\/wp-content\/uploads\/2021\/09\/Vero\u0301nicaCelis-683x1024.jpg\" alt=\"\" class=\"wp-image-5337\" srcset=\"https:\/\/www.equalmedia.mx\/site\/wp-content\/uploads\/2021\/09\/Vero\u0301nicaCelis-683x1024.jpg 683w, https:\/\/www.equalmedia.mx\/site\/wp-content\/uploads\/2021\/09\/Vero\u0301nicaCelis-scaled-300x450.jpg 300w, https:\/\/www.equalmedia.mx\/site\/wp-content\/uploads\/2021\/09\/Vero\u0301nicaCelis-scaled-600x899.jpg 600w, https:\/\/www.equalmedia.mx\/site\/wp-content\/uploads\/2021\/09\/Vero\u0301nicaCelis-200x300.jpg 200w, https:\/\/www.equalmedia.mx\/site\/wp-content\/uploads\/2021\/09\/Vero\u0301nicaCelis-768x1151.jpg 768w, https:\/\/www.equalmedia.mx\/site\/wp-content\/uploads\/2021\/09\/Vero\u0301nicaCelis-1025x1536.jpg 1025w, https:\/\/www.equalmedia.mx\/site\/wp-content\/uploads\/2021\/09\/Vero\u0301nicaCelis-1367x2048.jpg 1367w, https:\/\/www.equalmedia.mx\/site\/wp-content\/uploads\/2021\/09\/Vero\u0301nicaCelis-scaled.jpg 1708w\" sizes=\"(max-width: 683px) 100vw, 683px\" \/><figcaption>Ver\u00f3nica C\u00e9lis, Co Fundadora EnlightAid<\/figcaption><\/figure><\/div>\n\n\n\n<p><\/p>\n\n\n\n<p>A ra\u00edz de esta iniciativa, Ver\u00f3nica Celis fue destacada en la lista de Innovadores Menores de 35 Latinoam\u00e9rica 2020, que realiza anualmente el MIT Technology Review en espa\u00f1ol del Massachusetts Institute of Technology. Muchas organizaciones se han sumado ya a&nbsp;<strong>EnlightAID<\/strong>, pero un problema tan complejo y extendido&nbsp;&nbsp;como la corrupci\u00f3n requiere de la mayor visibilidad posible para que su combate avance cada vez m\u00e1s r\u00e1pido y con mejores resultados.&nbsp;<\/p>\n\n\n\n<p>Es por eso que&nbsp;<strong>EnlightAID<\/strong>&nbsp;alzar\u00e1 a\u00fan m\u00e1s su voz el pr\u00f3ximo&nbsp;<strong>9 de octubre<\/strong>&nbsp;a trav\u00e9s del&nbsp;<strong>Festival por la Transparencia<\/strong>. Para su primera edici\u00f3n, a realizarse de manera virtual, el&nbsp;<strong>Festival por la Transparencia<\/strong>&nbsp;abrir\u00e1 el debate sobre la corrupci\u00f3n en los procesos de donaci\u00f3n uniendo a ponentes entre los que se incluyen cineastas, polit\u00f3logos, activistas, emprendedores y periodistas, adem\u00e1s de proyectos musicales que han brillado por su compromiso social.&nbsp;<\/p>\n\n\n\n<p><\/p>\n\n\n\n<figure class=\"wp-block-video\"><video controls src=\"https:\/\/www.equalmedia.mx\/site\/wp-content\/uploads\/2021\/09\/Teaser-1min.mp4\"><\/video><\/figure>\n\n\n\n<p>Con la presencia musical de <strong>Ana Tijoux, Dr. Kr\u00e1pula, Outernational, Sol Pereyra, y Paz Quintana<\/strong>, el&nbsp;<strong>Festival por la Transparencia<\/strong>&nbsp;no se limitar\u00e1 a ser un espacio de discusi\u00f3n, sino que apuesta por m\u00e1s: ser un foro del que se deriven soluciones y a trav\u00e9s del cual el p\u00fablico reafirme que la mejor herramienta para combatir la corrupci\u00f3n es, justamente, la transparencia.&nbsp;<\/p>\n\n\n\n<div class=\"wp-block-image\"><figure class=\"aligncenter size-large\"><img decoding=\"async\" width=\"763\" height=\"1024\" data-src=\"https:\/\/www.equalmedia.mx\/site\/wp-content\/uploads\/2021\/09\/poster-01-1-763x1024.jpg\" alt=\"\" class=\"wp-image-5348 lazyload\" data-srcset=\"https:\/\/www.equalmedia.mx\/site\/wp-content\/uploads\/2021\/09\/poster-01-1-763x1024.jpg 763w, https:\/\/www.equalmedia.mx\/site\/wp-content\/uploads\/2021\/09\/poster-01-1-scaled-300x403.jpg 300w, https:\/\/www.equalmedia.mx\/site\/wp-content\/uploads\/2021\/09\/poster-01-1-scaled-600x805.jpg 600w, https:\/\/www.equalmedia.mx\/site\/wp-content\/uploads\/2021\/09\/poster-01-1-224x300.jpg 224w, https:\/\/www.equalmedia.mx\/site\/wp-content\/uploads\/2021\/09\/poster-01-1-768x1030.jpg 768w, https:\/\/www.equalmedia.mx\/site\/wp-content\/uploads\/2021\/09\/poster-01-1-1145x1536.jpg 1145w, https:\/\/www.equalmedia.mx\/site\/wp-content\/uploads\/2021\/09\/poster-01-1-1527x2048.jpg 1527w, https:\/\/www.equalmedia.mx\/site\/wp-content\/uploads\/2021\/09\/poster-01-1-scaled.jpg 1908w\" data-sizes=\"(max-width: 763px) 100vw, 763px\" src=\"data:image\/svg+xml;base64,PHN2ZyB3aWR0aD0iMSIgaGVpZ2h0PSIxIiB4bWxucz0iaHR0cDovL3d3dy53My5vcmcvMjAwMC9zdmciPjwvc3ZnPg==\" style=\"--smush-placeholder-width: 763px; --smush-placeholder-aspect-ratio: 763\/1024;\" \/><figcaption><em>Festival por la Transparencia <\/em><\/figcaption><\/figure><\/div>\n\n\n\n<p>Las presentaciones musicales alternar\u00e1n durante cerca de dos horas con la participaci\u00f3n de ponentes expertos en su \u00e1rea y dedicados a las labores sociales que, sin las donaciones, no ser\u00edan posibles: Ainara Aparici, de la Fundaci\u00f3n Kumel\u00e9n; Ana Arriagada y Roberto Bruna, de El Soberano; Karin Bacic, de Wayra; Carlos Castillo, polit\u00f3logo experto en temas de igualdad de g\u00e9nero y educaci\u00f3n; John Elkington, escritor best-seller y emprendedor; Imogen Heap, pionera en las creaciones m\u00fasico-tecnol\u00f3gicas; Francisca Labb\u00e9 Buitano, de Fundaci\u00f3n Incl\u00fayeme; Luisa Ortiz \u200bP\u00e9rez, de vita-activa.org; el actor y activista Roberto Manrique y la propia fundadora de&nbsp;<strong>EnlightAID<\/strong>, Ver\u00f3nica Celis.&nbsp;<\/p>\n\n\n\n<p>El&nbsp;<strong>Festival por la Transparencia<\/strong>&nbsp;tendr\u00e1 lugar el pr\u00f3ximo&nbsp;<strong>9 de octubre<\/strong>&nbsp;de manera virtual y ser\u00e1 de acceso gratuito. Para formar parte de su primera edici\u00f3n, es necesario un registrarse en el sitio web &nbsp;<em>www.enlightaid.org<\/em>  Durante este encuentro, adem\u00e1s de abordar la importancia de la sustentabilidad y la transparencia, se celebrar\u00e1 el impacto positivo que se logra cuando diversas fuerzas se unen por el bienestar com\u00fan. \u00a1Los invitamos a sumarse!<\/p>\n\n\n\n<p>Equal Music 2021<\/p>\n","protected":false},"excerpt":{"rendered":"<p>Cuando pensamos en la corrupci\u00f3n y todas las problem\u00e1ticas que acarrea, es com\u00fan que nuestros pensamientos se anclen inmediata y casi exclusivamente en el \u00e1mbito gubernamental, la administraci\u00f3n p\u00fablica. Pero lo cierto es que este mal se extiende en otras esferas de la vida social y, desafortunadamente, las ONGs no son la excepci\u00f3n.&nbsp; Consciente de [&hellip;]<\/p>\n","protected":false},"author":1,"featured_media":5347,"comment_status":"closed","ping_status":"closed","sticky":false,"template":"","format":"standard","meta":{"footnotes":""},"categories":[16,17,18,19,20,100],"tags":[],"class_list":["post-5336","post","type-post","status-publish","format-standard","has-post-thumbnail","hentry","category-albums","category-concertos","category-events","category-festivals","category-musica","category-news"],"yoast_head":"<!-- This site is optimized with the Yoast SEO plugin v26.6 - https:\/\/yoast.com\/wordpress\/plugins\/seo\/ -->\n<title>Equal Media | Hagamos que Suceda<\/title>\n<meta name=\"description\" content=\"Conectamos el mensaje de tu banda musical con audiencias interesadas en conocerles | Te ayudamos a alcanzar tus objetivos | HAGAMOS QUE SUCEDA\" \/>\n<meta name=\"robots\" content=\"index, follow, max-snippet:-1, max-image-preview:large, max-video-preview:-1\" \/>\n<link rel=\"canonical\" href=\"https:\/\/www.equalmedia.mx\/site\/albums\/musicos-y-especialistas-unen-fuerzas-en-el-festival-por-la-transparencia\/\" \/>\n<meta property=\"og:locale\" content=\"es_ES\" \/>\n<meta property=\"og:type\" content=\"article\" \/>\n<meta property=\"og:title\" content=\"Equal Media | Hagamos que Suceda\" \/>\n<meta property=\"og:description\" content=\"Conectamos el mensaje de tu banda musical con audiencias interesadas en conocerles | Te ayudamos a alcanzar tus objetivos | HAGAMOS QUE SUCEDA\" \/>\n<meta property=\"og:url\" content=\"https:\/\/www.equalmedia.mx\/site\/albums\/musicos-y-especialistas-unen-fuerzas-en-el-festival-por-la-transparencia\/\" \/>\n<meta property=\"og:site_name\" content=\"EQUAL MUSIC | Cultura Latina en Movimiento\" \/>\n<meta property=\"article:published_time\" content=\"2021-09-29T20:55:33+00:00\" \/>\n<meta property=\"article:modified_time\" content=\"2021-09-30T02:25:04+00:00\" \/>\n<meta property=\"og:image\" content=\"https:\/\/www.equalmedia.mx\/site\/wp-content\/uploads\/2021\/09\/post-01.jpg\" \/>\n\t<meta property=\"og:image:width\" content=\"2500\" \/>\n\t<meta property=\"og:image:height\" content=\"2500\" \/>\n\t<meta property=\"og:image:type\" content=\"image\/jpeg\" \/>\n<meta name=\"author\" content=\"Equal Media\" \/>\n<meta name=\"twitter:card\" content=\"summary_large_image\" \/>\n<meta name=\"twitter:label1\" content=\"Escrito por\" \/>\n\t<meta name=\"twitter:data1\" content=\"Equal Media\" \/>\n\t<meta name=\"twitter:label2\" content=\"Tiempo de lectura\" \/>\n\t<meta name=\"twitter:data2\" content=\"3 minutos\" \/>\n<script type=\"application\/ld+json\" class=\"yoast-schema-graph\">{\"@context\":\"https:\/\/schema.org\",\"@graph\":[{\"@type\":\"Article\",\"@id\":\"https:\/\/www.equalmedia.mx\/site\/albums\/musicos-y-especialistas-unen-fuerzas-en-el-festival-por-la-transparencia\/#article\",\"isPartOf\":{\"@id\":\"https:\/\/www.equalmedia.mx\/site\/albums\/musicos-y-especialistas-unen-fuerzas-en-el-festival-por-la-transparencia\/\"},\"author\":{\"name\":\"Equal Media\",\"@id\":\"https:\/\/www.equalmedia.mx\/site\/#\/schema\/person\/41b6e60d650a80262fa6b5189bbb9f20\"},\"headline\":\"M\u00fasicos y especialistas unen fuerzas en el Festival por la Transparencia\",\"datePublished\":\"2021-09-29T20:55:33+00:00\",\"dateModified\":\"2021-09-30T02:25:04+00:00\",\"mainEntityOfPage\":{\"@id\":\"https:\/\/www.equalmedia.mx\/site\/albums\/musicos-y-especialistas-unen-fuerzas-en-el-festival-por-la-transparencia\/\"},\"wordCount\":629,\"publisher\":{\"@id\":\"https:\/\/www.equalmedia.mx\/site\/#organization\"},\"image\":{\"@id\":\"https:\/\/www.equalmedia.mx\/site\/albums\/musicos-y-especialistas-unen-fuerzas-en-el-festival-por-la-transparencia\/#primaryimage\"},\"thumbnailUrl\":\"https:\/\/www.equalmedia.mx\/site\/wp-content\/uploads\/2021\/09\/post-01.jpg\",\"articleSection\":[\"Albums\",\"Conciertos\",\"Events\",\"Festivals\",\"Musica\",\"news\"],\"inLanguage\":\"es\"},{\"@type\":\"WebPage\",\"@id\":\"https:\/\/www.equalmedia.mx\/site\/albums\/musicos-y-especialistas-unen-fuerzas-en-el-festival-por-la-transparencia\/\",\"url\":\"https:\/\/www.equalmedia.mx\/site\/albums\/musicos-y-especialistas-unen-fuerzas-en-el-festival-por-la-transparencia\/\",\"name\":\"Equal Media | Hagamos que Suceda\",\"isPartOf\":{\"@id\":\"https:\/\/www.equalmedia.mx\/site\/#website\"},\"primaryImageOfPage\":{\"@id\":\"https:\/\/www.equalmedia.mx\/site\/albums\/musicos-y-especialistas-unen-fuerzas-en-el-festival-por-la-transparencia\/#primaryimage\"},\"image\":{\"@id\":\"https:\/\/www.equalmedia.mx\/site\/albums\/musicos-y-especialistas-unen-fuerzas-en-el-festival-por-la-transparencia\/#primaryimage\"},\"thumbnailUrl\":\"https:\/\/www.equalmedia.mx\/site\/wp-content\/uploads\/2021\/09\/post-01.jpg\",\"datePublished\":\"2021-09-29T20:55:33+00:00\",\"dateModified\":\"2021-09-30T02:25:04+00:00\",\"description\":\"Conectamos el mensaje de tu banda musical con audiencias interesadas en conocerles | Te ayudamos a alcanzar tus objetivos | HAGAMOS QUE SUCEDA\",\"breadcrumb\":{\"@id\":\"https:\/\/www.equalmedia.mx\/site\/albums\/musicos-y-especialistas-unen-fuerzas-en-el-festival-por-la-transparencia\/#breadcrumb\"},\"inLanguage\":\"es\",\"potentialAction\":[{\"@type\":\"ReadAction\",\"target\":[\"https:\/\/www.equalmedia.mx\/site\/albums\/musicos-y-especialistas-unen-fuerzas-en-el-festival-por-la-transparencia\/\"]}]},{\"@type\":\"ImageObject\",\"inLanguage\":\"es\",\"@id\":\"https:\/\/www.equalmedia.mx\/site\/albums\/musicos-y-especialistas-unen-fuerzas-en-el-festival-por-la-transparencia\/#primaryimage\",\"url\":\"https:\/\/www.equalmedia.mx\/site\/wp-content\/uploads\/2021\/09\/post-01.jpg\",\"contentUrl\":\"https:\/\/www.equalmedia.mx\/site\/wp-content\/uploads\/2021\/09\/post-01.jpg\",\"width\":2500,\"height\":2500},{\"@type\":\"BreadcrumbList\",\"@id\":\"https:\/\/www.equalmedia.mx\/site\/albums\/musicos-y-especialistas-unen-fuerzas-en-el-festival-por-la-transparencia\/#breadcrumb\",\"itemListElement\":[{\"@type\":\"ListItem\",\"position\":1,\"name\":\"Inicio\",\"item\":\"https:\/\/www.equalmedia.mx\/site\/\"},{\"@type\":\"ListItem\",\"position\":2,\"name\":\"M\u00fasicos y especialistas unen fuerzas en el Festival por la Transparencia\"}]},{\"@type\":\"WebSite\",\"@id\":\"https:\/\/www.equalmedia.mx\/site\/#website\",\"url\":\"https:\/\/www.equalmedia.mx\/site\/\",\"name\":\"EQUAL MUSIC | Cultura Latina en Movimiento\",\"description\":\"Ritmo en movimiento.\",\"publisher\":{\"@id\":\"https:\/\/www.equalmedia.mx\/site\/#organization\"},\"potentialAction\":[{\"@type\":\"SearchAction\",\"target\":{\"@type\":\"EntryPoint\",\"urlTemplate\":\"https:\/\/www.equalmedia.mx\/site\/?s={search_term_string}\"},\"query-input\":{\"@type\":\"PropertyValueSpecification\",\"valueRequired\":true,\"valueName\":\"search_term_string\"}}],\"inLanguage\":\"es\"},{\"@type\":\"Organization\",\"@id\":\"https:\/\/www.equalmedia.mx\/site\/#organization\",\"name\":\"EQUAL MUSIC | Cultura Latina en Movimiento\",\"url\":\"https:\/\/www.equalmedia.mx\/site\/\",\"logo\":{\"@type\":\"ImageObject\",\"inLanguage\":\"es\",\"@id\":\"https:\/\/www.equalmedia.mx\/site\/#\/schema\/logo\/image\/\",\"url\":\"https:\/\/www.equalmedia.mx\/site\/wp-content\/uploads\/2021\/07\/logoblanco.png\",\"contentUrl\":\"https:\/\/www.equalmedia.mx\/site\/wp-content\/uploads\/2021\/07\/logoblanco.png\",\"width\":1920,\"height\":589,\"caption\":\"EQUAL MUSIC | Cultura Latina en Movimiento\"},\"image\":{\"@id\":\"https:\/\/www.equalmedia.mx\/site\/#\/schema\/logo\/image\/\"}},{\"@type\":\"Person\",\"@id\":\"https:\/\/www.equalmedia.mx\/site\/#\/schema\/person\/41b6e60d650a80262fa6b5189bbb9f20\",\"name\":\"Equal Media\",\"image\":{\"@type\":\"ImageObject\",\"inLanguage\":\"es\",\"@id\":\"https:\/\/www.equalmedia.mx\/site\/#\/schema\/person\/image\/\",\"url\":\"https:\/\/secure.gravatar.com\/avatar\/51c3f8f080f557c61349ab37ab35c9f967b3b271510dd8ef0b9b16a3dd5a89e9?s=96&d=mm&r=g\",\"contentUrl\":\"https:\/\/secure.gravatar.com\/avatar\/51c3f8f080f557c61349ab37ab35c9f967b3b271510dd8ef0b9b16a3dd5a89e9?s=96&d=mm&r=g\",\"caption\":\"Equal Media\"},\"description\":\"Equal Media es una productora y agencia de estrategia cultural transmedia que impulsa la visibilidad de la m\u00fasica y cultura latina a trav\u00e9s de contenidos originales, multiplataforma y con enfoque social. Con operaci\u00f3n desde Estados Unidos, M\u00e9xico y Colombia, Equal Media se ha consolidado como un actor clave en la narrativa documental, la curadur\u00eda musical y la creaci\u00f3n de formatos de alto impacto para audiencias latinas globales. Sus producciones incluyen Equal Music Sessions \u2014con m\u00e1s de 300 artistas programados en LATV Network\u2014, la serie Hunters y el documental 4TRO EL3MENTOS. Sus contenidos son emitidos en prime time en EE.UU. v\u00eda LATV y VOD, alcanzando m\u00e1s de 62 millones de hogares en mercados como Nueva York, Los \u00c1ngeles, Miami y Chicago. Equal Media ha estado presente con cobertura original y branded content en eventos como el Media Hub de los Latin Grammys, LAMC (NY), BIME (Bilbao, Bogot\u00e1), Vive Latino (CDMX), MIM LATAM, CAMM, entre otros hubs de la industria. Aliada de plataformas como Keychange, Femnoise, We Make Noise y la Municipalidad de Quilicura (Chile), Equal Media promueve una industria m\u00e1s equitativa, programando de forma activa proyectos liderados por mujeres, comunidades LGBTQ+ y sectores vulnerables. Bajo la direcci\u00f3n de Ulises Sanher \u2014reconocido por la UNAM y otras instituciones acad\u00e9micas por su labor cultural\u2014, Equal Media ha contribuido a formar nuevas audiencias desde la educaci\u00f3n, el activismo y la creatividad. Sanher ha sido invitado como speaker en foros como Circulart (COL), FIMPRO (MEX), Canadian Music Week (CAN), FME (CAN), SIM S\u00e3o Paulo (BR), MUPA (PAN), Corriente (PER) y Brasil Trends Conference. Tambi\u00e9n ha sido jurado externo de los Premios Rolling Stone en Espa\u00f1ol en Miami y ha ofrecido asesor\u00eda creativa en colaboraci\u00f3n con Berklee Valencia y la Asociaci\u00f3n de Supervisores Musicales.\",\"sameAs\":[\"https:\/\/www.equalmedia.mx\/\",\"https:\/\/www.instagram.com\/equal.music\",\"https:\/\/www.linkedin.com\/in\/ulises-sanher\/\",\"https:\/\/www.youtube.com\/@equalmusicworld\"],\"url\":\"https:\/\/www.equalmedia.mx\/site\/author\/admin\/\"}]}<\/script>\n<!-- \/ Yoast SEO plugin. -->","yoast_head_json":{"title":"Equal Media | Hagamos que Suceda","description":"Conectamos el mensaje de tu banda musical con audiencias interesadas en conocerles | Te ayudamos a alcanzar tus objetivos | HAGAMOS QUE SUCEDA","robots":{"index":"index","follow":"follow","max-snippet":"max-snippet:-1","max-image-preview":"max-image-preview:large","max-video-preview":"max-video-preview:-1"},"canonical":"https:\/\/www.equalmedia.mx\/site\/albums\/musicos-y-especialistas-unen-fuerzas-en-el-festival-por-la-transparencia\/","og_locale":"es_ES","og_type":"article","og_title":"Equal Media | Hagamos que Suceda","og_description":"Conectamos el mensaje de tu banda musical con audiencias interesadas en conocerles | Te ayudamos a alcanzar tus objetivos | HAGAMOS QUE SUCEDA","og_url":"https:\/\/www.equalmedia.mx\/site\/albums\/musicos-y-especialistas-unen-fuerzas-en-el-festival-por-la-transparencia\/","og_site_name":"EQUAL MUSIC | Cultura Latina en Movimiento","article_published_time":"2021-09-29T20:55:33+00:00","article_modified_time":"2021-09-30T02:25:04+00:00","og_image":[{"width":2500,"height":2500,"url":"https:\/\/www.equalmedia.mx\/site\/wp-content\/uploads\/2021\/09\/post-01.jpg","type":"image\/jpeg"}],"author":"Equal Media","twitter_card":"summary_large_image","twitter_misc":{"Escrito por":"Equal Media","Tiempo de lectura":"3 minutos"},"schema":{"@context":"https:\/\/schema.org","@graph":[{"@type":"Article","@id":"https:\/\/www.equalmedia.mx\/site\/albums\/musicos-y-especialistas-unen-fuerzas-en-el-festival-por-la-transparencia\/#article","isPartOf":{"@id":"https:\/\/www.equalmedia.mx\/site\/albums\/musicos-y-especialistas-unen-fuerzas-en-el-festival-por-la-transparencia\/"},"author":{"name":"Equal Media","@id":"https:\/\/www.equalmedia.mx\/site\/#\/schema\/person\/41b6e60d650a80262fa6b5189bbb9f20"},"headline":"M\u00fasicos y especialistas unen fuerzas en el Festival por la Transparencia","datePublished":"2021-09-29T20:55:33+00:00","dateModified":"2021-09-30T02:25:04+00:00","mainEntityOfPage":{"@id":"https:\/\/www.equalmedia.mx\/site\/albums\/musicos-y-especialistas-unen-fuerzas-en-el-festival-por-la-transparencia\/"},"wordCount":629,"publisher":{"@id":"https:\/\/www.equalmedia.mx\/site\/#organization"},"image":{"@id":"https:\/\/www.equalmedia.mx\/site\/albums\/musicos-y-especialistas-unen-fuerzas-en-el-festival-por-la-transparencia\/#primaryimage"},"thumbnailUrl":"https:\/\/www.equalmedia.mx\/site\/wp-content\/uploads\/2021\/09\/post-01.jpg","articleSection":["Albums","Conciertos","Events","Festivals","Musica","news"],"inLanguage":"es"},{"@type":"WebPage","@id":"https:\/\/www.equalmedia.mx\/site\/albums\/musicos-y-especialistas-unen-fuerzas-en-el-festival-por-la-transparencia\/","url":"https:\/\/www.equalmedia.mx\/site\/albums\/musicos-y-especialistas-unen-fuerzas-en-el-festival-por-la-transparencia\/","name":"Equal Media | Hagamos que Suceda","isPartOf":{"@id":"https:\/\/www.equalmedia.mx\/site\/#website"},"primaryImageOfPage":{"@id":"https:\/\/www.equalmedia.mx\/site\/albums\/musicos-y-especialistas-unen-fuerzas-en-el-festival-por-la-transparencia\/#primaryimage"},"image":{"@id":"https:\/\/www.equalmedia.mx\/site\/albums\/musicos-y-especialistas-unen-fuerzas-en-el-festival-por-la-transparencia\/#primaryimage"},"thumbnailUrl":"https:\/\/www.equalmedia.mx\/site\/wp-content\/uploads\/2021\/09\/post-01.jpg","datePublished":"2021-09-29T20:55:33+00:00","dateModified":"2021-09-30T02:25:04+00:00","description":"Conectamos el mensaje de tu banda musical con audiencias interesadas en conocerles | Te ayudamos a alcanzar tus objetivos | HAGAMOS QUE SUCEDA","breadcrumb":{"@id":"https:\/\/www.equalmedia.mx\/site\/albums\/musicos-y-especialistas-unen-fuerzas-en-el-festival-por-la-transparencia\/#breadcrumb"},"inLanguage":"es","potentialAction":[{"@type":"ReadAction","target":["https:\/\/www.equalmedia.mx\/site\/albums\/musicos-y-especialistas-unen-fuerzas-en-el-festival-por-la-transparencia\/"]}]},{"@type":"ImageObject","inLanguage":"es","@id":"https:\/\/www.equalmedia.mx\/site\/albums\/musicos-y-especialistas-unen-fuerzas-en-el-festival-por-la-transparencia\/#primaryimage","url":"https:\/\/www.equalmedia.mx\/site\/wp-content\/uploads\/2021\/09\/post-01.jpg","contentUrl":"https:\/\/www.equalmedia.mx\/site\/wp-content\/uploads\/2021\/09\/post-01.jpg","width":2500,"height":2500},{"@type":"BreadcrumbList","@id":"https:\/\/www.equalmedia.mx\/site\/albums\/musicos-y-especialistas-unen-fuerzas-en-el-festival-por-la-transparencia\/#breadcrumb","itemListElement":[{"@type":"ListItem","position":1,"name":"Inicio","item":"https:\/\/www.equalmedia.mx\/site\/"},{"@type":"ListItem","position":2,"name":"M\u00fasicos y especialistas unen fuerzas en el Festival por la Transparencia"}]},{"@type":"WebSite","@id":"https:\/\/www.equalmedia.mx\/site\/#website","url":"https:\/\/www.equalmedia.mx\/site\/","name":"EQUAL MUSIC | Cultura Latina en Movimiento","description":"Ritmo en movimiento.","publisher":{"@id":"https:\/\/www.equalmedia.mx\/site\/#organization"},"potentialAction":[{"@type":"SearchAction","target":{"@type":"EntryPoint","urlTemplate":"https:\/\/www.equalmedia.mx\/site\/?s={search_term_string}"},"query-input":{"@type":"PropertyValueSpecification","valueRequired":true,"valueName":"search_term_string"}}],"inLanguage":"es"},{"@type":"Organization","@id":"https:\/\/www.equalmedia.mx\/site\/#organization","name":"EQUAL MUSIC | Cultura Latina en Movimiento","url":"https:\/\/www.equalmedia.mx\/site\/","logo":{"@type":"ImageObject","inLanguage":"es","@id":"https:\/\/www.equalmedia.mx\/site\/#\/schema\/logo\/image\/","url":"https:\/\/www.equalmedia.mx\/site\/wp-content\/uploads\/2021\/07\/logoblanco.png","contentUrl":"https:\/\/www.equalmedia.mx\/site\/wp-content\/uploads\/2021\/07\/logoblanco.png","width":1920,"height":589,"caption":"EQUAL MUSIC | Cultura Latina en Movimiento"},"image":{"@id":"https:\/\/www.equalmedia.mx\/site\/#\/schema\/logo\/image\/"}},{"@type":"Person","@id":"https:\/\/www.equalmedia.mx\/site\/#\/schema\/person\/41b6e60d650a80262fa6b5189bbb9f20","name":"Equal Media","image":{"@type":"ImageObject","inLanguage":"es","@id":"https:\/\/www.equalmedia.mx\/site\/#\/schema\/person\/image\/","url":"https:\/\/secure.gravatar.com\/avatar\/51c3f8f080f557c61349ab37ab35c9f967b3b271510dd8ef0b9b16a3dd5a89e9?s=96&d=mm&r=g","contentUrl":"https:\/\/secure.gravatar.com\/avatar\/51c3f8f080f557c61349ab37ab35c9f967b3b271510dd8ef0b9b16a3dd5a89e9?s=96&d=mm&r=g","caption":"Equal Media"},"description":"Equal Media es una productora y agencia de estrategia cultural transmedia que impulsa la visibilidad de la m\u00fasica y cultura latina a trav\u00e9s de contenidos originales, multiplataforma y con enfoque social. Con operaci\u00f3n desde Estados Unidos, M\u00e9xico y Colombia, Equal Media se ha consolidado como un actor clave en la narrativa documental, la curadur\u00eda musical y la creaci\u00f3n de formatos de alto impacto para audiencias latinas globales. Sus producciones incluyen Equal Music Sessions \u2014con m\u00e1s de 300 artistas programados en LATV Network\u2014, la serie Hunters y el documental 4TRO EL3MENTOS. Sus contenidos son emitidos en prime time en EE.UU. v\u00eda LATV y VOD, alcanzando m\u00e1s de 62 millones de hogares en mercados como Nueva York, Los \u00c1ngeles, Miami y Chicago. Equal Media ha estado presente con cobertura original y branded content en eventos como el Media Hub de los Latin Grammys, LAMC (NY), BIME (Bilbao, Bogot\u00e1), Vive Latino (CDMX), MIM LATAM, CAMM, entre otros hubs de la industria. Aliada de plataformas como Keychange, Femnoise, We Make Noise y la Municipalidad de Quilicura (Chile), Equal Media promueve una industria m\u00e1s equitativa, programando de forma activa proyectos liderados por mujeres, comunidades LGBTQ+ y sectores vulnerables. Bajo la direcci\u00f3n de Ulises Sanher \u2014reconocido por la UNAM y otras instituciones acad\u00e9micas por su labor cultural\u2014, Equal Media ha contribuido a formar nuevas audiencias desde la educaci\u00f3n, el activismo y la creatividad. Sanher ha sido invitado como speaker en foros como Circulart (COL), FIMPRO (MEX), Canadian Music Week (CAN), FME (CAN), SIM S\u00e3o Paulo (BR), MUPA (PAN), Corriente (PER) y Brasil Trends Conference. Tambi\u00e9n ha sido jurado externo de los Premios Rolling Stone en Espa\u00f1ol en Miami y ha ofrecido asesor\u00eda creativa en colaboraci\u00f3n con Berklee Valencia y la Asociaci\u00f3n de Supervisores Musicales.","sameAs":["https:\/\/www.equalmedia.mx\/","https:\/\/www.instagram.com\/equal.music","https:\/\/www.linkedin.com\/in\/ulises-sanher\/","https:\/\/www.youtube.com\/@equalmusicworld"],"url":"https:\/\/www.equalmedia.mx\/site\/author\/admin\/"}]}},"_links":{"self":[{"href":"https:\/\/www.equalmedia.mx\/site\/wp-json\/wp\/v2\/posts\/5336","targetHints":{"allow":["GET"]}}],"collection":[{"href":"https:\/\/www.equalmedia.mx\/site\/wp-json\/wp\/v2\/posts"}],"about":[{"href":"https:\/\/www.equalmedia.mx\/site\/wp-json\/wp\/v2\/types\/post"}],"author":[{"embeddable":true,"href":"https:\/\/www.equalmedia.mx\/site\/wp-json\/wp\/v2\/users\/1"}],"replies":[{"embeddable":true,"href":"https:\/\/www.equalmedia.mx\/site\/wp-json\/wp\/v2\/comments?post=5336"}],"version-history":[{"count":0,"href":"https:\/\/www.equalmedia.mx\/site\/wp-json\/wp\/v2\/posts\/5336\/revisions"}],"wp:featuredmedia":[{"embeddable":true,"href":"https:\/\/www.equalmedia.mx\/site\/wp-json\/wp\/v2\/media\/5347"}],"wp:attachment":[{"href":"https:\/\/www.equalmedia.mx\/site\/wp-json\/wp\/v2\/media?parent=5336"}],"wp:term":[{"taxonomy":"category","embeddable":true,"href":"https:\/\/www.equalmedia.mx\/site\/wp-json\/wp\/v2\/categories?post=5336"},{"taxonomy":"post_tag","embeddable":true,"href":"https:\/\/www.equalmedia.mx\/site\/wp-json\/wp\/v2\/tags?post=5336"}],"curies":[{"name":"wp","href":"https:\/\/api.w.org\/{rel}","templated":true}]}}