{"id":6248,"date":"2022-07-21T18:04:28","date_gmt":"2022-07-21T18:04:28","guid":{"rendered":"https:\/\/www.equalmedia.mx\/site\/?p=6248"},"modified":"2022-07-21T18:04:29","modified_gmt":"2022-07-21T18:04:29","slug":"bime-anuncia-la-celebracion-de-su10o-aniversario-en-bilbao","status":"publish","type":"post","link":"https:\/\/www.equalmedia.mx\/site\/mercados\/bime-anuncia-la-celebracion-de-su10o-aniversario-en-bilbao\/","title":{"rendered":"BIME ANUNCIA LA CELEBRACI\u00d3N DE SU<br>10o ANIVERSARIO EN BILBAO"},"content":{"rendered":"\n<p>Por: Equal Music<\/p>\n\n\n\n<p class=\"has-text-align-center\"><strong>El gran encuentro internacional de la industria musical celebrar\u00e1 su 10o aniversario en<br>Bilbao del 26 al 29 de octubre.<br>Las y los primeros 22 artistas y 22 ponentes ya han confirmado su participaci\u00f3n<br>representando a Estados Unidos, Colombia, Alemania, Chile, Francia, Argentina,<br>Polonia, M\u00e9xico, Austria y Espa\u00f1a.<br>Ya se pueden adquirir las entradas para asistir al encuentro profesional en la web<br>bime.net<\/strong><\/p>\n\n\n\n<p><strong>10 A\u00d1OS IMPULSANDO LA INDUSTRIA MUSICAL<\/strong><\/p>\n\n\n\n<p><br>Tras el \u00e9xito de su primera edici\u00f3n en Bogot\u00e1 el pasado mes de mayo, el gran encuentro<br>internacional de la industria musical, BIME, celebrar\u00e1 su 10o aniversario del 26 al 29 de octubre<br>en Bilbao. Desde su nacimiento en 2013, este congreso re\u00fane a profesionales de todas partes del<br>mundo en la capital vizca\u00edna; convirtiendo a la ciudad en el epicentro de la innovaci\u00f3n, la<br>tecnolog\u00eda, el networking y el futuro de la industria musical. Un espacio id\u00f3neo para reflexionar<br>sobre los retos que impulsan el futuro de un sector que est\u00e1 en constante transformaci\u00f3n. Su<br>crecimiento a\u00f1o a a\u00f1o lo ha posicionado como el evento de referencia de la m\u00fasica a nivel<br>internacional y, desde su primera edici\u00f3n en Bilbao hace ya una d\u00e9cada, BIME ha evolucionado<br>constantemente logrando un notable crecimiento en todos los \u00e1mbitos: La asistencia de<br>profesionales se ha triplicado, congregando a m\u00e1s de 3.500 personas en la \u00faltima edici\u00f3n,<br>representando 35 pa\u00edses y m\u00e1s de 1500 empresas e instituciones. La implicaci\u00f3n de la ciudad de<br>Bilbao se ha dejado notar en la cantidad de las salas que acogen los <em>showcases<\/em>, que han pasado de<br>ser 3 a 11. <\/p>\n\n\n\n<p>Los centros educativos que colaboran pasaron de ser 4 a 28 actualmente y los<br>estudiantes que participan en BIME Campus, que inicialmente eran 32, ya son m\u00e1s de 150,<br>incluyendo 18 becas internacionales. Y el crecimiento m\u00e1s significativo se refleja en la incorporaci\u00f3n<br>de una segunda sede en Am\u00e9rica, pasando de ser un evento anual a tener 2 grandes citas cada<br>a\u00f1o, afianzando as\u00ed el puente de cooperaci\u00f3n y desarrollo entre ambos continentes.<br>Durante este recorrido, el alcance internacional no s\u00f3lo ha traspasado las fronteras geogr\u00e1ficas, sino<br>que ha logrado vencer las limitaciones de la presencialidad: su plataforma online permite participar<br>desde todas partes del mundo y acceder tanto al contenido como al networking en cualquier<br>momento. <\/p>\n\n\n\n<p>BIME es el lugar de encuentro de los profesionales de la m\u00fasica a nivel mundial, no s\u00f3lo<br>de forma presencial sino tambi\u00e9n de forma virtual. Es una comunidad viva que, adem\u00e1s de sus 2<br>citas anuales, se mantiene activa los 365 d\u00edas del a\u00f1o a trav\u00e9s de la app. Y en su aniversario,<br>estrena nuevo logo e imagen, haciendo honor a la madurez y consolidaci\u00f3n adquirida tras diez a\u00f1os<br>de constante evoluci\u00f3n.<\/p>\n\n\n\n<p>Los primeros ponentes confirmados son: Adam Smalley (US) editor y supervisor musical para cine,<br>que ha sido parte del Sundace Institute y ha trabajado en pel\u00edculas como Gladiador, Misi\u00f3n Imposible,<br>Crep\u00fasculo, Kung Fu Panda. Alicia \u00c1lvarez (ES), periodista cultural, doctora en comunicaci\u00f3n y<br>co-creadora de El Bloque. Alicia Zertuche (US) booker del festival Ruido Fest, con una larga<br>trayectoria como programadora de talento latino durante 25 a\u00f1os en SXSW. Alejandro Mar\u00edn (CO)<br>reconocido periodista musical con 25 a\u00f1os de experiencia en radio y desempe\u00f1o en m\u00faltiples<br>medios. Ana Bustamante (ES) directora general de Mediterr\u00e1neo, grupo de productoras de<br>contenidos audiovisuales, cinematogr\u00e1ficos y digitales de Mediaset Espa\u00f1a. Andrea Lamount<br>(CO\/ES) Fundadora de Sound Earth Legacy, ONG que trabaja para preservar el legado sonoro de la<br>tierra. Bill Reichert (US) reconocido inversor de Silicon Valley, socio de Pegasus Tech Ventures.<br>Bjorn Thorleifsson (DE) experto en la influencia de la m\u00fasica en el comportamiento de los<br>consumidores. Christine White (US) programadora del New Orleans Jazz &amp; Heritage Festival,<br>posicionado en el puesto 11 en el listado de los 50 mejores festivales del mundo de Billboard del<\/p>\n\n\n\n<ol class=\"wp-block-list\" start=\"2022\"><li>\u201cEl Profe\u201d \u00c1lvaro Gonz\u00e1lez Villamar\u00edn (CO) escritor y periodista musical con una importante<br>trayectoria en la radio p\u00fablica colombiana. Florencia Juri (AR) manager de Nathy Peluso y Tini y<br>directora del sello Yuukii Music. Frankie Piz\u00e1 (ES) creador de contenidos musicales, fundador de<br>Concepto Radio, TIUmag y GUZZU. Gen\u00eds Pena, (ES) Project Manager de las innovadoras sesiones<br>Gallery Sessions. Ir Sais (NL\/US), artista y m\u00fasico de la isla caribe\u00f1a holandesa de Bonaire, quien<br>ha alcanzado m\u00e1s de 343M de reproducciones en plataformas digitales. Jeff Rona (US) compositor<br>de m\u00fasica para cine, televisi\u00f3n y videojuegos. Lalo Rojas (MX) Director de Caballeros y Andr\u00f3meda.<br>Leila Cobo (CO\/US) directora de Billboard Latin. Mehmet Dede (US) programador de la sala Drom<br>New York, talent buyer y experto en internacionalizaci\u00f3n para artistas en el mercado estadounidense.<br>Orestes Sanchez (ES) fundador de Kalicon Media y experto en esports. Pablo Mu\u00f1oz (ES) uno de<br>los pioneros del Branded Content &amp; Entertainment en Espa\u00f1a. Peter Golub (US) reconocido pianista<br>y compositor del mundo audiovisual. Rafa Sardina (US) productor musical reconocido con 18 Latin<br>Grammy que ha colaborado con artistas de la talla de Stevie Wonder, Lady Gaga, Michael Jackson,<br>Beyonc\u00e9, Rosal\u00eda, John Legend, Elvis Costello &amp; The Roots, Shakira y Luis Miguel, entre muchos<br>otros. Roc\u00edo Torres (ES) fundadora del colectivo CHICA proyecto dirigido a mujeres y personas de la<br>comunidad LGTB+. Silvia Ruiz (ES) abogada en BSK Legal &amp; Fiscal Asociados.<\/li><\/ol>\n\n\n\n<figure class=\"wp-block-image size-large\"><img fetchpriority=\"high\" decoding=\"async\" width=\"1024\" height=\"576\" src=\"https:\/\/www.equalmedia.mx\/site\/wp-content\/uploads\/2022\/07\/BIME_BIO_Primeros_Ponentes-1024x576.jpg\" alt=\"\" class=\"wp-image-6249\" srcset=\"https:\/\/www.equalmedia.mx\/site\/wp-content\/uploads\/2022\/07\/BIME_BIO_Primeros_Ponentes-1024x576.jpg 1024w, https:\/\/www.equalmedia.mx\/site\/wp-content\/uploads\/2022\/07\/BIME_BIO_Primeros_Ponentes-300x169.jpg 300w, https:\/\/www.equalmedia.mx\/site\/wp-content\/uploads\/2022\/07\/BIME_BIO_Primeros_Ponentes-768x432.jpg 768w, https:\/\/www.equalmedia.mx\/site\/wp-content\/uploads\/2022\/07\/BIME_BIO_Primeros_Ponentes-1536x864.jpg 1536w, https:\/\/www.equalmedia.mx\/site\/wp-content\/uploads\/2022\/07\/BIME_BIO_Primeros_Ponentes-2048x1153.jpg 2048w, https:\/\/www.equalmedia.mx\/site\/wp-content\/uploads\/2022\/07\/BIME_BIO_Primeros_Ponentes-600x338.jpg 600w\" sizes=\"(max-width: 1024px) 100vw, 1024px\" \/><\/figure>\n\n\n\n<p><strong>BIME ACERCA A BILBAO UNA DIVERSA PROGRAMACI\u00d3N<\/strong><\/p>\n\n\n\n<p><br>El oto\u00f1o vasco acoger\u00e1 la pr\u00f3xima edici\u00f3n de BIME en Bilbao durante casi una semana, del<br>mi\u00e9rcoles 26 al s\u00e1bado 29 de octubre, con la propuesta de re-pensar la m\u00fasica y todo lo que le<br>rodea. El evento contar\u00e1 con dos secciones principales, distribuidas en diferentes espacios: BIME<br>PRO, el congreso profesional, que se realizar\u00e1 en el Palacio Euskalduna y BIME LIVE que ser\u00e1, un<br>a\u00f1o m\u00e1s, una oportunidad para compartir y celebrar la m\u00fasica en directo.<br>La programaci\u00f3n de showcases ya cuenta con 22 artistas confirmados: desde Francia, ANNA<br>MAJIDSON; desde Alemania ALBERTINE SARGES; desde Polonia IFI UDE; desde Chile<br>GIANLUCA; CHINI PNG y NI\u00d1OS DEL CERRO; desde Argentina LOS BESOS e HIPN\u00d3TICA; desde<br>Austria ATZUR; desde Euskadi IDOIA, MERINA GRIS y MICE; desde Catalu\u00f1a LA \u00c9LITE, 31FAM,<br>CARLOTA FLANEUR y CHAQUETA DE CHANDAL; desde Galicia DANI; desde Murcia MUERDO,<br>desde Navarra, KATANGA DUB y EDU ERREA BAND, desde Valencia SANDRA MONFORT junto<br>con SANTERO Y LOS MUCHACHOS y muchos m\u00e1s por confirmar con el apoyo de Andaluc\u00eda,<br>Colombia, Arag\u00f3n, Pa\u00edses Bajos y Sounds From Spain.<br>Entre las novedades de la pr\u00f3xima edici\u00f3n <strong>BIME PRO<\/strong> se abrir\u00e1 a nuevos g\u00e9neros musicales,<br>como la m\u00fasica cl\u00e1sica, la electr\u00f3nica y el flamenco. Tambi\u00e9n se presentar\u00e1 el Film Music Lab,<br>donde compositores y directores de cine trabajar\u00e1n de la mano, componiendo m\u00fasica original para<br>diferentes producciones y cuyo resultado podr\u00e1 verse en directo durante las jornadas profesionales.<br>Este programa estar\u00e1 acompa\u00f1ado de diferentes paneles en torno a la composici\u00f3n para el cine y la<br>producci\u00f3n audiovisual, protagonizados por referentes de esos \u00e1mbitos. Adem\u00e1s, habr\u00e1 un<br>programa especial para sellos con foco principalmente en los independientes. Otra gran novedad<br>ser\u00e1 el metaverso BIME; y es que el esp\u00edritu de innovaci\u00f3n constante que ha caracterizado a este<br>evento durante sus 10 a\u00f1os de trayectoria, lo llevar\u00e1 al metaverso en Uttopion, ganadores de la<br>StartUp Competition 2021.<\/p>\n\n\n\n<p><br><\/p>\n\n\n\n<p><strong>ENCUENTROS SIMULT\u00c1NEOS QUE CONSTRUYEN FUTURO<\/strong><\/p>\n\n\n\n<p><br>Ahondando en la dimensi\u00f3n internacional, con el objetivo de profundizar en la conexi\u00f3n entre Europa<br>y Am\u00e9rica, este a\u00f1o BIME, en colaboraci\u00f3n con BASQUE.MUSIC., acoger\u00e1 por primera vez una<br>misi\u00f3n de European Music Export Exchange, la asociaci\u00f3n de oficinas de exportaci\u00f3n de m\u00fasica<br>europeas, que traer\u00e1 a Bilbao a m\u00e1s de 20 expertos en internacionalizaci\u00f3n de la m\u00fasica desde<br>diferentes puntos del continente.<br>Adem\u00e1s, BIME sigue reforzando su compromiso con la equidad y con el MUSIC EQUALITY FORUM<br>dedica parte de su programa a discutir, dar visibilidad y buscar soluciones para lograr una industria<br>m\u00e1s igualitaria e inclusiva. Entre las asociaciones colaboradoras destacan MIM, Keychange,<br>SHESAID.SO, Femnoise, Ruidosa, MUSAP, Descubreas y se unen nuevas como WIM Colombia y<br>MIM LATAM.<br>Y sin duda, este 2022 estar\u00e1 marcado por las celebraciones: la asociaci\u00f3n europea de salas de<br>conciertos LIVE DMA celebrar\u00e1 su X aniversario en BIME, congregando a las salas m\u00e1s<br>importantes a nivel europeo, y tambi\u00e9n se realizar\u00e1 la d\u00e9cima edici\u00f3n de los PREMIOS FEST.<br>Actualmente est\u00e1n abiertas las convocatorias para acceder a la Beca CAMPUS+ que ofrece a 18<br>j\u00f3venes de Europa y Am\u00e9rica Latina participar en un programa de formaci\u00f3n avanzada en industria<br>musical durante 5 d\u00edas y la Start Up! Competition, con oportunidad de ganar un viaje Trade Mission<br>a BIME Bogot\u00e1 2023, una gira de introducciones de Venture Capitals en Silicon Valley, una mentor\u00eda<br>previa al pitch con Bill Reichter de Pegasus Tech Ventures y un Booth en la STARTUP Village.<\/p>\n\n\n\n<p><strong>ENTRADAS PARA PROFESIONALES YA DISPONIBLES<\/strong><\/p>\n\n\n\n<p><br>Las entradas salen a la venta hoy como \u201c<em>earlybird tickets<\/em>\u201d a precio especial para los accesos <strong>PRO,<br>CAMPUS y ONLINE<\/strong>. Estudiantes o menores de 25 a\u00f1os podr\u00e1n obtener un 50% de descuento.<br>BIME es di\u00e1logo, trabajo, proactividad y negocios. Un espacio abierto que se construye por y para<br>todas las personas que trabajan en el sector de la m\u00fasica donde, a su vez, son bienvenidas<br>todas las industrias culturales y creativas. El encuentro se podr\u00e1 seguir de manera online a trav\u00e9s de<br>la plataforma BIME, activa los 365 d\u00edas del a\u00f1o, donde adem\u00e1s se puede conectar con<br>profesionales de todo el mundo y disfrutar de los contenidos de ediciones anteriores.<\/p>\n\n\n\n<p><strong>BIME All about music and more<br>Bilbao 26-29 octubre 2022<br>Bogot\u00e1 mayo 2023<\/strong><\/p>\n\n\n\n<h1 class=\"wp-block-heading\">BIME #BIMEBilbao<\/h1>\n","protected":false},"excerpt":{"rendered":"<p>Por: Equal Music El gran encuentro internacional de la industria musical celebrar\u00e1 su 10o aniversario enBilbao del 26 al 29 de octubre.Las y los primeros 22 artistas y 22 ponentes ya han confirmado su participaci\u00f3nrepresentando a Estados Unidos, Colombia, Alemania, Chile, Francia, Argentina,Polonia, M\u00e9xico, Austria y Espa\u00f1a.Ya se pueden adquirir las entradas para asistir al [&hellip;]<\/p>\n","protected":false},"author":1,"featured_media":6250,"comment_status":"closed","ping_status":"closed","sticky":false,"template":"","format":"standard","meta":{"footnotes":""},"categories":[94,231],"tags":[260,130,108,248,246],"class_list":["post-6248","post","type-post","status-publish","format-standard","has-post-thumbnail","hentry","category-industria-musical","category-mercados","tag-bilbao","tag-bime","tag-equalmusic","tag-industria","tag-mercados"],"yoast_head":"<!-- This site is optimized with the Yoast SEO plugin v26.6 - https:\/\/yoast.com\/wordpress\/plugins\/seo\/ -->\n<title>Equal Media | Hagamos que Suceda<\/title>\n<meta name=\"description\" content=\"Conectamos el mensaje de tu banda musical con audiencias interesadas en conocerles | Te ayudamos a alcanzar tus objetivos | HAGAMOS QUE SUCEDA\" \/>\n<meta name=\"robots\" content=\"index, follow, max-snippet:-1, max-image-preview:large, max-video-preview:-1\" \/>\n<link rel=\"canonical\" href=\"https:\/\/www.equalmedia.mx\/site\/mercados\/bime-anuncia-la-celebracion-de-su10o-aniversario-en-bilbao\/\" \/>\n<meta property=\"og:locale\" content=\"es_ES\" \/>\n<meta property=\"og:type\" content=\"article\" \/>\n<meta property=\"og:title\" content=\"Equal Media | Hagamos que Suceda\" \/>\n<meta property=\"og:description\" content=\"Conectamos el mensaje de tu banda musical con audiencias interesadas en conocerles | Te ayudamos a alcanzar tus objetivos | HAGAMOS QUE SUCEDA\" \/>\n<meta property=\"og:url\" content=\"https:\/\/www.equalmedia.mx\/site\/mercados\/bime-anuncia-la-celebracion-de-su10o-aniversario-en-bilbao\/\" \/>\n<meta property=\"og:site_name\" content=\"EQUAL MUSIC | Cultura Latina en Movimiento\" \/>\n<meta property=\"article:published_time\" content=\"2022-07-21T18:04:28+00:00\" \/>\n<meta property=\"article:modified_time\" content=\"2022-07-21T18:04:29+00:00\" \/>\n<meta property=\"og:image\" content=\"https:\/\/www.equalmedia.mx\/site\/wp-content\/uploads\/2022\/07\/BIME_BIO_Cartel_10aniversario.png\" \/>\n\t<meta property=\"og:image:width\" content=\"1600\" \/>\n\t<meta property=\"og:image:height\" content=\"2000\" \/>\n\t<meta property=\"og:image:type\" content=\"image\/png\" \/>\n<meta name=\"author\" content=\"Equal Media\" \/>\n<meta name=\"twitter:card\" content=\"summary_large_image\" \/>\n<meta name=\"twitter:label1\" content=\"Escrito por\" \/>\n\t<meta name=\"twitter:data1\" content=\"Equal Media\" \/>\n\t<meta name=\"twitter:label2\" content=\"Tiempo de lectura\" \/>\n\t<meta name=\"twitter:data2\" content=\"8 minutos\" \/>\n<script type=\"application\/ld+json\" class=\"yoast-schema-graph\">{\"@context\":\"https:\/\/schema.org\",\"@graph\":[{\"@type\":\"Article\",\"@id\":\"https:\/\/www.equalmedia.mx\/site\/mercados\/bime-anuncia-la-celebracion-de-su10o-aniversario-en-bilbao\/#article\",\"isPartOf\":{\"@id\":\"https:\/\/www.equalmedia.mx\/site\/mercados\/bime-anuncia-la-celebracion-de-su10o-aniversario-en-bilbao\/\"},\"author\":{\"name\":\"Equal Media\",\"@id\":\"https:\/\/www.equalmedia.mx\/site\/#\/schema\/person\/41b6e60d650a80262fa6b5189bbb9f20\"},\"headline\":\"BIME ANUNCIA LA CELEBRACI\u00d3N DE SU 10o ANIVERSARIO EN BILBAO\",\"datePublished\":\"2022-07-21T18:04:28+00:00\",\"dateModified\":\"2022-07-21T18:04:29+00:00\",\"mainEntityOfPage\":{\"@id\":\"https:\/\/www.equalmedia.mx\/site\/mercados\/bime-anuncia-la-celebracion-de-su10o-aniversario-en-bilbao\/\"},\"wordCount\":1610,\"publisher\":{\"@id\":\"https:\/\/www.equalmedia.mx\/site\/#organization\"},\"image\":{\"@id\":\"https:\/\/www.equalmedia.mx\/site\/mercados\/bime-anuncia-la-celebracion-de-su10o-aniversario-en-bilbao\/#primaryimage\"},\"thumbnailUrl\":\"https:\/\/www.equalmedia.mx\/site\/wp-content\/uploads\/2022\/07\/BIME_BIO_Cartel_10aniversario.png\",\"keywords\":[\"bilbao\",\"BIME\",\"EqualMusic\",\"industria\",\"mercados\"],\"articleSection\":[\"Industria Musical\",\"Mercados\"],\"inLanguage\":\"es\"},{\"@type\":\"WebPage\",\"@id\":\"https:\/\/www.equalmedia.mx\/site\/mercados\/bime-anuncia-la-celebracion-de-su10o-aniversario-en-bilbao\/\",\"url\":\"https:\/\/www.equalmedia.mx\/site\/mercados\/bime-anuncia-la-celebracion-de-su10o-aniversario-en-bilbao\/\",\"name\":\"Equal Media | Hagamos que Suceda\",\"isPartOf\":{\"@id\":\"https:\/\/www.equalmedia.mx\/site\/#website\"},\"primaryImageOfPage\":{\"@id\":\"https:\/\/www.equalmedia.mx\/site\/mercados\/bime-anuncia-la-celebracion-de-su10o-aniversario-en-bilbao\/#primaryimage\"},\"image\":{\"@id\":\"https:\/\/www.equalmedia.mx\/site\/mercados\/bime-anuncia-la-celebracion-de-su10o-aniversario-en-bilbao\/#primaryimage\"},\"thumbnailUrl\":\"https:\/\/www.equalmedia.mx\/site\/wp-content\/uploads\/2022\/07\/BIME_BIO_Cartel_10aniversario.png\",\"datePublished\":\"2022-07-21T18:04:28+00:00\",\"dateModified\":\"2022-07-21T18:04:29+00:00\",\"description\":\"Conectamos el mensaje de tu banda musical con audiencias interesadas en conocerles | Te ayudamos a alcanzar tus objetivos | HAGAMOS QUE SUCEDA\",\"breadcrumb\":{\"@id\":\"https:\/\/www.equalmedia.mx\/site\/mercados\/bime-anuncia-la-celebracion-de-su10o-aniversario-en-bilbao\/#breadcrumb\"},\"inLanguage\":\"es\",\"potentialAction\":[{\"@type\":\"ReadAction\",\"target\":[\"https:\/\/www.equalmedia.mx\/site\/mercados\/bime-anuncia-la-celebracion-de-su10o-aniversario-en-bilbao\/\"]}]},{\"@type\":\"ImageObject\",\"inLanguage\":\"es\",\"@id\":\"https:\/\/www.equalmedia.mx\/site\/mercados\/bime-anuncia-la-celebracion-de-su10o-aniversario-en-bilbao\/#primaryimage\",\"url\":\"https:\/\/www.equalmedia.mx\/site\/wp-content\/uploads\/2022\/07\/BIME_BIO_Cartel_10aniversario.png\",\"contentUrl\":\"https:\/\/www.equalmedia.mx\/site\/wp-content\/uploads\/2022\/07\/BIME_BIO_Cartel_10aniversario.png\",\"width\":1600,\"height\":2000},{\"@type\":\"BreadcrumbList\",\"@id\":\"https:\/\/www.equalmedia.mx\/site\/mercados\/bime-anuncia-la-celebracion-de-su10o-aniversario-en-bilbao\/#breadcrumb\",\"itemListElement\":[{\"@type\":\"ListItem\",\"position\":1,\"name\":\"Inicio\",\"item\":\"https:\/\/www.equalmedia.mx\/site\/\"},{\"@type\":\"ListItem\",\"position\":2,\"name\":\"BIME ANUNCIA LA CELEBRACI\u00d3N DE SU10o ANIVERSARIO EN BILBAO\"}]},{\"@type\":\"WebSite\",\"@id\":\"https:\/\/www.equalmedia.mx\/site\/#website\",\"url\":\"https:\/\/www.equalmedia.mx\/site\/\",\"name\":\"EQUAL MUSIC | Cultura Latina en Movimiento\",\"description\":\"Ritmo en movimiento.\",\"publisher\":{\"@id\":\"https:\/\/www.equalmedia.mx\/site\/#organization\"},\"potentialAction\":[{\"@type\":\"SearchAction\",\"target\":{\"@type\":\"EntryPoint\",\"urlTemplate\":\"https:\/\/www.equalmedia.mx\/site\/?s={search_term_string}\"},\"query-input\":{\"@type\":\"PropertyValueSpecification\",\"valueRequired\":true,\"valueName\":\"search_term_string\"}}],\"inLanguage\":\"es\"},{\"@type\":\"Organization\",\"@id\":\"https:\/\/www.equalmedia.mx\/site\/#organization\",\"name\":\"EQUAL MUSIC | Cultura Latina en Movimiento\",\"url\":\"https:\/\/www.equalmedia.mx\/site\/\",\"logo\":{\"@type\":\"ImageObject\",\"inLanguage\":\"es\",\"@id\":\"https:\/\/www.equalmedia.mx\/site\/#\/schema\/logo\/image\/\",\"url\":\"https:\/\/www.equalmedia.mx\/site\/wp-content\/uploads\/2021\/07\/logoblanco.png\",\"contentUrl\":\"https:\/\/www.equalmedia.mx\/site\/wp-content\/uploads\/2021\/07\/logoblanco.png\",\"width\":1920,\"height\":589,\"caption\":\"EQUAL MUSIC | Cultura Latina en Movimiento\"},\"image\":{\"@id\":\"https:\/\/www.equalmedia.mx\/site\/#\/schema\/logo\/image\/\"}},{\"@type\":\"Person\",\"@id\":\"https:\/\/www.equalmedia.mx\/site\/#\/schema\/person\/41b6e60d650a80262fa6b5189bbb9f20\",\"name\":\"Equal Media\",\"image\":{\"@type\":\"ImageObject\",\"inLanguage\":\"es\",\"@id\":\"https:\/\/www.equalmedia.mx\/site\/#\/schema\/person\/image\/\",\"url\":\"https:\/\/secure.gravatar.com\/avatar\/51c3f8f080f557c61349ab37ab35c9f967b3b271510dd8ef0b9b16a3dd5a89e9?s=96&d=mm&r=g\",\"contentUrl\":\"https:\/\/secure.gravatar.com\/avatar\/51c3f8f080f557c61349ab37ab35c9f967b3b271510dd8ef0b9b16a3dd5a89e9?s=96&d=mm&r=g\",\"caption\":\"Equal Media\"},\"description\":\"Equal Media es una productora y agencia de estrategia cultural transmedia que impulsa la visibilidad de la m\u00fasica y cultura latina a trav\u00e9s de contenidos originales, multiplataforma y con enfoque social. Con operaci\u00f3n desde Estados Unidos, M\u00e9xico y Colombia, Equal Media se ha consolidado como un actor clave en la narrativa documental, la curadur\u00eda musical y la creaci\u00f3n de formatos de alto impacto para audiencias latinas globales. Sus producciones incluyen Equal Music Sessions \u2014con m\u00e1s de 300 artistas programados en LATV Network\u2014, la serie Hunters y el documental 4TRO EL3MENTOS. Sus contenidos son emitidos en prime time en EE.UU. v\u00eda LATV y VOD, alcanzando m\u00e1s de 62 millones de hogares en mercados como Nueva York, Los \u00c1ngeles, Miami y Chicago. Equal Media ha estado presente con cobertura original y branded content en eventos como el Media Hub de los Latin Grammys, LAMC (NY), BIME (Bilbao, Bogot\u00e1), Vive Latino (CDMX), MIM LATAM, CAMM, entre otros hubs de la industria. Aliada de plataformas como Keychange, Femnoise, We Make Noise y la Municipalidad de Quilicura (Chile), Equal Media promueve una industria m\u00e1s equitativa, programando de forma activa proyectos liderados por mujeres, comunidades LGBTQ+ y sectores vulnerables. Bajo la direcci\u00f3n de Ulises Sanher \u2014reconocido por la UNAM y otras instituciones acad\u00e9micas por su labor cultural\u2014, Equal Media ha contribuido a formar nuevas audiencias desde la educaci\u00f3n, el activismo y la creatividad. Sanher ha sido invitado como speaker en foros como Circulart (COL), FIMPRO (MEX), Canadian Music Week (CAN), FME (CAN), SIM S\u00e3o Paulo (BR), MUPA (PAN), Corriente (PER) y Brasil Trends Conference. Tambi\u00e9n ha sido jurado externo de los Premios Rolling Stone en Espa\u00f1ol en Miami y ha ofrecido asesor\u00eda creativa en colaboraci\u00f3n con Berklee Valencia y la Asociaci\u00f3n de Supervisores Musicales.\",\"sameAs\":[\"https:\/\/www.equalmedia.mx\/\",\"https:\/\/www.instagram.com\/equal.music\",\"https:\/\/www.linkedin.com\/in\/ulises-sanher\/\",\"https:\/\/www.youtube.com\/@equalmusicworld\"],\"url\":\"https:\/\/www.equalmedia.mx\/site\/author\/admin\/\"}]}<\/script>\n<!-- \/ Yoast SEO plugin. -->","yoast_head_json":{"title":"Equal Media | Hagamos que Suceda","description":"Conectamos el mensaje de tu banda musical con audiencias interesadas en conocerles | Te ayudamos a alcanzar tus objetivos | HAGAMOS QUE SUCEDA","robots":{"index":"index","follow":"follow","max-snippet":"max-snippet:-1","max-image-preview":"max-image-preview:large","max-video-preview":"max-video-preview:-1"},"canonical":"https:\/\/www.equalmedia.mx\/site\/mercados\/bime-anuncia-la-celebracion-de-su10o-aniversario-en-bilbao\/","og_locale":"es_ES","og_type":"article","og_title":"Equal Media | Hagamos que Suceda","og_description":"Conectamos el mensaje de tu banda musical con audiencias interesadas en conocerles | Te ayudamos a alcanzar tus objetivos | HAGAMOS QUE SUCEDA","og_url":"https:\/\/www.equalmedia.mx\/site\/mercados\/bime-anuncia-la-celebracion-de-su10o-aniversario-en-bilbao\/","og_site_name":"EQUAL MUSIC | Cultura Latina en Movimiento","article_published_time":"2022-07-21T18:04:28+00:00","article_modified_time":"2022-07-21T18:04:29+00:00","og_image":[{"width":1600,"height":2000,"url":"https:\/\/www.equalmedia.mx\/site\/wp-content\/uploads\/2022\/07\/BIME_BIO_Cartel_10aniversario.png","type":"image\/png"}],"author":"Equal Media","twitter_card":"summary_large_image","twitter_misc":{"Escrito por":"Equal Media","Tiempo de lectura":"8 minutos"},"schema":{"@context":"https:\/\/schema.org","@graph":[{"@type":"Article","@id":"https:\/\/www.equalmedia.mx\/site\/mercados\/bime-anuncia-la-celebracion-de-su10o-aniversario-en-bilbao\/#article","isPartOf":{"@id":"https:\/\/www.equalmedia.mx\/site\/mercados\/bime-anuncia-la-celebracion-de-su10o-aniversario-en-bilbao\/"},"author":{"name":"Equal Media","@id":"https:\/\/www.equalmedia.mx\/site\/#\/schema\/person\/41b6e60d650a80262fa6b5189bbb9f20"},"headline":"BIME ANUNCIA LA CELEBRACI\u00d3N DE SU 10o ANIVERSARIO EN BILBAO","datePublished":"2022-07-21T18:04:28+00:00","dateModified":"2022-07-21T18:04:29+00:00","mainEntityOfPage":{"@id":"https:\/\/www.equalmedia.mx\/site\/mercados\/bime-anuncia-la-celebracion-de-su10o-aniversario-en-bilbao\/"},"wordCount":1610,"publisher":{"@id":"https:\/\/www.equalmedia.mx\/site\/#organization"},"image":{"@id":"https:\/\/www.equalmedia.mx\/site\/mercados\/bime-anuncia-la-celebracion-de-su10o-aniversario-en-bilbao\/#primaryimage"},"thumbnailUrl":"https:\/\/www.equalmedia.mx\/site\/wp-content\/uploads\/2022\/07\/BIME_BIO_Cartel_10aniversario.png","keywords":["bilbao","BIME","EqualMusic","industria","mercados"],"articleSection":["Industria Musical","Mercados"],"inLanguage":"es"},{"@type":"WebPage","@id":"https:\/\/www.equalmedia.mx\/site\/mercados\/bime-anuncia-la-celebracion-de-su10o-aniversario-en-bilbao\/","url":"https:\/\/www.equalmedia.mx\/site\/mercados\/bime-anuncia-la-celebracion-de-su10o-aniversario-en-bilbao\/","name":"Equal Media | Hagamos que Suceda","isPartOf":{"@id":"https:\/\/www.equalmedia.mx\/site\/#website"},"primaryImageOfPage":{"@id":"https:\/\/www.equalmedia.mx\/site\/mercados\/bime-anuncia-la-celebracion-de-su10o-aniversario-en-bilbao\/#primaryimage"},"image":{"@id":"https:\/\/www.equalmedia.mx\/site\/mercados\/bime-anuncia-la-celebracion-de-su10o-aniversario-en-bilbao\/#primaryimage"},"thumbnailUrl":"https:\/\/www.equalmedia.mx\/site\/wp-content\/uploads\/2022\/07\/BIME_BIO_Cartel_10aniversario.png","datePublished":"2022-07-21T18:04:28+00:00","dateModified":"2022-07-21T18:04:29+00:00","description":"Conectamos el mensaje de tu banda musical con audiencias interesadas en conocerles | Te ayudamos a alcanzar tus objetivos | HAGAMOS QUE SUCEDA","breadcrumb":{"@id":"https:\/\/www.equalmedia.mx\/site\/mercados\/bime-anuncia-la-celebracion-de-su10o-aniversario-en-bilbao\/#breadcrumb"},"inLanguage":"es","potentialAction":[{"@type":"ReadAction","target":["https:\/\/www.equalmedia.mx\/site\/mercados\/bime-anuncia-la-celebracion-de-su10o-aniversario-en-bilbao\/"]}]},{"@type":"ImageObject","inLanguage":"es","@id":"https:\/\/www.equalmedia.mx\/site\/mercados\/bime-anuncia-la-celebracion-de-su10o-aniversario-en-bilbao\/#primaryimage","url":"https:\/\/www.equalmedia.mx\/site\/wp-content\/uploads\/2022\/07\/BIME_BIO_Cartel_10aniversario.png","contentUrl":"https:\/\/www.equalmedia.mx\/site\/wp-content\/uploads\/2022\/07\/BIME_BIO_Cartel_10aniversario.png","width":1600,"height":2000},{"@type":"BreadcrumbList","@id":"https:\/\/www.equalmedia.mx\/site\/mercados\/bime-anuncia-la-celebracion-de-su10o-aniversario-en-bilbao\/#breadcrumb","itemListElement":[{"@type":"ListItem","position":1,"name":"Inicio","item":"https:\/\/www.equalmedia.mx\/site\/"},{"@type":"ListItem","position":2,"name":"BIME ANUNCIA LA CELEBRACI\u00d3N DE SU10o ANIVERSARIO EN BILBAO"}]},{"@type":"WebSite","@id":"https:\/\/www.equalmedia.mx\/site\/#website","url":"https:\/\/www.equalmedia.mx\/site\/","name":"EQUAL MUSIC | Cultura Latina en Movimiento","description":"Ritmo en movimiento.","publisher":{"@id":"https:\/\/www.equalmedia.mx\/site\/#organization"},"potentialAction":[{"@type":"SearchAction","target":{"@type":"EntryPoint","urlTemplate":"https:\/\/www.equalmedia.mx\/site\/?s={search_term_string}"},"query-input":{"@type":"PropertyValueSpecification","valueRequired":true,"valueName":"search_term_string"}}],"inLanguage":"es"},{"@type":"Organization","@id":"https:\/\/www.equalmedia.mx\/site\/#organization","name":"EQUAL MUSIC | Cultura Latina en Movimiento","url":"https:\/\/www.equalmedia.mx\/site\/","logo":{"@type":"ImageObject","inLanguage":"es","@id":"https:\/\/www.equalmedia.mx\/site\/#\/schema\/logo\/image\/","url":"https:\/\/www.equalmedia.mx\/site\/wp-content\/uploads\/2021\/07\/logoblanco.png","contentUrl":"https:\/\/www.equalmedia.mx\/site\/wp-content\/uploads\/2021\/07\/logoblanco.png","width":1920,"height":589,"caption":"EQUAL MUSIC | Cultura Latina en Movimiento"},"image":{"@id":"https:\/\/www.equalmedia.mx\/site\/#\/schema\/logo\/image\/"}},{"@type":"Person","@id":"https:\/\/www.equalmedia.mx\/site\/#\/schema\/person\/41b6e60d650a80262fa6b5189bbb9f20","name":"Equal Media","image":{"@type":"ImageObject","inLanguage":"es","@id":"https:\/\/www.equalmedia.mx\/site\/#\/schema\/person\/image\/","url":"https:\/\/secure.gravatar.com\/avatar\/51c3f8f080f557c61349ab37ab35c9f967b3b271510dd8ef0b9b16a3dd5a89e9?s=96&d=mm&r=g","contentUrl":"https:\/\/secure.gravatar.com\/avatar\/51c3f8f080f557c61349ab37ab35c9f967b3b271510dd8ef0b9b16a3dd5a89e9?s=96&d=mm&r=g","caption":"Equal Media"},"description":"Equal Media es una productora y agencia de estrategia cultural transmedia que impulsa la visibilidad de la m\u00fasica y cultura latina a trav\u00e9s de contenidos originales, multiplataforma y con enfoque social. Con operaci\u00f3n desde Estados Unidos, M\u00e9xico y Colombia, Equal Media se ha consolidado como un actor clave en la narrativa documental, la curadur\u00eda musical y la creaci\u00f3n de formatos de alto impacto para audiencias latinas globales. Sus producciones incluyen Equal Music Sessions \u2014con m\u00e1s de 300 artistas programados en LATV Network\u2014, la serie Hunters y el documental 4TRO EL3MENTOS. Sus contenidos son emitidos en prime time en EE.UU. v\u00eda LATV y VOD, alcanzando m\u00e1s de 62 millones de hogares en mercados como Nueva York, Los \u00c1ngeles, Miami y Chicago. Equal Media ha estado presente con cobertura original y branded content en eventos como el Media Hub de los Latin Grammys, LAMC (NY), BIME (Bilbao, Bogot\u00e1), Vive Latino (CDMX), MIM LATAM, CAMM, entre otros hubs de la industria. Aliada de plataformas como Keychange, Femnoise, We Make Noise y la Municipalidad de Quilicura (Chile), Equal Media promueve una industria m\u00e1s equitativa, programando de forma activa proyectos liderados por mujeres, comunidades LGBTQ+ y sectores vulnerables. Bajo la direcci\u00f3n de Ulises Sanher \u2014reconocido por la UNAM y otras instituciones acad\u00e9micas por su labor cultural\u2014, Equal Media ha contribuido a formar nuevas audiencias desde la educaci\u00f3n, el activismo y la creatividad. Sanher ha sido invitado como speaker en foros como Circulart (COL), FIMPRO (MEX), Canadian Music Week (CAN), FME (CAN), SIM S\u00e3o Paulo (BR), MUPA (PAN), Corriente (PER) y Brasil Trends Conference. Tambi\u00e9n ha sido jurado externo de los Premios Rolling Stone en Espa\u00f1ol en Miami y ha ofrecido asesor\u00eda creativa en colaboraci\u00f3n con Berklee Valencia y la Asociaci\u00f3n de Supervisores Musicales.","sameAs":["https:\/\/www.equalmedia.mx\/","https:\/\/www.instagram.com\/equal.music","https:\/\/www.linkedin.com\/in\/ulises-sanher\/","https:\/\/www.youtube.com\/@equalmusicworld"],"url":"https:\/\/www.equalmedia.mx\/site\/author\/admin\/"}]}},"_links":{"self":[{"href":"https:\/\/www.equalmedia.mx\/site\/wp-json\/wp\/v2\/posts\/6248","targetHints":{"allow":["GET"]}}],"collection":[{"href":"https:\/\/www.equalmedia.mx\/site\/wp-json\/wp\/v2\/posts"}],"about":[{"href":"https:\/\/www.equalmedia.mx\/site\/wp-json\/wp\/v2\/types\/post"}],"author":[{"embeddable":true,"href":"https:\/\/www.equalmedia.mx\/site\/wp-json\/wp\/v2\/users\/1"}],"replies":[{"embeddable":true,"href":"https:\/\/www.equalmedia.mx\/site\/wp-json\/wp\/v2\/comments?post=6248"}],"version-history":[{"count":1,"href":"https:\/\/www.equalmedia.mx\/site\/wp-json\/wp\/v2\/posts\/6248\/revisions"}],"predecessor-version":[{"id":6251,"href":"https:\/\/www.equalmedia.mx\/site\/wp-json\/wp\/v2\/posts\/6248\/revisions\/6251"}],"wp:featuredmedia":[{"embeddable":true,"href":"https:\/\/www.equalmedia.mx\/site\/wp-json\/wp\/v2\/media\/6250"}],"wp:attachment":[{"href":"https:\/\/www.equalmedia.mx\/site\/wp-json\/wp\/v2\/media?parent=6248"}],"wp:term":[{"taxonomy":"category","embeddable":true,"href":"https:\/\/www.equalmedia.mx\/site\/wp-json\/wp\/v2\/categories?post=6248"},{"taxonomy":"post_tag","embeddable":true,"href":"https:\/\/www.equalmedia.mx\/site\/wp-json\/wp\/v2\/tags?post=6248"}],"curies":[{"name":"wp","href":"https:\/\/api.w.org\/{rel}","templated":true}]}}