{"id":6518,"date":"2023-04-25T03:17:23","date_gmt":"2023-04-25T03:17:23","guid":{"rendered":"https:\/\/www.equalmedia.mx\/site\/?p=6518"},"modified":"2023-04-25T03:17:24","modified_gmt":"2023-04-25T03:17:24","slug":"comienza-la-cuenta-atras-para-bime-bogota5-dias-de-musica-y-conocimiento","status":"publish","type":"post","link":"https:\/\/www.equalmedia.mx\/site\/industria-musical\/comienza-la-cuenta-atras-para-bime-bogota5-dias-de-musica-y-conocimiento\/","title":{"rendered":"COMIENZA LA CUENTA ATR\u00c1S PARA BIME BOGOT\u00c1,5 D\u00cdAS DE M\u00daSICA Y CONOCIMIENTO"},"content":{"rendered":"\n<p>La Universidad Ean ser\u00e1 la sede de las jornadas profesionales que incluir\u00e1n m\u00e1s de 100<br>actividades con importantes representantes de la industria musical internacional como<br><strong>ADA Latin, Amazon, Billboard, Bizarro Live, Ditto, IFPI, Loud and Live, Netflix, Neon16,<br>NPR, Ocesa, ONERPM, ONE Publishing, P\u00e1ramo Presenta, Pitchfork, Republic Network,<br>Rolling Stone, Spotify, TBA Agency, TikTok, Tu Boleta, Vydia, Warner, WiZink Center y<br>Youtube<\/strong>, entre muchos otros.<br>El Distrito Creativo San Felipe acoger\u00e1 50 conciertos, tres escenarios de d\u00eda y dos<br>nocturnos en el m\u00edtico espacio <strong>The Ghetto Project.<\/strong><\/p>\n\n\n\n<p>La capital colombiana se prepara para acoger <strong>BIME<\/strong>, el gran encuentro de la industria musical<br>internacional. Profesionales de todo el mundo esperan con gran expectaci\u00f3n lo que all\u00ed va a suceder:<br>tanto quienes asistir\u00e1n a la cita presencial, como quienes participar\u00e1n de las actividades mediante<br>conexi\u00f3n online, ya han bloqueado sus apretadas agendas del 3 al 7 de mayo para unirse a esta cita<br>imprescindible con las tendencias, la innovaci\u00f3n y los negocios internacionales. M\u00e1s de 150 referentes<br>internacionales se dar\u00e1n cita en <strong>Bogot\u00e1<\/strong> durante la primera semana de mayo, para debatir y construir<br>el futuro de esta industria, convirti\u00e9ndola en la capital internacional de la m\u00fasica.<\/p>\n\n\n\n<figure class=\"wp-block-image size-large\"><img fetchpriority=\"high\" decoding=\"async\" width=\"1024\" height=\"638\" src=\"https:\/\/www.equalmedia.mx\/site\/wp-content\/uploads\/2023\/04\/BIME_PRO_Universidad_Ean-1-1024x638.png\" alt=\"\" class=\"wp-image-6520\" srcset=\"https:\/\/www.equalmedia.mx\/site\/wp-content\/uploads\/2023\/04\/BIME_PRO_Universidad_Ean-1-1024x638.png 1024w, https:\/\/www.equalmedia.mx\/site\/wp-content\/uploads\/2023\/04\/BIME_PRO_Universidad_Ean-1-300x187.png 300w, https:\/\/www.equalmedia.mx\/site\/wp-content\/uploads\/2023\/04\/BIME_PRO_Universidad_Ean-1-768x478.png 768w, https:\/\/www.equalmedia.mx\/site\/wp-content\/uploads\/2023\/04\/BIME_PRO_Universidad_Ean-1-1536x957.png 1536w, https:\/\/www.equalmedia.mx\/site\/wp-content\/uploads\/2023\/04\/BIME_PRO_Universidad_Ean-1-2048x1276.png 2048w, https:\/\/www.equalmedia.mx\/site\/wp-content\/uploads\/2023\/04\/BIME_PRO_Universidad_Ean-1-600x374.png 600w\" sizes=\"(max-width: 1024px) 100vw, 1024px\" \/><\/figure>\n\n\n\n<p><strong>EL FUTURO DE LA M\u00daSICA SE DEFINE EN BOGOT\u00c1<\/strong><br>Hoy sale a la luz el programa completo de las jornadas profesionales que incluir\u00e1 m\u00e1s de 100<br>actividades reuniendo en la Universidad Ean tanto a sus protagonistas que llegar\u00e1n de m\u00e1s de 50<br>pa\u00edses, como a las personas que forman parte de la industria local, fomentando el traspaso de<br>conocimiento, el desarrollo de negocios y el impulso del tejido empresarial de un sector que no para de<br>crecer y felizmente no conoce de fronteras. Las propuestas para estos 3 d\u00edas incluyen paneles,<br>conversatorios, sesiones pitch, talleres, rondas de negocios, masterclasses del programa Campus, un<br>Demo Day y una Start Up Village.<br>Entre los hitos de la completa y diversa programaci\u00f3n que ofrece el congreso profesional, destaca la<br>presencia de actores clave del sector a nivel mundial como <strong>ADA Latin, Amazon, Billboard, Bizarro<br>Live, Ditto, IFPI, Loud and Live, Netflix, Neon16, NPR, Ocesa, ONERPM, ONE Publishing,<br>P\u00e1ramo Presenta, Pitchfork, Republic Network, Rolling Stone, Spotify, TBA Agency, Tik Tok, Tu<br>Boleta, Vydia, Warner, WiZink Center y Youtube<\/strong>, entre muchas otras.<br><strong>BIME PRO <\/strong>es el espacio donde se construyen las soluciones a los retos del presente y del futuro de la<br>industria musical. All\u00ed tendr\u00e1n lugar paneles especiales donde se tratar\u00e1n temas clave del momento<br>como web 3.0 e inteligencia artificial, el reto de la venta de tickets, las principales iniciativas en<br>desarrollo de ciudades en torno a la m\u00fasica, una entrevista enmarcada en el innovador formato Caja<br>Negra en directo con Mar\u00eda Becerra, un panel con importantes music supervisors sobre<br>sincronizaciones y publicidad en el mundo audiovisual y se trabajar\u00e1 el asociacionismo en un<br>panel-taller con el objetivo de promover el asociacionismo en LATAM tomando como referencia casos<br>de \u00e9xito de Europa y Am\u00e9rica Latina. Se trabajar\u00e1 tambi\u00e9n sobre los derechos sociales y laborales<br>de profesionales de la cultura, el presente y el futuro de las garant\u00edas para artistas y trabajadores de<br>la m\u00fasica, con participaci\u00f3n de la UNESCO y los Ministerios de Cultura de Espa\u00f1a y Panam\u00e1. Estas<br>actividades se suman a una completa agenda en la que se trabajan de forma transversal cuestiones<br>de igualdad, sostenibilidad, agenda 2030, innovaci\u00f3n, derechos, internacionalizaci\u00f3n y<br>formaci\u00f3n, entre muchos otros.<br>Las mejores propuestas tecnol\u00f3gicas para el futuro de la industria musical tendr\u00e1n un espacio<br>para visibilizar su propuesta en la Start Up! Village y los 6 proyectos seleccionados se presentar\u00e1n en<br>el \u201cDemo Day\u201d frente a un jurado internacional formado por <strong>ICEX, EWA, Ventures, IRIE VC,<br>Camaleon BM, Inversiones Romy, Techstars Mentor y Latin leap.<\/strong><br>Asimismo, habr\u00e1 una amplia oferta de sesiones de speedmeetings para fomentar y diferentes<br>posibilidades de networking entre profesionales: sesiones de pitching con las delegaciones<br>profesionales Sounds From Spain y BASQUE.MUSIC., c\u00f3cteles y recepciones de diferentes<br>instituciones como AIE, Fundaci\u00f3n SGAE, Meet the Canadians, INAMU y Chilem\u00fasica, adem\u00e1s de<br>grupos de trabajo internacionales.<br>Dentro de esta agenda tendr\u00e1 especial relevancia La Industria del Vinilo (LIDV) con diversas<br>actividades -desde paneles hasta lanzamientos exclusivos de discos- protagonizadas por<br>representantes de los principales sellos independientes iberoamericanos.<br>Habr\u00e1 adem\u00e1s un espacio para la cocreaci\u00f3n musical con Sesiones BIME, un laboratorio musical que<br>busca estimular la colaboraci\u00f3n art\u00edstica. Un espacio para la composici\u00f3n, con el foco puesto en la<br>convivencia art\u00edstica, en encuentros de songwriting y producci\u00f3n. En el marco de BIME, diferentes<br>artistas internacionales compartir\u00e1n ideas y horas de estudio en \u00c1rbol Naranja.<br>El programa completo est\u00e1 disponible en bime.org y el encuentro se podr\u00e1 seguir de manera online<br>mediante la plataforma, ya activa en la misma web y en la app. BIME conecta y acerca a quienes<br>lideran el mundo de la m\u00fasica, no s\u00f3lo en sus dos encuentros anuales en Bilbao y Bogot\u00e1, sino<br>tambi\u00e9n durante todo el a\u00f1o a trav\u00e9s de su plataforma online.<\/p>\n\n\n\n<figure class=\"wp-block-image size-full\"><img decoding=\"async\" width=\"1000\" height=\"1000\" data-src=\"https:\/\/www.equalmedia.mx\/site\/wp-content\/uploads\/2023\/04\/BIME_PRO_Online_Horarios-1.png\" alt=\"\" class=\"wp-image-6522 lazyload\" data-srcset=\"https:\/\/www.equalmedia.mx\/site\/wp-content\/uploads\/2023\/04\/BIME_PRO_Online_Horarios-1.png 1000w, https:\/\/www.equalmedia.mx\/site\/wp-content\/uploads\/2023\/04\/BIME_PRO_Online_Horarios-1-300x300.png 300w, https:\/\/www.equalmedia.mx\/site\/wp-content\/uploads\/2023\/04\/BIME_PRO_Online_Horarios-1-150x150.png 150w, https:\/\/www.equalmedia.mx\/site\/wp-content\/uploads\/2023\/04\/BIME_PRO_Online_Horarios-1-768x768.png 768w, https:\/\/www.equalmedia.mx\/site\/wp-content\/uploads\/2023\/04\/BIME_PRO_Online_Horarios-1-600x600.png 600w, https:\/\/www.equalmedia.mx\/site\/wp-content\/uploads\/2023\/04\/BIME_PRO_Online_Horarios-1-100x100.png 100w\" data-sizes=\"(max-width: 1000px) 100vw, 1000px\" src=\"data:image\/svg+xml;base64,PHN2ZyB3aWR0aD0iMSIgaGVpZ2h0PSIxIiB4bWxucz0iaHR0cDovL3d3dy53My5vcmcvMjAwMC9zdmciPjwvc3ZnPg==\" style=\"--smush-placeholder-width: 1000px; --smush-placeholder-aspect-ratio: 1000\/1000;\" \/><\/figure>\n\n\n\n<p><strong>EN VIVO Y EN DIRECTO PARA TODA LA CIUDADAN\u00cdA<\/strong><br>Tras el cierre de puertas en la Universidad Ean y durante el fin de semana, el itinerario contin\u00faa por las<br>tardes y noches en el Distrito Creativo San Felipe, con la amplia programaci\u00f3n de BIME LIVE que<br>ofrece actividades culturales abiertas a toda la ciudadan\u00eda, incluyendo m\u00fasica en directo, un<br>Mercado del Vinilo y una edici\u00f3n especial de Open San Felipe x BIME, extendi\u00e9ndose hasta el<br>domingo 7 de mayo.<br>Los conciertos tendr\u00e1n lugar en 5 escenarios donde se presentar\u00e1n showcases con las \u00faltimas<br>tendencias musicales de diferentes lugares del mundo: tres escenarios ubicados en el Distrito<br>Creativo de San Felipe y dos escenarios nocturnos en el m\u00edtico espacio The Ghetto Project, un<br>recinto que es una experiencia en s\u00ed misma, con showcases en las salas Kaputt y The Bonfire. Para<br>el acceso a este \u00faltimo ser\u00e1 necesaria la adquisici\u00f3n de entrada en tuboleta.com. A los 30 artistas<br>anunciados recientemente, se suman otros 20 que se desvelan hoy, completando el cartel con un total<br>de 50 artistas de 10 pa\u00edses, con una gran representaci\u00f3n del talento local colombiano: <strong>\u00c1cido<br>Pantera (CO), Amaia (ES), Briela Ojeda (CO), Cero39 (CO), Conjunto Media Luna (CO\/AU),<br>Delfina Dib (AR), Felipe Orjuela y la Nueva Estudiantina Electr\u00f3nica (CO), Lika Nova (CO), Luc\u00eda<br>Romero (UY), Lucio Feuillet (CO), L&#8217;Xuasma (CO), Los Bulldozer (CO\/FR), Los Cotopla Boyz<br>(US\/AR), Motherflowers (VE), Mr. Bleat (CO), Nicol\u00e1s y Los Fumadores (CO), Paula Pera y el Fin<br>De Los Tiempos (CO), Sobre Ondas (PY), Soul Bit (CO) y Susana Cala (CO).<\/strong><br>En el Mercado del Vinilo se presentar\u00e1n las f\u00e1bricas que prensan y cortan vinilos, sellos<br>discogr\u00e1ficos, distribuidoras, discotiendas y marcas de la industria fonogr\u00e1fica. Esta exposici\u00f3n tendr\u00e1<br>lugar de viernes a domingo, e incluir\u00e1 lanzamientos y m\u00fasica en directo con showcases de sellos.<br>Y como novedad en esta segunda edici\u00f3n en Bogot\u00e1, BIME tendr\u00e1 una conexi\u00f3n directa con las<br>artes pl\u00e1sticas uni\u00e9ndose a Open San Felipe, el festival que el s\u00e1bado 6 y domingo 7 de mayo<br>abrir\u00e1 al p\u00fablico general las puertas de todos los espacios culturales, galer\u00edas, restaurantes y<br>emprendimientos del Distrito Creativo. Durante el fin de semana, Open San Felipe x BIME ofrece<br>un circuito musical abierto a la ciudadan\u00eda, con conciertos en el Parque La Ara\u00f1a.<\/p>\n\n\n\n<figure class=\"wp-block-image size-large\"><img decoding=\"async\" width=\"1024\" height=\"595\" data-src=\"https:\/\/www.equalmedia.mx\/site\/wp-content\/uploads\/2023\/04\/BIME_LIVE_Cartel_completo-1024x595.png\" alt=\"\" class=\"wp-image-6524 lazyload\" data-srcset=\"https:\/\/www.equalmedia.mx\/site\/wp-content\/uploads\/2023\/04\/BIME_LIVE_Cartel_completo-1024x595.png 1024w, https:\/\/www.equalmedia.mx\/site\/wp-content\/uploads\/2023\/04\/BIME_LIVE_Cartel_completo-300x174.png 300w, https:\/\/www.equalmedia.mx\/site\/wp-content\/uploads\/2023\/04\/BIME_LIVE_Cartel_completo-768x446.png 768w, https:\/\/www.equalmedia.mx\/site\/wp-content\/uploads\/2023\/04\/BIME_LIVE_Cartel_completo-1536x892.png 1536w, https:\/\/www.equalmedia.mx\/site\/wp-content\/uploads\/2023\/04\/BIME_LIVE_Cartel_completo-2048x1189.png 2048w, https:\/\/www.equalmedia.mx\/site\/wp-content\/uploads\/2023\/04\/BIME_LIVE_Cartel_completo-600x348.png 600w\" data-sizes=\"(max-width: 1024px) 100vw, 1024px\" src=\"data:image\/svg+xml;base64,PHN2ZyB3aWR0aD0iMSIgaGVpZ2h0PSIxIiB4bWxucz0iaHR0cDovL3d3dy53My5vcmcvMjAwMC9zdmciPjwvc3ZnPg==\" style=\"--smush-placeholder-width: 1024px; --smush-placeholder-aspect-ratio: 1024\/595;\" \/><\/figure>\n\n\n\n<p>La programaci\u00f3n de BIME al completo y la disposici\u00f3n de los espacios elegidos para desarrollar las<br>actividades PRO + LIVE, invitar\u00e1n a una inmersi\u00f3n de lleno en los ambientes culturales m\u00e1s aut\u00e9nticos<br>de Bogot\u00e1. El encuentro tambi\u00e9n se podr\u00e1 seguir de forma online a trav\u00e9s de<strong> bime.org<\/strong><\/p>\n\n\n\n<p><strong>BIME cuenta con la participaci\u00f3n y el apoyo de:<\/strong><br>ACCI\u00d3N CULTURAL ESPA\u00d1OLA &#8211; AIE &#8211; \u00c1RBOL NARANJA &#8211; BASQUE.MUSIC. &#8211; BILLBOARD &#8211; CADENA SER &#8211;<br>CANADA\/FACTOR &#8211; CANAL CAPITAL &#8211; CANAL TRECE &#8211; CANCILLER\u00cdA ARGENTINA &#8211; CARTEL URBANO &#8211; CERN\u00cdCALO<br>PRODUCCIONES &#8211; CHILEM\u00daSICA &#8211; CREATIVE CAPITAL &#8211; CULTURA COLECTIVA &#8211; DIEZ (10MUSIC) &#8211; DOMINICANA MUSIC<br>WEEK &#8211; DSTRKT &#8211; DIFUSA FRONTEIRA &#8211; EAN &#8211; EITB &#8211; EL CORREO &#8211; EL PA\u00cdS AM\u00c9RICA &#8211; EMBAJADA DE ESPA\u00d1A EN<br>COLOMBIA &#8211; EQUAL MUSIC &#8211; FARO &#8211; FEMNOISE &#8211; FILO NEWS &#8211; FINE GOLD MUSIC &#8211; FUNDACI\u00d3N SGAE &#8211; FUNDACI\u00d3N<br>INDUSTRIAS CREATIVAS &#8211; FULL FAT &#8211; FUTURX &#8211; ICEX &#8211; IDARTES &#8211; INAMU &#8211; INDUSTRIA MUSICAL &#8211; INMUS &#8211; IQ<br>MAGAZINE &#8211; KEXP &#8211; KEYCHANGE &#8211; GLADYS PALMERA &#8211; GLOBAL TORONTO &#8211; GUERRERA PR &#8211; LAS MUSAS &#8211; LAST<br>TOUR &#8211; LA OREJA MEDIA &#8211; LA ROMA RECORDS &#8211; LOS40 &#8211; MAPA LGTBI &#8211; MIM LATAM &#8211; MINISTERIO DE CULTURA DE<br>ESPA\u00d1A &#8211; MONDOSONORO &#8211; MUSAP &#8211; NAVARRA MUSIC COMMISSION &#8211; NOISE PRESS &#8211; OSO POLITA &#8211; PRISA &#8211;<br>PROCHILE &#8211; RADIO 3 &#8211; RADIOACKTIVA &#8211; RADIO NACIONAL DE COLOMBIA &#8211; RADI\u00d3NICA &#8211; REMEZCLA &#8211; RETINA &#8211;<br>ROCK&amp;REGGAE PRODUCCIONES &#8211; RTVE CULTURAS2 &#8211; RUIDOSA &#8211; SECRETER\u00cdA DE CULTURA, RECREACI\u00d3N Y<br>DEPORTE DE BOGOT\u00c1 &#8211; SECRETAR\u00cdA DE DESARROLLO ECON\u00d3MICO DE CALI &#8211; SHESAID.SO &#8211; SHOCK &#8211; SMALL<br>WORLD MUSIC &#8211; SOMOS FUEGO MUSIC &#8211; SOPITAS &#8211; SOUNDS FROM SPAIN &#8211; SPOTIFY &#8211; VALENCIAN MUSIC OFFICE &#8211;<br>VALOR BOOKING &#8211; WIM COLOMBIA &#8211; ZONA DE OBRAS &#8211; and many more\u2026<\/p>\n\n\n\n<p><\/p>\n\n\n\n<p>Equal Music<\/p>\n\n\n\n<p>Cultura Latinx<\/p>\n","protected":false},"excerpt":{"rendered":"<p>La Universidad Ean ser\u00e1 la sede de las jornadas profesionales que incluir\u00e1n m\u00e1s de 100actividades con importantes representantes de la industria musical internacional comoADA Latin, Amazon, Billboard, Bizarro Live, Ditto, IFPI, Loud and Live, Netflix, Neon16,NPR, Ocesa, ONERPM, ONE Publishing, P\u00e1ramo Presenta, Pitchfork, Republic Network,Rolling Stone, Spotify, TBA Agency, TikTok, Tu Boleta, Vydia, Warner, WiZink [&hellip;]<\/p>\n","protected":false},"author":1,"featured_media":6519,"comment_status":"closed","ping_status":"closed","sticky":false,"template":"","format":"standard","meta":{"footnotes":""},"categories":[94,231,129],"tags":[],"class_list":["post-6518","post","type-post","status-publish","format-standard","has-post-thumbnail","hentry","category-industria-musical","category-mercados","category-recomendaciones"],"yoast_head":"<!-- This site is optimized with the Yoast SEO plugin v26.6 - https:\/\/yoast.com\/wordpress\/plugins\/seo\/ -->\n<title>Equal Media | Hagamos que Suceda<\/title>\n<meta name=\"description\" content=\"Conectamos el mensaje de tu banda musical con audiencias interesadas en conocerles | Te ayudamos a alcanzar tus objetivos | HAGAMOS QUE SUCEDA\" \/>\n<meta name=\"robots\" content=\"index, follow, max-snippet:-1, max-image-preview:large, max-video-preview:-1\" \/>\n<link rel=\"canonical\" href=\"https:\/\/www.equalmedia.mx\/site\/industria-musical\/comienza-la-cuenta-atras-para-bime-bogota5-dias-de-musica-y-conocimiento\/\" \/>\n<meta property=\"og:locale\" content=\"es_ES\" \/>\n<meta property=\"og:type\" content=\"article\" \/>\n<meta property=\"og:title\" content=\"Equal Media | Hagamos que Suceda\" \/>\n<meta property=\"og:description\" content=\"Conectamos el mensaje de tu banda musical con audiencias interesadas en conocerles | Te ayudamos a alcanzar tus objetivos | HAGAMOS QUE SUCEDA\" \/>\n<meta property=\"og:url\" content=\"https:\/\/www.equalmedia.mx\/site\/industria-musical\/comienza-la-cuenta-atras-para-bime-bogota5-dias-de-musica-y-conocimiento\/\" \/>\n<meta property=\"og:site_name\" content=\"EQUAL MUSIC | Cultura Latina en Movimiento\" \/>\n<meta property=\"article:published_time\" content=\"2023-04-25T03:17:23+00:00\" \/>\n<meta property=\"article:modified_time\" content=\"2023-04-25T03:17:24+00:00\" \/>\n<meta property=\"og:image\" content=\"https:\/\/www.equalmedia.mx\/site\/wp-content\/uploads\/2023\/04\/BIME_PRO_Universidad_Ean-1024x638.png\" \/>\n\t<meta property=\"og:image:width\" content=\"1024\" \/>\n\t<meta property=\"og:image:height\" content=\"638\" \/>\n\t<meta property=\"og:image:type\" content=\"image\/png\" \/>\n<meta name=\"author\" content=\"Equal Media\" \/>\n<meta name=\"twitter:card\" content=\"summary_large_image\" \/>\n<meta name=\"twitter:label1\" content=\"Escrito por\" \/>\n\t<meta name=\"twitter:data1\" content=\"Equal Media\" \/>\n\t<meta name=\"twitter:label2\" content=\"Tiempo de lectura\" \/>\n\t<meta name=\"twitter:data2\" content=\"8 minutos\" \/>\n<script type=\"application\/ld+json\" class=\"yoast-schema-graph\">{\"@context\":\"https:\/\/schema.org\",\"@graph\":[{\"@type\":\"Article\",\"@id\":\"https:\/\/www.equalmedia.mx\/site\/industria-musical\/comienza-la-cuenta-atras-para-bime-bogota5-dias-de-musica-y-conocimiento\/#article\",\"isPartOf\":{\"@id\":\"https:\/\/www.equalmedia.mx\/site\/industria-musical\/comienza-la-cuenta-atras-para-bime-bogota5-dias-de-musica-y-conocimiento\/\"},\"author\":{\"name\":\"Equal Media\",\"@id\":\"https:\/\/www.equalmedia.mx\/site\/#\/schema\/person\/41b6e60d650a80262fa6b5189bbb9f20\"},\"headline\":\"COMIENZA LA CUENTA ATR\u00c1S PARA BIME BOGOT\u00c1,5 D\u00cdAS DE M\u00daSICA Y CONOCIMIENTO\",\"datePublished\":\"2023-04-25T03:17:23+00:00\",\"dateModified\":\"2023-04-25T03:17:24+00:00\",\"mainEntityOfPage\":{\"@id\":\"https:\/\/www.equalmedia.mx\/site\/industria-musical\/comienza-la-cuenta-atras-para-bime-bogota5-dias-de-musica-y-conocimiento\/\"},\"wordCount\":1547,\"publisher\":{\"@id\":\"https:\/\/www.equalmedia.mx\/site\/#organization\"},\"image\":{\"@id\":\"https:\/\/www.equalmedia.mx\/site\/industria-musical\/comienza-la-cuenta-atras-para-bime-bogota5-dias-de-musica-y-conocimiento\/#primaryimage\"},\"thumbnailUrl\":\"https:\/\/www.equalmedia.mx\/site\/wp-content\/uploads\/2023\/04\/BIME_PRO_Universidad_Ean.png\",\"articleSection\":[\"Industria Musical\",\"Mercados\",\"Recomendaciones\"],\"inLanguage\":\"es\"},{\"@type\":\"WebPage\",\"@id\":\"https:\/\/www.equalmedia.mx\/site\/industria-musical\/comienza-la-cuenta-atras-para-bime-bogota5-dias-de-musica-y-conocimiento\/\",\"url\":\"https:\/\/www.equalmedia.mx\/site\/industria-musical\/comienza-la-cuenta-atras-para-bime-bogota5-dias-de-musica-y-conocimiento\/\",\"name\":\"Equal Media | Hagamos que Suceda\",\"isPartOf\":{\"@id\":\"https:\/\/www.equalmedia.mx\/site\/#website\"},\"primaryImageOfPage\":{\"@id\":\"https:\/\/www.equalmedia.mx\/site\/industria-musical\/comienza-la-cuenta-atras-para-bime-bogota5-dias-de-musica-y-conocimiento\/#primaryimage\"},\"image\":{\"@id\":\"https:\/\/www.equalmedia.mx\/site\/industria-musical\/comienza-la-cuenta-atras-para-bime-bogota5-dias-de-musica-y-conocimiento\/#primaryimage\"},\"thumbnailUrl\":\"https:\/\/www.equalmedia.mx\/site\/wp-content\/uploads\/2023\/04\/BIME_PRO_Universidad_Ean.png\",\"datePublished\":\"2023-04-25T03:17:23+00:00\",\"dateModified\":\"2023-04-25T03:17:24+00:00\",\"description\":\"Conectamos el mensaje de tu banda musical con audiencias interesadas en conocerles | Te ayudamos a alcanzar tus objetivos | HAGAMOS QUE SUCEDA\",\"breadcrumb\":{\"@id\":\"https:\/\/www.equalmedia.mx\/site\/industria-musical\/comienza-la-cuenta-atras-para-bime-bogota5-dias-de-musica-y-conocimiento\/#breadcrumb\"},\"inLanguage\":\"es\",\"potentialAction\":[{\"@type\":\"ReadAction\",\"target\":[\"https:\/\/www.equalmedia.mx\/site\/industria-musical\/comienza-la-cuenta-atras-para-bime-bogota5-dias-de-musica-y-conocimiento\/\"]}]},{\"@type\":\"ImageObject\",\"inLanguage\":\"es\",\"@id\":\"https:\/\/www.equalmedia.mx\/site\/industria-musical\/comienza-la-cuenta-atras-para-bime-bogota5-dias-de-musica-y-conocimiento\/#primaryimage\",\"url\":\"https:\/\/www.equalmedia.mx\/site\/wp-content\/uploads\/2023\/04\/BIME_PRO_Universidad_Ean.png\",\"contentUrl\":\"https:\/\/www.equalmedia.mx\/site\/wp-content\/uploads\/2023\/04\/BIME_PRO_Universidad_Ean.png\",\"width\":2620,\"height\":1632},{\"@type\":\"BreadcrumbList\",\"@id\":\"https:\/\/www.equalmedia.mx\/site\/industria-musical\/comienza-la-cuenta-atras-para-bime-bogota5-dias-de-musica-y-conocimiento\/#breadcrumb\",\"itemListElement\":[{\"@type\":\"ListItem\",\"position\":1,\"name\":\"Inicio\",\"item\":\"https:\/\/www.equalmedia.mx\/site\/\"},{\"@type\":\"ListItem\",\"position\":2,\"name\":\"COMIENZA LA CUENTA ATR\u00c1S PARA BIME BOGOT\u00c1,5 D\u00cdAS DE M\u00daSICA Y CONOCIMIENTO\"}]},{\"@type\":\"WebSite\",\"@id\":\"https:\/\/www.equalmedia.mx\/site\/#website\",\"url\":\"https:\/\/www.equalmedia.mx\/site\/\",\"name\":\"EQUAL MUSIC | Cultura Latina en Movimiento\",\"description\":\"Ritmo en movimiento.\",\"publisher\":{\"@id\":\"https:\/\/www.equalmedia.mx\/site\/#organization\"},\"potentialAction\":[{\"@type\":\"SearchAction\",\"target\":{\"@type\":\"EntryPoint\",\"urlTemplate\":\"https:\/\/www.equalmedia.mx\/site\/?s={search_term_string}\"},\"query-input\":{\"@type\":\"PropertyValueSpecification\",\"valueRequired\":true,\"valueName\":\"search_term_string\"}}],\"inLanguage\":\"es\"},{\"@type\":\"Organization\",\"@id\":\"https:\/\/www.equalmedia.mx\/site\/#organization\",\"name\":\"EQUAL MUSIC | Cultura Latina en Movimiento\",\"url\":\"https:\/\/www.equalmedia.mx\/site\/\",\"logo\":{\"@type\":\"ImageObject\",\"inLanguage\":\"es\",\"@id\":\"https:\/\/www.equalmedia.mx\/site\/#\/schema\/logo\/image\/\",\"url\":\"https:\/\/www.equalmedia.mx\/site\/wp-content\/uploads\/2021\/07\/logoblanco.png\",\"contentUrl\":\"https:\/\/www.equalmedia.mx\/site\/wp-content\/uploads\/2021\/07\/logoblanco.png\",\"width\":1920,\"height\":589,\"caption\":\"EQUAL MUSIC | Cultura Latina en Movimiento\"},\"image\":{\"@id\":\"https:\/\/www.equalmedia.mx\/site\/#\/schema\/logo\/image\/\"}},{\"@type\":\"Person\",\"@id\":\"https:\/\/www.equalmedia.mx\/site\/#\/schema\/person\/41b6e60d650a80262fa6b5189bbb9f20\",\"name\":\"Equal Media\",\"image\":{\"@type\":\"ImageObject\",\"inLanguage\":\"es\",\"@id\":\"https:\/\/www.equalmedia.mx\/site\/#\/schema\/person\/image\/\",\"url\":\"https:\/\/secure.gravatar.com\/avatar\/51c3f8f080f557c61349ab37ab35c9f967b3b271510dd8ef0b9b16a3dd5a89e9?s=96&d=mm&r=g\",\"contentUrl\":\"https:\/\/secure.gravatar.com\/avatar\/51c3f8f080f557c61349ab37ab35c9f967b3b271510dd8ef0b9b16a3dd5a89e9?s=96&d=mm&r=g\",\"caption\":\"Equal Media\"},\"description\":\"Equal Media es una productora y agencia de estrategia cultural transmedia que impulsa la visibilidad de la m\u00fasica y cultura latina a trav\u00e9s de contenidos originales, multiplataforma y con enfoque social. Con operaci\u00f3n desde Estados Unidos, M\u00e9xico y Colombia, Equal Media se ha consolidado como un actor clave en la narrativa documental, la curadur\u00eda musical y la creaci\u00f3n de formatos de alto impacto para audiencias latinas globales. Sus producciones incluyen Equal Music Sessions \u2014con m\u00e1s de 300 artistas programados en LATV Network\u2014, la serie Hunters y el documental 4TRO EL3MENTOS. Sus contenidos son emitidos en prime time en EE.UU. v\u00eda LATV y VOD, alcanzando m\u00e1s de 62 millones de hogares en mercados como Nueva York, Los \u00c1ngeles, Miami y Chicago. Equal Media ha estado presente con cobertura original y branded content en eventos como el Media Hub de los Latin Grammys, LAMC (NY), BIME (Bilbao, Bogot\u00e1), Vive Latino (CDMX), MIM LATAM, CAMM, entre otros hubs de la industria. Aliada de plataformas como Keychange, Femnoise, We Make Noise y la Municipalidad de Quilicura (Chile), Equal Media promueve una industria m\u00e1s equitativa, programando de forma activa proyectos liderados por mujeres, comunidades LGBTQ+ y sectores vulnerables. Bajo la direcci\u00f3n de Ulises Sanher \u2014reconocido por la UNAM y otras instituciones acad\u00e9micas por su labor cultural\u2014, Equal Media ha contribuido a formar nuevas audiencias desde la educaci\u00f3n, el activismo y la creatividad. Sanher ha sido invitado como speaker en foros como Circulart (COL), FIMPRO (MEX), Canadian Music Week (CAN), FME (CAN), SIM S\u00e3o Paulo (BR), MUPA (PAN), Corriente (PER) y Brasil Trends Conference. Tambi\u00e9n ha sido jurado externo de los Premios Rolling Stone en Espa\u00f1ol en Miami y ha ofrecido asesor\u00eda creativa en colaboraci\u00f3n con Berklee Valencia y la Asociaci\u00f3n de Supervisores Musicales.\",\"sameAs\":[\"https:\/\/www.equalmedia.mx\/\",\"https:\/\/www.instagram.com\/equal.music\",\"https:\/\/www.linkedin.com\/in\/ulises-sanher\/\",\"https:\/\/www.youtube.com\/@equalmusicworld\"],\"url\":\"https:\/\/www.equalmedia.mx\/site\/author\/admin\/\"}]}<\/script>\n<!-- \/ Yoast SEO plugin. -->","yoast_head_json":{"title":"Equal Media | Hagamos que Suceda","description":"Conectamos el mensaje de tu banda musical con audiencias interesadas en conocerles | Te ayudamos a alcanzar tus objetivos | HAGAMOS QUE SUCEDA","robots":{"index":"index","follow":"follow","max-snippet":"max-snippet:-1","max-image-preview":"max-image-preview:large","max-video-preview":"max-video-preview:-1"},"canonical":"https:\/\/www.equalmedia.mx\/site\/industria-musical\/comienza-la-cuenta-atras-para-bime-bogota5-dias-de-musica-y-conocimiento\/","og_locale":"es_ES","og_type":"article","og_title":"Equal Media | Hagamos que Suceda","og_description":"Conectamos el mensaje de tu banda musical con audiencias interesadas en conocerles | Te ayudamos a alcanzar tus objetivos | HAGAMOS QUE SUCEDA","og_url":"https:\/\/www.equalmedia.mx\/site\/industria-musical\/comienza-la-cuenta-atras-para-bime-bogota5-dias-de-musica-y-conocimiento\/","og_site_name":"EQUAL MUSIC | Cultura Latina en Movimiento","article_published_time":"2023-04-25T03:17:23+00:00","article_modified_time":"2023-04-25T03:17:24+00:00","og_image":[{"width":1024,"height":638,"url":"https:\/\/www.equalmedia.mx\/site\/wp-content\/uploads\/2023\/04\/BIME_PRO_Universidad_Ean-1024x638.png","type":"image\/png"}],"author":"Equal Media","twitter_card":"summary_large_image","twitter_misc":{"Escrito por":"Equal Media","Tiempo de lectura":"8 minutos"},"schema":{"@context":"https:\/\/schema.org","@graph":[{"@type":"Article","@id":"https:\/\/www.equalmedia.mx\/site\/industria-musical\/comienza-la-cuenta-atras-para-bime-bogota5-dias-de-musica-y-conocimiento\/#article","isPartOf":{"@id":"https:\/\/www.equalmedia.mx\/site\/industria-musical\/comienza-la-cuenta-atras-para-bime-bogota5-dias-de-musica-y-conocimiento\/"},"author":{"name":"Equal Media","@id":"https:\/\/www.equalmedia.mx\/site\/#\/schema\/person\/41b6e60d650a80262fa6b5189bbb9f20"},"headline":"COMIENZA LA CUENTA ATR\u00c1S PARA BIME BOGOT\u00c1,5 D\u00cdAS DE M\u00daSICA Y CONOCIMIENTO","datePublished":"2023-04-25T03:17:23+00:00","dateModified":"2023-04-25T03:17:24+00:00","mainEntityOfPage":{"@id":"https:\/\/www.equalmedia.mx\/site\/industria-musical\/comienza-la-cuenta-atras-para-bime-bogota5-dias-de-musica-y-conocimiento\/"},"wordCount":1547,"publisher":{"@id":"https:\/\/www.equalmedia.mx\/site\/#organization"},"image":{"@id":"https:\/\/www.equalmedia.mx\/site\/industria-musical\/comienza-la-cuenta-atras-para-bime-bogota5-dias-de-musica-y-conocimiento\/#primaryimage"},"thumbnailUrl":"https:\/\/www.equalmedia.mx\/site\/wp-content\/uploads\/2023\/04\/BIME_PRO_Universidad_Ean.png","articleSection":["Industria Musical","Mercados","Recomendaciones"],"inLanguage":"es"},{"@type":"WebPage","@id":"https:\/\/www.equalmedia.mx\/site\/industria-musical\/comienza-la-cuenta-atras-para-bime-bogota5-dias-de-musica-y-conocimiento\/","url":"https:\/\/www.equalmedia.mx\/site\/industria-musical\/comienza-la-cuenta-atras-para-bime-bogota5-dias-de-musica-y-conocimiento\/","name":"Equal Media | Hagamos que Suceda","isPartOf":{"@id":"https:\/\/www.equalmedia.mx\/site\/#website"},"primaryImageOfPage":{"@id":"https:\/\/www.equalmedia.mx\/site\/industria-musical\/comienza-la-cuenta-atras-para-bime-bogota5-dias-de-musica-y-conocimiento\/#primaryimage"},"image":{"@id":"https:\/\/www.equalmedia.mx\/site\/industria-musical\/comienza-la-cuenta-atras-para-bime-bogota5-dias-de-musica-y-conocimiento\/#primaryimage"},"thumbnailUrl":"https:\/\/www.equalmedia.mx\/site\/wp-content\/uploads\/2023\/04\/BIME_PRO_Universidad_Ean.png","datePublished":"2023-04-25T03:17:23+00:00","dateModified":"2023-04-25T03:17:24+00:00","description":"Conectamos el mensaje de tu banda musical con audiencias interesadas en conocerles | Te ayudamos a alcanzar tus objetivos | HAGAMOS QUE SUCEDA","breadcrumb":{"@id":"https:\/\/www.equalmedia.mx\/site\/industria-musical\/comienza-la-cuenta-atras-para-bime-bogota5-dias-de-musica-y-conocimiento\/#breadcrumb"},"inLanguage":"es","potentialAction":[{"@type":"ReadAction","target":["https:\/\/www.equalmedia.mx\/site\/industria-musical\/comienza-la-cuenta-atras-para-bime-bogota5-dias-de-musica-y-conocimiento\/"]}]},{"@type":"ImageObject","inLanguage":"es","@id":"https:\/\/www.equalmedia.mx\/site\/industria-musical\/comienza-la-cuenta-atras-para-bime-bogota5-dias-de-musica-y-conocimiento\/#primaryimage","url":"https:\/\/www.equalmedia.mx\/site\/wp-content\/uploads\/2023\/04\/BIME_PRO_Universidad_Ean.png","contentUrl":"https:\/\/www.equalmedia.mx\/site\/wp-content\/uploads\/2023\/04\/BIME_PRO_Universidad_Ean.png","width":2620,"height":1632},{"@type":"BreadcrumbList","@id":"https:\/\/www.equalmedia.mx\/site\/industria-musical\/comienza-la-cuenta-atras-para-bime-bogota5-dias-de-musica-y-conocimiento\/#breadcrumb","itemListElement":[{"@type":"ListItem","position":1,"name":"Inicio","item":"https:\/\/www.equalmedia.mx\/site\/"},{"@type":"ListItem","position":2,"name":"COMIENZA LA CUENTA ATR\u00c1S PARA BIME BOGOT\u00c1,5 D\u00cdAS DE M\u00daSICA Y CONOCIMIENTO"}]},{"@type":"WebSite","@id":"https:\/\/www.equalmedia.mx\/site\/#website","url":"https:\/\/www.equalmedia.mx\/site\/","name":"EQUAL MUSIC | Cultura Latina en Movimiento","description":"Ritmo en movimiento.","publisher":{"@id":"https:\/\/www.equalmedia.mx\/site\/#organization"},"potentialAction":[{"@type":"SearchAction","target":{"@type":"EntryPoint","urlTemplate":"https:\/\/www.equalmedia.mx\/site\/?s={search_term_string}"},"query-input":{"@type":"PropertyValueSpecification","valueRequired":true,"valueName":"search_term_string"}}],"inLanguage":"es"},{"@type":"Organization","@id":"https:\/\/www.equalmedia.mx\/site\/#organization","name":"EQUAL MUSIC | Cultura Latina en Movimiento","url":"https:\/\/www.equalmedia.mx\/site\/","logo":{"@type":"ImageObject","inLanguage":"es","@id":"https:\/\/www.equalmedia.mx\/site\/#\/schema\/logo\/image\/","url":"https:\/\/www.equalmedia.mx\/site\/wp-content\/uploads\/2021\/07\/logoblanco.png","contentUrl":"https:\/\/www.equalmedia.mx\/site\/wp-content\/uploads\/2021\/07\/logoblanco.png","width":1920,"height":589,"caption":"EQUAL MUSIC | Cultura Latina en Movimiento"},"image":{"@id":"https:\/\/www.equalmedia.mx\/site\/#\/schema\/logo\/image\/"}},{"@type":"Person","@id":"https:\/\/www.equalmedia.mx\/site\/#\/schema\/person\/41b6e60d650a80262fa6b5189bbb9f20","name":"Equal Media","image":{"@type":"ImageObject","inLanguage":"es","@id":"https:\/\/www.equalmedia.mx\/site\/#\/schema\/person\/image\/","url":"https:\/\/secure.gravatar.com\/avatar\/51c3f8f080f557c61349ab37ab35c9f967b3b271510dd8ef0b9b16a3dd5a89e9?s=96&d=mm&r=g","contentUrl":"https:\/\/secure.gravatar.com\/avatar\/51c3f8f080f557c61349ab37ab35c9f967b3b271510dd8ef0b9b16a3dd5a89e9?s=96&d=mm&r=g","caption":"Equal Media"},"description":"Equal Media es una productora y agencia de estrategia cultural transmedia que impulsa la visibilidad de la m\u00fasica y cultura latina a trav\u00e9s de contenidos originales, multiplataforma y con enfoque social. Con operaci\u00f3n desde Estados Unidos, M\u00e9xico y Colombia, Equal Media se ha consolidado como un actor clave en la narrativa documental, la curadur\u00eda musical y la creaci\u00f3n de formatos de alto impacto para audiencias latinas globales. Sus producciones incluyen Equal Music Sessions \u2014con m\u00e1s de 300 artistas programados en LATV Network\u2014, la serie Hunters y el documental 4TRO EL3MENTOS. Sus contenidos son emitidos en prime time en EE.UU. v\u00eda LATV y VOD, alcanzando m\u00e1s de 62 millones de hogares en mercados como Nueva York, Los \u00c1ngeles, Miami y Chicago. Equal Media ha estado presente con cobertura original y branded content en eventos como el Media Hub de los Latin Grammys, LAMC (NY), BIME (Bilbao, Bogot\u00e1), Vive Latino (CDMX), MIM LATAM, CAMM, entre otros hubs de la industria. Aliada de plataformas como Keychange, Femnoise, We Make Noise y la Municipalidad de Quilicura (Chile), Equal Media promueve una industria m\u00e1s equitativa, programando de forma activa proyectos liderados por mujeres, comunidades LGBTQ+ y sectores vulnerables. Bajo la direcci\u00f3n de Ulises Sanher \u2014reconocido por la UNAM y otras instituciones acad\u00e9micas por su labor cultural\u2014, Equal Media ha contribuido a formar nuevas audiencias desde la educaci\u00f3n, el activismo y la creatividad. Sanher ha sido invitado como speaker en foros como Circulart (COL), FIMPRO (MEX), Canadian Music Week (CAN), FME (CAN), SIM S\u00e3o Paulo (BR), MUPA (PAN), Corriente (PER) y Brasil Trends Conference. Tambi\u00e9n ha sido jurado externo de los Premios Rolling Stone en Espa\u00f1ol en Miami y ha ofrecido asesor\u00eda creativa en colaboraci\u00f3n con Berklee Valencia y la Asociaci\u00f3n de Supervisores Musicales.","sameAs":["https:\/\/www.equalmedia.mx\/","https:\/\/www.instagram.com\/equal.music","https:\/\/www.linkedin.com\/in\/ulises-sanher\/","https:\/\/www.youtube.com\/@equalmusicworld"],"url":"https:\/\/www.equalmedia.mx\/site\/author\/admin\/"}]}},"_links":{"self":[{"href":"https:\/\/www.equalmedia.mx\/site\/wp-json\/wp\/v2\/posts\/6518","targetHints":{"allow":["GET"]}}],"collection":[{"href":"https:\/\/www.equalmedia.mx\/site\/wp-json\/wp\/v2\/posts"}],"about":[{"href":"https:\/\/www.equalmedia.mx\/site\/wp-json\/wp\/v2\/types\/post"}],"author":[{"embeddable":true,"href":"https:\/\/www.equalmedia.mx\/site\/wp-json\/wp\/v2\/users\/1"}],"replies":[{"embeddable":true,"href":"https:\/\/www.equalmedia.mx\/site\/wp-json\/wp\/v2\/comments?post=6518"}],"version-history":[{"count":1,"href":"https:\/\/www.equalmedia.mx\/site\/wp-json\/wp\/v2\/posts\/6518\/revisions"}],"predecessor-version":[{"id":6525,"href":"https:\/\/www.equalmedia.mx\/site\/wp-json\/wp\/v2\/posts\/6518\/revisions\/6525"}],"wp:featuredmedia":[{"embeddable":true,"href":"https:\/\/www.equalmedia.mx\/site\/wp-json\/wp\/v2\/media\/6519"}],"wp:attachment":[{"href":"https:\/\/www.equalmedia.mx\/site\/wp-json\/wp\/v2\/media?parent=6518"}],"wp:term":[{"taxonomy":"category","embeddable":true,"href":"https:\/\/www.equalmedia.mx\/site\/wp-json\/wp\/v2\/categories?post=6518"},{"taxonomy":"post_tag","embeddable":true,"href":"https:\/\/www.equalmedia.mx\/site\/wp-json\/wp\/v2\/tags?post=6518"}],"curies":[{"name":"wp","href":"https:\/\/api.w.org\/{rel}","templated":true}]}}