{"id":6542,"date":"2023-06-01T20:39:07","date_gmt":"2023-06-01T20:39:07","guid":{"rendered":"https:\/\/www.equalmedia.mx\/site\/?p=6542"},"modified":"2023-06-01T20:39:08","modified_gmt":"2023-06-01T20:39:08","slug":"chilean-wey-anuncia-line-up-para-edicion-chilena","status":"publish","type":"post","link":"https:\/\/www.equalmedia.mx\/site\/concertos\/chilean-wey-anuncia-line-up-para-edicion-chilena\/","title":{"rendered":"Chilean Wey anuncia line up para edici\u00f3n chilena"},"content":{"rendered":"\n<p>Por: Equal Music<\/p>\n\n\n\n<ul class=\"wp-block-list\">\n<li><strong>El festival de m\u00fasica que fue un \u00e9xito total en M\u00e9xico realizar\u00e1<br>su primera versi\u00f3n el 1 y 2 de septiembre en Santiago y el 2 y<br>3 de septiembre en Talcahuano.<\/strong><\/li>\n\n\n\n<li><strong>El esperado regreso de Plastilina Mosh, adem\u00e1s de CAMI, Ely<br>Guerra, Nicole, Pato Machete y el espect\u00e1culo homenaje a<br>Jorge Gonz\u00e1lez, son algunas de las atracciones de cartel para<br>ambas ciudades.<\/strong><\/li>\n<\/ul>\n\n\n\n<p>Hace un a\u00f1o, Chile y M\u00e9xico se unieron en un festival in\u00e9dito en torno a la m\u00fasica y la<br>cultura. Debido a su \u00e9xito y gran convocatoria, el evento Chilean Wey anunci\u00f3 su realizaci\u00f3n<br>en nuestro pa\u00eds inicialmente del 24 al 26 de febrero, sin embargo \u00e9ste tuvo que ser<br>trasladado para el pr\u00f3ximo 1 y 2 de septiembre en la Estaci\u00f3n Mapocho de Santiago y el<br>2 y 3 de septiembre en La Tortuga de Talcahuano, con un line up insuperable de artistas<br>de ambas naciones, junto a invitados de Brasil, Per\u00fa, Colombia y Argentina.<br>En Santiago, el viernes 1, se presentar\u00e1 el espect\u00e1culo \u201cJorge Gonz\u00e1lez &#8211; Esencial\u201d<br>con Gonzalo Y\u00e1\u00f1ez, Pedropiedra y Delaselva, acompa\u00f1ados de famosos invitados del<br>paisaje musical chileno. Adem\u00e1s, estar\u00e1n presentes Plastilina Mosh, Camilo S\u00e9ptimo,<br>De Saloon, DLD, Ases Falsos, Frank\u2019s White Canvas, Elis Paprika, San Pascualito Rey,<br>Maglore, Gonzalo Y\u00e1\u00f1ez y Noah Blanco. Mientras que el s\u00e1bado 2, el show estar\u00e1<br>compuesto por CAMI, Ely Guerra, Nicole, Gondwana, Junior Zamora, Pato Machete<br>(Control Machete), Juanito Ayala, Yael Meyer, Milena Warthon, Los Frutantes, Erich y<br>Astronautiko.<\/p>\n\n\n\n<figure class=\"wp-block-image size-large\"><img fetchpriority=\"high\" decoding=\"async\" width=\"819\" height=\"1024\" src=\"https:\/\/www.equalmedia.mx\/site\/wp-content\/uploads\/2023\/06\/CHW-Feed-Talcahuano-819x1024.png\" alt=\"\" class=\"wp-image-6544\" srcset=\"https:\/\/www.equalmedia.mx\/site\/wp-content\/uploads\/2023\/06\/CHW-Feed-Talcahuano-819x1024.png 819w, https:\/\/www.equalmedia.mx\/site\/wp-content\/uploads\/2023\/06\/CHW-Feed-Talcahuano-240x300.png 240w, https:\/\/www.equalmedia.mx\/site\/wp-content\/uploads\/2023\/06\/CHW-Feed-Talcahuano-768x960.png 768w, https:\/\/www.equalmedia.mx\/site\/wp-content\/uploads\/2023\/06\/CHW-Feed-Talcahuano-300x375.png 300w, https:\/\/www.equalmedia.mx\/site\/wp-content\/uploads\/2023\/06\/CHW-Feed-Talcahuano-600x750.png 600w, https:\/\/www.equalmedia.mx\/site\/wp-content\/uploads\/2023\/06\/CHW-Feed-Talcahuano.png 1080w\" sizes=\"(max-width: 819px) 100vw, 819px\" \/><\/figure>\n\n\n\n<p><br>Asimismo, se comunica que la versi\u00f3n agendada en la VIII Regi\u00f3n cambi\u00f3 su ubicaci\u00f3n a La<br>Tortuga de Talcahuano, recinto que cumple con las ambiciones del festival para su correcta<br>realizaci\u00f3n y adem\u00e1s en el mes de junio y julio promete sumar m\u00e1s artistas al line up.<\/p>\n\n\n\n<p><strong>De esta forma, el s\u00e1bado 2 en Talcahuano, se presentar\u00e1 \u201cJorge Gonz\u00e1lez &#8211; Esencial\u201d<br>con Gonzalo Y\u00e1\u00f1ez, Pedropiedra y Delaselva + invitados, junto a Plastilina Mosh,<br>Camilo S\u00e9ptimo, De Saloon, DLD, Ases Falsos, Frank\u2019s White Canvas, Elis Paprika,<br>San Pascualito Rey y Maglore. Por su parte, el domingo 3 se presentar\u00e1n CAMI, Ely<br>Guerra, Nicole, Gondwana, Pato Machete (Control Machete), Junior Zamora, Sol<br>Pereyra, Yael Meyer, Juanito Ayala, Milena Warthon, Los Frutantes y Erich.<\/strong><\/p>\n\n\n\n<figure class=\"wp-block-embed is-type-video is-provider-youtube wp-block-embed-youtube wp-embed-aspect-16-9 wp-has-aspect-ratio\"><div class=\"wp-block-embed__wrapper\">\n<iframe title=\"Chilean Wey Festival\" width=\"1300\" height=\"731\" data-src=\"https:\/\/www.youtube.com\/embed\/GTcBpONxhe8?start=84&#038;feature=oembed\" frameborder=\"0\" allow=\"accelerometer; autoplay; clipboard-write; encrypted-media; gyroscope; picture-in-picture; web-share\" allowfullscreen src=\"data:image\/svg+xml;base64,PHN2ZyB3aWR0aD0iMSIgaGVpZ2h0PSIxIiB4bWxucz0iaHR0cDovL3d3dy53My5vcmcvMjAwMC9zdmciPjwvc3ZnPg==\" class=\"lazyload\" data-load-mode=\"1\"><\/iframe>\n<\/div><\/figure>\n\n\n\n<p>Chilean Wey fue creado por los profesionales de la industria musical chilena, Claudia Pereira<br>y \u00c1lvaro Guerrero, durante la pandemia, cuando los m\u00fasicos chilenos no pod\u00edan tocar. En<br>ese tiempo, todos los pa\u00edses del continente, excepto Chile, ya hab\u00edan abierto sus salas de<br>concierto y sus festivales, motivo por el que naci\u00f3 este evento musical, al que asistieron m\u00e1s<br>de 6 mil personas en lo que se transform\u00f3 en un verdadero polo de desarrollo, que incluy\u00f3<br>conferencias y actividades ligadas al arte, la gastronom\u00eda y a la cultura en general.<br>No te pierdas detalles y sigue a Chilean Wey en sus redes sociales y sitio web<br>www.chileanwey.com<br>Los tickets emitidos para las anteriores fechas son absolutamente v\u00e1lidos para Chilean Wey<br>2023 en Santiago y Talcahuano. Entradas a la venta en Passline.<\/p>\n","protected":false},"excerpt":{"rendered":"<p>Por: Equal Music Hace un a\u00f1o, Chile y M\u00e9xico se unieron en un festival in\u00e9dito en torno a la m\u00fasica y lacultura. Debido a su \u00e9xito y gran convocatoria, el evento Chilean Wey anunci\u00f3 su realizaci\u00f3nen nuestro pa\u00eds inicialmente del 24 al 26 de febrero, sin embargo \u00e9ste tuvo que sertrasladado para el pr\u00f3ximo 1 [&hellip;]<\/p>\n","protected":false},"author":1,"featured_media":6543,"comment_status":"closed","ping_status":"closed","sticky":false,"template":"","format":"standard","meta":{"footnotes":""},"categories":[311,17],"tags":[],"class_list":["post-6542","post","type-post","status-publish","format-standard","has-post-thumbnail","hentry","category-cobertura","category-concertos"],"yoast_head":"<!-- This site is optimized with the Yoast SEO plugin v26.6 - https:\/\/yoast.com\/wordpress\/plugins\/seo\/ -->\n<title>Equal Media | Hagamos que Suceda<\/title>\n<meta name=\"description\" content=\"Conectamos el mensaje de tu banda musical con audiencias interesadas en conocerles | Te ayudamos a alcanzar tus objetivos | HAGAMOS QUE SUCEDA\" \/>\n<meta name=\"robots\" content=\"index, follow, max-snippet:-1, max-image-preview:large, max-video-preview:-1\" \/>\n<link rel=\"canonical\" href=\"https:\/\/www.equalmedia.mx\/site\/concertos\/chilean-wey-anuncia-line-up-para-edicion-chilena\/\" \/>\n<meta property=\"og:locale\" content=\"es_ES\" \/>\n<meta property=\"og:type\" content=\"article\" \/>\n<meta property=\"og:title\" content=\"Equal Media | Hagamos que Suceda\" \/>\n<meta property=\"og:description\" content=\"Conectamos el mensaje de tu banda musical con audiencias interesadas en conocerles | Te ayudamos a alcanzar tus objetivos | HAGAMOS QUE SUCEDA\" \/>\n<meta property=\"og:url\" content=\"https:\/\/www.equalmedia.mx\/site\/concertos\/chilean-wey-anuncia-line-up-para-edicion-chilena\/\" \/>\n<meta property=\"og:site_name\" content=\"EQUAL MUSIC | Cultura Latina en Movimiento\" \/>\n<meta property=\"article:published_time\" content=\"2023-06-01T20:39:07+00:00\" \/>\n<meta property=\"article:modified_time\" content=\"2023-06-01T20:39:08+00:00\" \/>\n<meta property=\"og:image\" content=\"https:\/\/www.equalmedia.mx\/site\/wp-content\/uploads\/2023\/06\/CHW-Feed-Santiago.png\" \/>\n\t<meta property=\"og:image:width\" content=\"1080\" \/>\n\t<meta property=\"og:image:height\" content=\"1350\" \/>\n\t<meta property=\"og:image:type\" content=\"image\/png\" \/>\n<meta name=\"author\" content=\"Equal Media\" \/>\n<meta name=\"twitter:card\" content=\"summary_large_image\" \/>\n<meta name=\"twitter:label1\" content=\"Escrito por\" \/>\n\t<meta name=\"twitter:data1\" content=\"Equal Media\" \/>\n\t<meta name=\"twitter:label2\" content=\"Tiempo de lectura\" \/>\n\t<meta name=\"twitter:data2\" content=\"3 minutos\" \/>\n<script type=\"application\/ld+json\" class=\"yoast-schema-graph\">{\"@context\":\"https:\/\/schema.org\",\"@graph\":[{\"@type\":\"Article\",\"@id\":\"https:\/\/www.equalmedia.mx\/site\/concertos\/chilean-wey-anuncia-line-up-para-edicion-chilena\/#article\",\"isPartOf\":{\"@id\":\"https:\/\/www.equalmedia.mx\/site\/concertos\/chilean-wey-anuncia-line-up-para-edicion-chilena\/\"},\"author\":{\"name\":\"Equal Media\",\"@id\":\"https:\/\/www.equalmedia.mx\/site\/#\/schema\/person\/41b6e60d650a80262fa6b5189bbb9f20\"},\"headline\":\"Chilean Wey anuncia line up para edici\u00f3n chilena\",\"datePublished\":\"2023-06-01T20:39:07+00:00\",\"dateModified\":\"2023-06-01T20:39:08+00:00\",\"mainEntityOfPage\":{\"@id\":\"https:\/\/www.equalmedia.mx\/site\/concertos\/chilean-wey-anuncia-line-up-para-edicion-chilena\/\"},\"wordCount\":527,\"publisher\":{\"@id\":\"https:\/\/www.equalmedia.mx\/site\/#organization\"},\"image\":{\"@id\":\"https:\/\/www.equalmedia.mx\/site\/concertos\/chilean-wey-anuncia-line-up-para-edicion-chilena\/#primaryimage\"},\"thumbnailUrl\":\"https:\/\/www.equalmedia.mx\/site\/wp-content\/uploads\/2023\/06\/CHW-Feed-Santiago.png\",\"articleSection\":[\"Cobertura\",\"Conciertos\"],\"inLanguage\":\"es\"},{\"@type\":\"WebPage\",\"@id\":\"https:\/\/www.equalmedia.mx\/site\/concertos\/chilean-wey-anuncia-line-up-para-edicion-chilena\/\",\"url\":\"https:\/\/www.equalmedia.mx\/site\/concertos\/chilean-wey-anuncia-line-up-para-edicion-chilena\/\",\"name\":\"Equal Media | Hagamos que Suceda\",\"isPartOf\":{\"@id\":\"https:\/\/www.equalmedia.mx\/site\/#website\"},\"primaryImageOfPage\":{\"@id\":\"https:\/\/www.equalmedia.mx\/site\/concertos\/chilean-wey-anuncia-line-up-para-edicion-chilena\/#primaryimage\"},\"image\":{\"@id\":\"https:\/\/www.equalmedia.mx\/site\/concertos\/chilean-wey-anuncia-line-up-para-edicion-chilena\/#primaryimage\"},\"thumbnailUrl\":\"https:\/\/www.equalmedia.mx\/site\/wp-content\/uploads\/2023\/06\/CHW-Feed-Santiago.png\",\"datePublished\":\"2023-06-01T20:39:07+00:00\",\"dateModified\":\"2023-06-01T20:39:08+00:00\",\"description\":\"Conectamos el mensaje de tu banda musical con audiencias interesadas en conocerles | Te ayudamos a alcanzar tus objetivos | HAGAMOS QUE SUCEDA\",\"breadcrumb\":{\"@id\":\"https:\/\/www.equalmedia.mx\/site\/concertos\/chilean-wey-anuncia-line-up-para-edicion-chilena\/#breadcrumb\"},\"inLanguage\":\"es\",\"potentialAction\":[{\"@type\":\"ReadAction\",\"target\":[\"https:\/\/www.equalmedia.mx\/site\/concertos\/chilean-wey-anuncia-line-up-para-edicion-chilena\/\"]}]},{\"@type\":\"ImageObject\",\"inLanguage\":\"es\",\"@id\":\"https:\/\/www.equalmedia.mx\/site\/concertos\/chilean-wey-anuncia-line-up-para-edicion-chilena\/#primaryimage\",\"url\":\"https:\/\/www.equalmedia.mx\/site\/wp-content\/uploads\/2023\/06\/CHW-Feed-Santiago.png\",\"contentUrl\":\"https:\/\/www.equalmedia.mx\/site\/wp-content\/uploads\/2023\/06\/CHW-Feed-Santiago.png\",\"width\":1080,\"height\":1350},{\"@type\":\"BreadcrumbList\",\"@id\":\"https:\/\/www.equalmedia.mx\/site\/concertos\/chilean-wey-anuncia-line-up-para-edicion-chilena\/#breadcrumb\",\"itemListElement\":[{\"@type\":\"ListItem\",\"position\":1,\"name\":\"Inicio\",\"item\":\"https:\/\/www.equalmedia.mx\/site\/\"},{\"@type\":\"ListItem\",\"position\":2,\"name\":\"Chilean Wey anuncia line up para edici\u00f3n chilena\"}]},{\"@type\":\"WebSite\",\"@id\":\"https:\/\/www.equalmedia.mx\/site\/#website\",\"url\":\"https:\/\/www.equalmedia.mx\/site\/\",\"name\":\"EQUAL MUSIC | Cultura Latina en Movimiento\",\"description\":\"Ritmo en movimiento.\",\"publisher\":{\"@id\":\"https:\/\/www.equalmedia.mx\/site\/#organization\"},\"potentialAction\":[{\"@type\":\"SearchAction\",\"target\":{\"@type\":\"EntryPoint\",\"urlTemplate\":\"https:\/\/www.equalmedia.mx\/site\/?s={search_term_string}\"},\"query-input\":{\"@type\":\"PropertyValueSpecification\",\"valueRequired\":true,\"valueName\":\"search_term_string\"}}],\"inLanguage\":\"es\"},{\"@type\":\"Organization\",\"@id\":\"https:\/\/www.equalmedia.mx\/site\/#organization\",\"name\":\"EQUAL MUSIC | Cultura Latina en Movimiento\",\"url\":\"https:\/\/www.equalmedia.mx\/site\/\",\"logo\":{\"@type\":\"ImageObject\",\"inLanguage\":\"es\",\"@id\":\"https:\/\/www.equalmedia.mx\/site\/#\/schema\/logo\/image\/\",\"url\":\"https:\/\/www.equalmedia.mx\/site\/wp-content\/uploads\/2021\/07\/logoblanco.png\",\"contentUrl\":\"https:\/\/www.equalmedia.mx\/site\/wp-content\/uploads\/2021\/07\/logoblanco.png\",\"width\":1920,\"height\":589,\"caption\":\"EQUAL MUSIC | Cultura Latina en Movimiento\"},\"image\":{\"@id\":\"https:\/\/www.equalmedia.mx\/site\/#\/schema\/logo\/image\/\"}},{\"@type\":\"Person\",\"@id\":\"https:\/\/www.equalmedia.mx\/site\/#\/schema\/person\/41b6e60d650a80262fa6b5189bbb9f20\",\"name\":\"Equal Media\",\"image\":{\"@type\":\"ImageObject\",\"inLanguage\":\"es\",\"@id\":\"https:\/\/www.equalmedia.mx\/site\/#\/schema\/person\/image\/\",\"url\":\"https:\/\/secure.gravatar.com\/avatar\/51c3f8f080f557c61349ab37ab35c9f967b3b271510dd8ef0b9b16a3dd5a89e9?s=96&d=mm&r=g\",\"contentUrl\":\"https:\/\/secure.gravatar.com\/avatar\/51c3f8f080f557c61349ab37ab35c9f967b3b271510dd8ef0b9b16a3dd5a89e9?s=96&d=mm&r=g\",\"caption\":\"Equal Media\"},\"description\":\"Equal Media es una productora y agencia de estrategia cultural transmedia que impulsa la visibilidad de la m\u00fasica y cultura latina a trav\u00e9s de contenidos originales, multiplataforma y con enfoque social. Con operaci\u00f3n desde Estados Unidos, M\u00e9xico y Colombia, Equal Media se ha consolidado como un actor clave en la narrativa documental, la curadur\u00eda musical y la creaci\u00f3n de formatos de alto impacto para audiencias latinas globales. Sus producciones incluyen Equal Music Sessions \u2014con m\u00e1s de 300 artistas programados en LATV Network\u2014, la serie Hunters y el documental 4TRO EL3MENTOS. Sus contenidos son emitidos en prime time en EE.UU. v\u00eda LATV y VOD, alcanzando m\u00e1s de 62 millones de hogares en mercados como Nueva York, Los \u00c1ngeles, Miami y Chicago. Equal Media ha estado presente con cobertura original y branded content en eventos como el Media Hub de los Latin Grammys, LAMC (NY), BIME (Bilbao, Bogot\u00e1), Vive Latino (CDMX), MIM LATAM, CAMM, entre otros hubs de la industria. Aliada de plataformas como Keychange, Femnoise, We Make Noise y la Municipalidad de Quilicura (Chile), Equal Media promueve una industria m\u00e1s equitativa, programando de forma activa proyectos liderados por mujeres, comunidades LGBTQ+ y sectores vulnerables. Bajo la direcci\u00f3n de Ulises Sanher \u2014reconocido por la UNAM y otras instituciones acad\u00e9micas por su labor cultural\u2014, Equal Media ha contribuido a formar nuevas audiencias desde la educaci\u00f3n, el activismo y la creatividad. Sanher ha sido invitado como speaker en foros como Circulart (COL), FIMPRO (MEX), Canadian Music Week (CAN), FME (CAN), SIM S\u00e3o Paulo (BR), MUPA (PAN), Corriente (PER) y Brasil Trends Conference. Tambi\u00e9n ha sido jurado externo de los Premios Rolling Stone en Espa\u00f1ol en Miami y ha ofrecido asesor\u00eda creativa en colaboraci\u00f3n con Berklee Valencia y la Asociaci\u00f3n de Supervisores Musicales.\",\"sameAs\":[\"https:\/\/www.equalmedia.mx\/\",\"https:\/\/www.instagram.com\/equal.music\",\"https:\/\/www.linkedin.com\/in\/ulises-sanher\/\",\"https:\/\/www.youtube.com\/@equalmusicworld\"],\"url\":\"https:\/\/www.equalmedia.mx\/site\/author\/admin\/\"}]}<\/script>\n<!-- \/ Yoast SEO plugin. -->","yoast_head_json":{"title":"Equal Media | Hagamos que Suceda","description":"Conectamos el mensaje de tu banda musical con audiencias interesadas en conocerles | Te ayudamos a alcanzar tus objetivos | HAGAMOS QUE SUCEDA","robots":{"index":"index","follow":"follow","max-snippet":"max-snippet:-1","max-image-preview":"max-image-preview:large","max-video-preview":"max-video-preview:-1"},"canonical":"https:\/\/www.equalmedia.mx\/site\/concertos\/chilean-wey-anuncia-line-up-para-edicion-chilena\/","og_locale":"es_ES","og_type":"article","og_title":"Equal Media | Hagamos que Suceda","og_description":"Conectamos el mensaje de tu banda musical con audiencias interesadas en conocerles | Te ayudamos a alcanzar tus objetivos | HAGAMOS QUE SUCEDA","og_url":"https:\/\/www.equalmedia.mx\/site\/concertos\/chilean-wey-anuncia-line-up-para-edicion-chilena\/","og_site_name":"EQUAL MUSIC | Cultura Latina en Movimiento","article_published_time":"2023-06-01T20:39:07+00:00","article_modified_time":"2023-06-01T20:39:08+00:00","og_image":[{"width":1080,"height":1350,"url":"https:\/\/www.equalmedia.mx\/site\/wp-content\/uploads\/2023\/06\/CHW-Feed-Santiago.png","type":"image\/png"}],"author":"Equal Media","twitter_card":"summary_large_image","twitter_misc":{"Escrito por":"Equal Media","Tiempo de lectura":"3 minutos"},"schema":{"@context":"https:\/\/schema.org","@graph":[{"@type":"Article","@id":"https:\/\/www.equalmedia.mx\/site\/concertos\/chilean-wey-anuncia-line-up-para-edicion-chilena\/#article","isPartOf":{"@id":"https:\/\/www.equalmedia.mx\/site\/concertos\/chilean-wey-anuncia-line-up-para-edicion-chilena\/"},"author":{"name":"Equal Media","@id":"https:\/\/www.equalmedia.mx\/site\/#\/schema\/person\/41b6e60d650a80262fa6b5189bbb9f20"},"headline":"Chilean Wey anuncia line up para edici\u00f3n chilena","datePublished":"2023-06-01T20:39:07+00:00","dateModified":"2023-06-01T20:39:08+00:00","mainEntityOfPage":{"@id":"https:\/\/www.equalmedia.mx\/site\/concertos\/chilean-wey-anuncia-line-up-para-edicion-chilena\/"},"wordCount":527,"publisher":{"@id":"https:\/\/www.equalmedia.mx\/site\/#organization"},"image":{"@id":"https:\/\/www.equalmedia.mx\/site\/concertos\/chilean-wey-anuncia-line-up-para-edicion-chilena\/#primaryimage"},"thumbnailUrl":"https:\/\/www.equalmedia.mx\/site\/wp-content\/uploads\/2023\/06\/CHW-Feed-Santiago.png","articleSection":["Cobertura","Conciertos"],"inLanguage":"es"},{"@type":"WebPage","@id":"https:\/\/www.equalmedia.mx\/site\/concertos\/chilean-wey-anuncia-line-up-para-edicion-chilena\/","url":"https:\/\/www.equalmedia.mx\/site\/concertos\/chilean-wey-anuncia-line-up-para-edicion-chilena\/","name":"Equal Media | Hagamos que Suceda","isPartOf":{"@id":"https:\/\/www.equalmedia.mx\/site\/#website"},"primaryImageOfPage":{"@id":"https:\/\/www.equalmedia.mx\/site\/concertos\/chilean-wey-anuncia-line-up-para-edicion-chilena\/#primaryimage"},"image":{"@id":"https:\/\/www.equalmedia.mx\/site\/concertos\/chilean-wey-anuncia-line-up-para-edicion-chilena\/#primaryimage"},"thumbnailUrl":"https:\/\/www.equalmedia.mx\/site\/wp-content\/uploads\/2023\/06\/CHW-Feed-Santiago.png","datePublished":"2023-06-01T20:39:07+00:00","dateModified":"2023-06-01T20:39:08+00:00","description":"Conectamos el mensaje de tu banda musical con audiencias interesadas en conocerles | Te ayudamos a alcanzar tus objetivos | HAGAMOS QUE SUCEDA","breadcrumb":{"@id":"https:\/\/www.equalmedia.mx\/site\/concertos\/chilean-wey-anuncia-line-up-para-edicion-chilena\/#breadcrumb"},"inLanguage":"es","potentialAction":[{"@type":"ReadAction","target":["https:\/\/www.equalmedia.mx\/site\/concertos\/chilean-wey-anuncia-line-up-para-edicion-chilena\/"]}]},{"@type":"ImageObject","inLanguage":"es","@id":"https:\/\/www.equalmedia.mx\/site\/concertos\/chilean-wey-anuncia-line-up-para-edicion-chilena\/#primaryimage","url":"https:\/\/www.equalmedia.mx\/site\/wp-content\/uploads\/2023\/06\/CHW-Feed-Santiago.png","contentUrl":"https:\/\/www.equalmedia.mx\/site\/wp-content\/uploads\/2023\/06\/CHW-Feed-Santiago.png","width":1080,"height":1350},{"@type":"BreadcrumbList","@id":"https:\/\/www.equalmedia.mx\/site\/concertos\/chilean-wey-anuncia-line-up-para-edicion-chilena\/#breadcrumb","itemListElement":[{"@type":"ListItem","position":1,"name":"Inicio","item":"https:\/\/www.equalmedia.mx\/site\/"},{"@type":"ListItem","position":2,"name":"Chilean Wey anuncia line up para edici\u00f3n chilena"}]},{"@type":"WebSite","@id":"https:\/\/www.equalmedia.mx\/site\/#website","url":"https:\/\/www.equalmedia.mx\/site\/","name":"EQUAL MUSIC | Cultura Latina en Movimiento","description":"Ritmo en movimiento.","publisher":{"@id":"https:\/\/www.equalmedia.mx\/site\/#organization"},"potentialAction":[{"@type":"SearchAction","target":{"@type":"EntryPoint","urlTemplate":"https:\/\/www.equalmedia.mx\/site\/?s={search_term_string}"},"query-input":{"@type":"PropertyValueSpecification","valueRequired":true,"valueName":"search_term_string"}}],"inLanguage":"es"},{"@type":"Organization","@id":"https:\/\/www.equalmedia.mx\/site\/#organization","name":"EQUAL MUSIC | Cultura Latina en Movimiento","url":"https:\/\/www.equalmedia.mx\/site\/","logo":{"@type":"ImageObject","inLanguage":"es","@id":"https:\/\/www.equalmedia.mx\/site\/#\/schema\/logo\/image\/","url":"https:\/\/www.equalmedia.mx\/site\/wp-content\/uploads\/2021\/07\/logoblanco.png","contentUrl":"https:\/\/www.equalmedia.mx\/site\/wp-content\/uploads\/2021\/07\/logoblanco.png","width":1920,"height":589,"caption":"EQUAL MUSIC | Cultura Latina en Movimiento"},"image":{"@id":"https:\/\/www.equalmedia.mx\/site\/#\/schema\/logo\/image\/"}},{"@type":"Person","@id":"https:\/\/www.equalmedia.mx\/site\/#\/schema\/person\/41b6e60d650a80262fa6b5189bbb9f20","name":"Equal Media","image":{"@type":"ImageObject","inLanguage":"es","@id":"https:\/\/www.equalmedia.mx\/site\/#\/schema\/person\/image\/","url":"https:\/\/secure.gravatar.com\/avatar\/51c3f8f080f557c61349ab37ab35c9f967b3b271510dd8ef0b9b16a3dd5a89e9?s=96&d=mm&r=g","contentUrl":"https:\/\/secure.gravatar.com\/avatar\/51c3f8f080f557c61349ab37ab35c9f967b3b271510dd8ef0b9b16a3dd5a89e9?s=96&d=mm&r=g","caption":"Equal Media"},"description":"Equal Media es una productora y agencia de estrategia cultural transmedia que impulsa la visibilidad de la m\u00fasica y cultura latina a trav\u00e9s de contenidos originales, multiplataforma y con enfoque social. Con operaci\u00f3n desde Estados Unidos, M\u00e9xico y Colombia, Equal Media se ha consolidado como un actor clave en la narrativa documental, la curadur\u00eda musical y la creaci\u00f3n de formatos de alto impacto para audiencias latinas globales. Sus producciones incluyen Equal Music Sessions \u2014con m\u00e1s de 300 artistas programados en LATV Network\u2014, la serie Hunters y el documental 4TRO EL3MENTOS. Sus contenidos son emitidos en prime time en EE.UU. v\u00eda LATV y VOD, alcanzando m\u00e1s de 62 millones de hogares en mercados como Nueva York, Los \u00c1ngeles, Miami y Chicago. Equal Media ha estado presente con cobertura original y branded content en eventos como el Media Hub de los Latin Grammys, LAMC (NY), BIME (Bilbao, Bogot\u00e1), Vive Latino (CDMX), MIM LATAM, CAMM, entre otros hubs de la industria. Aliada de plataformas como Keychange, Femnoise, We Make Noise y la Municipalidad de Quilicura (Chile), Equal Media promueve una industria m\u00e1s equitativa, programando de forma activa proyectos liderados por mujeres, comunidades LGBTQ+ y sectores vulnerables. Bajo la direcci\u00f3n de Ulises Sanher \u2014reconocido por la UNAM y otras instituciones acad\u00e9micas por su labor cultural\u2014, Equal Media ha contribuido a formar nuevas audiencias desde la educaci\u00f3n, el activismo y la creatividad. Sanher ha sido invitado como speaker en foros como Circulart (COL), FIMPRO (MEX), Canadian Music Week (CAN), FME (CAN), SIM S\u00e3o Paulo (BR), MUPA (PAN), Corriente (PER) y Brasil Trends Conference. Tambi\u00e9n ha sido jurado externo de los Premios Rolling Stone en Espa\u00f1ol en Miami y ha ofrecido asesor\u00eda creativa en colaboraci\u00f3n con Berklee Valencia y la Asociaci\u00f3n de Supervisores Musicales.","sameAs":["https:\/\/www.equalmedia.mx\/","https:\/\/www.instagram.com\/equal.music","https:\/\/www.linkedin.com\/in\/ulises-sanher\/","https:\/\/www.youtube.com\/@equalmusicworld"],"url":"https:\/\/www.equalmedia.mx\/site\/author\/admin\/"}]}},"_links":{"self":[{"href":"https:\/\/www.equalmedia.mx\/site\/wp-json\/wp\/v2\/posts\/6542","targetHints":{"allow":["GET"]}}],"collection":[{"href":"https:\/\/www.equalmedia.mx\/site\/wp-json\/wp\/v2\/posts"}],"about":[{"href":"https:\/\/www.equalmedia.mx\/site\/wp-json\/wp\/v2\/types\/post"}],"author":[{"embeddable":true,"href":"https:\/\/www.equalmedia.mx\/site\/wp-json\/wp\/v2\/users\/1"}],"replies":[{"embeddable":true,"href":"https:\/\/www.equalmedia.mx\/site\/wp-json\/wp\/v2\/comments?post=6542"}],"version-history":[{"count":1,"href":"https:\/\/www.equalmedia.mx\/site\/wp-json\/wp\/v2\/posts\/6542\/revisions"}],"predecessor-version":[{"id":6545,"href":"https:\/\/www.equalmedia.mx\/site\/wp-json\/wp\/v2\/posts\/6542\/revisions\/6545"}],"wp:featuredmedia":[{"embeddable":true,"href":"https:\/\/www.equalmedia.mx\/site\/wp-json\/wp\/v2\/media\/6543"}],"wp:attachment":[{"href":"https:\/\/www.equalmedia.mx\/site\/wp-json\/wp\/v2\/media?parent=6542"}],"wp:term":[{"taxonomy":"category","embeddable":true,"href":"https:\/\/www.equalmedia.mx\/site\/wp-json\/wp\/v2\/categories?post=6542"},{"taxonomy":"post_tag","embeddable":true,"href":"https:\/\/www.equalmedia.mx\/site\/wp-json\/wp\/v2\/tags?post=6542"}],"curies":[{"name":"wp","href":"https:\/\/api.w.org\/{rel}","templated":true}]}}