{"id":6744,"date":"2025-02-23T21:54:59","date_gmt":"2025-02-23T21:54:59","guid":{"rendered":"https:\/\/www.equalmedia.mx\/site\/?p=6744"},"modified":"2025-02-23T21:55:01","modified_gmt":"2025-02-23T21:55:01","slug":"supergrass-celebrara-30-anos-de-su-disco-%c2%a8i-should-coco%c2%a8-con-un-show-imperdible-en-la-cdmx","status":"publish","type":"post","link":"https:\/\/www.equalmedia.mx\/site\/uncategorized\/supergrass-celebrara-30-anos-de-su-disco-%c2%a8i-should-coco%c2%a8-con-un-show-imperdible-en-la-cdmx\/","title":{"rendered":"Supergrass celebrar\u00e1 30 a\u00f1os de su disco \u00a8I Should Coco\u00a8 con un show imperdible en la CDMX"},"content":{"rendered":"\n<h3 class=\"wp-block-heading\">2 DE SEPTIEMBRE \u2013 TEATRO METROP\u00d3LITAN<\/h3>\n\n\n\n<h3 class=\"wp-block-heading\">Preventa Banamex: 19 de febrero, 10:00 a.m.<\/h3>\n\n\n\n<p>Si hablamos de cl\u00e1sicos noventeros,&nbsp;<em>I Should Coco<\/em>&nbsp;de&nbsp;<strong>Supergrass<\/strong>&nbsp;es una referencia obligada. A tres d\u00e9cadas de su lanzamiento, este disco sigue sonando con la misma energ\u00eda explosiva que lo convirti\u00f3 en un imprescindible del rock brit\u00e1nico. Para conmemorar este aniversario, la banda se reunir\u00e1 con sus fans mexicanos el pr\u00f3ximo&nbsp;<strong>2 de septiembre en el Teatro Metrop\u00f3litan,<\/strong>&nbsp;en una noche que promete ser un viaje directo a la mejor \u00e9poca del britpop.<\/p>\n\n\n\n<p><strong>Un disco que marc\u00f3 a toda una generaci\u00f3n<\/strong><\/p>\n\n\n\n<p>En 1995,\u00a0<em>I Should Coco<\/em>\u00a0irrumpi\u00f3 en la escena con un sonido fresco, juvenil y desenfadado, impulsando a\u00a0<strong>Supergrass\u00a0<\/strong>al estrellato. Con \u00e9xitos como \u201cAlright\u201d, \u201cMansize Rooster\u201d y \u201cCaught by the Fuzz\u201d, el \u00e1lbum se convirti\u00f3 en parte de la banda sonora de la \u00e9poca, y consolid\u00f3 al grupo como uno de los nombres esenciales del rock internacional. Para este 2025, su influencia sigue intacta y su legado se reafirma con esta gira conmemorativa.<\/p>\n\n\n\n<figure class=\"wp-block-embed is-type-video is-provider-youtube wp-block-embed-youtube wp-embed-aspect-16-9 wp-has-aspect-ratio\"><div class=\"wp-block-embed__wrapper\">\n<iframe title=\"Supergrass  - Alright (Glastonbury 2022)\" width=\"1300\" height=\"731\" data-src=\"https:\/\/www.youtube.com\/embed\/5h6eZ2hLboE?feature=oembed\" frameborder=\"0\" allow=\"accelerometer; autoplay; clipboard-write; encrypted-media; gyroscope; picture-in-picture; web-share\" referrerpolicy=\"strict-origin-when-cross-origin\" allowfullscreen src=\"data:image\/svg+xml;base64,PHN2ZyB3aWR0aD0iMSIgaGVpZ2h0PSIxIiB4bWxucz0iaHR0cDovL3d3dy53My5vcmcvMjAwMC9zdmciPjwvc3ZnPg==\" class=\"lazyload\" data-load-mode=\"1\"><\/iframe>\n<\/div><\/figure>\n\n\n\n<p><strong>El tour comenzar\u00e1 en Reino Unido a principios de mayo, con diferentes presentaciones que ya muestran localidades agotadas.<\/strong><\/p>\n\n\n\n<p>Desde su formaci\u00f3n en Oxford en 1993,&nbsp;<strong>Supergrass<\/strong>&nbsp;ha sido una fuerza imparable en la m\u00fasica, influenciados por leyendas como The Beatles, The Kinks, T. Rex y Buzzcocks. Aunque en 2010 anunciaron su separaci\u00f3n, la banda sorprendi\u00f3 al mundo con su reunificaci\u00f3n en 2019, retomando giras y proyectos que han emocionado a los fans de todas las edades.<\/p>\n\n\n\n<p>Es el momento perfecto para revivir la energ\u00eda de los 90 y cantar a todo pulm\u00f3n los himnos que marcaron la historia del rock brit\u00e1nico. No te quedes fuera de este show irrepetible. Los boletos estar\u00e1n en\u00a0<strong>preventa Banamex el 19 de febrero,<\/strong>\u00a0y un d\u00eda despu\u00e9s los podr\u00e1s adquirir en las taquillas del inmueble o a trav\u00e9s de Ticketmaster.<\/p>\n\n\n\n<p><\/p>\n","protected":false},"excerpt":{"rendered":"<p>2 DE SEPTIEMBRE \u2013 TEATRO METROP\u00d3LITAN Preventa Banamex: 19 de febrero, 10:00 a.m. Si hablamos de cl\u00e1sicos noventeros,&nbsp;I Should Coco&nbsp;de&nbsp;Supergrass&nbsp;es una referencia obligada. A tres d\u00e9cadas de su lanzamiento, este disco sigue sonando con la misma energ\u00eda explosiva que lo convirti\u00f3 en un imprescindible del rock brit\u00e1nico. Para conmemorar este aniversario, la banda se reunir\u00e1 [&hellip;]<\/p>\n","protected":false},"author":1,"featured_media":6745,"comment_status":"closed","ping_status":"closed","sticky":false,"template":"","format":"standard","meta":{"footnotes":""},"categories":[17,1],"tags":[],"class_list":["post-6744","post","type-post","status-publish","format-standard","has-post-thumbnail","hentry","category-concertos","category-uncategorized"],"yoast_head":"<!-- This site is optimized with the Yoast SEO plugin v26.6 - https:\/\/yoast.com\/wordpress\/plugins\/seo\/ -->\n<title>Equal Media | Hagamos que Suceda<\/title>\n<meta name=\"description\" content=\"Conectamos el mensaje de tu banda musical con audiencias interesadas en conocerles | Te ayudamos a alcanzar tus objetivos | HAGAMOS QUE SUCEDA\" \/>\n<meta name=\"robots\" content=\"index, follow, max-snippet:-1, max-image-preview:large, max-video-preview:-1\" \/>\n<link rel=\"canonical\" href=\"https:\/\/www.equalmedia.mx\/site\/uncategorized\/supergrass-celebrara-30-anos-de-su-disco-\u00a8i-should-coco\u00a8-con-un-show-imperdible-en-la-cdmx\/\" \/>\n<meta property=\"og:locale\" content=\"es_ES\" \/>\n<meta property=\"og:type\" content=\"article\" \/>\n<meta property=\"og:title\" content=\"Equal Media | Hagamos que Suceda\" \/>\n<meta property=\"og:description\" content=\"Conectamos el mensaje de tu banda musical con audiencias interesadas en conocerles | Te ayudamos a alcanzar tus objetivos | HAGAMOS QUE SUCEDA\" \/>\n<meta property=\"og:url\" content=\"https:\/\/www.equalmedia.mx\/site\/uncategorized\/supergrass-celebrara-30-anos-de-su-disco-\u00a8i-should-coco\u00a8-con-un-show-imperdible-en-la-cdmx\/\" \/>\n<meta property=\"og:site_name\" content=\"EQUAL MUSIC | Cultura Latina en Movimiento\" \/>\n<meta property=\"article:published_time\" content=\"2025-02-23T21:54:59+00:00\" \/>\n<meta property=\"article:modified_time\" content=\"2025-02-23T21:55:01+00:00\" \/>\n<meta property=\"og:image\" content=\"https:\/\/www.equalmedia.mx\/site\/wp-content\/uploads\/2025\/02\/image_processing20250218-9-57ky6k.jpg\" \/>\n\t<meta property=\"og:image:width\" content=\"1920\" \/>\n\t<meta property=\"og:image:height\" content=\"1299\" \/>\n\t<meta property=\"og:image:type\" content=\"image\/jpeg\" \/>\n<meta name=\"author\" content=\"Equal Media\" \/>\n<meta name=\"twitter:card\" content=\"summary_large_image\" \/>\n<meta name=\"twitter:label1\" content=\"Escrito por\" \/>\n\t<meta name=\"twitter:data1\" content=\"Equal Media\" \/>\n\t<meta name=\"twitter:label2\" content=\"Tiempo de lectura\" \/>\n\t<meta name=\"twitter:data2\" content=\"2 minutos\" \/>\n<script type=\"application\/ld+json\" class=\"yoast-schema-graph\">{\"@context\":\"https:\/\/schema.org\",\"@graph\":[{\"@type\":\"Article\",\"@id\":\"https:\/\/www.equalmedia.mx\/site\/uncategorized\/supergrass-celebrara-30-anos-de-su-disco-%c2%a8i-should-coco%c2%a8-con-un-show-imperdible-en-la-cdmx\/#article\",\"isPartOf\":{\"@id\":\"https:\/\/www.equalmedia.mx\/site\/uncategorized\/supergrass-celebrara-30-anos-de-su-disco-%c2%a8i-should-coco%c2%a8-con-un-show-imperdible-en-la-cdmx\/\"},\"author\":{\"name\":\"Equal Media\",\"@id\":\"https:\/\/www.equalmedia.mx\/site\/#\/schema\/person\/41b6e60d650a80262fa6b5189bbb9f20\"},\"headline\":\"Supergrass celebrar\u00e1 30 a\u00f1os de su disco \u00a8I Should Coco\u00a8 con un show imperdible en la CDMX\",\"datePublished\":\"2025-02-23T21:54:59+00:00\",\"dateModified\":\"2025-02-23T21:55:01+00:00\",\"mainEntityOfPage\":{\"@id\":\"https:\/\/www.equalmedia.mx\/site\/uncategorized\/supergrass-celebrara-30-anos-de-su-disco-%c2%a8i-should-coco%c2%a8-con-un-show-imperdible-en-la-cdmx\/\"},\"wordCount\":348,\"publisher\":{\"@id\":\"https:\/\/www.equalmedia.mx\/site\/#organization\"},\"image\":{\"@id\":\"https:\/\/www.equalmedia.mx\/site\/uncategorized\/supergrass-celebrara-30-anos-de-su-disco-%c2%a8i-should-coco%c2%a8-con-un-show-imperdible-en-la-cdmx\/#primaryimage\"},\"thumbnailUrl\":\"https:\/\/www.equalmedia.mx\/site\/wp-content\/uploads\/2025\/02\/image_processing20250218-9-57ky6k.jpg\",\"articleSection\":[\"Conciertos\",\"Uncategorized\"],\"inLanguage\":\"es\"},{\"@type\":\"WebPage\",\"@id\":\"https:\/\/www.equalmedia.mx\/site\/uncategorized\/supergrass-celebrara-30-anos-de-su-disco-%c2%a8i-should-coco%c2%a8-con-un-show-imperdible-en-la-cdmx\/\",\"url\":\"https:\/\/www.equalmedia.mx\/site\/uncategorized\/supergrass-celebrara-30-anos-de-su-disco-%c2%a8i-should-coco%c2%a8-con-un-show-imperdible-en-la-cdmx\/\",\"name\":\"Equal Media | Hagamos que Suceda\",\"isPartOf\":{\"@id\":\"https:\/\/www.equalmedia.mx\/site\/#website\"},\"primaryImageOfPage\":{\"@id\":\"https:\/\/www.equalmedia.mx\/site\/uncategorized\/supergrass-celebrara-30-anos-de-su-disco-%c2%a8i-should-coco%c2%a8-con-un-show-imperdible-en-la-cdmx\/#primaryimage\"},\"image\":{\"@id\":\"https:\/\/www.equalmedia.mx\/site\/uncategorized\/supergrass-celebrara-30-anos-de-su-disco-%c2%a8i-should-coco%c2%a8-con-un-show-imperdible-en-la-cdmx\/#primaryimage\"},\"thumbnailUrl\":\"https:\/\/www.equalmedia.mx\/site\/wp-content\/uploads\/2025\/02\/image_processing20250218-9-57ky6k.jpg\",\"datePublished\":\"2025-02-23T21:54:59+00:00\",\"dateModified\":\"2025-02-23T21:55:01+00:00\",\"description\":\"Conectamos el mensaje de tu banda musical con audiencias interesadas en conocerles | Te ayudamos a alcanzar tus objetivos | HAGAMOS QUE SUCEDA\",\"breadcrumb\":{\"@id\":\"https:\/\/www.equalmedia.mx\/site\/uncategorized\/supergrass-celebrara-30-anos-de-su-disco-%c2%a8i-should-coco%c2%a8-con-un-show-imperdible-en-la-cdmx\/#breadcrumb\"},\"inLanguage\":\"es\",\"potentialAction\":[{\"@type\":\"ReadAction\",\"target\":[\"https:\/\/www.equalmedia.mx\/site\/uncategorized\/supergrass-celebrara-30-anos-de-su-disco-%c2%a8i-should-coco%c2%a8-con-un-show-imperdible-en-la-cdmx\/\"]}]},{\"@type\":\"ImageObject\",\"inLanguage\":\"es\",\"@id\":\"https:\/\/www.equalmedia.mx\/site\/uncategorized\/supergrass-celebrara-30-anos-de-su-disco-%c2%a8i-should-coco%c2%a8-con-un-show-imperdible-en-la-cdmx\/#primaryimage\",\"url\":\"https:\/\/www.equalmedia.mx\/site\/wp-content\/uploads\/2025\/02\/image_processing20250218-9-57ky6k.jpg\",\"contentUrl\":\"https:\/\/www.equalmedia.mx\/site\/wp-content\/uploads\/2025\/02\/image_processing20250218-9-57ky6k.jpg\",\"width\":1920,\"height\":1299},{\"@type\":\"BreadcrumbList\",\"@id\":\"https:\/\/www.equalmedia.mx\/site\/uncategorized\/supergrass-celebrara-30-anos-de-su-disco-%c2%a8i-should-coco%c2%a8-con-un-show-imperdible-en-la-cdmx\/#breadcrumb\",\"itemListElement\":[{\"@type\":\"ListItem\",\"position\":1,\"name\":\"Inicio\",\"item\":\"https:\/\/www.equalmedia.mx\/site\/\"},{\"@type\":\"ListItem\",\"position\":2,\"name\":\"Supergrass celebrar\u00e1 30 a\u00f1os de su disco \u00a8I Should Coco\u00a8 con un show imperdible en la CDMX\"}]},{\"@type\":\"WebSite\",\"@id\":\"https:\/\/www.equalmedia.mx\/site\/#website\",\"url\":\"https:\/\/www.equalmedia.mx\/site\/\",\"name\":\"EQUAL MUSIC | Cultura Latina en Movimiento\",\"description\":\"Ritmo en movimiento.\",\"publisher\":{\"@id\":\"https:\/\/www.equalmedia.mx\/site\/#organization\"},\"potentialAction\":[{\"@type\":\"SearchAction\",\"target\":{\"@type\":\"EntryPoint\",\"urlTemplate\":\"https:\/\/www.equalmedia.mx\/site\/?s={search_term_string}\"},\"query-input\":{\"@type\":\"PropertyValueSpecification\",\"valueRequired\":true,\"valueName\":\"search_term_string\"}}],\"inLanguage\":\"es\"},{\"@type\":\"Organization\",\"@id\":\"https:\/\/www.equalmedia.mx\/site\/#organization\",\"name\":\"EQUAL MUSIC | Cultura Latina en Movimiento\",\"url\":\"https:\/\/www.equalmedia.mx\/site\/\",\"logo\":{\"@type\":\"ImageObject\",\"inLanguage\":\"es\",\"@id\":\"https:\/\/www.equalmedia.mx\/site\/#\/schema\/logo\/image\/\",\"url\":\"https:\/\/www.equalmedia.mx\/site\/wp-content\/uploads\/2021\/07\/logoblanco.png\",\"contentUrl\":\"https:\/\/www.equalmedia.mx\/site\/wp-content\/uploads\/2021\/07\/logoblanco.png\",\"width\":1920,\"height\":589,\"caption\":\"EQUAL MUSIC | Cultura Latina en Movimiento\"},\"image\":{\"@id\":\"https:\/\/www.equalmedia.mx\/site\/#\/schema\/logo\/image\/\"}},{\"@type\":\"Person\",\"@id\":\"https:\/\/www.equalmedia.mx\/site\/#\/schema\/person\/41b6e60d650a80262fa6b5189bbb9f20\",\"name\":\"Equal Media\",\"image\":{\"@type\":\"ImageObject\",\"inLanguage\":\"es\",\"@id\":\"https:\/\/www.equalmedia.mx\/site\/#\/schema\/person\/image\/\",\"url\":\"https:\/\/secure.gravatar.com\/avatar\/51c3f8f080f557c61349ab37ab35c9f967b3b271510dd8ef0b9b16a3dd5a89e9?s=96&d=mm&r=g\",\"contentUrl\":\"https:\/\/secure.gravatar.com\/avatar\/51c3f8f080f557c61349ab37ab35c9f967b3b271510dd8ef0b9b16a3dd5a89e9?s=96&d=mm&r=g\",\"caption\":\"Equal Media\"},\"description\":\"Equal Media es una productora y agencia de estrategia cultural transmedia que impulsa la visibilidad de la m\u00fasica y cultura latina a trav\u00e9s de contenidos originales, multiplataforma y con enfoque social. Con operaci\u00f3n desde Estados Unidos, M\u00e9xico y Colombia, Equal Media se ha consolidado como un actor clave en la narrativa documental, la curadur\u00eda musical y la creaci\u00f3n de formatos de alto impacto para audiencias latinas globales. Sus producciones incluyen Equal Music Sessions \u2014con m\u00e1s de 300 artistas programados en LATV Network\u2014, la serie Hunters y el documental 4TRO EL3MENTOS. Sus contenidos son emitidos en prime time en EE.UU. v\u00eda LATV y VOD, alcanzando m\u00e1s de 62 millones de hogares en mercados como Nueva York, Los \u00c1ngeles, Miami y Chicago. Equal Media ha estado presente con cobertura original y branded content en eventos como el Media Hub de los Latin Grammys, LAMC (NY), BIME (Bilbao, Bogot\u00e1), Vive Latino (CDMX), MIM LATAM, CAMM, entre otros hubs de la industria. Aliada de plataformas como Keychange, Femnoise, We Make Noise y la Municipalidad de Quilicura (Chile), Equal Media promueve una industria m\u00e1s equitativa, programando de forma activa proyectos liderados por mujeres, comunidades LGBTQ+ y sectores vulnerables. Bajo la direcci\u00f3n de Ulises Sanher \u2014reconocido por la UNAM y otras instituciones acad\u00e9micas por su labor cultural\u2014, Equal Media ha contribuido a formar nuevas audiencias desde la educaci\u00f3n, el activismo y la creatividad. Sanher ha sido invitado como speaker en foros como Circulart (COL), FIMPRO (MEX), Canadian Music Week (CAN), FME (CAN), SIM S\u00e3o Paulo (BR), MUPA (PAN), Corriente (PER) y Brasil Trends Conference. Tambi\u00e9n ha sido jurado externo de los Premios Rolling Stone en Espa\u00f1ol en Miami y ha ofrecido asesor\u00eda creativa en colaboraci\u00f3n con Berklee Valencia y la Asociaci\u00f3n de Supervisores Musicales.\",\"sameAs\":[\"https:\/\/www.equalmedia.mx\/\",\"https:\/\/www.instagram.com\/equal.music\",\"https:\/\/www.linkedin.com\/in\/ulises-sanher\/\",\"https:\/\/www.youtube.com\/@equalmusicworld\"],\"url\":\"https:\/\/www.equalmedia.mx\/site\/author\/admin\/\"}]}<\/script>\n<!-- \/ Yoast SEO plugin. -->","yoast_head_json":{"title":"Equal Media | Hagamos que Suceda","description":"Conectamos el mensaje de tu banda musical con audiencias interesadas en conocerles | Te ayudamos a alcanzar tus objetivos | HAGAMOS QUE SUCEDA","robots":{"index":"index","follow":"follow","max-snippet":"max-snippet:-1","max-image-preview":"max-image-preview:large","max-video-preview":"max-video-preview:-1"},"canonical":"https:\/\/www.equalmedia.mx\/site\/uncategorized\/supergrass-celebrara-30-anos-de-su-disco-\u00a8i-should-coco\u00a8-con-un-show-imperdible-en-la-cdmx\/","og_locale":"es_ES","og_type":"article","og_title":"Equal Media | Hagamos que Suceda","og_description":"Conectamos el mensaje de tu banda musical con audiencias interesadas en conocerles | Te ayudamos a alcanzar tus objetivos | HAGAMOS QUE SUCEDA","og_url":"https:\/\/www.equalmedia.mx\/site\/uncategorized\/supergrass-celebrara-30-anos-de-su-disco-\u00a8i-should-coco\u00a8-con-un-show-imperdible-en-la-cdmx\/","og_site_name":"EQUAL MUSIC | Cultura Latina en Movimiento","article_published_time":"2025-02-23T21:54:59+00:00","article_modified_time":"2025-02-23T21:55:01+00:00","og_image":[{"width":1920,"height":1299,"url":"https:\/\/www.equalmedia.mx\/site\/wp-content\/uploads\/2025\/02\/image_processing20250218-9-57ky6k.jpg","type":"image\/jpeg"}],"author":"Equal Media","twitter_card":"summary_large_image","twitter_misc":{"Escrito por":"Equal Media","Tiempo de lectura":"2 minutos"},"schema":{"@context":"https:\/\/schema.org","@graph":[{"@type":"Article","@id":"https:\/\/www.equalmedia.mx\/site\/uncategorized\/supergrass-celebrara-30-anos-de-su-disco-%c2%a8i-should-coco%c2%a8-con-un-show-imperdible-en-la-cdmx\/#article","isPartOf":{"@id":"https:\/\/www.equalmedia.mx\/site\/uncategorized\/supergrass-celebrara-30-anos-de-su-disco-%c2%a8i-should-coco%c2%a8-con-un-show-imperdible-en-la-cdmx\/"},"author":{"name":"Equal Media","@id":"https:\/\/www.equalmedia.mx\/site\/#\/schema\/person\/41b6e60d650a80262fa6b5189bbb9f20"},"headline":"Supergrass celebrar\u00e1 30 a\u00f1os de su disco \u00a8I Should Coco\u00a8 con un show imperdible en la CDMX","datePublished":"2025-02-23T21:54:59+00:00","dateModified":"2025-02-23T21:55:01+00:00","mainEntityOfPage":{"@id":"https:\/\/www.equalmedia.mx\/site\/uncategorized\/supergrass-celebrara-30-anos-de-su-disco-%c2%a8i-should-coco%c2%a8-con-un-show-imperdible-en-la-cdmx\/"},"wordCount":348,"publisher":{"@id":"https:\/\/www.equalmedia.mx\/site\/#organization"},"image":{"@id":"https:\/\/www.equalmedia.mx\/site\/uncategorized\/supergrass-celebrara-30-anos-de-su-disco-%c2%a8i-should-coco%c2%a8-con-un-show-imperdible-en-la-cdmx\/#primaryimage"},"thumbnailUrl":"https:\/\/www.equalmedia.mx\/site\/wp-content\/uploads\/2025\/02\/image_processing20250218-9-57ky6k.jpg","articleSection":["Conciertos","Uncategorized"],"inLanguage":"es"},{"@type":"WebPage","@id":"https:\/\/www.equalmedia.mx\/site\/uncategorized\/supergrass-celebrara-30-anos-de-su-disco-%c2%a8i-should-coco%c2%a8-con-un-show-imperdible-en-la-cdmx\/","url":"https:\/\/www.equalmedia.mx\/site\/uncategorized\/supergrass-celebrara-30-anos-de-su-disco-%c2%a8i-should-coco%c2%a8-con-un-show-imperdible-en-la-cdmx\/","name":"Equal Media | Hagamos que Suceda","isPartOf":{"@id":"https:\/\/www.equalmedia.mx\/site\/#website"},"primaryImageOfPage":{"@id":"https:\/\/www.equalmedia.mx\/site\/uncategorized\/supergrass-celebrara-30-anos-de-su-disco-%c2%a8i-should-coco%c2%a8-con-un-show-imperdible-en-la-cdmx\/#primaryimage"},"image":{"@id":"https:\/\/www.equalmedia.mx\/site\/uncategorized\/supergrass-celebrara-30-anos-de-su-disco-%c2%a8i-should-coco%c2%a8-con-un-show-imperdible-en-la-cdmx\/#primaryimage"},"thumbnailUrl":"https:\/\/www.equalmedia.mx\/site\/wp-content\/uploads\/2025\/02\/image_processing20250218-9-57ky6k.jpg","datePublished":"2025-02-23T21:54:59+00:00","dateModified":"2025-02-23T21:55:01+00:00","description":"Conectamos el mensaje de tu banda musical con audiencias interesadas en conocerles | Te ayudamos a alcanzar tus objetivos | HAGAMOS QUE SUCEDA","breadcrumb":{"@id":"https:\/\/www.equalmedia.mx\/site\/uncategorized\/supergrass-celebrara-30-anos-de-su-disco-%c2%a8i-should-coco%c2%a8-con-un-show-imperdible-en-la-cdmx\/#breadcrumb"},"inLanguage":"es","potentialAction":[{"@type":"ReadAction","target":["https:\/\/www.equalmedia.mx\/site\/uncategorized\/supergrass-celebrara-30-anos-de-su-disco-%c2%a8i-should-coco%c2%a8-con-un-show-imperdible-en-la-cdmx\/"]}]},{"@type":"ImageObject","inLanguage":"es","@id":"https:\/\/www.equalmedia.mx\/site\/uncategorized\/supergrass-celebrara-30-anos-de-su-disco-%c2%a8i-should-coco%c2%a8-con-un-show-imperdible-en-la-cdmx\/#primaryimage","url":"https:\/\/www.equalmedia.mx\/site\/wp-content\/uploads\/2025\/02\/image_processing20250218-9-57ky6k.jpg","contentUrl":"https:\/\/www.equalmedia.mx\/site\/wp-content\/uploads\/2025\/02\/image_processing20250218-9-57ky6k.jpg","width":1920,"height":1299},{"@type":"BreadcrumbList","@id":"https:\/\/www.equalmedia.mx\/site\/uncategorized\/supergrass-celebrara-30-anos-de-su-disco-%c2%a8i-should-coco%c2%a8-con-un-show-imperdible-en-la-cdmx\/#breadcrumb","itemListElement":[{"@type":"ListItem","position":1,"name":"Inicio","item":"https:\/\/www.equalmedia.mx\/site\/"},{"@type":"ListItem","position":2,"name":"Supergrass celebrar\u00e1 30 a\u00f1os de su disco \u00a8I Should Coco\u00a8 con un show imperdible en la CDMX"}]},{"@type":"WebSite","@id":"https:\/\/www.equalmedia.mx\/site\/#website","url":"https:\/\/www.equalmedia.mx\/site\/","name":"EQUAL MUSIC | Cultura Latina en Movimiento","description":"Ritmo en movimiento.","publisher":{"@id":"https:\/\/www.equalmedia.mx\/site\/#organization"},"potentialAction":[{"@type":"SearchAction","target":{"@type":"EntryPoint","urlTemplate":"https:\/\/www.equalmedia.mx\/site\/?s={search_term_string}"},"query-input":{"@type":"PropertyValueSpecification","valueRequired":true,"valueName":"search_term_string"}}],"inLanguage":"es"},{"@type":"Organization","@id":"https:\/\/www.equalmedia.mx\/site\/#organization","name":"EQUAL MUSIC | Cultura Latina en Movimiento","url":"https:\/\/www.equalmedia.mx\/site\/","logo":{"@type":"ImageObject","inLanguage":"es","@id":"https:\/\/www.equalmedia.mx\/site\/#\/schema\/logo\/image\/","url":"https:\/\/www.equalmedia.mx\/site\/wp-content\/uploads\/2021\/07\/logoblanco.png","contentUrl":"https:\/\/www.equalmedia.mx\/site\/wp-content\/uploads\/2021\/07\/logoblanco.png","width":1920,"height":589,"caption":"EQUAL MUSIC | Cultura Latina en Movimiento"},"image":{"@id":"https:\/\/www.equalmedia.mx\/site\/#\/schema\/logo\/image\/"}},{"@type":"Person","@id":"https:\/\/www.equalmedia.mx\/site\/#\/schema\/person\/41b6e60d650a80262fa6b5189bbb9f20","name":"Equal Media","image":{"@type":"ImageObject","inLanguage":"es","@id":"https:\/\/www.equalmedia.mx\/site\/#\/schema\/person\/image\/","url":"https:\/\/secure.gravatar.com\/avatar\/51c3f8f080f557c61349ab37ab35c9f967b3b271510dd8ef0b9b16a3dd5a89e9?s=96&d=mm&r=g","contentUrl":"https:\/\/secure.gravatar.com\/avatar\/51c3f8f080f557c61349ab37ab35c9f967b3b271510dd8ef0b9b16a3dd5a89e9?s=96&d=mm&r=g","caption":"Equal Media"},"description":"Equal Media es una productora y agencia de estrategia cultural transmedia que impulsa la visibilidad de la m\u00fasica y cultura latina a trav\u00e9s de contenidos originales, multiplataforma y con enfoque social. Con operaci\u00f3n desde Estados Unidos, M\u00e9xico y Colombia, Equal Media se ha consolidado como un actor clave en la narrativa documental, la curadur\u00eda musical y la creaci\u00f3n de formatos de alto impacto para audiencias latinas globales. Sus producciones incluyen Equal Music Sessions \u2014con m\u00e1s de 300 artistas programados en LATV Network\u2014, la serie Hunters y el documental 4TRO EL3MENTOS. Sus contenidos son emitidos en prime time en EE.UU. v\u00eda LATV y VOD, alcanzando m\u00e1s de 62 millones de hogares en mercados como Nueva York, Los \u00c1ngeles, Miami y Chicago. Equal Media ha estado presente con cobertura original y branded content en eventos como el Media Hub de los Latin Grammys, LAMC (NY), BIME (Bilbao, Bogot\u00e1), Vive Latino (CDMX), MIM LATAM, CAMM, entre otros hubs de la industria. Aliada de plataformas como Keychange, Femnoise, We Make Noise y la Municipalidad de Quilicura (Chile), Equal Media promueve una industria m\u00e1s equitativa, programando de forma activa proyectos liderados por mujeres, comunidades LGBTQ+ y sectores vulnerables. Bajo la direcci\u00f3n de Ulises Sanher \u2014reconocido por la UNAM y otras instituciones acad\u00e9micas por su labor cultural\u2014, Equal Media ha contribuido a formar nuevas audiencias desde la educaci\u00f3n, el activismo y la creatividad. Sanher ha sido invitado como speaker en foros como Circulart (COL), FIMPRO (MEX), Canadian Music Week (CAN), FME (CAN), SIM S\u00e3o Paulo (BR), MUPA (PAN), Corriente (PER) y Brasil Trends Conference. Tambi\u00e9n ha sido jurado externo de los Premios Rolling Stone en Espa\u00f1ol en Miami y ha ofrecido asesor\u00eda creativa en colaboraci\u00f3n con Berklee Valencia y la Asociaci\u00f3n de Supervisores Musicales.","sameAs":["https:\/\/www.equalmedia.mx\/","https:\/\/www.instagram.com\/equal.music","https:\/\/www.linkedin.com\/in\/ulises-sanher\/","https:\/\/www.youtube.com\/@equalmusicworld"],"url":"https:\/\/www.equalmedia.mx\/site\/author\/admin\/"}]}},"_links":{"self":[{"href":"https:\/\/www.equalmedia.mx\/site\/wp-json\/wp\/v2\/posts\/6744","targetHints":{"allow":["GET"]}}],"collection":[{"href":"https:\/\/www.equalmedia.mx\/site\/wp-json\/wp\/v2\/posts"}],"about":[{"href":"https:\/\/www.equalmedia.mx\/site\/wp-json\/wp\/v2\/types\/post"}],"author":[{"embeddable":true,"href":"https:\/\/www.equalmedia.mx\/site\/wp-json\/wp\/v2\/users\/1"}],"replies":[{"embeddable":true,"href":"https:\/\/www.equalmedia.mx\/site\/wp-json\/wp\/v2\/comments?post=6744"}],"version-history":[{"count":2,"href":"https:\/\/www.equalmedia.mx\/site\/wp-json\/wp\/v2\/posts\/6744\/revisions"}],"predecessor-version":[{"id":6747,"href":"https:\/\/www.equalmedia.mx\/site\/wp-json\/wp\/v2\/posts\/6744\/revisions\/6747"}],"wp:featuredmedia":[{"embeddable":true,"href":"https:\/\/www.equalmedia.mx\/site\/wp-json\/wp\/v2\/media\/6745"}],"wp:attachment":[{"href":"https:\/\/www.equalmedia.mx\/site\/wp-json\/wp\/v2\/media?parent=6744"}],"wp:term":[{"taxonomy":"category","embeddable":true,"href":"https:\/\/www.equalmedia.mx\/site\/wp-json\/wp\/v2\/categories?post=6744"},{"taxonomy":"post_tag","embeddable":true,"href":"https:\/\/www.equalmedia.mx\/site\/wp-json\/wp\/v2\/tags?post=6744"}],"curies":[{"name":"wp","href":"https:\/\/api.w.org\/{rel}","templated":true}]}}