{"id":6748,"date":"2025-03-07T19:40:13","date_gmt":"2025-03-07T19:40:13","guid":{"rendered":"https:\/\/www.equalmedia.mx\/site\/?p=6748"},"modified":"2025-03-07T19:40:13","modified_gmt":"2025-03-07T19:40:13","slug":"encuentro-remm-feria-pacifica-2025-conoce-un-adelanto-de-la-programacion-y-fechas-en-que-se-realizara-esta-primera-edicion","status":"publish","type":"post","link":"https:\/\/www.equalmedia.mx\/site\/uncategorized\/encuentro-remm-feria-pacifica-2025-conoce-un-adelanto-de-la-programacion-y-fechas-en-que-se-realizara-esta-primera-edicion\/","title":{"rendered":"Encuentro REMM + Feria Pac\u00edfica 2025: Conoce un adelanto de la programaci\u00f3n y fechas en que se realizar\u00e1 esta primera edici\u00f3n"},"content":{"rendered":"\n<p class=\"has-text-align-center\"><em>El encuentro que se desarrollar\u00e1 los d\u00edas 28 y 29 de marzo en el Parque Cultural de Valpara\u00edso, busca posicionarse como el primer espacio gremial liderado por organizaciones, de mujeres y disidencias, trabajadoras del ecosistema de la m\u00fasica.<\/em><\/p>\n\n\n\n<p class=\"has-text-align-center\"><em>Las inscripciones a las diferentes actividades y shows ya est\u00e1n abiertas y se realizar\u00e1n de manera gratuita.<\/em><\/p>\n\n\n\n<p>Por fin el empoderamiento de las mujeres y disidencias tienen su evento propio en Chile, al igual que en los otros pa\u00edses del continente. Se trata del primer <strong>Encuentro REMM junto a Feria Pac\u00edfica 2025<\/strong>, instancias que busca visibilizar el trabajo de mujeres y disidencias que forman parte del ecosistema de la m\u00fasica y que el viernes 28 y s\u00e1bado 29 de marzo se tomar\u00e1n el Parque Cultural de Valpara\u00edso (ex- c\u00e1rcel), para reunir en un solo lugar proyectos musicales de Chile y el mundo, con sellos discogr\u00e1ficos, creadoras y emprendedoras, librer\u00edas y editoriales, oficios vinculados a la m\u00fasica y a la industria musical.&nbsp;<\/p>\n\n\n\n<p>El encuentro es una mezcla h\u00e1bil de conciertos con las nuevas voces de la m\u00fasica, y un ciclo de conferencias sobre temas relevantes con representantes ilustres que vendr\u00e1n a impartir sus conocimientos sobre la circulaci\u00f3n, la exportaci\u00f3n o la salud mental.<\/p>\n\n\n\n<p>De manera gratuita y durante dos jornadas artistas y p\u00fablico en general, podr\u00e1n disfrutar de lo que est\u00e1 pasando en materia de nuevos proyectos y estilos musicales liderados por mujeres y disidencias, adem\u00e1s de conocer m\u00e1s sobre diversos emprendimientos del sector, que tendr\u00e1n su stand en Feria Pac\u00edfica<\/p>\n\n\n\n<p>La selecci\u00f3n de los showcase se hizo a partir de una convocatoria abierta, en la que participaron m\u00e1s de 120 proyectos musicales, y que estuvo a cargo de jurados nacionales con una destacada trayectoria en el sector, como Tiare Galaz (Ni\u00f1a Tormenta, Uva Robot) y Pablo Fattori (Manager, Agencia Pegajosa).<\/p>\n\n\n\n<p>Los proyectos art\u00edsticos seleccionados que participan este a\u00f1o son: <strong>Ania Ivania<\/strong> (Puerto Montt, Chile); <strong>Fran Ri<\/strong> (Santiago, Chile); <strong>Dadal\u00fa<\/strong> (Santiago, Chile); <strong>Diavol Str\u00e2in<\/strong> (Valpara\u00edso, Chile); <strong>Luta Cruz<\/strong> (Santiago, Chile); <strong>Manuela Ocampo<\/strong> (Bogot\u00e1, Colombia); <strong>Kurmi<\/strong> (Santiago, Chile); y <strong>Wanda Jael<\/strong> (C\u00f3rdoba, Argentina).<\/p>\n\n\n\n<figure class=\"wp-block-embed is-type-video is-provider-youtube wp-block-embed-youtube wp-embed-aspect-16-9 wp-has-aspect-ratio\"><div class=\"wp-block-embed__wrapper\">\n<iframe title=\"Dadal\u00fa- Deudas\" width=\"1300\" height=\"731\" data-src=\"https:\/\/www.youtube.com\/embed\/Zx-l3br_lPM?feature=oembed\" frameborder=\"0\" allow=\"accelerometer; autoplay; clipboard-write; encrypted-media; gyroscope; picture-in-picture; web-share\" referrerpolicy=\"strict-origin-when-cross-origin\" allowfullscreen src=\"data:image\/svg+xml;base64,PHN2ZyB3aWR0aD0iMSIgaGVpZ2h0PSIxIiB4bWxucz0iaHR0cDovL3d3dy53My5vcmcvMjAwMC9zdmciPjwvc3ZnPg==\" class=\"lazyload\" data-load-mode=\"1\"><\/iframe>\n<\/div><\/figure>\n\n\n\n<p>\u201cQuedamos gratamente sorprendidos por el alto nivel y la variedad de proyectos musicales que participaron en esta primera convocatoria. Creemos que lo que se mostrar\u00e1 en esta primera versi\u00f3n, es una buena muestra de lo que est\u00e1 pasando en nuestro pa\u00eds en materia de\u00a0 m\u00fasica e industria y da cuenta de la enorme cantidad de mujeres y disidencias que est\u00e1n liderando proyectos musicales. Creo que REMM va en la l\u00ednea correcta al crear este nuevo espacio\u201d, comenta <strong>Tiare Galaz, artista y jurado del certamen.<\/strong><\/p>\n\n\n\n<p>Adem\u00e1s, este primer encuentro contar\u00e1 con paneles de conversaci\u00f3n y talleres en los que profesionales y artistas nacionales e internacionales hablar\u00e1n sobre la generaci\u00f3n de nuevas redes, la salud mental en la industria musical, la circulaci\u00f3n de talentos y exportaci\u00f3n de proyectos musicales. \u201cEn una actualidad compleja&nbsp; globalmente, el objetivo de crear estas instancias de conversaci\u00f3n es re pensar la realidad actual en la m\u00fasica respecto a las brechas de g\u00e9nero, informar y pensar sobre los circuitos que existen en la actualidad para el desarrollo de talentos. Creemos que de esta forma podemos poner en valor lo que realizan gestoras, activistas y profesionales del ecosistema musical hoy, reuni\u00e9ndolas en un solo lugar para pensar el futuro\u201d, explica <strong>Claudia Pereira, directora de programaci\u00f3n REMM.<\/strong><\/p>\n\n\n\n<p>Dentro de los nombres de las panelistas y talleristas internacionales que ya est\u00e1n confirmadas destacan: <strong>Rosana Corbacho<\/strong> (Espa\u00f1a) Fundadora de M.I Therapy, psic\u00f3loga cl\u00ednica y humanista especializada en la industria musical, tambi\u00e9n parte de Asociaci\u00f3n MIM; <strong>Peni Franconi<\/strong> (C\u00f3rdoba, Argentina), directora del Festival Grl Pwr y la productora Big Mama; <strong>Tina Wroblewski<\/strong> (Canad\u00e1), Export Development en Folk Canad\u00e1, entre otras profesionales que se ir\u00e1n anunciando durante los pr\u00f3ximos d\u00edas.<\/p>\n\n\n\n<p><\/p>\n\n\n\n<p>El Primer Encuentro REMM + Feria Pac\u00edfica se realiza gracias al financiamiento de la Secretar\u00eda de la m\u00fasica y la Secretar\u00eda de Econom\u00eda creativa del Ministerio de las Culturas, las Artes y el Patrimonio, y la SCD, y cuenta con el apoyo del Parque Cultural de Valpara\u00edso y el Centex.<\/p>\n\n\n\n<div class=\"wp-block-group\"><div class=\"wp-block-group__inner-container is-layout-constrained wp-block-group-is-layout-constrained\">\n<div class=\"wp-block-columns is-layout-flex wp-container-core-columns-is-layout-9d6595d7 wp-block-columns-is-layout-flex\">\n<div class=\"wp-block-column is-layout-flow wp-block-column-is-layout-flow\" style=\"flex-basis:100%\">\n<div class=\"wp-block-columns is-layout-flex wp-container-core-columns-is-layout-9d6595d7 wp-block-columns-is-layout-flex\">\n<div class=\"wp-block-column is-layout-flow wp-block-column-is-layout-flow\" style=\"flex-basis:100%\">\n<figure class=\"wp-block-gallery has-nested-images columns-default is-cropped wp-block-gallery-1 is-layout-flex wp-block-gallery-is-layout-flex\">\n<figure class=\"wp-block-image size-medium\"><img fetchpriority=\"high\" decoding=\"async\" width=\"240\" height=\"300\" data-id=\"6758\" src=\"https:\/\/www.equalmedia.mx\/site\/wp-content\/uploads\/2025\/03\/Encuentro-REMM_-Peni-Franconi-240x300.png\" alt=\"\" class=\"wp-image-6758\" srcset=\"https:\/\/www.equalmedia.mx\/site\/wp-content\/uploads\/2025\/03\/Encuentro-REMM_-Peni-Franconi-240x300.png 240w, https:\/\/www.equalmedia.mx\/site\/wp-content\/uploads\/2025\/03\/Encuentro-REMM_-Peni-Franconi-819x1024.png 819w, https:\/\/www.equalmedia.mx\/site\/wp-content\/uploads\/2025\/03\/Encuentro-REMM_-Peni-Franconi-768x960.png 768w, https:\/\/www.equalmedia.mx\/site\/wp-content\/uploads\/2025\/03\/Encuentro-REMM_-Peni-Franconi-1229x1536.png 1229w, https:\/\/www.equalmedia.mx\/site\/wp-content\/uploads\/2025\/03\/Encuentro-REMM_-Peni-Franconi-1638x2048.png 1638w, https:\/\/www.equalmedia.mx\/site\/wp-content\/uploads\/2025\/03\/Encuentro-REMM_-Peni-Franconi-300x375.png 300w, https:\/\/www.equalmedia.mx\/site\/wp-content\/uploads\/2025\/03\/Encuentro-REMM_-Peni-Franconi-600x750.png 600w\" sizes=\"(max-width: 240px) 100vw, 240px\" \/><\/figure>\n\n\n\n<figure class=\"wp-block-image size-medium\"><img decoding=\"async\" width=\"240\" height=\"300\" data-id=\"6757\" data-src=\"https:\/\/www.equalmedia.mx\/site\/wp-content\/uploads\/2025\/03\/Encuentro-REMM_Rosana-Corbacho-240x300.png\" alt=\"\" class=\"wp-image-6757 lazyload\" data-srcset=\"https:\/\/www.equalmedia.mx\/site\/wp-content\/uploads\/2025\/03\/Encuentro-REMM_Rosana-Corbacho-240x300.png 240w, https:\/\/www.equalmedia.mx\/site\/wp-content\/uploads\/2025\/03\/Encuentro-REMM_Rosana-Corbacho-819x1024.png 819w, https:\/\/www.equalmedia.mx\/site\/wp-content\/uploads\/2025\/03\/Encuentro-REMM_Rosana-Corbacho-768x960.png 768w, https:\/\/www.equalmedia.mx\/site\/wp-content\/uploads\/2025\/03\/Encuentro-REMM_Rosana-Corbacho-1229x1536.png 1229w, https:\/\/www.equalmedia.mx\/site\/wp-content\/uploads\/2025\/03\/Encuentro-REMM_Rosana-Corbacho-1638x2048.png 1638w, https:\/\/www.equalmedia.mx\/site\/wp-content\/uploads\/2025\/03\/Encuentro-REMM_Rosana-Corbacho-300x375.png 300w, https:\/\/www.equalmedia.mx\/site\/wp-content\/uploads\/2025\/03\/Encuentro-REMM_Rosana-Corbacho-600x750.png 600w\" data-sizes=\"(max-width: 240px) 100vw, 240px\" src=\"data:image\/svg+xml;base64,PHN2ZyB3aWR0aD0iMSIgaGVpZ2h0PSIxIiB4bWxucz0iaHR0cDovL3d3dy53My5vcmcvMjAwMC9zdmciPjwvc3ZnPg==\" style=\"--smush-placeholder-width: 240px; --smush-placeholder-aspect-ratio: 240\/300;\" \/><\/figure>\n\n\n\n<figure class=\"wp-block-image size-medium\"><img decoding=\"async\" width=\"240\" height=\"300\" data-id=\"6756\" data-src=\"https:\/\/www.equalmedia.mx\/site\/wp-content\/uploads\/2025\/03\/Encuentro-REMM_Tina-Wroblewski-4-240x300.png\" alt=\"\" class=\"wp-image-6756 lazyload\" data-srcset=\"https:\/\/www.equalmedia.mx\/site\/wp-content\/uploads\/2025\/03\/Encuentro-REMM_Tina-Wroblewski-4-240x300.png 240w, https:\/\/www.equalmedia.mx\/site\/wp-content\/uploads\/2025\/03\/Encuentro-REMM_Tina-Wroblewski-4-819x1024.png 819w, https:\/\/www.equalmedia.mx\/site\/wp-content\/uploads\/2025\/03\/Encuentro-REMM_Tina-Wroblewski-4-768x960.png 768w, https:\/\/www.equalmedia.mx\/site\/wp-content\/uploads\/2025\/03\/Encuentro-REMM_Tina-Wroblewski-4-1229x1536.png 1229w, https:\/\/www.equalmedia.mx\/site\/wp-content\/uploads\/2025\/03\/Encuentro-REMM_Tina-Wroblewski-4-1638x2048.png 1638w, https:\/\/www.equalmedia.mx\/site\/wp-content\/uploads\/2025\/03\/Encuentro-REMM_Tina-Wroblewski-4-300x375.png 300w, https:\/\/www.equalmedia.mx\/site\/wp-content\/uploads\/2025\/03\/Encuentro-REMM_Tina-Wroblewski-4-600x750.png 600w\" data-sizes=\"(max-width: 240px) 100vw, 240px\" src=\"data:image\/svg+xml;base64,PHN2ZyB3aWR0aD0iMSIgaGVpZ2h0PSIxIiB4bWxucz0iaHR0cDovL3d3dy53My5vcmcvMjAwMC9zdmciPjwvc3ZnPg==\" style=\"--smush-placeholder-width: 240px; --smush-placeholder-aspect-ratio: 240\/300;\" \/><\/figure>\n<\/figure>\n<\/div>\n<\/div>\n<\/div>\n<\/div>\n<\/div><\/div>\n\n\n\n<p><strong>Somos REMM<\/strong><\/p>\n\n\n\n<p>Con el objetivo de generar una red de colaboraci\u00f3n y circulaci\u00f3n nacional, que fomente las buenas pr\u00e1cticas para disminuir las brechas de g\u00e9nero en el ecosistema de la m\u00fasica, e impulse el mejoramiento de las condiciones laborales para mujeres y disidencias, es que nace <strong>REMM: Red y Encuentro de Mujeres y Disidencias en la M\u00fasica<\/strong>, un espacio que agrupa a seis organizaciones de trabajadoras de las artes chilenas de diferentes regiones del pa\u00eds.<\/p>\n\n\n\n<p>Dentro de las asociaciones que conforman esta red est\u00e1n <strong>MUSAP<\/strong> (Plataforma de enlace para artistas, mujeres y disidencias, que entrega un soporte t\u00e9cnico y comercial, y que est\u00e1 detr\u00e1s de proyectos como la Residencia art\u00edstica IMPACTA &#8211; 4 ediciones- y el Festival Alzadas); <strong>UDARA<\/strong> (Asociaci\u00f3n cultural que visibiliza y pone en valor el trabajo de mujeres y disidencias en el rock, y que hace 10 a\u00f1os realiza el Festival UDARA); <strong>LLUVIOSA<\/strong> (Organizaci\u00f3n cultural de Valdivia promueve y visibiliza el trabajo de mujeres y disidencias en la m\u00fasica con el fin de contribuir en el desarrollo de la escena musical); <strong>FIMM<\/strong> (Festival Internacional de Mujeres M\u00fasicas que potencia desde Concepci\u00f3n la formaci\u00f3n, creaci\u00f3n y difusi\u00f3n art\u00edstica); <strong>FEMFEST<\/strong> (Organizaci\u00f3n horizontal de mujeres y disidencias, que se re\u00fane en torno a distintas dimensiones de las artes para expresar y cuestionar inquietudes personales y colectivas sobre la sociedad y su cultura); y <strong>ENCUENTRO<\/strong> <strong>DETONADAS<\/strong> (espacio que busca visibilizar el trabajo de artistas y creadoras a trav\u00e9s de presentaciones en vivo, conversatorios y actividades formativas desde la ciudad de Valpara\u00edso).<\/p>\n\n\n\n<p>Contacto de prensa:<\/p>\n\n\n\n<p>Marcela Venegas Hartung<\/p>\n\n\n\n<p>+56 9 61919486<\/p>\n","protected":false},"excerpt":{"rendered":"<p>El encuentro que se desarrollar\u00e1 los d\u00edas 28 y 29 de marzo en el Parque Cultural de Valpara\u00edso, busca posicionarse como el primer espacio gremial liderado por organizaciones, de mujeres y disidencias, trabajadoras del ecosistema de la m\u00fasica. Las inscripciones a las diferentes actividades y shows ya est\u00e1n abiertas y se realizar\u00e1n de manera gratuita. [&hellip;]<\/p>\n","protected":false},"author":1,"featured_media":6750,"comment_status":"closed","ping_status":"closed","sticky":false,"template":"","format":"standard","meta":{"footnotes":""},"categories":[18,245,1],"tags":[],"class_list":["post-6748","post","type-post","status-publish","format-standard","has-post-thumbnail","hentry","category-events","category-industria","category-uncategorized"],"yoast_head":"<!-- This site is optimized with the Yoast SEO plugin v26.6 - https:\/\/yoast.com\/wordpress\/plugins\/seo\/ -->\n<title>Equal Media | Hagamos que Suceda<\/title>\n<meta name=\"description\" content=\"Conectamos el mensaje de tu banda musical con audiencias interesadas en conocerles | Te ayudamos a alcanzar tus objetivos | HAGAMOS QUE SUCEDA\" \/>\n<meta name=\"robots\" content=\"index, follow, max-snippet:-1, max-image-preview:large, max-video-preview:-1\" \/>\n<link rel=\"canonical\" href=\"https:\/\/www.equalmedia.mx\/site\/uncategorized\/encuentro-remm-feria-pacifica-2025-conoce-un-adelanto-de-la-programacion-y-fechas-en-que-se-realizara-esta-primera-edicion\/\" \/>\n<meta property=\"og:locale\" content=\"es_ES\" \/>\n<meta property=\"og:type\" content=\"article\" \/>\n<meta property=\"og:title\" content=\"Equal Media | Hagamos que Suceda\" \/>\n<meta property=\"og:description\" content=\"Conectamos el mensaje de tu banda musical con audiencias interesadas en conocerles | Te ayudamos a alcanzar tus objetivos | HAGAMOS QUE SUCEDA\" \/>\n<meta property=\"og:url\" content=\"https:\/\/www.equalmedia.mx\/site\/uncategorized\/encuentro-remm-feria-pacifica-2025-conoce-un-adelanto-de-la-programacion-y-fechas-en-que-se-realizara-esta-primera-edicion\/\" \/>\n<meta property=\"og:site_name\" content=\"EQUAL MUSIC | Cultura Latina en Movimiento\" \/>\n<meta property=\"article:published_time\" content=\"2025-03-07T19:40:13+00:00\" \/>\n<meta property=\"og:image\" content=\"https:\/\/www.equalmedia.mx\/site\/wp-content\/uploads\/2025\/03\/AFICHE-OFICIAL-scaled.jpg\" \/>\n\t<meta property=\"og:image:width\" content=\"2048\" \/>\n\t<meta property=\"og:image:height\" content=\"2560\" \/>\n\t<meta property=\"og:image:type\" content=\"image\/jpeg\" \/>\n<meta name=\"author\" content=\"Equal Media\" \/>\n<meta name=\"twitter:card\" content=\"summary_large_image\" \/>\n<meta name=\"twitter:label1\" content=\"Escrito por\" \/>\n\t<meta name=\"twitter:data1\" content=\"Equal Media\" \/>\n\t<meta name=\"twitter:label2\" content=\"Tiempo de lectura\" \/>\n\t<meta name=\"twitter:data2\" content=\"5 minutos\" \/>\n<script type=\"application\/ld+json\" class=\"yoast-schema-graph\">{\"@context\":\"https:\/\/schema.org\",\"@graph\":[{\"@type\":\"Article\",\"@id\":\"https:\/\/www.equalmedia.mx\/site\/uncategorized\/encuentro-remm-feria-pacifica-2025-conoce-un-adelanto-de-la-programacion-y-fechas-en-que-se-realizara-esta-primera-edicion\/#article\",\"isPartOf\":{\"@id\":\"https:\/\/www.equalmedia.mx\/site\/uncategorized\/encuentro-remm-feria-pacifica-2025-conoce-un-adelanto-de-la-programacion-y-fechas-en-que-se-realizara-esta-primera-edicion\/\"},\"author\":{\"name\":\"Equal Media\",\"@id\":\"https:\/\/www.equalmedia.mx\/site\/#\/schema\/person\/41b6e60d650a80262fa6b5189bbb9f20\"},\"headline\":\"Encuentro REMM + Feria Pac\u00edfica 2025: Conoce un adelanto de la programaci\u00f3n y fechas en que se realizar\u00e1 esta primera edici\u00f3n\",\"datePublished\":\"2025-03-07T19:40:13+00:00\",\"mainEntityOfPage\":{\"@id\":\"https:\/\/www.equalmedia.mx\/site\/uncategorized\/encuentro-remm-feria-pacifica-2025-conoce-un-adelanto-de-la-programacion-y-fechas-en-que-se-realizara-esta-primera-edicion\/\"},\"wordCount\":1037,\"publisher\":{\"@id\":\"https:\/\/www.equalmedia.mx\/site\/#organization\"},\"image\":{\"@id\":\"https:\/\/www.equalmedia.mx\/site\/uncategorized\/encuentro-remm-feria-pacifica-2025-conoce-un-adelanto-de-la-programacion-y-fechas-en-que-se-realizara-esta-primera-edicion\/#primaryimage\"},\"thumbnailUrl\":\"https:\/\/www.equalmedia.mx\/site\/wp-content\/uploads\/2025\/03\/AFICHE-OFICIAL-scaled.jpg\",\"articleSection\":[\"Events\",\"Industria\",\"Uncategorized\"],\"inLanguage\":\"es\"},{\"@type\":\"WebPage\",\"@id\":\"https:\/\/www.equalmedia.mx\/site\/uncategorized\/encuentro-remm-feria-pacifica-2025-conoce-un-adelanto-de-la-programacion-y-fechas-en-que-se-realizara-esta-primera-edicion\/\",\"url\":\"https:\/\/www.equalmedia.mx\/site\/uncategorized\/encuentro-remm-feria-pacifica-2025-conoce-un-adelanto-de-la-programacion-y-fechas-en-que-se-realizara-esta-primera-edicion\/\",\"name\":\"Equal Media | Hagamos que Suceda\",\"isPartOf\":{\"@id\":\"https:\/\/www.equalmedia.mx\/site\/#website\"},\"primaryImageOfPage\":{\"@id\":\"https:\/\/www.equalmedia.mx\/site\/uncategorized\/encuentro-remm-feria-pacifica-2025-conoce-un-adelanto-de-la-programacion-y-fechas-en-que-se-realizara-esta-primera-edicion\/#primaryimage\"},\"image\":{\"@id\":\"https:\/\/www.equalmedia.mx\/site\/uncategorized\/encuentro-remm-feria-pacifica-2025-conoce-un-adelanto-de-la-programacion-y-fechas-en-que-se-realizara-esta-primera-edicion\/#primaryimage\"},\"thumbnailUrl\":\"https:\/\/www.equalmedia.mx\/site\/wp-content\/uploads\/2025\/03\/AFICHE-OFICIAL-scaled.jpg\",\"datePublished\":\"2025-03-07T19:40:13+00:00\",\"description\":\"Conectamos el mensaje de tu banda musical con audiencias interesadas en conocerles | Te ayudamos a alcanzar tus objetivos | HAGAMOS QUE SUCEDA\",\"breadcrumb\":{\"@id\":\"https:\/\/www.equalmedia.mx\/site\/uncategorized\/encuentro-remm-feria-pacifica-2025-conoce-un-adelanto-de-la-programacion-y-fechas-en-que-se-realizara-esta-primera-edicion\/#breadcrumb\"},\"inLanguage\":\"es\",\"potentialAction\":[{\"@type\":\"ReadAction\",\"target\":[\"https:\/\/www.equalmedia.mx\/site\/uncategorized\/encuentro-remm-feria-pacifica-2025-conoce-un-adelanto-de-la-programacion-y-fechas-en-que-se-realizara-esta-primera-edicion\/\"]}]},{\"@type\":\"ImageObject\",\"inLanguage\":\"es\",\"@id\":\"https:\/\/www.equalmedia.mx\/site\/uncategorized\/encuentro-remm-feria-pacifica-2025-conoce-un-adelanto-de-la-programacion-y-fechas-en-que-se-realizara-esta-primera-edicion\/#primaryimage\",\"url\":\"https:\/\/www.equalmedia.mx\/site\/wp-content\/uploads\/2025\/03\/AFICHE-OFICIAL-scaled.jpg\",\"contentUrl\":\"https:\/\/www.equalmedia.mx\/site\/wp-content\/uploads\/2025\/03\/AFICHE-OFICIAL-scaled.jpg\",\"width\":2048,\"height\":2560},{\"@type\":\"BreadcrumbList\",\"@id\":\"https:\/\/www.equalmedia.mx\/site\/uncategorized\/encuentro-remm-feria-pacifica-2025-conoce-un-adelanto-de-la-programacion-y-fechas-en-que-se-realizara-esta-primera-edicion\/#breadcrumb\",\"itemListElement\":[{\"@type\":\"ListItem\",\"position\":1,\"name\":\"Inicio\",\"item\":\"https:\/\/www.equalmedia.mx\/site\/\"},{\"@type\":\"ListItem\",\"position\":2,\"name\":\"Encuentro REMM + Feria Pac\u00edfica 2025: Conoce un adelanto de la programaci\u00f3n y fechas en que se realizar\u00e1 esta primera edici\u00f3n\"}]},{\"@type\":\"WebSite\",\"@id\":\"https:\/\/www.equalmedia.mx\/site\/#website\",\"url\":\"https:\/\/www.equalmedia.mx\/site\/\",\"name\":\"EQUAL MUSIC | Cultura Latina en Movimiento\",\"description\":\"Ritmo en movimiento.\",\"publisher\":{\"@id\":\"https:\/\/www.equalmedia.mx\/site\/#organization\"},\"potentialAction\":[{\"@type\":\"SearchAction\",\"target\":{\"@type\":\"EntryPoint\",\"urlTemplate\":\"https:\/\/www.equalmedia.mx\/site\/?s={search_term_string}\"},\"query-input\":{\"@type\":\"PropertyValueSpecification\",\"valueRequired\":true,\"valueName\":\"search_term_string\"}}],\"inLanguage\":\"es\"},{\"@type\":\"Organization\",\"@id\":\"https:\/\/www.equalmedia.mx\/site\/#organization\",\"name\":\"EQUAL MUSIC | Cultura Latina en Movimiento\",\"url\":\"https:\/\/www.equalmedia.mx\/site\/\",\"logo\":{\"@type\":\"ImageObject\",\"inLanguage\":\"es\",\"@id\":\"https:\/\/www.equalmedia.mx\/site\/#\/schema\/logo\/image\/\",\"url\":\"https:\/\/www.equalmedia.mx\/site\/wp-content\/uploads\/2021\/07\/logoblanco.png\",\"contentUrl\":\"https:\/\/www.equalmedia.mx\/site\/wp-content\/uploads\/2021\/07\/logoblanco.png\",\"width\":1920,\"height\":589,\"caption\":\"EQUAL MUSIC | Cultura Latina en Movimiento\"},\"image\":{\"@id\":\"https:\/\/www.equalmedia.mx\/site\/#\/schema\/logo\/image\/\"}},{\"@type\":\"Person\",\"@id\":\"https:\/\/www.equalmedia.mx\/site\/#\/schema\/person\/41b6e60d650a80262fa6b5189bbb9f20\",\"name\":\"Equal Media\",\"image\":{\"@type\":\"ImageObject\",\"inLanguage\":\"es\",\"@id\":\"https:\/\/www.equalmedia.mx\/site\/#\/schema\/person\/image\/\",\"url\":\"https:\/\/secure.gravatar.com\/avatar\/51c3f8f080f557c61349ab37ab35c9f967b3b271510dd8ef0b9b16a3dd5a89e9?s=96&d=mm&r=g\",\"contentUrl\":\"https:\/\/secure.gravatar.com\/avatar\/51c3f8f080f557c61349ab37ab35c9f967b3b271510dd8ef0b9b16a3dd5a89e9?s=96&d=mm&r=g\",\"caption\":\"Equal Media\"},\"description\":\"Equal Media es una productora y agencia de estrategia cultural transmedia que impulsa la visibilidad de la m\u00fasica y cultura latina a trav\u00e9s de contenidos originales, multiplataforma y con enfoque social. Con operaci\u00f3n desde Estados Unidos, M\u00e9xico y Colombia, Equal Media se ha consolidado como un actor clave en la narrativa documental, la curadur\u00eda musical y la creaci\u00f3n de formatos de alto impacto para audiencias latinas globales. Sus producciones incluyen Equal Music Sessions \u2014con m\u00e1s de 300 artistas programados en LATV Network\u2014, la serie Hunters y el documental 4TRO EL3MENTOS. Sus contenidos son emitidos en prime time en EE.UU. v\u00eda LATV y VOD, alcanzando m\u00e1s de 62 millones de hogares en mercados como Nueva York, Los \u00c1ngeles, Miami y Chicago. Equal Media ha estado presente con cobertura original y branded content en eventos como el Media Hub de los Latin Grammys, LAMC (NY), BIME (Bilbao, Bogot\u00e1), Vive Latino (CDMX), MIM LATAM, CAMM, entre otros hubs de la industria. Aliada de plataformas como Keychange, Femnoise, We Make Noise y la Municipalidad de Quilicura (Chile), Equal Media promueve una industria m\u00e1s equitativa, programando de forma activa proyectos liderados por mujeres, comunidades LGBTQ+ y sectores vulnerables. Bajo la direcci\u00f3n de Ulises Sanher \u2014reconocido por la UNAM y otras instituciones acad\u00e9micas por su labor cultural\u2014, Equal Media ha contribuido a formar nuevas audiencias desde la educaci\u00f3n, el activismo y la creatividad. Sanher ha sido invitado como speaker en foros como Circulart (COL), FIMPRO (MEX), Canadian Music Week (CAN), FME (CAN), SIM S\u00e3o Paulo (BR), MUPA (PAN), Corriente (PER) y Brasil Trends Conference. Tambi\u00e9n ha sido jurado externo de los Premios Rolling Stone en Espa\u00f1ol en Miami y ha ofrecido asesor\u00eda creativa en colaboraci\u00f3n con Berklee Valencia y la Asociaci\u00f3n de Supervisores Musicales.\",\"sameAs\":[\"https:\/\/www.equalmedia.mx\/\",\"https:\/\/www.instagram.com\/equal.music\",\"https:\/\/www.linkedin.com\/in\/ulises-sanher\/\",\"https:\/\/www.youtube.com\/@equalmusicworld\"],\"url\":\"https:\/\/www.equalmedia.mx\/site\/author\/admin\/\"}]}<\/script>\n<!-- \/ Yoast SEO plugin. -->","yoast_head_json":{"title":"Equal Media | Hagamos que Suceda","description":"Conectamos el mensaje de tu banda musical con audiencias interesadas en conocerles | Te ayudamos a alcanzar tus objetivos | HAGAMOS QUE SUCEDA","robots":{"index":"index","follow":"follow","max-snippet":"max-snippet:-1","max-image-preview":"max-image-preview:large","max-video-preview":"max-video-preview:-1"},"canonical":"https:\/\/www.equalmedia.mx\/site\/uncategorized\/encuentro-remm-feria-pacifica-2025-conoce-un-adelanto-de-la-programacion-y-fechas-en-que-se-realizara-esta-primera-edicion\/","og_locale":"es_ES","og_type":"article","og_title":"Equal Media | Hagamos que Suceda","og_description":"Conectamos el mensaje de tu banda musical con audiencias interesadas en conocerles | Te ayudamos a alcanzar tus objetivos | HAGAMOS QUE SUCEDA","og_url":"https:\/\/www.equalmedia.mx\/site\/uncategorized\/encuentro-remm-feria-pacifica-2025-conoce-un-adelanto-de-la-programacion-y-fechas-en-que-se-realizara-esta-primera-edicion\/","og_site_name":"EQUAL MUSIC | Cultura Latina en Movimiento","article_published_time":"2025-03-07T19:40:13+00:00","og_image":[{"width":2048,"height":2560,"url":"https:\/\/www.equalmedia.mx\/site\/wp-content\/uploads\/2025\/03\/AFICHE-OFICIAL-scaled.jpg","type":"image\/jpeg"}],"author":"Equal Media","twitter_card":"summary_large_image","twitter_misc":{"Escrito por":"Equal Media","Tiempo de lectura":"5 minutos"},"schema":{"@context":"https:\/\/schema.org","@graph":[{"@type":"Article","@id":"https:\/\/www.equalmedia.mx\/site\/uncategorized\/encuentro-remm-feria-pacifica-2025-conoce-un-adelanto-de-la-programacion-y-fechas-en-que-se-realizara-esta-primera-edicion\/#article","isPartOf":{"@id":"https:\/\/www.equalmedia.mx\/site\/uncategorized\/encuentro-remm-feria-pacifica-2025-conoce-un-adelanto-de-la-programacion-y-fechas-en-que-se-realizara-esta-primera-edicion\/"},"author":{"name":"Equal Media","@id":"https:\/\/www.equalmedia.mx\/site\/#\/schema\/person\/41b6e60d650a80262fa6b5189bbb9f20"},"headline":"Encuentro REMM + Feria Pac\u00edfica 2025: Conoce un adelanto de la programaci\u00f3n y fechas en que se realizar\u00e1 esta primera edici\u00f3n","datePublished":"2025-03-07T19:40:13+00:00","mainEntityOfPage":{"@id":"https:\/\/www.equalmedia.mx\/site\/uncategorized\/encuentro-remm-feria-pacifica-2025-conoce-un-adelanto-de-la-programacion-y-fechas-en-que-se-realizara-esta-primera-edicion\/"},"wordCount":1037,"publisher":{"@id":"https:\/\/www.equalmedia.mx\/site\/#organization"},"image":{"@id":"https:\/\/www.equalmedia.mx\/site\/uncategorized\/encuentro-remm-feria-pacifica-2025-conoce-un-adelanto-de-la-programacion-y-fechas-en-que-se-realizara-esta-primera-edicion\/#primaryimage"},"thumbnailUrl":"https:\/\/www.equalmedia.mx\/site\/wp-content\/uploads\/2025\/03\/AFICHE-OFICIAL-scaled.jpg","articleSection":["Events","Industria","Uncategorized"],"inLanguage":"es"},{"@type":"WebPage","@id":"https:\/\/www.equalmedia.mx\/site\/uncategorized\/encuentro-remm-feria-pacifica-2025-conoce-un-adelanto-de-la-programacion-y-fechas-en-que-se-realizara-esta-primera-edicion\/","url":"https:\/\/www.equalmedia.mx\/site\/uncategorized\/encuentro-remm-feria-pacifica-2025-conoce-un-adelanto-de-la-programacion-y-fechas-en-que-se-realizara-esta-primera-edicion\/","name":"Equal Media | Hagamos que Suceda","isPartOf":{"@id":"https:\/\/www.equalmedia.mx\/site\/#website"},"primaryImageOfPage":{"@id":"https:\/\/www.equalmedia.mx\/site\/uncategorized\/encuentro-remm-feria-pacifica-2025-conoce-un-adelanto-de-la-programacion-y-fechas-en-que-se-realizara-esta-primera-edicion\/#primaryimage"},"image":{"@id":"https:\/\/www.equalmedia.mx\/site\/uncategorized\/encuentro-remm-feria-pacifica-2025-conoce-un-adelanto-de-la-programacion-y-fechas-en-que-se-realizara-esta-primera-edicion\/#primaryimage"},"thumbnailUrl":"https:\/\/www.equalmedia.mx\/site\/wp-content\/uploads\/2025\/03\/AFICHE-OFICIAL-scaled.jpg","datePublished":"2025-03-07T19:40:13+00:00","description":"Conectamos el mensaje de tu banda musical con audiencias interesadas en conocerles | Te ayudamos a alcanzar tus objetivos | HAGAMOS QUE SUCEDA","breadcrumb":{"@id":"https:\/\/www.equalmedia.mx\/site\/uncategorized\/encuentro-remm-feria-pacifica-2025-conoce-un-adelanto-de-la-programacion-y-fechas-en-que-se-realizara-esta-primera-edicion\/#breadcrumb"},"inLanguage":"es","potentialAction":[{"@type":"ReadAction","target":["https:\/\/www.equalmedia.mx\/site\/uncategorized\/encuentro-remm-feria-pacifica-2025-conoce-un-adelanto-de-la-programacion-y-fechas-en-que-se-realizara-esta-primera-edicion\/"]}]},{"@type":"ImageObject","inLanguage":"es","@id":"https:\/\/www.equalmedia.mx\/site\/uncategorized\/encuentro-remm-feria-pacifica-2025-conoce-un-adelanto-de-la-programacion-y-fechas-en-que-se-realizara-esta-primera-edicion\/#primaryimage","url":"https:\/\/www.equalmedia.mx\/site\/wp-content\/uploads\/2025\/03\/AFICHE-OFICIAL-scaled.jpg","contentUrl":"https:\/\/www.equalmedia.mx\/site\/wp-content\/uploads\/2025\/03\/AFICHE-OFICIAL-scaled.jpg","width":2048,"height":2560},{"@type":"BreadcrumbList","@id":"https:\/\/www.equalmedia.mx\/site\/uncategorized\/encuentro-remm-feria-pacifica-2025-conoce-un-adelanto-de-la-programacion-y-fechas-en-que-se-realizara-esta-primera-edicion\/#breadcrumb","itemListElement":[{"@type":"ListItem","position":1,"name":"Inicio","item":"https:\/\/www.equalmedia.mx\/site\/"},{"@type":"ListItem","position":2,"name":"Encuentro REMM + Feria Pac\u00edfica 2025: Conoce un adelanto de la programaci\u00f3n y fechas en que se realizar\u00e1 esta primera edici\u00f3n"}]},{"@type":"WebSite","@id":"https:\/\/www.equalmedia.mx\/site\/#website","url":"https:\/\/www.equalmedia.mx\/site\/","name":"EQUAL MUSIC | Cultura Latina en Movimiento","description":"Ritmo en movimiento.","publisher":{"@id":"https:\/\/www.equalmedia.mx\/site\/#organization"},"potentialAction":[{"@type":"SearchAction","target":{"@type":"EntryPoint","urlTemplate":"https:\/\/www.equalmedia.mx\/site\/?s={search_term_string}"},"query-input":{"@type":"PropertyValueSpecification","valueRequired":true,"valueName":"search_term_string"}}],"inLanguage":"es"},{"@type":"Organization","@id":"https:\/\/www.equalmedia.mx\/site\/#organization","name":"EQUAL MUSIC | Cultura Latina en Movimiento","url":"https:\/\/www.equalmedia.mx\/site\/","logo":{"@type":"ImageObject","inLanguage":"es","@id":"https:\/\/www.equalmedia.mx\/site\/#\/schema\/logo\/image\/","url":"https:\/\/www.equalmedia.mx\/site\/wp-content\/uploads\/2021\/07\/logoblanco.png","contentUrl":"https:\/\/www.equalmedia.mx\/site\/wp-content\/uploads\/2021\/07\/logoblanco.png","width":1920,"height":589,"caption":"EQUAL MUSIC | Cultura Latina en Movimiento"},"image":{"@id":"https:\/\/www.equalmedia.mx\/site\/#\/schema\/logo\/image\/"}},{"@type":"Person","@id":"https:\/\/www.equalmedia.mx\/site\/#\/schema\/person\/41b6e60d650a80262fa6b5189bbb9f20","name":"Equal Media","image":{"@type":"ImageObject","inLanguage":"es","@id":"https:\/\/www.equalmedia.mx\/site\/#\/schema\/person\/image\/","url":"https:\/\/secure.gravatar.com\/avatar\/51c3f8f080f557c61349ab37ab35c9f967b3b271510dd8ef0b9b16a3dd5a89e9?s=96&d=mm&r=g","contentUrl":"https:\/\/secure.gravatar.com\/avatar\/51c3f8f080f557c61349ab37ab35c9f967b3b271510dd8ef0b9b16a3dd5a89e9?s=96&d=mm&r=g","caption":"Equal Media"},"description":"Equal Media es una productora y agencia de estrategia cultural transmedia que impulsa la visibilidad de la m\u00fasica y cultura latina a trav\u00e9s de contenidos originales, multiplataforma y con enfoque social. Con operaci\u00f3n desde Estados Unidos, M\u00e9xico y Colombia, Equal Media se ha consolidado como un actor clave en la narrativa documental, la curadur\u00eda musical y la creaci\u00f3n de formatos de alto impacto para audiencias latinas globales. Sus producciones incluyen Equal Music Sessions \u2014con m\u00e1s de 300 artistas programados en LATV Network\u2014, la serie Hunters y el documental 4TRO EL3MENTOS. Sus contenidos son emitidos en prime time en EE.UU. v\u00eda LATV y VOD, alcanzando m\u00e1s de 62 millones de hogares en mercados como Nueva York, Los \u00c1ngeles, Miami y Chicago. Equal Media ha estado presente con cobertura original y branded content en eventos como el Media Hub de los Latin Grammys, LAMC (NY), BIME (Bilbao, Bogot\u00e1), Vive Latino (CDMX), MIM LATAM, CAMM, entre otros hubs de la industria. Aliada de plataformas como Keychange, Femnoise, We Make Noise y la Municipalidad de Quilicura (Chile), Equal Media promueve una industria m\u00e1s equitativa, programando de forma activa proyectos liderados por mujeres, comunidades LGBTQ+ y sectores vulnerables. Bajo la direcci\u00f3n de Ulises Sanher \u2014reconocido por la UNAM y otras instituciones acad\u00e9micas por su labor cultural\u2014, Equal Media ha contribuido a formar nuevas audiencias desde la educaci\u00f3n, el activismo y la creatividad. Sanher ha sido invitado como speaker en foros como Circulart (COL), FIMPRO (MEX), Canadian Music Week (CAN), FME (CAN), SIM S\u00e3o Paulo (BR), MUPA (PAN), Corriente (PER) y Brasil Trends Conference. Tambi\u00e9n ha sido jurado externo de los Premios Rolling Stone en Espa\u00f1ol en Miami y ha ofrecido asesor\u00eda creativa en colaboraci\u00f3n con Berklee Valencia y la Asociaci\u00f3n de Supervisores Musicales.","sameAs":["https:\/\/www.equalmedia.mx\/","https:\/\/www.instagram.com\/equal.music","https:\/\/www.linkedin.com\/in\/ulises-sanher\/","https:\/\/www.youtube.com\/@equalmusicworld"],"url":"https:\/\/www.equalmedia.mx\/site\/author\/admin\/"}]}},"_links":{"self":[{"href":"https:\/\/www.equalmedia.mx\/site\/wp-json\/wp\/v2\/posts\/6748","targetHints":{"allow":["GET"]}}],"collection":[{"href":"https:\/\/www.equalmedia.mx\/site\/wp-json\/wp\/v2\/posts"}],"about":[{"href":"https:\/\/www.equalmedia.mx\/site\/wp-json\/wp\/v2\/types\/post"}],"author":[{"embeddable":true,"href":"https:\/\/www.equalmedia.mx\/site\/wp-json\/wp\/v2\/users\/1"}],"replies":[{"embeddable":true,"href":"https:\/\/www.equalmedia.mx\/site\/wp-json\/wp\/v2\/comments?post=6748"}],"version-history":[{"count":5,"href":"https:\/\/www.equalmedia.mx\/site\/wp-json\/wp\/v2\/posts\/6748\/revisions"}],"predecessor-version":[{"id":6761,"href":"https:\/\/www.equalmedia.mx\/site\/wp-json\/wp\/v2\/posts\/6748\/revisions\/6761"}],"wp:featuredmedia":[{"embeddable":true,"href":"https:\/\/www.equalmedia.mx\/site\/wp-json\/wp\/v2\/media\/6750"}],"wp:attachment":[{"href":"https:\/\/www.equalmedia.mx\/site\/wp-json\/wp\/v2\/media?parent=6748"}],"wp:term":[{"taxonomy":"category","embeddable":true,"href":"https:\/\/www.equalmedia.mx\/site\/wp-json\/wp\/v2\/categories?post=6748"},{"taxonomy":"post_tag","embeddable":true,"href":"https:\/\/www.equalmedia.mx\/site\/wp-json\/wp\/v2\/tags?post=6748"}],"curies":[{"name":"wp","href":"https:\/\/api.w.org\/{rel}","templated":true}]}}