{"id":6769,"date":"2025-03-19T22:39:48","date_gmt":"2025-03-19T22:39:48","guid":{"rendered":"https:\/\/www.equalmedia.mx\/site\/?p=6769"},"modified":"2025-03-19T22:39:49","modified_gmt":"2025-03-19T22:39:49","slug":"nortec-bostich-fussible-llevan-su-ritmo-fronterizo-al-corazon-de-la-cdmx","status":"publish","type":"post","link":"https:\/\/www.equalmedia.mx\/site\/concertos\/nortec-bostich-fussible-llevan-su-ritmo-fronterizo-al-corazon-de-la-cdmx\/","title":{"rendered":"Nortec: Bostich + Fussible llevan su ritmo fronterizo al coraz\u00f3n de la CDMX"},"content":{"rendered":"\n<h3 class=\"wp-block-heading has-text-align-center\">30 DE AGOSTO \u2013 PEPSI CENTER<\/h3>\n\n\n\n<h3 class=\"wp-block-heading has-text-align-center\">PREVENTA CITIBANAMEX: 21 DE MARZO<\/h3>\n\n\n\n<p>Tras su exitosa presentaci\u00f3n en el Vive Latino,&nbsp;<strong>Nortec: Bostich + Fussible<\/strong>&nbsp;anuncia un concierto \u00edntimo en la Ciudad de M\u00e9xico. El ic\u00f3nico d\u00fao tijuanense de m\u00fasica electr\u00f3nica promete una noche llena de ritmos que te har\u00e1n bailar sin parar. La cita es el pr\u00f3ximo&nbsp;<strong>30 de agosto en el Pepsi Center.&nbsp;<\/strong><\/p>\n\n\n\n<p>La banda, originaria de Tijuana, emprendi\u00f3 este proyecto musical que ha transformado la escena de la m\u00fasica electr\u00f3nica al fusionarla con sonidos tradicionales del norte de M\u00e9xico, incorporando g\u00e9neros como el norte\u00f1o, la banda y la cumbia. Dentro de esta agrupaci\u00f3n, Bostich (Ram\u00f3n Amezcua) y Fussible (Pepe Mogt) han sobresalido como dos de sus integrantes m\u00e1s emblem\u00e1ticos.<\/p>\n\n\n\n<p class=\"has-text-align-center\"><strong>OCESAFACT: Nortec: Bostich + Fussible y el Festival Vive Latino celebran 25 a\u00f1os de trayectoria, consolid\u00e1ndose como referentes fundamentales en la escena musical de M\u00e9xico y Latinoam\u00e9rica<\/strong><\/p>\n\n\n\n<p>&nbsp;Su \u00e1lbum debut,&nbsp;<em>The Tijuana Sessions, Vol. 1<\/em>&nbsp;(2001), es considerado un cl\u00e1sico y un parteaguas en la m\u00fasica latinoamericana contempor\u00e1nea. Puesto que la atm\u00f3sfera de banda de marcha se conserva a pesar de los elementos electr\u00f3nicos, lo que lo convierte en un tema de apertura s\u00f3lido.<\/p>\n\n\n\n<p>Escucha en vivo su \u00faltimo sencillo \u201c<strong>TSM2024<\/strong>\u201d, as\u00ed como sus cl\u00e1sicos\u00a0<strong>\u201cNorte\u00f1a del sur\u201d, \u201cTengo la voz\u201d y \u201cThe Clap\u201d,<\/strong>\u00a0en su presentaci\u00f3n en la Ciudad de M\u00e9xico.\u00a0<strong>Los boletos estar\u00e1n disponibles en Preventa Banamex a partir del 21 de marzo<\/strong>, mientras que la venta general ser\u00e1 un d\u00eda despu\u00e9s en las taquillas del inmueble y a trav\u00e9s de Ticketmaster.<\/p>\n\n\n\n<figure class=\"wp-block-embed is-type-video is-provider-youtube wp-block-embed-youtube wp-embed-aspect-16-9 wp-has-aspect-ratio\"><div class=\"wp-block-embed__wrapper\">\n<iframe title=\"Nortec: Bostich + Fussible - Tijuana Sound Machine (Official Video) HQ 2023\" width=\"1300\" height=\"731\" data-src=\"https:\/\/www.youtube.com\/embed\/o3jdKt8zhlo?feature=oembed\" frameborder=\"0\" allow=\"accelerometer; autoplay; clipboard-write; encrypted-media; gyroscope; picture-in-picture; web-share\" referrerpolicy=\"strict-origin-when-cross-origin\" allowfullscreen src=\"data:image\/svg+xml;base64,PHN2ZyB3aWR0aD0iMSIgaGVpZ2h0PSIxIiB4bWxucz0iaHR0cDovL3d3dy53My5vcmcvMjAwMC9zdmciPjwvc3ZnPg==\" class=\"lazyload\" data-load-mode=\"1\"><\/iframe>\n<\/div><\/figure>\n","protected":false},"excerpt":{"rendered":"<p>30 DE AGOSTO \u2013 PEPSI CENTER PREVENTA CITIBANAMEX: 21 DE MARZO Tras su exitosa presentaci\u00f3n en el Vive Latino,&nbsp;Nortec: Bostich + Fussible&nbsp;anuncia un concierto \u00edntimo en la Ciudad de M\u00e9xico. El ic\u00f3nico d\u00fao tijuanense de m\u00fasica electr\u00f3nica promete una noche llena de ritmos que te har\u00e1n bailar sin parar. La cita es el pr\u00f3ximo&nbsp;30 de [&hellip;]<\/p>\n","protected":false},"author":1,"featured_media":6770,"comment_status":"closed","ping_status":"closed","sticky":false,"template":"","format":"standard","meta":{"footnotes":""},"categories":[17],"tags":[237,453,457,452,455,454],"class_list":["post-6769","post","type-post","status-publish","format-standard","has-post-thumbnail","hentry","category-concertos","tag-cdmx","tag-concierto","tag-fussible","tag-nortec","tag-ocesa","tag-pepsi-center"],"yoast_head":"<!-- This site is optimized with the Yoast SEO plugin v26.6 - https:\/\/yoast.com\/wordpress\/plugins\/seo\/ -->\n<title>Equal Media | Hagamos que Suceda<\/title>\n<meta name=\"description\" content=\"Conectamos el mensaje de tu banda musical con audiencias interesadas en conocerles | Te ayudamos a alcanzar tus objetivos | HAGAMOS QUE SUCEDA\" \/>\n<meta name=\"robots\" content=\"index, follow, max-snippet:-1, max-image-preview:large, max-video-preview:-1\" \/>\n<link rel=\"canonical\" href=\"https:\/\/www.equalmedia.mx\/site\/concertos\/nortec-bostich-fussible-llevan-su-ritmo-fronterizo-al-corazon-de-la-cdmx\/\" \/>\n<meta property=\"og:locale\" content=\"es_ES\" \/>\n<meta property=\"og:type\" content=\"article\" \/>\n<meta property=\"og:title\" content=\"Equal Media | Hagamos que Suceda\" \/>\n<meta property=\"og:description\" content=\"Conectamos el mensaje de tu banda musical con audiencias interesadas en conocerles | Te ayudamos a alcanzar tus objetivos | HAGAMOS QUE SUCEDA\" \/>\n<meta property=\"og:url\" content=\"https:\/\/www.equalmedia.mx\/site\/concertos\/nortec-bostich-fussible-llevan-su-ritmo-fronterizo-al-corazon-de-la-cdmx\/\" \/>\n<meta property=\"og:site_name\" content=\"EQUAL MUSIC | Cultura Latina en Movimiento\" \/>\n<meta property=\"article:published_time\" content=\"2025-03-19T22:39:48+00:00\" \/>\n<meta property=\"article:modified_time\" content=\"2025-03-19T22:39:49+00:00\" \/>\n<meta property=\"og:image\" content=\"https:\/\/www.equalmedia.mx\/site\/wp-content\/uploads\/2025\/03\/image_processing20250319-9-rlz7d6.jpg\" \/>\n\t<meta property=\"og:image:width\" content=\"1920\" \/>\n\t<meta property=\"og:image:height\" content=\"1429\" \/>\n\t<meta property=\"og:image:type\" content=\"image\/jpeg\" \/>\n<meta name=\"author\" content=\"Equal Media\" \/>\n<meta name=\"twitter:card\" content=\"summary_large_image\" \/>\n<meta name=\"twitter:label1\" content=\"Escrito por\" \/>\n\t<meta name=\"twitter:data1\" content=\"Equal Media\" \/>\n\t<meta name=\"twitter:label2\" content=\"Tiempo de lectura\" \/>\n\t<meta name=\"twitter:data2\" content=\"2 minutos\" \/>\n<script type=\"application\/ld+json\" class=\"yoast-schema-graph\">{\"@context\":\"https:\/\/schema.org\",\"@graph\":[{\"@type\":\"Article\",\"@id\":\"https:\/\/www.equalmedia.mx\/site\/concertos\/nortec-bostich-fussible-llevan-su-ritmo-fronterizo-al-corazon-de-la-cdmx\/#article\",\"isPartOf\":{\"@id\":\"https:\/\/www.equalmedia.mx\/site\/concertos\/nortec-bostich-fussible-llevan-su-ritmo-fronterizo-al-corazon-de-la-cdmx\/\"},\"author\":{\"name\":\"Equal Media\",\"@id\":\"https:\/\/www.equalmedia.mx\/site\/#\/schema\/person\/41b6e60d650a80262fa6b5189bbb9f20\"},\"headline\":\"Nortec: Bostich + Fussible llevan su ritmo fronterizo al coraz\u00f3n de la CDMX\",\"datePublished\":\"2025-03-19T22:39:48+00:00\",\"dateModified\":\"2025-03-19T22:39:49+00:00\",\"mainEntityOfPage\":{\"@id\":\"https:\/\/www.equalmedia.mx\/site\/concertos\/nortec-bostich-fussible-llevan-su-ritmo-fronterizo-al-corazon-de-la-cdmx\/\"},\"wordCount\":308,\"publisher\":{\"@id\":\"https:\/\/www.equalmedia.mx\/site\/#organization\"},\"image\":{\"@id\":\"https:\/\/www.equalmedia.mx\/site\/concertos\/nortec-bostich-fussible-llevan-su-ritmo-fronterizo-al-corazon-de-la-cdmx\/#primaryimage\"},\"thumbnailUrl\":\"https:\/\/www.equalmedia.mx\/site\/wp-content\/uploads\/2025\/03\/image_processing20250319-9-rlz7d6.jpg\",\"keywords\":[\"cdmx\",\"concierto\",\"fussible\",\"nortec\",\"ocesa\",\"pepsi center\"],\"articleSection\":[\"Conciertos\"],\"inLanguage\":\"es\"},{\"@type\":\"WebPage\",\"@id\":\"https:\/\/www.equalmedia.mx\/site\/concertos\/nortec-bostich-fussible-llevan-su-ritmo-fronterizo-al-corazon-de-la-cdmx\/\",\"url\":\"https:\/\/www.equalmedia.mx\/site\/concertos\/nortec-bostich-fussible-llevan-su-ritmo-fronterizo-al-corazon-de-la-cdmx\/\",\"name\":\"Equal Media | Hagamos que Suceda\",\"isPartOf\":{\"@id\":\"https:\/\/www.equalmedia.mx\/site\/#website\"},\"primaryImageOfPage\":{\"@id\":\"https:\/\/www.equalmedia.mx\/site\/concertos\/nortec-bostich-fussible-llevan-su-ritmo-fronterizo-al-corazon-de-la-cdmx\/#primaryimage\"},\"image\":{\"@id\":\"https:\/\/www.equalmedia.mx\/site\/concertos\/nortec-bostich-fussible-llevan-su-ritmo-fronterizo-al-corazon-de-la-cdmx\/#primaryimage\"},\"thumbnailUrl\":\"https:\/\/www.equalmedia.mx\/site\/wp-content\/uploads\/2025\/03\/image_processing20250319-9-rlz7d6.jpg\",\"datePublished\":\"2025-03-19T22:39:48+00:00\",\"dateModified\":\"2025-03-19T22:39:49+00:00\",\"description\":\"Conectamos el mensaje de tu banda musical con audiencias interesadas en conocerles | Te ayudamos a alcanzar tus objetivos | HAGAMOS QUE SUCEDA\",\"breadcrumb\":{\"@id\":\"https:\/\/www.equalmedia.mx\/site\/concertos\/nortec-bostich-fussible-llevan-su-ritmo-fronterizo-al-corazon-de-la-cdmx\/#breadcrumb\"},\"inLanguage\":\"es\",\"potentialAction\":[{\"@type\":\"ReadAction\",\"target\":[\"https:\/\/www.equalmedia.mx\/site\/concertos\/nortec-bostich-fussible-llevan-su-ritmo-fronterizo-al-corazon-de-la-cdmx\/\"]}]},{\"@type\":\"ImageObject\",\"inLanguage\":\"es\",\"@id\":\"https:\/\/www.equalmedia.mx\/site\/concertos\/nortec-bostich-fussible-llevan-su-ritmo-fronterizo-al-corazon-de-la-cdmx\/#primaryimage\",\"url\":\"https:\/\/www.equalmedia.mx\/site\/wp-content\/uploads\/2025\/03\/image_processing20250319-9-rlz7d6.jpg\",\"contentUrl\":\"https:\/\/www.equalmedia.mx\/site\/wp-content\/uploads\/2025\/03\/image_processing20250319-9-rlz7d6.jpg\",\"width\":1920,\"height\":1429},{\"@type\":\"BreadcrumbList\",\"@id\":\"https:\/\/www.equalmedia.mx\/site\/concertos\/nortec-bostich-fussible-llevan-su-ritmo-fronterizo-al-corazon-de-la-cdmx\/#breadcrumb\",\"itemListElement\":[{\"@type\":\"ListItem\",\"position\":1,\"name\":\"Inicio\",\"item\":\"https:\/\/www.equalmedia.mx\/site\/\"},{\"@type\":\"ListItem\",\"position\":2,\"name\":\"Nortec: Bostich + Fussible llevan su ritmo fronterizo al coraz\u00f3n de la CDMX\"}]},{\"@type\":\"WebSite\",\"@id\":\"https:\/\/www.equalmedia.mx\/site\/#website\",\"url\":\"https:\/\/www.equalmedia.mx\/site\/\",\"name\":\"EQUAL MUSIC | Cultura Latina en Movimiento\",\"description\":\"Ritmo en movimiento.\",\"publisher\":{\"@id\":\"https:\/\/www.equalmedia.mx\/site\/#organization\"},\"potentialAction\":[{\"@type\":\"SearchAction\",\"target\":{\"@type\":\"EntryPoint\",\"urlTemplate\":\"https:\/\/www.equalmedia.mx\/site\/?s={search_term_string}\"},\"query-input\":{\"@type\":\"PropertyValueSpecification\",\"valueRequired\":true,\"valueName\":\"search_term_string\"}}],\"inLanguage\":\"es\"},{\"@type\":\"Organization\",\"@id\":\"https:\/\/www.equalmedia.mx\/site\/#organization\",\"name\":\"EQUAL MUSIC | Cultura Latina en Movimiento\",\"url\":\"https:\/\/www.equalmedia.mx\/site\/\",\"logo\":{\"@type\":\"ImageObject\",\"inLanguage\":\"es\",\"@id\":\"https:\/\/www.equalmedia.mx\/site\/#\/schema\/logo\/image\/\",\"url\":\"https:\/\/www.equalmedia.mx\/site\/wp-content\/uploads\/2021\/07\/logoblanco.png\",\"contentUrl\":\"https:\/\/www.equalmedia.mx\/site\/wp-content\/uploads\/2021\/07\/logoblanco.png\",\"width\":1920,\"height\":589,\"caption\":\"EQUAL MUSIC | Cultura Latina en Movimiento\"},\"image\":{\"@id\":\"https:\/\/www.equalmedia.mx\/site\/#\/schema\/logo\/image\/\"}},{\"@type\":\"Person\",\"@id\":\"https:\/\/www.equalmedia.mx\/site\/#\/schema\/person\/41b6e60d650a80262fa6b5189bbb9f20\",\"name\":\"Equal Media\",\"image\":{\"@type\":\"ImageObject\",\"inLanguage\":\"es\",\"@id\":\"https:\/\/www.equalmedia.mx\/site\/#\/schema\/person\/image\/\",\"url\":\"https:\/\/secure.gravatar.com\/avatar\/51c3f8f080f557c61349ab37ab35c9f967b3b271510dd8ef0b9b16a3dd5a89e9?s=96&d=mm&r=g\",\"contentUrl\":\"https:\/\/secure.gravatar.com\/avatar\/51c3f8f080f557c61349ab37ab35c9f967b3b271510dd8ef0b9b16a3dd5a89e9?s=96&d=mm&r=g\",\"caption\":\"Equal Media\"},\"description\":\"Equal Media es una productora y agencia de estrategia cultural transmedia que impulsa la visibilidad de la m\u00fasica y cultura latina a trav\u00e9s de contenidos originales, multiplataforma y con enfoque social. Con operaci\u00f3n desde Estados Unidos, M\u00e9xico y Colombia, Equal Media se ha consolidado como un actor clave en la narrativa documental, la curadur\u00eda musical y la creaci\u00f3n de formatos de alto impacto para audiencias latinas globales. Sus producciones incluyen Equal Music Sessions \u2014con m\u00e1s de 300 artistas programados en LATV Network\u2014, la serie Hunters y el documental 4TRO EL3MENTOS. Sus contenidos son emitidos en prime time en EE.UU. v\u00eda LATV y VOD, alcanzando m\u00e1s de 62 millones de hogares en mercados como Nueva York, Los \u00c1ngeles, Miami y Chicago. Equal Media ha estado presente con cobertura original y branded content en eventos como el Media Hub de los Latin Grammys, LAMC (NY), BIME (Bilbao, Bogot\u00e1), Vive Latino (CDMX), MIM LATAM, CAMM, entre otros hubs de la industria. Aliada de plataformas como Keychange, Femnoise, We Make Noise y la Municipalidad de Quilicura (Chile), Equal Media promueve una industria m\u00e1s equitativa, programando de forma activa proyectos liderados por mujeres, comunidades LGBTQ+ y sectores vulnerables. Bajo la direcci\u00f3n de Ulises Sanher \u2014reconocido por la UNAM y otras instituciones acad\u00e9micas por su labor cultural\u2014, Equal Media ha contribuido a formar nuevas audiencias desde la educaci\u00f3n, el activismo y la creatividad. Sanher ha sido invitado como speaker en foros como Circulart (COL), FIMPRO (MEX), Canadian Music Week (CAN), FME (CAN), SIM S\u00e3o Paulo (BR), MUPA (PAN), Corriente (PER) y Brasil Trends Conference. Tambi\u00e9n ha sido jurado externo de los Premios Rolling Stone en Espa\u00f1ol en Miami y ha ofrecido asesor\u00eda creativa en colaboraci\u00f3n con Berklee Valencia y la Asociaci\u00f3n de Supervisores Musicales.\",\"sameAs\":[\"https:\/\/www.equalmedia.mx\/\",\"https:\/\/www.instagram.com\/equal.music\",\"https:\/\/www.linkedin.com\/in\/ulises-sanher\/\",\"https:\/\/www.youtube.com\/@equalmusicworld\"],\"url\":\"https:\/\/www.equalmedia.mx\/site\/author\/admin\/\"}]}<\/script>\n<!-- \/ Yoast SEO plugin. -->","yoast_head_json":{"title":"Equal Media | Hagamos que Suceda","description":"Conectamos el mensaje de tu banda musical con audiencias interesadas en conocerles | Te ayudamos a alcanzar tus objetivos | HAGAMOS QUE SUCEDA","robots":{"index":"index","follow":"follow","max-snippet":"max-snippet:-1","max-image-preview":"max-image-preview:large","max-video-preview":"max-video-preview:-1"},"canonical":"https:\/\/www.equalmedia.mx\/site\/concertos\/nortec-bostich-fussible-llevan-su-ritmo-fronterizo-al-corazon-de-la-cdmx\/","og_locale":"es_ES","og_type":"article","og_title":"Equal Media | Hagamos que Suceda","og_description":"Conectamos el mensaje de tu banda musical con audiencias interesadas en conocerles | Te ayudamos a alcanzar tus objetivos | HAGAMOS QUE SUCEDA","og_url":"https:\/\/www.equalmedia.mx\/site\/concertos\/nortec-bostich-fussible-llevan-su-ritmo-fronterizo-al-corazon-de-la-cdmx\/","og_site_name":"EQUAL MUSIC | Cultura Latina en Movimiento","article_published_time":"2025-03-19T22:39:48+00:00","article_modified_time":"2025-03-19T22:39:49+00:00","og_image":[{"width":1920,"height":1429,"url":"https:\/\/www.equalmedia.mx\/site\/wp-content\/uploads\/2025\/03\/image_processing20250319-9-rlz7d6.jpg","type":"image\/jpeg"}],"author":"Equal Media","twitter_card":"summary_large_image","twitter_misc":{"Escrito por":"Equal Media","Tiempo de lectura":"2 minutos"},"schema":{"@context":"https:\/\/schema.org","@graph":[{"@type":"Article","@id":"https:\/\/www.equalmedia.mx\/site\/concertos\/nortec-bostich-fussible-llevan-su-ritmo-fronterizo-al-corazon-de-la-cdmx\/#article","isPartOf":{"@id":"https:\/\/www.equalmedia.mx\/site\/concertos\/nortec-bostich-fussible-llevan-su-ritmo-fronterizo-al-corazon-de-la-cdmx\/"},"author":{"name":"Equal Media","@id":"https:\/\/www.equalmedia.mx\/site\/#\/schema\/person\/41b6e60d650a80262fa6b5189bbb9f20"},"headline":"Nortec: Bostich + Fussible llevan su ritmo fronterizo al coraz\u00f3n de la CDMX","datePublished":"2025-03-19T22:39:48+00:00","dateModified":"2025-03-19T22:39:49+00:00","mainEntityOfPage":{"@id":"https:\/\/www.equalmedia.mx\/site\/concertos\/nortec-bostich-fussible-llevan-su-ritmo-fronterizo-al-corazon-de-la-cdmx\/"},"wordCount":308,"publisher":{"@id":"https:\/\/www.equalmedia.mx\/site\/#organization"},"image":{"@id":"https:\/\/www.equalmedia.mx\/site\/concertos\/nortec-bostich-fussible-llevan-su-ritmo-fronterizo-al-corazon-de-la-cdmx\/#primaryimage"},"thumbnailUrl":"https:\/\/www.equalmedia.mx\/site\/wp-content\/uploads\/2025\/03\/image_processing20250319-9-rlz7d6.jpg","keywords":["cdmx","concierto","fussible","nortec","ocesa","pepsi center"],"articleSection":["Conciertos"],"inLanguage":"es"},{"@type":"WebPage","@id":"https:\/\/www.equalmedia.mx\/site\/concertos\/nortec-bostich-fussible-llevan-su-ritmo-fronterizo-al-corazon-de-la-cdmx\/","url":"https:\/\/www.equalmedia.mx\/site\/concertos\/nortec-bostich-fussible-llevan-su-ritmo-fronterizo-al-corazon-de-la-cdmx\/","name":"Equal Media | Hagamos que Suceda","isPartOf":{"@id":"https:\/\/www.equalmedia.mx\/site\/#website"},"primaryImageOfPage":{"@id":"https:\/\/www.equalmedia.mx\/site\/concertos\/nortec-bostich-fussible-llevan-su-ritmo-fronterizo-al-corazon-de-la-cdmx\/#primaryimage"},"image":{"@id":"https:\/\/www.equalmedia.mx\/site\/concertos\/nortec-bostich-fussible-llevan-su-ritmo-fronterizo-al-corazon-de-la-cdmx\/#primaryimage"},"thumbnailUrl":"https:\/\/www.equalmedia.mx\/site\/wp-content\/uploads\/2025\/03\/image_processing20250319-9-rlz7d6.jpg","datePublished":"2025-03-19T22:39:48+00:00","dateModified":"2025-03-19T22:39:49+00:00","description":"Conectamos el mensaje de tu banda musical con audiencias interesadas en conocerles | Te ayudamos a alcanzar tus objetivos | HAGAMOS QUE SUCEDA","breadcrumb":{"@id":"https:\/\/www.equalmedia.mx\/site\/concertos\/nortec-bostich-fussible-llevan-su-ritmo-fronterizo-al-corazon-de-la-cdmx\/#breadcrumb"},"inLanguage":"es","potentialAction":[{"@type":"ReadAction","target":["https:\/\/www.equalmedia.mx\/site\/concertos\/nortec-bostich-fussible-llevan-su-ritmo-fronterizo-al-corazon-de-la-cdmx\/"]}]},{"@type":"ImageObject","inLanguage":"es","@id":"https:\/\/www.equalmedia.mx\/site\/concertos\/nortec-bostich-fussible-llevan-su-ritmo-fronterizo-al-corazon-de-la-cdmx\/#primaryimage","url":"https:\/\/www.equalmedia.mx\/site\/wp-content\/uploads\/2025\/03\/image_processing20250319-9-rlz7d6.jpg","contentUrl":"https:\/\/www.equalmedia.mx\/site\/wp-content\/uploads\/2025\/03\/image_processing20250319-9-rlz7d6.jpg","width":1920,"height":1429},{"@type":"BreadcrumbList","@id":"https:\/\/www.equalmedia.mx\/site\/concertos\/nortec-bostich-fussible-llevan-su-ritmo-fronterizo-al-corazon-de-la-cdmx\/#breadcrumb","itemListElement":[{"@type":"ListItem","position":1,"name":"Inicio","item":"https:\/\/www.equalmedia.mx\/site\/"},{"@type":"ListItem","position":2,"name":"Nortec: Bostich + Fussible llevan su ritmo fronterizo al coraz\u00f3n de la CDMX"}]},{"@type":"WebSite","@id":"https:\/\/www.equalmedia.mx\/site\/#website","url":"https:\/\/www.equalmedia.mx\/site\/","name":"EQUAL MUSIC | Cultura Latina en Movimiento","description":"Ritmo en movimiento.","publisher":{"@id":"https:\/\/www.equalmedia.mx\/site\/#organization"},"potentialAction":[{"@type":"SearchAction","target":{"@type":"EntryPoint","urlTemplate":"https:\/\/www.equalmedia.mx\/site\/?s={search_term_string}"},"query-input":{"@type":"PropertyValueSpecification","valueRequired":true,"valueName":"search_term_string"}}],"inLanguage":"es"},{"@type":"Organization","@id":"https:\/\/www.equalmedia.mx\/site\/#organization","name":"EQUAL MUSIC | Cultura Latina en Movimiento","url":"https:\/\/www.equalmedia.mx\/site\/","logo":{"@type":"ImageObject","inLanguage":"es","@id":"https:\/\/www.equalmedia.mx\/site\/#\/schema\/logo\/image\/","url":"https:\/\/www.equalmedia.mx\/site\/wp-content\/uploads\/2021\/07\/logoblanco.png","contentUrl":"https:\/\/www.equalmedia.mx\/site\/wp-content\/uploads\/2021\/07\/logoblanco.png","width":1920,"height":589,"caption":"EQUAL MUSIC | Cultura Latina en Movimiento"},"image":{"@id":"https:\/\/www.equalmedia.mx\/site\/#\/schema\/logo\/image\/"}},{"@type":"Person","@id":"https:\/\/www.equalmedia.mx\/site\/#\/schema\/person\/41b6e60d650a80262fa6b5189bbb9f20","name":"Equal Media","image":{"@type":"ImageObject","inLanguage":"es","@id":"https:\/\/www.equalmedia.mx\/site\/#\/schema\/person\/image\/","url":"https:\/\/secure.gravatar.com\/avatar\/51c3f8f080f557c61349ab37ab35c9f967b3b271510dd8ef0b9b16a3dd5a89e9?s=96&d=mm&r=g","contentUrl":"https:\/\/secure.gravatar.com\/avatar\/51c3f8f080f557c61349ab37ab35c9f967b3b271510dd8ef0b9b16a3dd5a89e9?s=96&d=mm&r=g","caption":"Equal Media"},"description":"Equal Media es una productora y agencia de estrategia cultural transmedia que impulsa la visibilidad de la m\u00fasica y cultura latina a trav\u00e9s de contenidos originales, multiplataforma y con enfoque social. Con operaci\u00f3n desde Estados Unidos, M\u00e9xico y Colombia, Equal Media se ha consolidado como un actor clave en la narrativa documental, la curadur\u00eda musical y la creaci\u00f3n de formatos de alto impacto para audiencias latinas globales. Sus producciones incluyen Equal Music Sessions \u2014con m\u00e1s de 300 artistas programados en LATV Network\u2014, la serie Hunters y el documental 4TRO EL3MENTOS. Sus contenidos son emitidos en prime time en EE.UU. v\u00eda LATV y VOD, alcanzando m\u00e1s de 62 millones de hogares en mercados como Nueva York, Los \u00c1ngeles, Miami y Chicago. Equal Media ha estado presente con cobertura original y branded content en eventos como el Media Hub de los Latin Grammys, LAMC (NY), BIME (Bilbao, Bogot\u00e1), Vive Latino (CDMX), MIM LATAM, CAMM, entre otros hubs de la industria. Aliada de plataformas como Keychange, Femnoise, We Make Noise y la Municipalidad de Quilicura (Chile), Equal Media promueve una industria m\u00e1s equitativa, programando de forma activa proyectos liderados por mujeres, comunidades LGBTQ+ y sectores vulnerables. Bajo la direcci\u00f3n de Ulises Sanher \u2014reconocido por la UNAM y otras instituciones acad\u00e9micas por su labor cultural\u2014, Equal Media ha contribuido a formar nuevas audiencias desde la educaci\u00f3n, el activismo y la creatividad. Sanher ha sido invitado como speaker en foros como Circulart (COL), FIMPRO (MEX), Canadian Music Week (CAN), FME (CAN), SIM S\u00e3o Paulo (BR), MUPA (PAN), Corriente (PER) y Brasil Trends Conference. Tambi\u00e9n ha sido jurado externo de los Premios Rolling Stone en Espa\u00f1ol en Miami y ha ofrecido asesor\u00eda creativa en colaboraci\u00f3n con Berklee Valencia y la Asociaci\u00f3n de Supervisores Musicales.","sameAs":["https:\/\/www.equalmedia.mx\/","https:\/\/www.instagram.com\/equal.music","https:\/\/www.linkedin.com\/in\/ulises-sanher\/","https:\/\/www.youtube.com\/@equalmusicworld"],"url":"https:\/\/www.equalmedia.mx\/site\/author\/admin\/"}]}},"_links":{"self":[{"href":"https:\/\/www.equalmedia.mx\/site\/wp-json\/wp\/v2\/posts\/6769","targetHints":{"allow":["GET"]}}],"collection":[{"href":"https:\/\/www.equalmedia.mx\/site\/wp-json\/wp\/v2\/posts"}],"about":[{"href":"https:\/\/www.equalmedia.mx\/site\/wp-json\/wp\/v2\/types\/post"}],"author":[{"embeddable":true,"href":"https:\/\/www.equalmedia.mx\/site\/wp-json\/wp\/v2\/users\/1"}],"replies":[{"embeddable":true,"href":"https:\/\/www.equalmedia.mx\/site\/wp-json\/wp\/v2\/comments?post=6769"}],"version-history":[{"count":1,"href":"https:\/\/www.equalmedia.mx\/site\/wp-json\/wp\/v2\/posts\/6769\/revisions"}],"predecessor-version":[{"id":6771,"href":"https:\/\/www.equalmedia.mx\/site\/wp-json\/wp\/v2\/posts\/6769\/revisions\/6771"}],"wp:featuredmedia":[{"embeddable":true,"href":"https:\/\/www.equalmedia.mx\/site\/wp-json\/wp\/v2\/media\/6770"}],"wp:attachment":[{"href":"https:\/\/www.equalmedia.mx\/site\/wp-json\/wp\/v2\/media?parent=6769"}],"wp:term":[{"taxonomy":"category","embeddable":true,"href":"https:\/\/www.equalmedia.mx\/site\/wp-json\/wp\/v2\/categories?post=6769"},{"taxonomy":"post_tag","embeddable":true,"href":"https:\/\/www.equalmedia.mx\/site\/wp-json\/wp\/v2\/tags?post=6769"}],"curies":[{"name":"wp","href":"https:\/\/api.w.org\/{rel}","templated":true}]}}