{"id":7067,"date":"2025-07-04T01:52:36","date_gmt":"2025-07-04T01:52:36","guid":{"rendered":"https:\/\/www.equalmedia.mx\/site\/?p=7067"},"modified":"2025-07-04T01:52:37","modified_gmt":"2025-07-04T01:52:37","slug":"guia-definitiva-dia-por-dia-descubre-a-los-artistas-que-marcaran-corona-capital-2025","status":"publish","type":"post","link":"https:\/\/www.equalmedia.mx\/site\/festival\/guia-definitiva-dia-por-dia-descubre-a-los-artistas-que-marcaran-corona-capital-2025\/","title":{"rendered":"Gu\u00eda definitiva: D\u00eda por d\u00eda, descubre a los artistas que marcar\u00e1n Corona Capital 2025"},"content":{"rendered":"\n<p>El Corona Capital 2025 se prepara para hacer historia una vez m\u00e1s, reuniendo a algunos de los artistas m\u00e1s influyentes, reveladores y emocionantes de la escena global. Del 14 al 16 de noviembre, el Aut\u00f3dromo Hermanos Rodr\u00edguez ser\u00e1 el epicentro donde la m\u00fasica se cruza con la cultura, las emociones y las nuevas voces que est\u00e1n marcando a toda una generaci\u00f3n.<\/p>\n\n\n\n<p>Desde regresos esperados hasta debuts que prometen ser inolvidables, aqu\u00ed te dejamos una selecci\u00f3n de los actos que tienes que conocer \u2014y vivir\u2014 cada d\u00eda del festival.<\/p>\n\n\n\n<p><strong>Corona Capital 2025<\/strong>&nbsp;no es solo un festival. Es una experiencia que une generaciones, g\u00e9neros y culturas, y esta gu\u00eda es solo el comienzo de lo que promete ser uno de los fines de semana m\u00e1s memorables del a\u00f1o.<\/p>\n\n\n\n<p>No te quedes fuera, compra tus boletos aqu\u00ed:<strong>\u00a0<a href=\"https:\/\/www.ticketmaster.com.mx\/corona-capital-boletos\/artist\/1608797\" target=\"_blank\" rel=\"noreferrer noopener\">Corona Capital 2025<\/a>.<\/strong><\/p>\n\n\n<div class=\"wp-block-image\">\n<figure class=\"aligncenter size-large is-resized\"><img fetchpriority=\"high\" decoding=\"async\" src=\"https:\/\/www.equalmedia.mx\/site\/wp-content\/uploads\/2025\/07\/CC25_Gen_PorDia_Viernes_1080x1080-1024x1024.jpg\" alt=\"\" class=\"wp-image-7068\" width=\"642\" height=\"642\" srcset=\"https:\/\/www.equalmedia.mx\/site\/wp-content\/uploads\/2025\/07\/CC25_Gen_PorDia_Viernes_1080x1080-1024x1024.jpg 1024w, https:\/\/www.equalmedia.mx\/site\/wp-content\/uploads\/2025\/07\/CC25_Gen_PorDia_Viernes_1080x1080-300x300.jpg 300w, https:\/\/www.equalmedia.mx\/site\/wp-content\/uploads\/2025\/07\/CC25_Gen_PorDia_Viernes_1080x1080-150x150.jpg 150w, https:\/\/www.equalmedia.mx\/site\/wp-content\/uploads\/2025\/07\/CC25_Gen_PorDia_Viernes_1080x1080-768x768.jpg 768w, https:\/\/www.equalmedia.mx\/site\/wp-content\/uploads\/2025\/07\/CC25_Gen_PorDia_Viernes_1080x1080-600x600.jpg 600w, https:\/\/www.equalmedia.mx\/site\/wp-content\/uploads\/2025\/07\/CC25_Gen_PorDia_Viernes_1080x1080-100x100.jpg 100w, https:\/\/www.equalmedia.mx\/site\/wp-content\/uploads\/2025\/07\/CC25_Gen_PorDia_Viernes_1080x1080.jpg 1080w\" sizes=\"(max-width: 642px) 100vw, 642px\" \/><\/figure>\n<\/div>\n\n\n<p><strong>Viernes 14 de noviembre<\/strong><\/p>\n\n\n\n<p><strong>Lucy Dacus<\/strong><\/p>\n\n\n\n<p>Originaria de Virginia, Estados Unidos, Lucy Dacus emergi\u00f3 en 2016 con su \u00e1lbum debut <em>No Burden<\/em>, el cual atrajo r\u00e1pidamente la mirada de la prensa musical y sellos discogr\u00e1ficos como Matador Records, quienes la firmar\u00edan poco tiempo despu\u00e9s gracias a sus letras \u00edntimas y voz cautivadora. Con su segundo disco, <em>Historian<\/em> (2018), logr\u00f3 consolidarse dentro del indie rock como una de las artistas m\u00e1s interesantes de su generaci\u00f3n.<\/p>\n\n\n\n<p>Con la llegada de su tercer disco, <em>Home Video<\/em> (2021), y el reciente <em>Forever Is a Feeling<\/em> (2025), Lucy demuestra que sigue en evoluci\u00f3n constante, mezclando sonidos como guitarras c\u00e1lidas y letras introspectivas que retratan el pulso emocional de toda una generaci\u00f3n al lado de artistas como Phoebe Bridgers y Hozier.<\/p>\n\n\n\n<p>Desde 2018, Lucy Dacus ha sido parte del supergrupo Boygenius junto a las cantautoras Julien Baker y Phoebe Bridgers. El colectivo gan\u00f3 tres Grammys en 2024, entre los que est\u00e1n Mejor \u00c1lbum de M\u00fasica Alternativa y Mejor Canci\u00f3n de Rock por \u201cNot Strong Enough\u201d.<\/p>\n\n\n\n<p>Adem\u00e1s de componer su propia m\u00fasica, Dacus ha destacado como productora, siempre cuidando la identidad sonora de sus proyectos hasta el m\u00ednimo detalle. Adem\u00e1s, es un \u00edcono de la comunidad <em>queer<\/em> actual, ya que sostiene abiertamente una relaci\u00f3n con la tambi\u00e9n artista y compa\u00f1era de proyecto, Julien Baker.<\/p>\n\n\n\n<p>Este a\u00f1o Lucy Dacus regresa al Corona Capital para deleitar a sus fans y curiosos con texturas mel\u00f3dicas y letras emotivas, as\u00ed como para presentar temas de su \u00faltimo disco por primera vez en M\u00e9xico. Sin duda se trata de una artista \u00fanica que ha ganado colocar su nombre muy en alto dentro de la escena alternativa contempor\u00e1nea.<\/p>\n\n\n\n<p><strong>Kaiser Chiefs<\/strong><\/p>\n\n\n\n<p>Formados en Leeds, Inglaterra en 1996, Kaiser Chiefs regresa a M\u00e9xico despu\u00e9s de seis a\u00f1os de ausencia para presentar <em>Employment,<\/em> uno de los discos m\u00e1s emblem\u00e1ticos del brit-rock dosmilero en el Corona Capital.<\/p>\n\n\n\n<p>Conformada por Ricky Wilson (voz), Andrew White (guitarra), Simon Rix (bajo), Nick Baines (teclado) y Vijay Mistry (bater\u00eda desde 2013), la banda inglesa lanz\u00f3 su \u00e1lbum debut, <em>Employment,<\/em> en 2005, conquistando los <em>charts<\/em> al lograr vender m\u00e1s de 3\u202fmillones de copias gracias a \u00e9xitos como \u201cI Predict a Riot\u201d y \u201cRuby\u201d, tema que escal\u00f3 hasta la posici\u00f3n #1, d\u00e1ndoles tres <em>BRIT Awards<\/em>, incluyendo Mejor Grupo Brit\u00e1nico y una nominaci\u00f3n al aclamado <em>Mercury Prize<\/em>.<\/p>\n\n\n\n<p>La agrupaci\u00f3n se ha mantenido activa desde sus inicios, siendo su m\u00e1s reciente \u00e1lbum <em>Kaiser Chiefs\u2019 Easy Eighth Album<\/em> (2024). Su sonido ha sido descrito como melod\u00edas pop-rock cargadas de energ\u00eda con toques de post-punk y new wave, sin embargo, han logrado mantener una identidad sonora constante gracias a la creatividad y talento de sus miembros, tanto al frente de la banda, como detr\u00e1s de la producci\u00f3n de gran parte de su material.<\/p>\n\n\n\n<p>Con casi 30 a\u00f1os de carrera, Kaiser Chiefs se encuentra en una gira especial por la celebraci\u00f3n del 20 aniversario de <em>Employment<\/em>, misma que los traer\u00e1 de vuelta a tierras aztecas para engalanar el Corona Capital con su disco debut interpretado de principio a fin. \u00a1Nos espera un set lleno de legado y frescura s\u00f3nica directamente desde Inglaterra de la mano de Ricky Wilson y compa\u00f1\u00eda!<\/p>\n\n\n<div class=\"wp-block-image\">\n<figure class=\"aligncenter size-large is-resized\"><img decoding=\"async\" data-src=\"https:\/\/www.equalmedia.mx\/site\/wp-content\/uploads\/2025\/07\/CC25_Gen_PorDia_Sabado_1080x1080-1024x1024.jpg\" alt=\"\" class=\"wp-image-7071 lazyload\" width=\"674\" height=\"674\" data-srcset=\"https:\/\/www.equalmedia.mx\/site\/wp-content\/uploads\/2025\/07\/CC25_Gen_PorDia_Sabado_1080x1080-1024x1024.jpg 1024w, https:\/\/www.equalmedia.mx\/site\/wp-content\/uploads\/2025\/07\/CC25_Gen_PorDia_Sabado_1080x1080-300x300.jpg 300w, https:\/\/www.equalmedia.mx\/site\/wp-content\/uploads\/2025\/07\/CC25_Gen_PorDia_Sabado_1080x1080-150x150.jpg 150w, https:\/\/www.equalmedia.mx\/site\/wp-content\/uploads\/2025\/07\/CC25_Gen_PorDia_Sabado_1080x1080-768x768.jpg 768w, https:\/\/www.equalmedia.mx\/site\/wp-content\/uploads\/2025\/07\/CC25_Gen_PorDia_Sabado_1080x1080-600x600.jpg 600w, https:\/\/www.equalmedia.mx\/site\/wp-content\/uploads\/2025\/07\/CC25_Gen_PorDia_Sabado_1080x1080-100x100.jpg 100w, https:\/\/www.equalmedia.mx\/site\/wp-content\/uploads\/2025\/07\/CC25_Gen_PorDia_Sabado_1080x1080.jpg 1080w\" data-sizes=\"(max-width: 674px) 100vw, 674px\" src=\"data:image\/svg+xml;base64,PHN2ZyB3aWR0aD0iMSIgaGVpZ2h0PSIxIiB4bWxucz0iaHR0cDovL3d3dy53My5vcmcvMjAwMC9zdmciPjwvc3ZnPg==\" style=\"--smush-placeholder-width: 674px; --smush-placeholder-aspect-ratio: 674\/674;\" \/><\/figure>\n<\/div>\n\n\n<p><strong>S\u00e1bado 15 de noviembre<\/strong><\/p>\n\n\n\n<p><strong>Chappell Roan<\/strong><\/p>\n\n\n\n<p>Kayleigh Rose Amstutz, mejor conocida como Chappell Roan, naci\u00f3 en 1998 en Missouri, Estados Unidos y desde temprana edad mostr\u00f3 un gran entusiasmo por la m\u00fasica. A los 12 a\u00f1os ya practicaba piano y, tan solo un a\u00f1o despu\u00e9s, ya escrib\u00eda sus propias canciones.<\/p>\n\n\n\n<p>Su talento innegable llam\u00f3 la atenci\u00f3n de Atlantic Records cuando ten\u00eda 16 a\u00f1os y fue a trav\u00e9s de este sello discogr\u00e1fico que public\u00f3 su primer EP, <em>School Nights, <\/em>a los 17, d\u00e1ndole al mundo el primer adelanto de su autenticidad en cinco canciones cargadas de un sonido oscuro y una voz envolvente.<\/p>\n\n\n\n<p>En 2020 lanz\u00f3 el tema que se convertir\u00eda en un gran himno <em>queer<\/em>, \u201cPink Pony Club\u201d, mismo que gan\u00f3 popularidad durante la pandemia hasta llegar a los primeros puestos de las listas de \u00e9xitos varios meses despu\u00e9s.<\/p>\n\n\n\n<p>Aunque ese mismo a\u00f1o Atlantic termin\u00f3 su relaci\u00f3n con ella, Chappell opt\u00f3 por reinventarse al trabajar en Londres y Los \u00c1ngeles y volvi\u00f3 con paso firme en 2023: firm\u00f3 con Amusement\/Island Records, colabor\u00f3 con el productor Dan Nigro (Olivia Rodrigo, Conan Gray, Taylor Swift) y lanz\u00f3 su \u00e1lbum, <em>The Rise and Fall of a Midwest Princess<\/em>, cuyo sonido synth-pop con un claro estilo visual influenciado por el <em>drag<\/em> y letras que celebran la identidad <em>queer<\/em>, logr\u00f3 llevarla a los reflectores m\u00e1s importantes de la escena musical actual.<\/p>\n\n\n\n<p>Durante 2024, Chappell no solo fue telonera de Olivia Rodrigo, sino que logr\u00f3 abarrotar sus presentaciones en festivales como Coachella, Lollapalooza y Austin City Limits, adem\u00e1s de ganar el VMA a Mejor Artista Revelaci\u00f3n y encabezar las listas de Billboard con \u201cGood Luck, Babe!\u201d.<\/p>\n\n\n\n<p>Este a\u00f1o su reinado contin\u00faa tras haber sido reconocida con el Grammy a Mejor Artista Nuevo, adem\u00e1s de lanzar su m\u00e1s reciente sencillo, \u201cThe Giver\u201d, y ser <em>headliner<\/em> de festivales como Primavera Sound, Reading &amp; Leeds y Rock en Seine.<\/p>\n\n\n\n<p>Su estilo visual, su conexi\u00f3n con el p\u00fablico <em>queer<\/em> y su activismo social la posicionan no solo como una de las artistas m\u00e1s relevantes e innovadoras de los \u00faltimos a\u00f1os, sino como un referente en el mundo del espect\u00e1culo que pisar\u00e1 por primera vez M\u00e9xico siendo uno de los actos principales de la siguiente edici\u00f3n del Corona Capital este 15 de noviembre.<\/p>\n\n\n\n<p><strong>Lola Young<\/strong><\/p>\n\n\n\n<p>Londinense de nacimiento y con 24 a\u00f1os de edad, Lola Young visitar\u00e1 nuestro pa\u00eds por primera ocasi\u00f3n en el marco del festival Corona Capital 2025.&nbsp;<\/p>\n\n\n\n<p>Su madre y abuelo descubrieron su pasi\u00f3n por la m\u00fasica desde peque\u00f1a, pues Lola empez\u00f3 a escribir canciones desde los 11. Tan solo cinco a\u00f1os despu\u00e9s, logr\u00f3 ser finalista del <em>reality show<\/em> <em>Got What It Takes? <\/em>de la BBC. Gracias a su enorme talento, ha sido comparada con artistas del calibre de Amy Winehouse (cuyo m\u00e1nager ahora es el de Lola). Adem\u00e1s, estudi\u00f3 en la BRIT School, misma escuela de artes esc\u00e9nicas a la que acudieron Adele, FKA Twigs y Raye, donde aprendi\u00f3 a perfeccionar su sonido para inyectarlo con una mezcla de neo-soul, pop y R&amp;B.<\/p>\n\n\n\n<p>En 2024 obtuvo bastante popularidad gracias a que su tema, \u201cMessy\u201d, se hizo viral en redes sociales, logrando darle su primer #1 en el <em>UK Singles Chart<\/em>. Posteriormente, su segundo \u00e1lbum, titulado <em>This Wasn&#8217;t Meant for You Anyway<\/em> (2024), la consolid\u00f3 como una de las exponentes m\u00e1s importantes del neo-soul actual, cautivando a\u00fan m\u00e1s o\u00eddos gracias a sus nuevas canciones y su colaboraci\u00f3n con el rapero estadounidense, Tyler, The Creator en \u201cLike Him\u201d.&nbsp;<\/p>\n\n\n\n<p>El talento de Lola Young ha sido reconocido por grandes artistas como Imagine Dragons y Billie Eilish, quienes la reclutaron como telonera de sus giras. Recientemente Lola anunci\u00f3 la llegada de su tercer material, <em>I\u2019m Only F**king Myself<\/em>, el cual ser\u00e1 lanzado el 19 de septiembre, por lo que podremos escuchar varios temas nuevos durante su presentaci\u00f3n en el Corona Capital 2025 en un set donde sus letras introspectivas se encontrar\u00e1n con melod\u00edas conmovedoras.<\/p>\n\n\n<div class=\"wp-block-image\">\n<figure class=\"aligncenter size-large is-resized\"><img decoding=\"async\" data-src=\"https:\/\/www.equalmedia.mx\/site\/wp-content\/uploads\/2025\/07\/CC25_Gen_PorDia_Domingo_1080x1080-1024x1024.jpg\" alt=\"\" class=\"wp-image-7072 lazyload\" width=\"718\" height=\"718\" data-srcset=\"https:\/\/www.equalmedia.mx\/site\/wp-content\/uploads\/2025\/07\/CC25_Gen_PorDia_Domingo_1080x1080-1024x1024.jpg 1024w, https:\/\/www.equalmedia.mx\/site\/wp-content\/uploads\/2025\/07\/CC25_Gen_PorDia_Domingo_1080x1080-300x300.jpg 300w, https:\/\/www.equalmedia.mx\/site\/wp-content\/uploads\/2025\/07\/CC25_Gen_PorDia_Domingo_1080x1080-150x150.jpg 150w, https:\/\/www.equalmedia.mx\/site\/wp-content\/uploads\/2025\/07\/CC25_Gen_PorDia_Domingo_1080x1080-768x768.jpg 768w, https:\/\/www.equalmedia.mx\/site\/wp-content\/uploads\/2025\/07\/CC25_Gen_PorDia_Domingo_1080x1080-600x600.jpg 600w, https:\/\/www.equalmedia.mx\/site\/wp-content\/uploads\/2025\/07\/CC25_Gen_PorDia_Domingo_1080x1080-100x100.jpg 100w, https:\/\/www.equalmedia.mx\/site\/wp-content\/uploads\/2025\/07\/CC25_Gen_PorDia_Domingo_1080x1080.jpg 1080w\" data-sizes=\"(max-width: 718px) 100vw, 718px\" src=\"data:image\/svg+xml;base64,PHN2ZyB3aWR0aD0iMSIgaGVpZ2h0PSIxIiB4bWxucz0iaHR0cDovL3d3dy53My5vcmcvMjAwMC9zdmciPjwvc3ZnPg==\" style=\"--smush-placeholder-width: 718px; --smush-placeholder-aspect-ratio: 718\/718;\" \/><\/figure>\n<\/div>\n\n\n<p><strong>Domingo 16 de noviembre<\/strong><\/p>\n\n\n\n<p><strong>PinkPantheress<\/strong><\/p>\n\n\n\n<p>Uno de los actos m\u00e1s virales y sorprendentes que ha salido del Reino Unido en los \u00faltimos a\u00f1os es el de Victoria Beverley Walker, mejor conocida como PinkPantheress.&nbsp;<\/p>\n\n\n\n<p>Se hizo viral en TikTok durante 2021 gracias a su combinaci\u00f3n <em>de bedroom pop, drum-and-bass<\/em> y <em>dance<\/em> que evoca las d\u00e9cadas de los 90s y 00s en canciones cortas, pero pegajosas.<\/p>\n\n\n\n<p>Firmada por Parlophone y Elektra Records, su primer <em>mixtape<\/em>, <em>To Hell with It,<\/em> incluy\u00f3 \u00e9xitos como \u201cPain\u201d y \u201cJust for Me\u201d, ambos certificados en Reino Unido. Adem\u00e1s, ha obtenido gran reconocimiento y popularidad gracias a sus colaboraciones con artistas de distintos g\u00e9neros como Mura Masa, WILLOW, Baby Keem y Skrillex.<\/p>\n\n\n\n<p>Su estilo breve, \u00edntimo y directo, integrado por <em>samples<\/em> ingeniosos, le valieron ganar el premio BBC Sound of 2022, y en 2023 finalmente lanz\u00f3 su \u00e1lbum <em>Heaven Knows, <\/em>en el que incluy\u00f3 el remix \u201cBoy\u2019s a Liar Pt.&nbsp;2\u201d al lado de la rapera Ice Spice, tema que consigui\u00f3 llegar al #3 en la lista de Billboard Hot 100.<\/p>\n\n\n\n<p>El amplio espectro de sonidos que encontramos en su m\u00fasica puede entenderse al conocer algunos de los artistas que PinkPantheress ha listado como influencias a lo largo de su carrera, pues destacan nombres como My Chemical Romance, Paramore, Kelela, Imogen Heap y hasta el grupo de K-pop, SHINEee.<\/p>\n\n\n\n<p>Con su producci\u00f3n muy al estilo DIY, su sensibilidad nost\u00e1lgica y gran influencia en el pop actual, adem\u00e1s de sus nominaciones a los BRIT Awards, PinkPantheress est\u00e1 redefiniendo la manera de hacer m\u00fasica <em>mainstream<\/em>: r\u00e1pida, poderosa y aut\u00e9ntica, y podremos ser testigos de su primera presentaci\u00f3n en M\u00e9xico durante el Corona Capital 2025, \u00fanica aparici\u00f3n de la artista en Latinoam\u00e9rica hasta el momento.<\/p>\n\n\n\n<p><strong>TV on the Radio<\/strong><\/p>\n\n\n\n<p>Uno de los actos m\u00e1s especiales del domingo en esta edici\u00f3n del Corona Capital es sin duda TV on the Radio, quienes regresar\u00e1n a M\u00e9xico despu\u00e9s de m\u00e1s de 13 a\u00f1os de ausencia.<\/p>\n\n\n\n<p>Esta agrupaci\u00f3n originaria de Brooklyn, Nueva York fue fundada en 2001 por Tunde Adebimpe (voz) y Dave Sitek (guitarra, teclados), a quienes se les unir\u00edan m\u00e1s tarde Kyp Malone (coros, guitarra, bajo), Jaleel Bunton (bater\u00eda, guitarra, bajo) y el fallecido Gerard&nbsp;Smith (bajo, teclados).<\/p>\n\n\n\n<p>Entre un apogeo de bandas de rock alternativo como The Strokes, Interpol, Yeah Yeah Yeahs y The White Stripes, TV on the Radio destac\u00f3 por su peculiar mezcla de rock con elementos de soul, jazz y m\u00fasica electr\u00f3nica, produciendo un sonido vanguardista desde su debut con <em>Desperate Youth, Blood Thirsty Babes<\/em> en 2004.<\/p>\n\n\n\n<p>Poco tiempo despu\u00e9s de haber firmado con Interscope, la banda alcanz\u00f3 mayor reconocimiento con su segundo disco, <em>Return to Cookie Mountain <\/em>(2006), que incluye la participaci\u00f3n de David Bowie en \u201cProvince\u201d, la voz de Kazu Makino de Blonde Redhead en \u201cHours\u201d y \u201cWolf Like Me\u201d, que se convertir\u00eda en su tema m\u00e1s reconocido.<\/p>\n\n\n\n<p>Su sonido permanece en constante evoluci\u00f3n, sin embargo, sus influencias m\u00e1s notorias son patrones r\u00edtmicos que toman del hip-hop, as\u00ed como atm\u00f3sferas y melod\u00edas tanto industriales como psicod\u00e9licas.<\/p>\n\n\n\n<p>TV on the Radio ha sido reconocida por su capacidad de reinventarse, as\u00ed como por la fusi\u00f3n sonora de sus ra\u00edces afrodescendientes con la sensibilidad indie desde su creaci\u00f3n. M\u00e1s de dos d\u00e9cadas despu\u00e9s, contin\u00faan innovando y manteni\u00e9ndose vigentes dentro de la escena musical global y, tras un largo periodo de inactividad (su \u00faltimo disco, <em>Seeds<\/em>, fue publicado en 2014), finalmente est\u00e1n de vuelta en los escenarios de festivales como Just Like Heaven y Primavera Sound, prepar\u00e1ndose para aterrizar en el Corona Capital.<\/p>\n","protected":false},"excerpt":{"rendered":"<p>El Corona Capital 2025 se prepara para hacer historia una vez m\u00e1s, reuniendo a algunos de los artistas m\u00e1s influyentes, reveladores y emocionantes de la escena global. Del 14 al 16 de noviembre, el Aut\u00f3dromo Hermanos Rodr\u00edguez ser\u00e1 el epicentro donde la m\u00fasica se cruza con la cultura, las emociones y las nuevas voces que [&hellip;]<\/p>\n","protected":false},"author":1,"featured_media":7070,"comment_status":"closed","ping_status":"closed","sticky":false,"template":"","format":"standard","meta":{"footnotes":""},"categories":[606],"tags":[616,615,613,614,455],"class_list":["post-7067","post","type-post","status-publish","format-standard","has-post-thumbnail","hentry","category-festival","tag-capital","tag-corona","tag-corona-capital-2025","tag-festivales-mexico","tag-ocesa"],"yoast_head":"<!-- This site is optimized with the Yoast SEO plugin v26.6 - https:\/\/yoast.com\/wordpress\/plugins\/seo\/ -->\n<title>Equal Media | Hagamos que Suceda<\/title>\n<meta name=\"description\" content=\"Conectamos el mensaje de tu banda musical con audiencias interesadas en conocerles | Te ayudamos a alcanzar tus objetivos | HAGAMOS QUE SUCEDA\" \/>\n<meta name=\"robots\" content=\"index, follow, max-snippet:-1, max-image-preview:large, max-video-preview:-1\" \/>\n<link rel=\"canonical\" href=\"https:\/\/www.equalmedia.mx\/site\/festival\/guia-definitiva-dia-por-dia-descubre-a-los-artistas-que-marcaran-corona-capital-2025\/\" \/>\n<meta property=\"og:locale\" content=\"es_ES\" \/>\n<meta property=\"og:type\" content=\"article\" \/>\n<meta property=\"og:title\" content=\"Equal Media | Hagamos que Suceda\" \/>\n<meta property=\"og:description\" content=\"Conectamos el mensaje de tu banda musical con audiencias interesadas en conocerles | Te ayudamos a alcanzar tus objetivos | HAGAMOS QUE SUCEDA\" \/>\n<meta property=\"og:url\" content=\"https:\/\/www.equalmedia.mx\/site\/festival\/guia-definitiva-dia-por-dia-descubre-a-los-artistas-que-marcaran-corona-capital-2025\/\" \/>\n<meta property=\"og:site_name\" content=\"EQUAL MUSIC | Cultura Latina en Movimiento\" \/>\n<meta property=\"article:published_time\" content=\"2025-07-04T01:52:36+00:00\" \/>\n<meta property=\"article:modified_time\" content=\"2025-07-04T01:52:37+00:00\" \/>\n<meta property=\"og:image\" content=\"https:\/\/www.equalmedia.mx\/site\/wp-content\/uploads\/2025\/07\/CC25_Generico_1080x1080.jpg\" \/>\n\t<meta property=\"og:image:width\" content=\"1080\" \/>\n\t<meta property=\"og:image:height\" content=\"1080\" \/>\n\t<meta property=\"og:image:type\" content=\"image\/jpeg\" \/>\n<meta name=\"author\" content=\"Equal Media\" \/>\n<meta name=\"twitter:card\" content=\"summary_large_image\" \/>\n<meta name=\"twitter:label1\" content=\"Escrito por\" \/>\n\t<meta name=\"twitter:data1\" content=\"Equal Media\" \/>\n\t<meta name=\"twitter:label2\" content=\"Tiempo de lectura\" \/>\n\t<meta name=\"twitter:data2\" content=\"10 minutos\" \/>\n<script type=\"application\/ld+json\" class=\"yoast-schema-graph\">{\"@context\":\"https:\/\/schema.org\",\"@graph\":[{\"@type\":\"Article\",\"@id\":\"https:\/\/www.equalmedia.mx\/site\/festival\/guia-definitiva-dia-por-dia-descubre-a-los-artistas-que-marcaran-corona-capital-2025\/#article\",\"isPartOf\":{\"@id\":\"https:\/\/www.equalmedia.mx\/site\/festival\/guia-definitiva-dia-por-dia-descubre-a-los-artistas-que-marcaran-corona-capital-2025\/\"},\"author\":{\"name\":\"Equal Media\",\"@id\":\"https:\/\/www.equalmedia.mx\/site\/#\/schema\/person\/41b6e60d650a80262fa6b5189bbb9f20\"},\"headline\":\"Gu\u00eda definitiva: D\u00eda por d\u00eda, descubre a los artistas que marcar\u00e1n Corona Capital 2025\",\"datePublished\":\"2025-07-04T01:52:36+00:00\",\"dateModified\":\"2025-07-04T01:52:37+00:00\",\"mainEntityOfPage\":{\"@id\":\"https:\/\/www.equalmedia.mx\/site\/festival\/guia-definitiva-dia-por-dia-descubre-a-los-artistas-que-marcaran-corona-capital-2025\/\"},\"wordCount\":2021,\"publisher\":{\"@id\":\"https:\/\/www.equalmedia.mx\/site\/#organization\"},\"image\":{\"@id\":\"https:\/\/www.equalmedia.mx\/site\/festival\/guia-definitiva-dia-por-dia-descubre-a-los-artistas-que-marcaran-corona-capital-2025\/#primaryimage\"},\"thumbnailUrl\":\"https:\/\/www.equalmedia.mx\/site\/wp-content\/uploads\/2025\/07\/CC25_Generico_1080x1080.jpg\",\"keywords\":[\"Capital\",\"Corona\",\"Corona Capital 2025\",\"Festivales M\u00e9xico\",\"ocesa\"],\"articleSection\":[\"Festival\"],\"inLanguage\":\"es\"},{\"@type\":\"WebPage\",\"@id\":\"https:\/\/www.equalmedia.mx\/site\/festival\/guia-definitiva-dia-por-dia-descubre-a-los-artistas-que-marcaran-corona-capital-2025\/\",\"url\":\"https:\/\/www.equalmedia.mx\/site\/festival\/guia-definitiva-dia-por-dia-descubre-a-los-artistas-que-marcaran-corona-capital-2025\/\",\"name\":\"Equal Media | Hagamos que Suceda\",\"isPartOf\":{\"@id\":\"https:\/\/www.equalmedia.mx\/site\/#website\"},\"primaryImageOfPage\":{\"@id\":\"https:\/\/www.equalmedia.mx\/site\/festival\/guia-definitiva-dia-por-dia-descubre-a-los-artistas-que-marcaran-corona-capital-2025\/#primaryimage\"},\"image\":{\"@id\":\"https:\/\/www.equalmedia.mx\/site\/festival\/guia-definitiva-dia-por-dia-descubre-a-los-artistas-que-marcaran-corona-capital-2025\/#primaryimage\"},\"thumbnailUrl\":\"https:\/\/www.equalmedia.mx\/site\/wp-content\/uploads\/2025\/07\/CC25_Generico_1080x1080.jpg\",\"datePublished\":\"2025-07-04T01:52:36+00:00\",\"dateModified\":\"2025-07-04T01:52:37+00:00\",\"description\":\"Conectamos el mensaje de tu banda musical con audiencias interesadas en conocerles | Te ayudamos a alcanzar tus objetivos | HAGAMOS QUE SUCEDA\",\"breadcrumb\":{\"@id\":\"https:\/\/www.equalmedia.mx\/site\/festival\/guia-definitiva-dia-por-dia-descubre-a-los-artistas-que-marcaran-corona-capital-2025\/#breadcrumb\"},\"inLanguage\":\"es\",\"potentialAction\":[{\"@type\":\"ReadAction\",\"target\":[\"https:\/\/www.equalmedia.mx\/site\/festival\/guia-definitiva-dia-por-dia-descubre-a-los-artistas-que-marcaran-corona-capital-2025\/\"]}]},{\"@type\":\"ImageObject\",\"inLanguage\":\"es\",\"@id\":\"https:\/\/www.equalmedia.mx\/site\/festival\/guia-definitiva-dia-por-dia-descubre-a-los-artistas-que-marcaran-corona-capital-2025\/#primaryimage\",\"url\":\"https:\/\/www.equalmedia.mx\/site\/wp-content\/uploads\/2025\/07\/CC25_Generico_1080x1080.jpg\",\"contentUrl\":\"https:\/\/www.equalmedia.mx\/site\/wp-content\/uploads\/2025\/07\/CC25_Generico_1080x1080.jpg\",\"width\":1080,\"height\":1080},{\"@type\":\"BreadcrumbList\",\"@id\":\"https:\/\/www.equalmedia.mx\/site\/festival\/guia-definitiva-dia-por-dia-descubre-a-los-artistas-que-marcaran-corona-capital-2025\/#breadcrumb\",\"itemListElement\":[{\"@type\":\"ListItem\",\"position\":1,\"name\":\"Inicio\",\"item\":\"https:\/\/www.equalmedia.mx\/site\/\"},{\"@type\":\"ListItem\",\"position\":2,\"name\":\"Gu\u00eda definitiva: D\u00eda por d\u00eda, descubre a los artistas que marcar\u00e1n Corona Capital 2025\"}]},{\"@type\":\"WebSite\",\"@id\":\"https:\/\/www.equalmedia.mx\/site\/#website\",\"url\":\"https:\/\/www.equalmedia.mx\/site\/\",\"name\":\"EQUAL MUSIC | Cultura Latina en Movimiento\",\"description\":\"Ritmo en movimiento.\",\"publisher\":{\"@id\":\"https:\/\/www.equalmedia.mx\/site\/#organization\"},\"potentialAction\":[{\"@type\":\"SearchAction\",\"target\":{\"@type\":\"EntryPoint\",\"urlTemplate\":\"https:\/\/www.equalmedia.mx\/site\/?s={search_term_string}\"},\"query-input\":{\"@type\":\"PropertyValueSpecification\",\"valueRequired\":true,\"valueName\":\"search_term_string\"}}],\"inLanguage\":\"es\"},{\"@type\":\"Organization\",\"@id\":\"https:\/\/www.equalmedia.mx\/site\/#organization\",\"name\":\"EQUAL MUSIC | Cultura Latina en Movimiento\",\"url\":\"https:\/\/www.equalmedia.mx\/site\/\",\"logo\":{\"@type\":\"ImageObject\",\"inLanguage\":\"es\",\"@id\":\"https:\/\/www.equalmedia.mx\/site\/#\/schema\/logo\/image\/\",\"url\":\"https:\/\/www.equalmedia.mx\/site\/wp-content\/uploads\/2021\/07\/logoblanco.png\",\"contentUrl\":\"https:\/\/www.equalmedia.mx\/site\/wp-content\/uploads\/2021\/07\/logoblanco.png\",\"width\":1920,\"height\":589,\"caption\":\"EQUAL MUSIC | Cultura Latina en Movimiento\"},\"image\":{\"@id\":\"https:\/\/www.equalmedia.mx\/site\/#\/schema\/logo\/image\/\"}},{\"@type\":\"Person\",\"@id\":\"https:\/\/www.equalmedia.mx\/site\/#\/schema\/person\/41b6e60d650a80262fa6b5189bbb9f20\",\"name\":\"Equal Media\",\"image\":{\"@type\":\"ImageObject\",\"inLanguage\":\"es\",\"@id\":\"https:\/\/www.equalmedia.mx\/site\/#\/schema\/person\/image\/\",\"url\":\"https:\/\/secure.gravatar.com\/avatar\/51c3f8f080f557c61349ab37ab35c9f967b3b271510dd8ef0b9b16a3dd5a89e9?s=96&d=mm&r=g\",\"contentUrl\":\"https:\/\/secure.gravatar.com\/avatar\/51c3f8f080f557c61349ab37ab35c9f967b3b271510dd8ef0b9b16a3dd5a89e9?s=96&d=mm&r=g\",\"caption\":\"Equal Media\"},\"description\":\"Equal Media es una productora y agencia de estrategia cultural transmedia que impulsa la visibilidad de la m\u00fasica y cultura latina a trav\u00e9s de contenidos originales, multiplataforma y con enfoque social. Con operaci\u00f3n desde Estados Unidos, M\u00e9xico y Colombia, Equal Media se ha consolidado como un actor clave en la narrativa documental, la curadur\u00eda musical y la creaci\u00f3n de formatos de alto impacto para audiencias latinas globales. Sus producciones incluyen Equal Music Sessions \u2014con m\u00e1s de 300 artistas programados en LATV Network\u2014, la serie Hunters y el documental 4TRO EL3MENTOS. Sus contenidos son emitidos en prime time en EE.UU. v\u00eda LATV y VOD, alcanzando m\u00e1s de 62 millones de hogares en mercados como Nueva York, Los \u00c1ngeles, Miami y Chicago. Equal Media ha estado presente con cobertura original y branded content en eventos como el Media Hub de los Latin Grammys, LAMC (NY), BIME (Bilbao, Bogot\u00e1), Vive Latino (CDMX), MIM LATAM, CAMM, entre otros hubs de la industria. Aliada de plataformas como Keychange, Femnoise, We Make Noise y la Municipalidad de Quilicura (Chile), Equal Media promueve una industria m\u00e1s equitativa, programando de forma activa proyectos liderados por mujeres, comunidades LGBTQ+ y sectores vulnerables. Bajo la direcci\u00f3n de Ulises Sanher \u2014reconocido por la UNAM y otras instituciones acad\u00e9micas por su labor cultural\u2014, Equal Media ha contribuido a formar nuevas audiencias desde la educaci\u00f3n, el activismo y la creatividad. Sanher ha sido invitado como speaker en foros como Circulart (COL), FIMPRO (MEX), Canadian Music Week (CAN), FME (CAN), SIM S\u00e3o Paulo (BR), MUPA (PAN), Corriente (PER) y Brasil Trends Conference. Tambi\u00e9n ha sido jurado externo de los Premios Rolling Stone en Espa\u00f1ol en Miami y ha ofrecido asesor\u00eda creativa en colaboraci\u00f3n con Berklee Valencia y la Asociaci\u00f3n de Supervisores Musicales.\",\"sameAs\":[\"https:\/\/www.equalmedia.mx\/\",\"https:\/\/www.instagram.com\/equal.music\",\"https:\/\/www.linkedin.com\/in\/ulises-sanher\/\",\"https:\/\/www.youtube.com\/@equalmusicworld\"],\"url\":\"https:\/\/www.equalmedia.mx\/site\/author\/admin\/\"}]}<\/script>\n<!-- \/ Yoast SEO plugin. -->","yoast_head_json":{"title":"Equal Media | Hagamos que Suceda","description":"Conectamos el mensaje de tu banda musical con audiencias interesadas en conocerles | Te ayudamos a alcanzar tus objetivos | HAGAMOS QUE SUCEDA","robots":{"index":"index","follow":"follow","max-snippet":"max-snippet:-1","max-image-preview":"max-image-preview:large","max-video-preview":"max-video-preview:-1"},"canonical":"https:\/\/www.equalmedia.mx\/site\/festival\/guia-definitiva-dia-por-dia-descubre-a-los-artistas-que-marcaran-corona-capital-2025\/","og_locale":"es_ES","og_type":"article","og_title":"Equal Media | Hagamos que Suceda","og_description":"Conectamos el mensaje de tu banda musical con audiencias interesadas en conocerles | Te ayudamos a alcanzar tus objetivos | HAGAMOS QUE SUCEDA","og_url":"https:\/\/www.equalmedia.mx\/site\/festival\/guia-definitiva-dia-por-dia-descubre-a-los-artistas-que-marcaran-corona-capital-2025\/","og_site_name":"EQUAL MUSIC | Cultura Latina en Movimiento","article_published_time":"2025-07-04T01:52:36+00:00","article_modified_time":"2025-07-04T01:52:37+00:00","og_image":[{"width":1080,"height":1080,"url":"https:\/\/www.equalmedia.mx\/site\/wp-content\/uploads\/2025\/07\/CC25_Generico_1080x1080.jpg","type":"image\/jpeg"}],"author":"Equal Media","twitter_card":"summary_large_image","twitter_misc":{"Escrito por":"Equal Media","Tiempo de lectura":"10 minutos"},"schema":{"@context":"https:\/\/schema.org","@graph":[{"@type":"Article","@id":"https:\/\/www.equalmedia.mx\/site\/festival\/guia-definitiva-dia-por-dia-descubre-a-los-artistas-que-marcaran-corona-capital-2025\/#article","isPartOf":{"@id":"https:\/\/www.equalmedia.mx\/site\/festival\/guia-definitiva-dia-por-dia-descubre-a-los-artistas-que-marcaran-corona-capital-2025\/"},"author":{"name":"Equal Media","@id":"https:\/\/www.equalmedia.mx\/site\/#\/schema\/person\/41b6e60d650a80262fa6b5189bbb9f20"},"headline":"Gu\u00eda definitiva: D\u00eda por d\u00eda, descubre a los artistas que marcar\u00e1n Corona Capital 2025","datePublished":"2025-07-04T01:52:36+00:00","dateModified":"2025-07-04T01:52:37+00:00","mainEntityOfPage":{"@id":"https:\/\/www.equalmedia.mx\/site\/festival\/guia-definitiva-dia-por-dia-descubre-a-los-artistas-que-marcaran-corona-capital-2025\/"},"wordCount":2021,"publisher":{"@id":"https:\/\/www.equalmedia.mx\/site\/#organization"},"image":{"@id":"https:\/\/www.equalmedia.mx\/site\/festival\/guia-definitiva-dia-por-dia-descubre-a-los-artistas-que-marcaran-corona-capital-2025\/#primaryimage"},"thumbnailUrl":"https:\/\/www.equalmedia.mx\/site\/wp-content\/uploads\/2025\/07\/CC25_Generico_1080x1080.jpg","keywords":["Capital","Corona","Corona Capital 2025","Festivales M\u00e9xico","ocesa"],"articleSection":["Festival"],"inLanguage":"es"},{"@type":"WebPage","@id":"https:\/\/www.equalmedia.mx\/site\/festival\/guia-definitiva-dia-por-dia-descubre-a-los-artistas-que-marcaran-corona-capital-2025\/","url":"https:\/\/www.equalmedia.mx\/site\/festival\/guia-definitiva-dia-por-dia-descubre-a-los-artistas-que-marcaran-corona-capital-2025\/","name":"Equal Media | Hagamos que Suceda","isPartOf":{"@id":"https:\/\/www.equalmedia.mx\/site\/#website"},"primaryImageOfPage":{"@id":"https:\/\/www.equalmedia.mx\/site\/festival\/guia-definitiva-dia-por-dia-descubre-a-los-artistas-que-marcaran-corona-capital-2025\/#primaryimage"},"image":{"@id":"https:\/\/www.equalmedia.mx\/site\/festival\/guia-definitiva-dia-por-dia-descubre-a-los-artistas-que-marcaran-corona-capital-2025\/#primaryimage"},"thumbnailUrl":"https:\/\/www.equalmedia.mx\/site\/wp-content\/uploads\/2025\/07\/CC25_Generico_1080x1080.jpg","datePublished":"2025-07-04T01:52:36+00:00","dateModified":"2025-07-04T01:52:37+00:00","description":"Conectamos el mensaje de tu banda musical con audiencias interesadas en conocerles | Te ayudamos a alcanzar tus objetivos | HAGAMOS QUE SUCEDA","breadcrumb":{"@id":"https:\/\/www.equalmedia.mx\/site\/festival\/guia-definitiva-dia-por-dia-descubre-a-los-artistas-que-marcaran-corona-capital-2025\/#breadcrumb"},"inLanguage":"es","potentialAction":[{"@type":"ReadAction","target":["https:\/\/www.equalmedia.mx\/site\/festival\/guia-definitiva-dia-por-dia-descubre-a-los-artistas-que-marcaran-corona-capital-2025\/"]}]},{"@type":"ImageObject","inLanguage":"es","@id":"https:\/\/www.equalmedia.mx\/site\/festival\/guia-definitiva-dia-por-dia-descubre-a-los-artistas-que-marcaran-corona-capital-2025\/#primaryimage","url":"https:\/\/www.equalmedia.mx\/site\/wp-content\/uploads\/2025\/07\/CC25_Generico_1080x1080.jpg","contentUrl":"https:\/\/www.equalmedia.mx\/site\/wp-content\/uploads\/2025\/07\/CC25_Generico_1080x1080.jpg","width":1080,"height":1080},{"@type":"BreadcrumbList","@id":"https:\/\/www.equalmedia.mx\/site\/festival\/guia-definitiva-dia-por-dia-descubre-a-los-artistas-que-marcaran-corona-capital-2025\/#breadcrumb","itemListElement":[{"@type":"ListItem","position":1,"name":"Inicio","item":"https:\/\/www.equalmedia.mx\/site\/"},{"@type":"ListItem","position":2,"name":"Gu\u00eda definitiva: D\u00eda por d\u00eda, descubre a los artistas que marcar\u00e1n Corona Capital 2025"}]},{"@type":"WebSite","@id":"https:\/\/www.equalmedia.mx\/site\/#website","url":"https:\/\/www.equalmedia.mx\/site\/","name":"EQUAL MUSIC | Cultura Latina en Movimiento","description":"Ritmo en movimiento.","publisher":{"@id":"https:\/\/www.equalmedia.mx\/site\/#organization"},"potentialAction":[{"@type":"SearchAction","target":{"@type":"EntryPoint","urlTemplate":"https:\/\/www.equalmedia.mx\/site\/?s={search_term_string}"},"query-input":{"@type":"PropertyValueSpecification","valueRequired":true,"valueName":"search_term_string"}}],"inLanguage":"es"},{"@type":"Organization","@id":"https:\/\/www.equalmedia.mx\/site\/#organization","name":"EQUAL MUSIC | Cultura Latina en Movimiento","url":"https:\/\/www.equalmedia.mx\/site\/","logo":{"@type":"ImageObject","inLanguage":"es","@id":"https:\/\/www.equalmedia.mx\/site\/#\/schema\/logo\/image\/","url":"https:\/\/www.equalmedia.mx\/site\/wp-content\/uploads\/2021\/07\/logoblanco.png","contentUrl":"https:\/\/www.equalmedia.mx\/site\/wp-content\/uploads\/2021\/07\/logoblanco.png","width":1920,"height":589,"caption":"EQUAL MUSIC | Cultura Latina en Movimiento"},"image":{"@id":"https:\/\/www.equalmedia.mx\/site\/#\/schema\/logo\/image\/"}},{"@type":"Person","@id":"https:\/\/www.equalmedia.mx\/site\/#\/schema\/person\/41b6e60d650a80262fa6b5189bbb9f20","name":"Equal Media","image":{"@type":"ImageObject","inLanguage":"es","@id":"https:\/\/www.equalmedia.mx\/site\/#\/schema\/person\/image\/","url":"https:\/\/secure.gravatar.com\/avatar\/51c3f8f080f557c61349ab37ab35c9f967b3b271510dd8ef0b9b16a3dd5a89e9?s=96&d=mm&r=g","contentUrl":"https:\/\/secure.gravatar.com\/avatar\/51c3f8f080f557c61349ab37ab35c9f967b3b271510dd8ef0b9b16a3dd5a89e9?s=96&d=mm&r=g","caption":"Equal Media"},"description":"Equal Media es una productora y agencia de estrategia cultural transmedia que impulsa la visibilidad de la m\u00fasica y cultura latina a trav\u00e9s de contenidos originales, multiplataforma y con enfoque social. Con operaci\u00f3n desde Estados Unidos, M\u00e9xico y Colombia, Equal Media se ha consolidado como un actor clave en la narrativa documental, la curadur\u00eda musical y la creaci\u00f3n de formatos de alto impacto para audiencias latinas globales. Sus producciones incluyen Equal Music Sessions \u2014con m\u00e1s de 300 artistas programados en LATV Network\u2014, la serie Hunters y el documental 4TRO EL3MENTOS. Sus contenidos son emitidos en prime time en EE.UU. v\u00eda LATV y VOD, alcanzando m\u00e1s de 62 millones de hogares en mercados como Nueva York, Los \u00c1ngeles, Miami y Chicago. Equal Media ha estado presente con cobertura original y branded content en eventos como el Media Hub de los Latin Grammys, LAMC (NY), BIME (Bilbao, Bogot\u00e1), Vive Latino (CDMX), MIM LATAM, CAMM, entre otros hubs de la industria. Aliada de plataformas como Keychange, Femnoise, We Make Noise y la Municipalidad de Quilicura (Chile), Equal Media promueve una industria m\u00e1s equitativa, programando de forma activa proyectos liderados por mujeres, comunidades LGBTQ+ y sectores vulnerables. Bajo la direcci\u00f3n de Ulises Sanher \u2014reconocido por la UNAM y otras instituciones acad\u00e9micas por su labor cultural\u2014, Equal Media ha contribuido a formar nuevas audiencias desde la educaci\u00f3n, el activismo y la creatividad. Sanher ha sido invitado como speaker en foros como Circulart (COL), FIMPRO (MEX), Canadian Music Week (CAN), FME (CAN), SIM S\u00e3o Paulo (BR), MUPA (PAN), Corriente (PER) y Brasil Trends Conference. Tambi\u00e9n ha sido jurado externo de los Premios Rolling Stone en Espa\u00f1ol en Miami y ha ofrecido asesor\u00eda creativa en colaboraci\u00f3n con Berklee Valencia y la Asociaci\u00f3n de Supervisores Musicales.","sameAs":["https:\/\/www.equalmedia.mx\/","https:\/\/www.instagram.com\/equal.music","https:\/\/www.linkedin.com\/in\/ulises-sanher\/","https:\/\/www.youtube.com\/@equalmusicworld"],"url":"https:\/\/www.equalmedia.mx\/site\/author\/admin\/"}]}},"_links":{"self":[{"href":"https:\/\/www.equalmedia.mx\/site\/wp-json\/wp\/v2\/posts\/7067","targetHints":{"allow":["GET"]}}],"collection":[{"href":"https:\/\/www.equalmedia.mx\/site\/wp-json\/wp\/v2\/posts"}],"about":[{"href":"https:\/\/www.equalmedia.mx\/site\/wp-json\/wp\/v2\/types\/post"}],"author":[{"embeddable":true,"href":"https:\/\/www.equalmedia.mx\/site\/wp-json\/wp\/v2\/users\/1"}],"replies":[{"embeddable":true,"href":"https:\/\/www.equalmedia.mx\/site\/wp-json\/wp\/v2\/comments?post=7067"}],"version-history":[{"count":2,"href":"https:\/\/www.equalmedia.mx\/site\/wp-json\/wp\/v2\/posts\/7067\/revisions"}],"predecessor-version":[{"id":7073,"href":"https:\/\/www.equalmedia.mx\/site\/wp-json\/wp\/v2\/posts\/7067\/revisions\/7073"}],"wp:featuredmedia":[{"embeddable":true,"href":"https:\/\/www.equalmedia.mx\/site\/wp-json\/wp\/v2\/media\/7070"}],"wp:attachment":[{"href":"https:\/\/www.equalmedia.mx\/site\/wp-json\/wp\/v2\/media?parent=7067"}],"wp:term":[{"taxonomy":"category","embeddable":true,"href":"https:\/\/www.equalmedia.mx\/site\/wp-json\/wp\/v2\/categories?post=7067"},{"taxonomy":"post_tag","embeddable":true,"href":"https:\/\/www.equalmedia.mx\/site\/wp-json\/wp\/v2\/tags?post=7067"}],"curies":[{"name":"wp","href":"https:\/\/api.w.org\/{rel}","templated":true}]}}