{"id":7091,"date":"2025-07-11T19:57:30","date_gmt":"2025-07-11T19:57:30","guid":{"rendered":"https:\/\/www.equalmedia.mx\/site\/?p=7091"},"modified":"2025-07-11T19:57:30","modified_gmt":"2025-07-11T19:57:30","slug":"deftones-anuncian-private-music-con-el-single-my-mind-is-a-mountain","status":"publish","type":"post","link":"https:\/\/www.equalmedia.mx\/site\/new-music\/deftones-anuncian-private-music-con-el-single-my-mind-is-a-mountain\/","title":{"rendered":"Deftones anuncian Private Music con el single \u201cMy Mind Is a Mountain\u201d"},"content":{"rendered":"\n<p>Deftones ha anunciado su d\u00e9cimo \u00e1lbum de estudio, <strong><em>Private Music<\/em><\/strong>, con estreno previsto para el <strong>22 de agosto de 2025<\/strong> v\u00eda Reprise\/Warner.<\/p>\n\n\n\n<p>Han pasado casi cinco a\u00f1os desde <em>Ohms<\/em> (2020), y el grupo regresa con la colaboraci\u00f3n del productor <strong>Nick Raskulinecz<\/strong>, quien ya trabaj\u00f3 con ellos en <em>Diamond Eyes<\/em> (2010) y <em>Koi No Yokan<\/em> (2012).<\/p>\n\n\n\n<h3 class=\"wp-block-heading\">\ud83c\udfd4\ufe0f \u201cMy Mind Is a Mountain\u201d: un arranque sublime<\/h3>\n\n\n\n<p>El primer corte del \u00e1lbum, <strong>\u201cMy Mind Is a Mountain\u201d<\/strong>, presenta una textura sonora densa y emocional, con guitarras potentes y la inconfundible voz de <strong>Chino Moreno<\/strong> abriendo el tema desde lo m\u00e1s alto, casi como un lamento sobre un altiplano sonoro. El contraste entre la densidad de las guitarras y el espacio emocional de la letra transmite esa dualidad tan propia de Deftones: agresividad contenida y elegancia melanc\u00f3lica<\/p>\n\n\n\n<figure class=\"wp-block-embed aligncenter is-type-rich is-provider-spotify wp-block-embed-spotify wp-embed-aspect-21-9 wp-has-aspect-ratio\"><div class=\"wp-block-embed__wrapper\">\n<iframe title=\"Spotify Embed: my mind is a mountain\" style=\"border-radius: 12px\" width=\"100%\" height=\"152\" frameborder=\"0\" allowfullscreen allow=\"autoplay; clipboard-write; encrypted-media; fullscreen; picture-in-picture\" data-src=\"https:\/\/open.spotify.com\/embed\/track\/6vBRAhaSk91csuuWtttPf8?si=1dde444eb37a4109&#038;utm_source=oembed\" src=\"data:image\/svg+xml;base64,PHN2ZyB3aWR0aD0iMSIgaGVpZ2h0PSIxIiB4bWxucz0iaHR0cDovL3d3dy53My5vcmcvMjAwMC9zdmciPjwvc3ZnPg==\" class=\"lazyload\" data-load-mode=\"1\"><\/iframe>\n<\/div><\/figure>\n\n\n\n<p><em>Private Music<\/em> incluir\u00e1 <strong>11 canciones<\/strong>, con t\u00edtulos como <em>Locked Club<\/em>, <em>Infinite Source<\/em> y <em>Milk of the Madonna<\/em> . Adem\u00e1s, marca el regreso de Deftones a la carretera norteamericana, con una segunda gira en 2025 junto a <strong>Phantogram<\/strong>, <strong>Idles<\/strong>, entre otros, terminando en festivales como <em>Shaky Knees<\/em>, <em>Louder Than Life<\/em> y <em>Aftershock<\/em><\/p>\n\n\n\n<p>Desde su debut, Deftones han sabido mezclar <strong>brutalidad atmosf\u00e9rica y sutileza mel\u00f3dica<\/strong>. \u201cMy Mind Is a Mountain\u201d cumple con esta f\u00f3rmula: retumba sin estridencias, invita a reflexionar sin renunciar a su potencia rocker. El regreso de Nick Raskulinecz sugiere una continuidad con sus mejores momentos (<em>Diamond Eyes<\/em>, <em>Koi No Yokan<\/em>), mientras que el sonido remasterizado muestra una banda en plena madurez creativa.<\/p>\n\n\n<div class=\"wp-block-image\">\n<figure class=\"aligncenter size-full is-resized\"><img fetchpriority=\"high\" decoding=\"async\" src=\"https:\/\/www.equalmedia.mx\/site\/wp-content\/uploads\/2025\/07\/9841243.png\" alt=\"\" class=\"wp-image-7095\" width=\"506\" height=\"304\" srcset=\"https:\/\/www.equalmedia.mx\/site\/wp-content\/uploads\/2025\/07\/9841243.png 719w, https:\/\/www.equalmedia.mx\/site\/wp-content\/uploads\/2025\/07\/9841243-300x180.png 300w, https:\/\/www.equalmedia.mx\/site\/wp-content\/uploads\/2025\/07\/9841243-600x361.png 600w\" sizes=\"(max-width: 506px) 100vw, 506px\" \/><\/figure>\n<\/div>\n\n\n<p><em>Private Music<\/em> promete ser uno de los lanzamientos m\u00e1s s\u00f3lidos del rock alternativo en 2025. Si \u201cMy Mind Is a Mountain\u201d es una muestra representativa, esperan 11 pistas capaces de balancear furia y belleza, espacio y explosi\u00f3n emocional. Para los seguidores, el 22 de agosto se perfila como una cita ineludible con la evoluci\u00f3n de una banda que sigue escalando monta\u00f1as sonoras.<\/p>\n\n\n\n<p><\/p>\n","protected":false},"excerpt":{"rendered":"<p>Deftones ha anunciado su d\u00e9cimo \u00e1lbum de estudio, Private Music, con estreno previsto para el 22 de agosto de 2025 v\u00eda Reprise\/Warner. Han pasado casi cinco a\u00f1os desde Ohms (2020), y el grupo regresa con la colaboraci\u00f3n del productor Nick Raskulinecz, quien ya trabaj\u00f3 con ellos en Diamond Eyes (2010) y Koi No Yokan (2012). [&hellip;]<\/p>\n","protected":false},"author":1,"featured_media":7092,"comment_status":"closed","ping_status":"closed","sticky":false,"template":"","format":"standard","meta":{"footnotes":""},"categories":[91],"tags":[663,667,661,664,655,496,668,665,656,651,658,666,662,657,659,660,653,652,654],"class_list":["post-7091","post","type-post","status-publish","format-standard","has-post-thumbnail","hentry","category-new-music","tag-album-deftones-2025","tag-chino-moreno","tag-consequence-of-sound","tag-critica-musical","tag-deftones","tag-equal-media","tag-lanzamientos-musicales-2025","tag-metal-alternativo","tag-musica-alternativa","tag-my-mind-is-a-mountain","tag-nick-raskulinecz","tag-noticias-de-musica","tag-nu-metal","tag-nuevo-disco-deftones","tag-pitchfork","tag-private-music","tag-resena-disco-deftones","tag-rock-alternativo-2025","tag-rock-experimental"],"yoast_head":"<!-- This site is optimized with the Yoast SEO plugin v26.6 - https:\/\/yoast.com\/wordpress\/plugins\/seo\/ -->\n<title>Equal Media | Hagamos que Suceda<\/title>\n<meta name=\"description\" content=\"Conectamos el mensaje de tu banda musical con audiencias interesadas en conocerles | Te ayudamos a alcanzar tus objetivos | HAGAMOS QUE SUCEDA\" \/>\n<meta name=\"robots\" content=\"index, follow, max-snippet:-1, max-image-preview:large, max-video-preview:-1\" \/>\n<link rel=\"canonical\" href=\"https:\/\/www.equalmedia.mx\/site\/new-music\/deftones-anuncian-private-music-con-el-single-my-mind-is-a-mountain\/\" \/>\n<meta property=\"og:locale\" content=\"es_ES\" \/>\n<meta property=\"og:type\" content=\"article\" \/>\n<meta property=\"og:title\" content=\"Equal Media | Hagamos que Suceda\" \/>\n<meta property=\"og:description\" content=\"Conectamos el mensaje de tu banda musical con audiencias interesadas en conocerles | Te ayudamos a alcanzar tus objetivos | HAGAMOS QUE SUCEDA\" \/>\n<meta property=\"og:url\" content=\"https:\/\/www.equalmedia.mx\/site\/new-music\/deftones-anuncian-private-music-con-el-single-my-mind-is-a-mountain\/\" \/>\n<meta property=\"og:site_name\" content=\"EQUAL MUSIC | Cultura Latina en Movimiento\" \/>\n<meta property=\"article:published_time\" content=\"2025-07-11T19:57:30+00:00\" \/>\n<meta property=\"og:image\" content=\"https:\/\/www.equalmedia.mx\/site\/wp-content\/uploads\/2025\/07\/deftones-disco.jpg\" \/>\n\t<meta property=\"og:image:width\" content=\"1500\" \/>\n\t<meta property=\"og:image:height\" content=\"1500\" \/>\n\t<meta property=\"og:image:type\" content=\"image\/jpeg\" \/>\n<meta name=\"author\" content=\"Equal Media\" \/>\n<meta name=\"twitter:card\" content=\"summary_large_image\" \/>\n<meta name=\"twitter:label1\" content=\"Escrito por\" \/>\n\t<meta name=\"twitter:data1\" content=\"Equal Media\" \/>\n\t<meta name=\"twitter:label2\" content=\"Tiempo de lectura\" \/>\n\t<meta name=\"twitter:data2\" content=\"2 minutos\" \/>\n<script type=\"application\/ld+json\" class=\"yoast-schema-graph\">{\"@context\":\"https:\/\/schema.org\",\"@graph\":[{\"@type\":\"Article\",\"@id\":\"https:\/\/www.equalmedia.mx\/site\/new-music\/deftones-anuncian-private-music-con-el-single-my-mind-is-a-mountain\/#article\",\"isPartOf\":{\"@id\":\"https:\/\/www.equalmedia.mx\/site\/new-music\/deftones-anuncian-private-music-con-el-single-my-mind-is-a-mountain\/\"},\"author\":{\"name\":\"Equal Media\",\"@id\":\"https:\/\/www.equalmedia.mx\/site\/#\/schema\/person\/41b6e60d650a80262fa6b5189bbb9f20\"},\"headline\":\"Deftones anuncian Private Music con el single \u201cMy Mind Is a Mountain\u201d\",\"datePublished\":\"2025-07-11T19:57:30+00:00\",\"mainEntityOfPage\":{\"@id\":\"https:\/\/www.equalmedia.mx\/site\/new-music\/deftones-anuncian-private-music-con-el-single-my-mind-is-a-mountain\/\"},\"wordCount\":337,\"publisher\":{\"@id\":\"https:\/\/www.equalmedia.mx\/site\/#organization\"},\"image\":{\"@id\":\"https:\/\/www.equalmedia.mx\/site\/new-music\/deftones-anuncian-private-music-con-el-single-my-mind-is-a-mountain\/#primaryimage\"},\"thumbnailUrl\":\"https:\/\/www.equalmedia.mx\/site\/wp-content\/uploads\/2025\/07\/deftones-disco.jpg\",\"keywords\":[\"\u00e1lbum Deftones 2025\",\"Chino Moreno\",\"Consequence of Sound\",\"cr\u00edtica musical\",\"Deftones\",\"equal media\",\"lanzamientos musicales 2025\",\"metal alternativo\",\"m\u00fasica alternativa\",\"My Mind Is a Mountain\",\"Nick Raskulinecz\",\"noticias de m\u00fasica\",\"nu metal\",\"nuevo disco Deftones\",\"Pitchfork\",\"Private Music\",\"rese\u00f1a disco Deftones\",\"rock alternativo 2025\",\"rock experimental\"],\"articleSection\":[\"New Music\"],\"inLanguage\":\"es\"},{\"@type\":\"WebPage\",\"@id\":\"https:\/\/www.equalmedia.mx\/site\/new-music\/deftones-anuncian-private-music-con-el-single-my-mind-is-a-mountain\/\",\"url\":\"https:\/\/www.equalmedia.mx\/site\/new-music\/deftones-anuncian-private-music-con-el-single-my-mind-is-a-mountain\/\",\"name\":\"Equal Media | Hagamos que Suceda\",\"isPartOf\":{\"@id\":\"https:\/\/www.equalmedia.mx\/site\/#website\"},\"primaryImageOfPage\":{\"@id\":\"https:\/\/www.equalmedia.mx\/site\/new-music\/deftones-anuncian-private-music-con-el-single-my-mind-is-a-mountain\/#primaryimage\"},\"image\":{\"@id\":\"https:\/\/www.equalmedia.mx\/site\/new-music\/deftones-anuncian-private-music-con-el-single-my-mind-is-a-mountain\/#primaryimage\"},\"thumbnailUrl\":\"https:\/\/www.equalmedia.mx\/site\/wp-content\/uploads\/2025\/07\/deftones-disco.jpg\",\"datePublished\":\"2025-07-11T19:57:30+00:00\",\"description\":\"Conectamos el mensaje de tu banda musical con audiencias interesadas en conocerles | Te ayudamos a alcanzar tus objetivos | HAGAMOS QUE SUCEDA\",\"breadcrumb\":{\"@id\":\"https:\/\/www.equalmedia.mx\/site\/new-music\/deftones-anuncian-private-music-con-el-single-my-mind-is-a-mountain\/#breadcrumb\"},\"inLanguage\":\"es\",\"potentialAction\":[{\"@type\":\"ReadAction\",\"target\":[\"https:\/\/www.equalmedia.mx\/site\/new-music\/deftones-anuncian-private-music-con-el-single-my-mind-is-a-mountain\/\"]}]},{\"@type\":\"ImageObject\",\"inLanguage\":\"es\",\"@id\":\"https:\/\/www.equalmedia.mx\/site\/new-music\/deftones-anuncian-private-music-con-el-single-my-mind-is-a-mountain\/#primaryimage\",\"url\":\"https:\/\/www.equalmedia.mx\/site\/wp-content\/uploads\/2025\/07\/deftones-disco.jpg\",\"contentUrl\":\"https:\/\/www.equalmedia.mx\/site\/wp-content\/uploads\/2025\/07\/deftones-disco.jpg\",\"width\":1500,\"height\":1500},{\"@type\":\"BreadcrumbList\",\"@id\":\"https:\/\/www.equalmedia.mx\/site\/new-music\/deftones-anuncian-private-music-con-el-single-my-mind-is-a-mountain\/#breadcrumb\",\"itemListElement\":[{\"@type\":\"ListItem\",\"position\":1,\"name\":\"Inicio\",\"item\":\"https:\/\/www.equalmedia.mx\/site\/\"},{\"@type\":\"ListItem\",\"position\":2,\"name\":\"Deftones anuncian Private Music con el single \u201cMy Mind Is a Mountain\u201d\"}]},{\"@type\":\"WebSite\",\"@id\":\"https:\/\/www.equalmedia.mx\/site\/#website\",\"url\":\"https:\/\/www.equalmedia.mx\/site\/\",\"name\":\"EQUAL MUSIC | Cultura Latina en Movimiento\",\"description\":\"Ritmo en movimiento.\",\"publisher\":{\"@id\":\"https:\/\/www.equalmedia.mx\/site\/#organization\"},\"potentialAction\":[{\"@type\":\"SearchAction\",\"target\":{\"@type\":\"EntryPoint\",\"urlTemplate\":\"https:\/\/www.equalmedia.mx\/site\/?s={search_term_string}\"},\"query-input\":{\"@type\":\"PropertyValueSpecification\",\"valueRequired\":true,\"valueName\":\"search_term_string\"}}],\"inLanguage\":\"es\"},{\"@type\":\"Organization\",\"@id\":\"https:\/\/www.equalmedia.mx\/site\/#organization\",\"name\":\"EQUAL MUSIC | Cultura Latina en Movimiento\",\"url\":\"https:\/\/www.equalmedia.mx\/site\/\",\"logo\":{\"@type\":\"ImageObject\",\"inLanguage\":\"es\",\"@id\":\"https:\/\/www.equalmedia.mx\/site\/#\/schema\/logo\/image\/\",\"url\":\"https:\/\/www.equalmedia.mx\/site\/wp-content\/uploads\/2021\/07\/logoblanco.png\",\"contentUrl\":\"https:\/\/www.equalmedia.mx\/site\/wp-content\/uploads\/2021\/07\/logoblanco.png\",\"width\":1920,\"height\":589,\"caption\":\"EQUAL MUSIC | Cultura Latina en Movimiento\"},\"image\":{\"@id\":\"https:\/\/www.equalmedia.mx\/site\/#\/schema\/logo\/image\/\"}},{\"@type\":\"Person\",\"@id\":\"https:\/\/www.equalmedia.mx\/site\/#\/schema\/person\/41b6e60d650a80262fa6b5189bbb9f20\",\"name\":\"Equal Media\",\"image\":{\"@type\":\"ImageObject\",\"inLanguage\":\"es\",\"@id\":\"https:\/\/www.equalmedia.mx\/site\/#\/schema\/person\/image\/\",\"url\":\"https:\/\/secure.gravatar.com\/avatar\/51c3f8f080f557c61349ab37ab35c9f967b3b271510dd8ef0b9b16a3dd5a89e9?s=96&d=mm&r=g\",\"contentUrl\":\"https:\/\/secure.gravatar.com\/avatar\/51c3f8f080f557c61349ab37ab35c9f967b3b271510dd8ef0b9b16a3dd5a89e9?s=96&d=mm&r=g\",\"caption\":\"Equal Media\"},\"description\":\"Equal Media es una productora y agencia de estrategia cultural transmedia que impulsa la visibilidad de la m\u00fasica y cultura latina a trav\u00e9s de contenidos originales, multiplataforma y con enfoque social. Con operaci\u00f3n desde Estados Unidos, M\u00e9xico y Colombia, Equal Media se ha consolidado como un actor clave en la narrativa documental, la curadur\u00eda musical y la creaci\u00f3n de formatos de alto impacto para audiencias latinas globales. Sus producciones incluyen Equal Music Sessions \u2014con m\u00e1s de 300 artistas programados en LATV Network\u2014, la serie Hunters y el documental 4TRO EL3MENTOS. Sus contenidos son emitidos en prime time en EE.UU. v\u00eda LATV y VOD, alcanzando m\u00e1s de 62 millones de hogares en mercados como Nueva York, Los \u00c1ngeles, Miami y Chicago. Equal Media ha estado presente con cobertura original y branded content en eventos como el Media Hub de los Latin Grammys, LAMC (NY), BIME (Bilbao, Bogot\u00e1), Vive Latino (CDMX), MIM LATAM, CAMM, entre otros hubs de la industria. Aliada de plataformas como Keychange, Femnoise, We Make Noise y la Municipalidad de Quilicura (Chile), Equal Media promueve una industria m\u00e1s equitativa, programando de forma activa proyectos liderados por mujeres, comunidades LGBTQ+ y sectores vulnerables. Bajo la direcci\u00f3n de Ulises Sanher \u2014reconocido por la UNAM y otras instituciones acad\u00e9micas por su labor cultural\u2014, Equal Media ha contribuido a formar nuevas audiencias desde la educaci\u00f3n, el activismo y la creatividad. Sanher ha sido invitado como speaker en foros como Circulart (COL), FIMPRO (MEX), Canadian Music Week (CAN), FME (CAN), SIM S\u00e3o Paulo (BR), MUPA (PAN), Corriente (PER) y Brasil Trends Conference. Tambi\u00e9n ha sido jurado externo de los Premios Rolling Stone en Espa\u00f1ol en Miami y ha ofrecido asesor\u00eda creativa en colaboraci\u00f3n con Berklee Valencia y la Asociaci\u00f3n de Supervisores Musicales.\",\"sameAs\":[\"https:\/\/www.equalmedia.mx\/\",\"https:\/\/www.instagram.com\/equal.music\",\"https:\/\/www.linkedin.com\/in\/ulises-sanher\/\",\"https:\/\/www.youtube.com\/@equalmusicworld\"],\"url\":\"https:\/\/www.equalmedia.mx\/site\/author\/admin\/\"}]}<\/script>\n<!-- \/ Yoast SEO plugin. -->","yoast_head_json":{"title":"Equal Media | Hagamos que Suceda","description":"Conectamos el mensaje de tu banda musical con audiencias interesadas en conocerles | Te ayudamos a alcanzar tus objetivos | HAGAMOS QUE SUCEDA","robots":{"index":"index","follow":"follow","max-snippet":"max-snippet:-1","max-image-preview":"max-image-preview:large","max-video-preview":"max-video-preview:-1"},"canonical":"https:\/\/www.equalmedia.mx\/site\/new-music\/deftones-anuncian-private-music-con-el-single-my-mind-is-a-mountain\/","og_locale":"es_ES","og_type":"article","og_title":"Equal Media | Hagamos que Suceda","og_description":"Conectamos el mensaje de tu banda musical con audiencias interesadas en conocerles | Te ayudamos a alcanzar tus objetivos | HAGAMOS QUE SUCEDA","og_url":"https:\/\/www.equalmedia.mx\/site\/new-music\/deftones-anuncian-private-music-con-el-single-my-mind-is-a-mountain\/","og_site_name":"EQUAL MUSIC | Cultura Latina en Movimiento","article_published_time":"2025-07-11T19:57:30+00:00","og_image":[{"width":1500,"height":1500,"url":"https:\/\/www.equalmedia.mx\/site\/wp-content\/uploads\/2025\/07\/deftones-disco.jpg","type":"image\/jpeg"}],"author":"Equal Media","twitter_card":"summary_large_image","twitter_misc":{"Escrito por":"Equal Media","Tiempo de lectura":"2 minutos"},"schema":{"@context":"https:\/\/schema.org","@graph":[{"@type":"Article","@id":"https:\/\/www.equalmedia.mx\/site\/new-music\/deftones-anuncian-private-music-con-el-single-my-mind-is-a-mountain\/#article","isPartOf":{"@id":"https:\/\/www.equalmedia.mx\/site\/new-music\/deftones-anuncian-private-music-con-el-single-my-mind-is-a-mountain\/"},"author":{"name":"Equal Media","@id":"https:\/\/www.equalmedia.mx\/site\/#\/schema\/person\/41b6e60d650a80262fa6b5189bbb9f20"},"headline":"Deftones anuncian Private Music con el single \u201cMy Mind Is a Mountain\u201d","datePublished":"2025-07-11T19:57:30+00:00","mainEntityOfPage":{"@id":"https:\/\/www.equalmedia.mx\/site\/new-music\/deftones-anuncian-private-music-con-el-single-my-mind-is-a-mountain\/"},"wordCount":337,"publisher":{"@id":"https:\/\/www.equalmedia.mx\/site\/#organization"},"image":{"@id":"https:\/\/www.equalmedia.mx\/site\/new-music\/deftones-anuncian-private-music-con-el-single-my-mind-is-a-mountain\/#primaryimage"},"thumbnailUrl":"https:\/\/www.equalmedia.mx\/site\/wp-content\/uploads\/2025\/07\/deftones-disco.jpg","keywords":["\u00e1lbum Deftones 2025","Chino Moreno","Consequence of Sound","cr\u00edtica musical","Deftones","equal media","lanzamientos musicales 2025","metal alternativo","m\u00fasica alternativa","My Mind Is a Mountain","Nick Raskulinecz","noticias de m\u00fasica","nu metal","nuevo disco Deftones","Pitchfork","Private Music","rese\u00f1a disco Deftones","rock alternativo 2025","rock experimental"],"articleSection":["New Music"],"inLanguage":"es"},{"@type":"WebPage","@id":"https:\/\/www.equalmedia.mx\/site\/new-music\/deftones-anuncian-private-music-con-el-single-my-mind-is-a-mountain\/","url":"https:\/\/www.equalmedia.mx\/site\/new-music\/deftones-anuncian-private-music-con-el-single-my-mind-is-a-mountain\/","name":"Equal Media | Hagamos que Suceda","isPartOf":{"@id":"https:\/\/www.equalmedia.mx\/site\/#website"},"primaryImageOfPage":{"@id":"https:\/\/www.equalmedia.mx\/site\/new-music\/deftones-anuncian-private-music-con-el-single-my-mind-is-a-mountain\/#primaryimage"},"image":{"@id":"https:\/\/www.equalmedia.mx\/site\/new-music\/deftones-anuncian-private-music-con-el-single-my-mind-is-a-mountain\/#primaryimage"},"thumbnailUrl":"https:\/\/www.equalmedia.mx\/site\/wp-content\/uploads\/2025\/07\/deftones-disco.jpg","datePublished":"2025-07-11T19:57:30+00:00","description":"Conectamos el mensaje de tu banda musical con audiencias interesadas en conocerles | Te ayudamos a alcanzar tus objetivos | HAGAMOS QUE SUCEDA","breadcrumb":{"@id":"https:\/\/www.equalmedia.mx\/site\/new-music\/deftones-anuncian-private-music-con-el-single-my-mind-is-a-mountain\/#breadcrumb"},"inLanguage":"es","potentialAction":[{"@type":"ReadAction","target":["https:\/\/www.equalmedia.mx\/site\/new-music\/deftones-anuncian-private-music-con-el-single-my-mind-is-a-mountain\/"]}]},{"@type":"ImageObject","inLanguage":"es","@id":"https:\/\/www.equalmedia.mx\/site\/new-music\/deftones-anuncian-private-music-con-el-single-my-mind-is-a-mountain\/#primaryimage","url":"https:\/\/www.equalmedia.mx\/site\/wp-content\/uploads\/2025\/07\/deftones-disco.jpg","contentUrl":"https:\/\/www.equalmedia.mx\/site\/wp-content\/uploads\/2025\/07\/deftones-disco.jpg","width":1500,"height":1500},{"@type":"BreadcrumbList","@id":"https:\/\/www.equalmedia.mx\/site\/new-music\/deftones-anuncian-private-music-con-el-single-my-mind-is-a-mountain\/#breadcrumb","itemListElement":[{"@type":"ListItem","position":1,"name":"Inicio","item":"https:\/\/www.equalmedia.mx\/site\/"},{"@type":"ListItem","position":2,"name":"Deftones anuncian Private Music con el single \u201cMy Mind Is a Mountain\u201d"}]},{"@type":"WebSite","@id":"https:\/\/www.equalmedia.mx\/site\/#website","url":"https:\/\/www.equalmedia.mx\/site\/","name":"EQUAL MUSIC | Cultura Latina en Movimiento","description":"Ritmo en movimiento.","publisher":{"@id":"https:\/\/www.equalmedia.mx\/site\/#organization"},"potentialAction":[{"@type":"SearchAction","target":{"@type":"EntryPoint","urlTemplate":"https:\/\/www.equalmedia.mx\/site\/?s={search_term_string}"},"query-input":{"@type":"PropertyValueSpecification","valueRequired":true,"valueName":"search_term_string"}}],"inLanguage":"es"},{"@type":"Organization","@id":"https:\/\/www.equalmedia.mx\/site\/#organization","name":"EQUAL MUSIC | Cultura Latina en Movimiento","url":"https:\/\/www.equalmedia.mx\/site\/","logo":{"@type":"ImageObject","inLanguage":"es","@id":"https:\/\/www.equalmedia.mx\/site\/#\/schema\/logo\/image\/","url":"https:\/\/www.equalmedia.mx\/site\/wp-content\/uploads\/2021\/07\/logoblanco.png","contentUrl":"https:\/\/www.equalmedia.mx\/site\/wp-content\/uploads\/2021\/07\/logoblanco.png","width":1920,"height":589,"caption":"EQUAL MUSIC | Cultura Latina en Movimiento"},"image":{"@id":"https:\/\/www.equalmedia.mx\/site\/#\/schema\/logo\/image\/"}},{"@type":"Person","@id":"https:\/\/www.equalmedia.mx\/site\/#\/schema\/person\/41b6e60d650a80262fa6b5189bbb9f20","name":"Equal Media","image":{"@type":"ImageObject","inLanguage":"es","@id":"https:\/\/www.equalmedia.mx\/site\/#\/schema\/person\/image\/","url":"https:\/\/secure.gravatar.com\/avatar\/51c3f8f080f557c61349ab37ab35c9f967b3b271510dd8ef0b9b16a3dd5a89e9?s=96&d=mm&r=g","contentUrl":"https:\/\/secure.gravatar.com\/avatar\/51c3f8f080f557c61349ab37ab35c9f967b3b271510dd8ef0b9b16a3dd5a89e9?s=96&d=mm&r=g","caption":"Equal Media"},"description":"Equal Media es una productora y agencia de estrategia cultural transmedia que impulsa la visibilidad de la m\u00fasica y cultura latina a trav\u00e9s de contenidos originales, multiplataforma y con enfoque social. Con operaci\u00f3n desde Estados Unidos, M\u00e9xico y Colombia, Equal Media se ha consolidado como un actor clave en la narrativa documental, la curadur\u00eda musical y la creaci\u00f3n de formatos de alto impacto para audiencias latinas globales. Sus producciones incluyen Equal Music Sessions \u2014con m\u00e1s de 300 artistas programados en LATV Network\u2014, la serie Hunters y el documental 4TRO EL3MENTOS. Sus contenidos son emitidos en prime time en EE.UU. v\u00eda LATV y VOD, alcanzando m\u00e1s de 62 millones de hogares en mercados como Nueva York, Los \u00c1ngeles, Miami y Chicago. Equal Media ha estado presente con cobertura original y branded content en eventos como el Media Hub de los Latin Grammys, LAMC (NY), BIME (Bilbao, Bogot\u00e1), Vive Latino (CDMX), MIM LATAM, CAMM, entre otros hubs de la industria. Aliada de plataformas como Keychange, Femnoise, We Make Noise y la Municipalidad de Quilicura (Chile), Equal Media promueve una industria m\u00e1s equitativa, programando de forma activa proyectos liderados por mujeres, comunidades LGBTQ+ y sectores vulnerables. Bajo la direcci\u00f3n de Ulises Sanher \u2014reconocido por la UNAM y otras instituciones acad\u00e9micas por su labor cultural\u2014, Equal Media ha contribuido a formar nuevas audiencias desde la educaci\u00f3n, el activismo y la creatividad. Sanher ha sido invitado como speaker en foros como Circulart (COL), FIMPRO (MEX), Canadian Music Week (CAN), FME (CAN), SIM S\u00e3o Paulo (BR), MUPA (PAN), Corriente (PER) y Brasil Trends Conference. Tambi\u00e9n ha sido jurado externo de los Premios Rolling Stone en Espa\u00f1ol en Miami y ha ofrecido asesor\u00eda creativa en colaboraci\u00f3n con Berklee Valencia y la Asociaci\u00f3n de Supervisores Musicales.","sameAs":["https:\/\/www.equalmedia.mx\/","https:\/\/www.instagram.com\/equal.music","https:\/\/www.linkedin.com\/in\/ulises-sanher\/","https:\/\/www.youtube.com\/@equalmusicworld"],"url":"https:\/\/www.equalmedia.mx\/site\/author\/admin\/"}]}},"_links":{"self":[{"href":"https:\/\/www.equalmedia.mx\/site\/wp-json\/wp\/v2\/posts\/7091","targetHints":{"allow":["GET"]}}],"collection":[{"href":"https:\/\/www.equalmedia.mx\/site\/wp-json\/wp\/v2\/posts"}],"about":[{"href":"https:\/\/www.equalmedia.mx\/site\/wp-json\/wp\/v2\/types\/post"}],"author":[{"embeddable":true,"href":"https:\/\/www.equalmedia.mx\/site\/wp-json\/wp\/v2\/users\/1"}],"replies":[{"embeddable":true,"href":"https:\/\/www.equalmedia.mx\/site\/wp-json\/wp\/v2\/comments?post=7091"}],"version-history":[{"count":3,"href":"https:\/\/www.equalmedia.mx\/site\/wp-json\/wp\/v2\/posts\/7091\/revisions"}],"predecessor-version":[{"id":7096,"href":"https:\/\/www.equalmedia.mx\/site\/wp-json\/wp\/v2\/posts\/7091\/revisions\/7096"}],"wp:featuredmedia":[{"embeddable":true,"href":"https:\/\/www.equalmedia.mx\/site\/wp-json\/wp\/v2\/media\/7092"}],"wp:attachment":[{"href":"https:\/\/www.equalmedia.mx\/site\/wp-json\/wp\/v2\/media?parent=7091"}],"wp:term":[{"taxonomy":"category","embeddable":true,"href":"https:\/\/www.equalmedia.mx\/site\/wp-json\/wp\/v2\/categories?post=7091"},{"taxonomy":"post_tag","embeddable":true,"href":"https:\/\/www.equalmedia.mx\/site\/wp-json\/wp\/v2\/tags?post=7091"}],"curies":[{"name":"wp","href":"https:\/\/api.w.org\/{rel}","templated":true}]}}