{"id":7114,"date":"2025-07-16T01:40:22","date_gmt":"2025-07-16T01:40:22","guid":{"rendered":"https:\/\/www.equalmedia.mx\/site\/?p=7114"},"modified":"2025-07-16T01:40:22","modified_gmt":"2025-07-16T01:40:22","slug":"la-valentina-lanza-asho-una-catarsis-intima-para-cerrar-y-comenzar-de-nuevo","status":"publish","type":"post","link":"https:\/\/www.equalmedia.mx\/site\/new-music\/la-valentina-lanza-asho-una-catarsis-intima-para-cerrar-y-comenzar-de-nuevo\/","title":{"rendered":"La Valentina lanza ASHO: una catarsis \u00edntima para cerrar y comenzar de nuevo"},"content":{"rendered":"\n<p>Con su inconfundible sensibilidad melanc\u00f3lica y una voz que corta el silencio con honestidad, <strong>La Valentina<\/strong> presenta <em>ASHO<\/em>, su nuevo sencillo. Esta canci\u00f3n no solo cierra un ciclo emocional, sino que marca el inicio de una nueva etapa art\u00edstica luego de su incursi\u00f3n en el universo visceral de <em>CRIMEN Y CASTIGO Vol. 1<\/em>, donde conocimos a su alter ego <strong>RODION<\/strong>.<\/p>\n\n\n\n<p>En <em>ASHO<\/em>, La Valentina no relata una historia: la vive desde dentro. El tema es un collage emocional de pensamientos sueltos, de frases nacidas del duelo amoroso. No hay melodrama, sino verdad. Es una exploraci\u00f3n honesta de la nostalgia, la confusi\u00f3n y la necesidad de soltar, incluso cuando duele. La palabra que da t\u00edtulo al tema \u2014\u201casho\u201d, derivada del portugu\u00e9s <em>\u201cacho\u201d<\/em>\u2014 condensa ese momento de claridad en medio del hartazgo: cuando crecer significa aprender a estar sola.<\/p>\n\n\n\n<figure class=\"wp-block-embed aligncenter is-type-video is-provider-youtube wp-block-embed-youtube wp-embed-aspect-16-9 wp-has-aspect-ratio\"><div class=\"wp-block-embed__wrapper\">\n<iframe title=\"\ud835\udddf\ud835\uddee \ud835\udde9\ud835\uddee\ud835\uddf9\ud835\uddf2\ud835\uddfb\ud835\ude01\ud835\uddf6\ud835\uddfb\ud835\uddee | \ud835\uddd8\ud835\uddfb\ud835\ude01\ud835\uddff\ud835\uddf2\ud835\ude03\ud835\uddf6\ud835\ude00\ud835\ude01\ud835\uddee\" width=\"1300\" height=\"731\" data-src=\"https:\/\/www.youtube.com\/embed\/q3yfRAjD25Q?feature=oembed\" frameborder=\"0\" allow=\"accelerometer; autoplay; clipboard-write; encrypted-media; gyroscope; picture-in-picture; web-share\" referrerpolicy=\"strict-origin-when-cross-origin\" allowfullscreen src=\"data:image\/svg+xml;base64,PHN2ZyB3aWR0aD0iMSIgaGVpZ2h0PSIxIiB4bWxucz0iaHR0cDovL3d3dy53My5vcmcvMjAwMC9zdmciPjwvc3ZnPg==\" class=\"lazyload\" data-load-mode=\"1\"><\/iframe>\n<\/div><\/figure>\n\n\n\n<p>Escrita por <strong>La Valentina<\/strong> y producida por <strong>Tonio 8cho<\/strong>, <em>ASHO<\/em> es una canci\u00f3n que respira con beats sutiles y una voz al frente que golpea con ternura. El videoclip, filmado en Colombia, no es un simple acompa\u00f1amiento visual: documenta su regreso a casa, su reconexi\u00f3n con las ra\u00edces y el acto simb\u00f3lico de cerrar lo que ya no le pertenece.<\/p>\n\n\n\n<p>Este lanzamiento contin\u00faa ampliando el universo creativo de La Valentina, quien proyecta un nuevo compilado para finales de 2025. <em>ASHO<\/em> no es solo una canci\u00f3n: es un espejo honesto, una despedida con los pies firmes en el presente, y un recordatorio de que el dolor tambi\u00e9n puede ser una forma de claridad.<\/p>\n\n\n\n<figure class=\"wp-block-embed aligncenter is-type-video is-provider-youtube wp-block-embed-youtube wp-embed-aspect-16-9 wp-has-aspect-ratio\"><div class=\"wp-block-embed__wrapper\">\n<iframe title=\"La Valentina - ASHO (Prod.Tonio 8cho)\" width=\"1300\" height=\"731\" data-src=\"https:\/\/www.youtube.com\/embed\/wtDo0C7ZO_A?feature=oembed\" frameborder=\"0\" allow=\"accelerometer; autoplay; clipboard-write; encrypted-media; gyroscope; picture-in-picture; web-share\" referrerpolicy=\"strict-origin-when-cross-origin\" allowfullscreen src=\"data:image\/svg+xml;base64,PHN2ZyB3aWR0aD0iMSIgaGVpZ2h0PSIxIiB4bWxucz0iaHR0cDovL3d3dy53My5vcmcvMjAwMC9zdmciPjwvc3ZnPg==\" class=\"lazyload\" data-load-mode=\"1\"><\/iframe>\n<\/div><\/figure>\n\n\n\n<p><strong>La Valentina: entre dos mundos, un sonido propio<\/strong><\/p>\n\n\n\n<p>La Valentina es una artista colombiana radicada en Par\u00eds que transita con naturalidad entre el rap, el canto y la poes\u00eda urbana. Su propuesta nace de una identidad h\u00edbrida: creci\u00f3 entre salsa y rock, y aunque en un inicio se form\u00f3 como bailarina en el Conservatorio de Par\u00eds, a los 21 a\u00f1os decidi\u00f3 dejar el ballet para entregarse por completo a la m\u00fasica.<\/p>\n\n\n\n<p>Desde entonces, su carrera ha despegado con fuerza. Ha participado en plataformas clave como <em>Les Inou\u00efs du Printemps de Bourges<\/em>, <em>Buzz Booster<\/em>, y en el reality de rap de Netflix <em>Nouvelle \u00c9cole<\/em>, donde dej\u00f3 huella por su autenticidad y l\u00edrica afilada.<\/p>\n\n\n\n<p>En 2022 present\u00f3 su primera mixtape <em>ENCANTADA<\/em>, una exploraci\u00f3n sonora libre y ecl\u00e9ctica. Dos a\u00f1os despu\u00e9s, en 2024, lanz\u00f3 <em>DEL AMOR Y OTROS DEMONIOS<\/em>, un EP que consolid\u00f3 su propuesta art\u00edstica: un cruce entre rap y canto, franc\u00e9s y espa\u00f1ol, sensibilidad y crudeza. El material no solo conect\u00f3 con la audiencia, sino que agot\u00f3 entradas en <em>La Boule Noire<\/em>, una de las salas m\u00e1s emblem\u00e1ticas de Par\u00eds.<\/p>\n\n\n\n<p>Junto a su productor Tonio 8cho, La Valentina construye un universo sonoro personal\u00edsimo, atravesado por su historia, su doble cultura y su voluntad de experimentar sin concesiones. Una voz que viene a decir y a quedarse.<\/p>\n\n\n\n<p>\ud83c\udfa7 Ya disponible en plataformas digitales.<\/p>\n\n\n\n<figure class=\"wp-block-embed is-type-rich is-provider-spotify wp-block-embed-spotify wp-embed-aspect-21-9 wp-has-aspect-ratio\"><div class=\"wp-block-embed__wrapper\">\n<iframe title=\"Spotify Embed: ASHO\" style=\"border-radius: 12px\" width=\"100%\" height=\"152\" frameborder=\"0\" allowfullscreen allow=\"autoplay; clipboard-write; encrypted-media; fullscreen; picture-in-picture\" data-src=\"https:\/\/open.spotify.com\/embed\/track\/2Tj6QfFiXMb8L6DgTRBYUN?si=ab9f38bea20c417c&#038;utm_source=oembed\" src=\"data:image\/svg+xml;base64,PHN2ZyB3aWR0aD0iMSIgaGVpZ2h0PSIxIiB4bWxucz0iaHR0cDovL3d3dy53My5vcmcvMjAwMC9zdmciPjwvc3ZnPg==\" class=\"lazyload\" data-load-mode=\"1\"><\/iframe>\n<\/div><\/figure>\n","protected":false},"excerpt":{"rendered":"<p>Con su inconfundible sensibilidad melanc\u00f3lica y una voz que corta el silencio con honestidad, La Valentina presenta ASHO, su nuevo sencillo. Esta canci\u00f3n no solo cierra un ciclo emocional, sino que marca el inicio de una nueva etapa art\u00edstica luego de su incursi\u00f3n en el universo visceral de CRIMEN Y CASTIGO Vol. 1, donde conocimos [&hellip;]<\/p>\n","protected":false},"author":1,"featured_media":7115,"comment_status":"closed","ping_status":"closed","sticky":false,"template":"","format":"standard","meta":{"footnotes":""},"categories":[91],"tags":[752,754,746,738,740,753,739,737,755,756,748,743,749,751,747,742,750,744,745,741],"class_list":["post-7114","post","type-post","status-publish","format-standard","has-post-thumbnail","hentry","category-new-music","tag-artista-independiente","tag-asho","tag-comunidad-artistica-global","tag-cultura-musical-diversa","tag-entrevista-exclusiva-equal-media","tag-equal-media-2","tag-estreno-musical-internacional","tag-feminismo-en-el-rap","tag-hip-hop-alternativo","tag-la-valentina","tag-medios-culturales-mexico","tag-musica-con-identidad","tag-musica-urbana-consciente","tag-narrativa-bicultural","tag-nuevo-sencillo-2025","tag-rap-de-mujeres","tag-rap-latinoamericano","tag-rapera-colombiana-en-francia","tag-talentos-latinos-emergentes","tag-ulises-sanher-entrevista"],"yoast_head":"<!-- This site is optimized with the Yoast SEO plugin v26.6 - https:\/\/yoast.com\/wordpress\/plugins\/seo\/ -->\n<title>Equal Media | Hagamos que Suceda<\/title>\n<meta name=\"description\" content=\"Conectamos el mensaje de tu banda musical con audiencias interesadas en conocerles | Te ayudamos a alcanzar tus objetivos | HAGAMOS QUE SUCEDA\" \/>\n<meta name=\"robots\" content=\"index, follow, max-snippet:-1, max-image-preview:large, max-video-preview:-1\" \/>\n<link rel=\"canonical\" href=\"https:\/\/www.equalmedia.mx\/site\/new-music\/la-valentina-lanza-asho-una-catarsis-intima-para-cerrar-y-comenzar-de-nuevo\/\" \/>\n<meta property=\"og:locale\" content=\"es_ES\" \/>\n<meta property=\"og:type\" content=\"article\" \/>\n<meta property=\"og:title\" content=\"Equal Media | Hagamos que Suceda\" \/>\n<meta property=\"og:description\" content=\"Conectamos el mensaje de tu banda musical con audiencias interesadas en conocerles | Te ayudamos a alcanzar tus objetivos | HAGAMOS QUE SUCEDA\" \/>\n<meta property=\"og:url\" content=\"https:\/\/www.equalmedia.mx\/site\/new-music\/la-valentina-lanza-asho-una-catarsis-intima-para-cerrar-y-comenzar-de-nuevo\/\" \/>\n<meta property=\"og:site_name\" content=\"EQUAL MUSIC | Cultura Latina en Movimiento\" \/>\n<meta property=\"article:published_time\" content=\"2025-07-16T01:40:22+00:00\" \/>\n<meta property=\"og:image\" content=\"https:\/\/www.equalmedia.mx\/site\/wp-content\/uploads\/2025\/07\/Copia-de-RTXN-Live-Post-en-Instagram-1.png\" \/>\n\t<meta property=\"og:image:width\" content=\"1080\" \/>\n\t<meta property=\"og:image:height\" content=\"1080\" \/>\n\t<meta property=\"og:image:type\" content=\"image\/png\" \/>\n<meta name=\"author\" content=\"Equal Media\" \/>\n<meta name=\"twitter:card\" content=\"summary_large_image\" \/>\n<meta name=\"twitter:label1\" content=\"Escrito por\" \/>\n\t<meta name=\"twitter:data1\" content=\"Equal Media\" \/>\n\t<meta name=\"twitter:label2\" content=\"Tiempo de lectura\" \/>\n\t<meta name=\"twitter:data2\" content=\"3 minutos\" \/>\n<script type=\"application\/ld+json\" class=\"yoast-schema-graph\">{\"@context\":\"https:\/\/schema.org\",\"@graph\":[{\"@type\":\"Article\",\"@id\":\"https:\/\/www.equalmedia.mx\/site\/new-music\/la-valentina-lanza-asho-una-catarsis-intima-para-cerrar-y-comenzar-de-nuevo\/#article\",\"isPartOf\":{\"@id\":\"https:\/\/www.equalmedia.mx\/site\/new-music\/la-valentina-lanza-asho-una-catarsis-intima-para-cerrar-y-comenzar-de-nuevo\/\"},\"author\":{\"name\":\"Equal Media\",\"@id\":\"https:\/\/www.equalmedia.mx\/site\/#\/schema\/person\/41b6e60d650a80262fa6b5189bbb9f20\"},\"headline\":\"La Valentina lanza ASHO: una catarsis \u00edntima para cerrar y comenzar de nuevo\",\"datePublished\":\"2025-07-16T01:40:22+00:00\",\"mainEntityOfPage\":{\"@id\":\"https:\/\/www.equalmedia.mx\/site\/new-music\/la-valentina-lanza-asho-una-catarsis-intima-para-cerrar-y-comenzar-de-nuevo\/\"},\"wordCount\":556,\"publisher\":{\"@id\":\"https:\/\/www.equalmedia.mx\/site\/#organization\"},\"image\":{\"@id\":\"https:\/\/www.equalmedia.mx\/site\/new-music\/la-valentina-lanza-asho-una-catarsis-intima-para-cerrar-y-comenzar-de-nuevo\/#primaryimage\"},\"thumbnailUrl\":\"https:\/\/www.equalmedia.mx\/site\/wp-content\/uploads\/2025\/07\/Copia-de-RTXN-Live-Post-en-Instagram-1.png\",\"keywords\":[\"artista independiente\",\"ASHO\",\"comunidad art\u00edstica global\",\"cultura musical diversa\",\"entrevista exclusiva Equal Media\",\"Equal Media\u00ae\",\"estreno musical internacional\",\"feminismo en el rap\",\"hip hop alternativo\",\"La Valentina\",\"medios culturales M\u00e9xico\",\"m\u00fasica con identidad\",\"m\u00fasica urbana consciente\",\"narrativa bicultural\",\"nuevo sencillo 2025\",\"rap de mujeres\",\"rap latinoamericano\",\"rapera colombiana en Francia\",\"talentos latinos emergentes\",\"Ulises Sanher entrevista\"],\"articleSection\":[\"New Music\"],\"inLanguage\":\"es\"},{\"@type\":\"WebPage\",\"@id\":\"https:\/\/www.equalmedia.mx\/site\/new-music\/la-valentina-lanza-asho-una-catarsis-intima-para-cerrar-y-comenzar-de-nuevo\/\",\"url\":\"https:\/\/www.equalmedia.mx\/site\/new-music\/la-valentina-lanza-asho-una-catarsis-intima-para-cerrar-y-comenzar-de-nuevo\/\",\"name\":\"Equal Media | Hagamos que Suceda\",\"isPartOf\":{\"@id\":\"https:\/\/www.equalmedia.mx\/site\/#website\"},\"primaryImageOfPage\":{\"@id\":\"https:\/\/www.equalmedia.mx\/site\/new-music\/la-valentina-lanza-asho-una-catarsis-intima-para-cerrar-y-comenzar-de-nuevo\/#primaryimage\"},\"image\":{\"@id\":\"https:\/\/www.equalmedia.mx\/site\/new-music\/la-valentina-lanza-asho-una-catarsis-intima-para-cerrar-y-comenzar-de-nuevo\/#primaryimage\"},\"thumbnailUrl\":\"https:\/\/www.equalmedia.mx\/site\/wp-content\/uploads\/2025\/07\/Copia-de-RTXN-Live-Post-en-Instagram-1.png\",\"datePublished\":\"2025-07-16T01:40:22+00:00\",\"description\":\"Conectamos el mensaje de tu banda musical con audiencias interesadas en conocerles | Te ayudamos a alcanzar tus objetivos | HAGAMOS QUE SUCEDA\",\"breadcrumb\":{\"@id\":\"https:\/\/www.equalmedia.mx\/site\/new-music\/la-valentina-lanza-asho-una-catarsis-intima-para-cerrar-y-comenzar-de-nuevo\/#breadcrumb\"},\"inLanguage\":\"es\",\"potentialAction\":[{\"@type\":\"ReadAction\",\"target\":[\"https:\/\/www.equalmedia.mx\/site\/new-music\/la-valentina-lanza-asho-una-catarsis-intima-para-cerrar-y-comenzar-de-nuevo\/\"]}]},{\"@type\":\"ImageObject\",\"inLanguage\":\"es\",\"@id\":\"https:\/\/www.equalmedia.mx\/site\/new-music\/la-valentina-lanza-asho-una-catarsis-intima-para-cerrar-y-comenzar-de-nuevo\/#primaryimage\",\"url\":\"https:\/\/www.equalmedia.mx\/site\/wp-content\/uploads\/2025\/07\/Copia-de-RTXN-Live-Post-en-Instagram-1.png\",\"contentUrl\":\"https:\/\/www.equalmedia.mx\/site\/wp-content\/uploads\/2025\/07\/Copia-de-RTXN-Live-Post-en-Instagram-1.png\",\"width\":1080,\"height\":1080},{\"@type\":\"BreadcrumbList\",\"@id\":\"https:\/\/www.equalmedia.mx\/site\/new-music\/la-valentina-lanza-asho-una-catarsis-intima-para-cerrar-y-comenzar-de-nuevo\/#breadcrumb\",\"itemListElement\":[{\"@type\":\"ListItem\",\"position\":1,\"name\":\"Inicio\",\"item\":\"https:\/\/www.equalmedia.mx\/site\/\"},{\"@type\":\"ListItem\",\"position\":2,\"name\":\"La Valentina lanza ASHO: una catarsis \u00edntima para cerrar y comenzar de nuevo\"}]},{\"@type\":\"WebSite\",\"@id\":\"https:\/\/www.equalmedia.mx\/site\/#website\",\"url\":\"https:\/\/www.equalmedia.mx\/site\/\",\"name\":\"EQUAL MUSIC | Cultura Latina en Movimiento\",\"description\":\"Ritmo en movimiento.\",\"publisher\":{\"@id\":\"https:\/\/www.equalmedia.mx\/site\/#organization\"},\"potentialAction\":[{\"@type\":\"SearchAction\",\"target\":{\"@type\":\"EntryPoint\",\"urlTemplate\":\"https:\/\/www.equalmedia.mx\/site\/?s={search_term_string}\"},\"query-input\":{\"@type\":\"PropertyValueSpecification\",\"valueRequired\":true,\"valueName\":\"search_term_string\"}}],\"inLanguage\":\"es\"},{\"@type\":\"Organization\",\"@id\":\"https:\/\/www.equalmedia.mx\/site\/#organization\",\"name\":\"EQUAL MUSIC | Cultura Latina en Movimiento\",\"url\":\"https:\/\/www.equalmedia.mx\/site\/\",\"logo\":{\"@type\":\"ImageObject\",\"inLanguage\":\"es\",\"@id\":\"https:\/\/www.equalmedia.mx\/site\/#\/schema\/logo\/image\/\",\"url\":\"https:\/\/www.equalmedia.mx\/site\/wp-content\/uploads\/2021\/07\/logoblanco.png\",\"contentUrl\":\"https:\/\/www.equalmedia.mx\/site\/wp-content\/uploads\/2021\/07\/logoblanco.png\",\"width\":1920,\"height\":589,\"caption\":\"EQUAL MUSIC | Cultura Latina en Movimiento\"},\"image\":{\"@id\":\"https:\/\/www.equalmedia.mx\/site\/#\/schema\/logo\/image\/\"}},{\"@type\":\"Person\",\"@id\":\"https:\/\/www.equalmedia.mx\/site\/#\/schema\/person\/41b6e60d650a80262fa6b5189bbb9f20\",\"name\":\"Equal Media\",\"image\":{\"@type\":\"ImageObject\",\"inLanguage\":\"es\",\"@id\":\"https:\/\/www.equalmedia.mx\/site\/#\/schema\/person\/image\/\",\"url\":\"https:\/\/secure.gravatar.com\/avatar\/51c3f8f080f557c61349ab37ab35c9f967b3b271510dd8ef0b9b16a3dd5a89e9?s=96&d=mm&r=g\",\"contentUrl\":\"https:\/\/secure.gravatar.com\/avatar\/51c3f8f080f557c61349ab37ab35c9f967b3b271510dd8ef0b9b16a3dd5a89e9?s=96&d=mm&r=g\",\"caption\":\"Equal Media\"},\"description\":\"Equal Media es una productora y agencia de estrategia cultural transmedia que impulsa la visibilidad de la m\u00fasica y cultura latina a trav\u00e9s de contenidos originales, multiplataforma y con enfoque social. Con operaci\u00f3n desde Estados Unidos, M\u00e9xico y Colombia, Equal Media se ha consolidado como un actor clave en la narrativa documental, la curadur\u00eda musical y la creaci\u00f3n de formatos de alto impacto para audiencias latinas globales. Sus producciones incluyen Equal Music Sessions \u2014con m\u00e1s de 300 artistas programados en LATV Network\u2014, la serie Hunters y el documental 4TRO EL3MENTOS. Sus contenidos son emitidos en prime time en EE.UU. v\u00eda LATV y VOD, alcanzando m\u00e1s de 62 millones de hogares en mercados como Nueva York, Los \u00c1ngeles, Miami y Chicago. Equal Media ha estado presente con cobertura original y branded content en eventos como el Media Hub de los Latin Grammys, LAMC (NY), BIME (Bilbao, Bogot\u00e1), Vive Latino (CDMX), MIM LATAM, CAMM, entre otros hubs de la industria. Aliada de plataformas como Keychange, Femnoise, We Make Noise y la Municipalidad de Quilicura (Chile), Equal Media promueve una industria m\u00e1s equitativa, programando de forma activa proyectos liderados por mujeres, comunidades LGBTQ+ y sectores vulnerables. Bajo la direcci\u00f3n de Ulises Sanher \u2014reconocido por la UNAM y otras instituciones acad\u00e9micas por su labor cultural\u2014, Equal Media ha contribuido a formar nuevas audiencias desde la educaci\u00f3n, el activismo y la creatividad. Sanher ha sido invitado como speaker en foros como Circulart (COL), FIMPRO (MEX), Canadian Music Week (CAN), FME (CAN), SIM S\u00e3o Paulo (BR), MUPA (PAN), Corriente (PER) y Brasil Trends Conference. Tambi\u00e9n ha sido jurado externo de los Premios Rolling Stone en Espa\u00f1ol en Miami y ha ofrecido asesor\u00eda creativa en colaboraci\u00f3n con Berklee Valencia y la Asociaci\u00f3n de Supervisores Musicales.\",\"sameAs\":[\"https:\/\/www.equalmedia.mx\/\",\"https:\/\/www.instagram.com\/equal.music\",\"https:\/\/www.linkedin.com\/in\/ulises-sanher\/\",\"https:\/\/www.youtube.com\/@equalmusicworld\"],\"url\":\"https:\/\/www.equalmedia.mx\/site\/author\/admin\/\"}]}<\/script>\n<!-- \/ Yoast SEO plugin. -->","yoast_head_json":{"title":"Equal Media | Hagamos que Suceda","description":"Conectamos el mensaje de tu banda musical con audiencias interesadas en conocerles | Te ayudamos a alcanzar tus objetivos | HAGAMOS QUE SUCEDA","robots":{"index":"index","follow":"follow","max-snippet":"max-snippet:-1","max-image-preview":"max-image-preview:large","max-video-preview":"max-video-preview:-1"},"canonical":"https:\/\/www.equalmedia.mx\/site\/new-music\/la-valentina-lanza-asho-una-catarsis-intima-para-cerrar-y-comenzar-de-nuevo\/","og_locale":"es_ES","og_type":"article","og_title":"Equal Media | Hagamos que Suceda","og_description":"Conectamos el mensaje de tu banda musical con audiencias interesadas en conocerles | Te ayudamos a alcanzar tus objetivos | HAGAMOS QUE SUCEDA","og_url":"https:\/\/www.equalmedia.mx\/site\/new-music\/la-valentina-lanza-asho-una-catarsis-intima-para-cerrar-y-comenzar-de-nuevo\/","og_site_name":"EQUAL MUSIC | Cultura Latina en Movimiento","article_published_time":"2025-07-16T01:40:22+00:00","og_image":[{"width":1080,"height":1080,"url":"https:\/\/www.equalmedia.mx\/site\/wp-content\/uploads\/2025\/07\/Copia-de-RTXN-Live-Post-en-Instagram-1.png","type":"image\/png"}],"author":"Equal Media","twitter_card":"summary_large_image","twitter_misc":{"Escrito por":"Equal Media","Tiempo de lectura":"3 minutos"},"schema":{"@context":"https:\/\/schema.org","@graph":[{"@type":"Article","@id":"https:\/\/www.equalmedia.mx\/site\/new-music\/la-valentina-lanza-asho-una-catarsis-intima-para-cerrar-y-comenzar-de-nuevo\/#article","isPartOf":{"@id":"https:\/\/www.equalmedia.mx\/site\/new-music\/la-valentina-lanza-asho-una-catarsis-intima-para-cerrar-y-comenzar-de-nuevo\/"},"author":{"name":"Equal Media","@id":"https:\/\/www.equalmedia.mx\/site\/#\/schema\/person\/41b6e60d650a80262fa6b5189bbb9f20"},"headline":"La Valentina lanza ASHO: una catarsis \u00edntima para cerrar y comenzar de nuevo","datePublished":"2025-07-16T01:40:22+00:00","mainEntityOfPage":{"@id":"https:\/\/www.equalmedia.mx\/site\/new-music\/la-valentina-lanza-asho-una-catarsis-intima-para-cerrar-y-comenzar-de-nuevo\/"},"wordCount":556,"publisher":{"@id":"https:\/\/www.equalmedia.mx\/site\/#organization"},"image":{"@id":"https:\/\/www.equalmedia.mx\/site\/new-music\/la-valentina-lanza-asho-una-catarsis-intima-para-cerrar-y-comenzar-de-nuevo\/#primaryimage"},"thumbnailUrl":"https:\/\/www.equalmedia.mx\/site\/wp-content\/uploads\/2025\/07\/Copia-de-RTXN-Live-Post-en-Instagram-1.png","keywords":["artista independiente","ASHO","comunidad art\u00edstica global","cultura musical diversa","entrevista exclusiva Equal Media","Equal Media\u00ae","estreno musical internacional","feminismo en el rap","hip hop alternativo","La Valentina","medios culturales M\u00e9xico","m\u00fasica con identidad","m\u00fasica urbana consciente","narrativa bicultural","nuevo sencillo 2025","rap de mujeres","rap latinoamericano","rapera colombiana en Francia","talentos latinos emergentes","Ulises Sanher entrevista"],"articleSection":["New Music"],"inLanguage":"es"},{"@type":"WebPage","@id":"https:\/\/www.equalmedia.mx\/site\/new-music\/la-valentina-lanza-asho-una-catarsis-intima-para-cerrar-y-comenzar-de-nuevo\/","url":"https:\/\/www.equalmedia.mx\/site\/new-music\/la-valentina-lanza-asho-una-catarsis-intima-para-cerrar-y-comenzar-de-nuevo\/","name":"Equal Media | Hagamos que Suceda","isPartOf":{"@id":"https:\/\/www.equalmedia.mx\/site\/#website"},"primaryImageOfPage":{"@id":"https:\/\/www.equalmedia.mx\/site\/new-music\/la-valentina-lanza-asho-una-catarsis-intima-para-cerrar-y-comenzar-de-nuevo\/#primaryimage"},"image":{"@id":"https:\/\/www.equalmedia.mx\/site\/new-music\/la-valentina-lanza-asho-una-catarsis-intima-para-cerrar-y-comenzar-de-nuevo\/#primaryimage"},"thumbnailUrl":"https:\/\/www.equalmedia.mx\/site\/wp-content\/uploads\/2025\/07\/Copia-de-RTXN-Live-Post-en-Instagram-1.png","datePublished":"2025-07-16T01:40:22+00:00","description":"Conectamos el mensaje de tu banda musical con audiencias interesadas en conocerles | Te ayudamos a alcanzar tus objetivos | HAGAMOS QUE SUCEDA","breadcrumb":{"@id":"https:\/\/www.equalmedia.mx\/site\/new-music\/la-valentina-lanza-asho-una-catarsis-intima-para-cerrar-y-comenzar-de-nuevo\/#breadcrumb"},"inLanguage":"es","potentialAction":[{"@type":"ReadAction","target":["https:\/\/www.equalmedia.mx\/site\/new-music\/la-valentina-lanza-asho-una-catarsis-intima-para-cerrar-y-comenzar-de-nuevo\/"]}]},{"@type":"ImageObject","inLanguage":"es","@id":"https:\/\/www.equalmedia.mx\/site\/new-music\/la-valentina-lanza-asho-una-catarsis-intima-para-cerrar-y-comenzar-de-nuevo\/#primaryimage","url":"https:\/\/www.equalmedia.mx\/site\/wp-content\/uploads\/2025\/07\/Copia-de-RTXN-Live-Post-en-Instagram-1.png","contentUrl":"https:\/\/www.equalmedia.mx\/site\/wp-content\/uploads\/2025\/07\/Copia-de-RTXN-Live-Post-en-Instagram-1.png","width":1080,"height":1080},{"@type":"BreadcrumbList","@id":"https:\/\/www.equalmedia.mx\/site\/new-music\/la-valentina-lanza-asho-una-catarsis-intima-para-cerrar-y-comenzar-de-nuevo\/#breadcrumb","itemListElement":[{"@type":"ListItem","position":1,"name":"Inicio","item":"https:\/\/www.equalmedia.mx\/site\/"},{"@type":"ListItem","position":2,"name":"La Valentina lanza ASHO: una catarsis \u00edntima para cerrar y comenzar de nuevo"}]},{"@type":"WebSite","@id":"https:\/\/www.equalmedia.mx\/site\/#website","url":"https:\/\/www.equalmedia.mx\/site\/","name":"EQUAL MUSIC | Cultura Latina en Movimiento","description":"Ritmo en movimiento.","publisher":{"@id":"https:\/\/www.equalmedia.mx\/site\/#organization"},"potentialAction":[{"@type":"SearchAction","target":{"@type":"EntryPoint","urlTemplate":"https:\/\/www.equalmedia.mx\/site\/?s={search_term_string}"},"query-input":{"@type":"PropertyValueSpecification","valueRequired":true,"valueName":"search_term_string"}}],"inLanguage":"es"},{"@type":"Organization","@id":"https:\/\/www.equalmedia.mx\/site\/#organization","name":"EQUAL MUSIC | Cultura Latina en Movimiento","url":"https:\/\/www.equalmedia.mx\/site\/","logo":{"@type":"ImageObject","inLanguage":"es","@id":"https:\/\/www.equalmedia.mx\/site\/#\/schema\/logo\/image\/","url":"https:\/\/www.equalmedia.mx\/site\/wp-content\/uploads\/2021\/07\/logoblanco.png","contentUrl":"https:\/\/www.equalmedia.mx\/site\/wp-content\/uploads\/2021\/07\/logoblanco.png","width":1920,"height":589,"caption":"EQUAL MUSIC | Cultura Latina en Movimiento"},"image":{"@id":"https:\/\/www.equalmedia.mx\/site\/#\/schema\/logo\/image\/"}},{"@type":"Person","@id":"https:\/\/www.equalmedia.mx\/site\/#\/schema\/person\/41b6e60d650a80262fa6b5189bbb9f20","name":"Equal Media","image":{"@type":"ImageObject","inLanguage":"es","@id":"https:\/\/www.equalmedia.mx\/site\/#\/schema\/person\/image\/","url":"https:\/\/secure.gravatar.com\/avatar\/51c3f8f080f557c61349ab37ab35c9f967b3b271510dd8ef0b9b16a3dd5a89e9?s=96&d=mm&r=g","contentUrl":"https:\/\/secure.gravatar.com\/avatar\/51c3f8f080f557c61349ab37ab35c9f967b3b271510dd8ef0b9b16a3dd5a89e9?s=96&d=mm&r=g","caption":"Equal Media"},"description":"Equal Media es una productora y agencia de estrategia cultural transmedia que impulsa la visibilidad de la m\u00fasica y cultura latina a trav\u00e9s de contenidos originales, multiplataforma y con enfoque social. Con operaci\u00f3n desde Estados Unidos, M\u00e9xico y Colombia, Equal Media se ha consolidado como un actor clave en la narrativa documental, la curadur\u00eda musical y la creaci\u00f3n de formatos de alto impacto para audiencias latinas globales. Sus producciones incluyen Equal Music Sessions \u2014con m\u00e1s de 300 artistas programados en LATV Network\u2014, la serie Hunters y el documental 4TRO EL3MENTOS. Sus contenidos son emitidos en prime time en EE.UU. v\u00eda LATV y VOD, alcanzando m\u00e1s de 62 millones de hogares en mercados como Nueva York, Los \u00c1ngeles, Miami y Chicago. Equal Media ha estado presente con cobertura original y branded content en eventos como el Media Hub de los Latin Grammys, LAMC (NY), BIME (Bilbao, Bogot\u00e1), Vive Latino (CDMX), MIM LATAM, CAMM, entre otros hubs de la industria. Aliada de plataformas como Keychange, Femnoise, We Make Noise y la Municipalidad de Quilicura (Chile), Equal Media promueve una industria m\u00e1s equitativa, programando de forma activa proyectos liderados por mujeres, comunidades LGBTQ+ y sectores vulnerables. Bajo la direcci\u00f3n de Ulises Sanher \u2014reconocido por la UNAM y otras instituciones acad\u00e9micas por su labor cultural\u2014, Equal Media ha contribuido a formar nuevas audiencias desde la educaci\u00f3n, el activismo y la creatividad. Sanher ha sido invitado como speaker en foros como Circulart (COL), FIMPRO (MEX), Canadian Music Week (CAN), FME (CAN), SIM S\u00e3o Paulo (BR), MUPA (PAN), Corriente (PER) y Brasil Trends Conference. Tambi\u00e9n ha sido jurado externo de los Premios Rolling Stone en Espa\u00f1ol en Miami y ha ofrecido asesor\u00eda creativa en colaboraci\u00f3n con Berklee Valencia y la Asociaci\u00f3n de Supervisores Musicales.","sameAs":["https:\/\/www.equalmedia.mx\/","https:\/\/www.instagram.com\/equal.music","https:\/\/www.linkedin.com\/in\/ulises-sanher\/","https:\/\/www.youtube.com\/@equalmusicworld"],"url":"https:\/\/www.equalmedia.mx\/site\/author\/admin\/"}]}},"_links":{"self":[{"href":"https:\/\/www.equalmedia.mx\/site\/wp-json\/wp\/v2\/posts\/7114","targetHints":{"allow":["GET"]}}],"collection":[{"href":"https:\/\/www.equalmedia.mx\/site\/wp-json\/wp\/v2\/posts"}],"about":[{"href":"https:\/\/www.equalmedia.mx\/site\/wp-json\/wp\/v2\/types\/post"}],"author":[{"embeddable":true,"href":"https:\/\/www.equalmedia.mx\/site\/wp-json\/wp\/v2\/users\/1"}],"replies":[{"embeddable":true,"href":"https:\/\/www.equalmedia.mx\/site\/wp-json\/wp\/v2\/comments?post=7114"}],"version-history":[{"count":1,"href":"https:\/\/www.equalmedia.mx\/site\/wp-json\/wp\/v2\/posts\/7114\/revisions"}],"predecessor-version":[{"id":7116,"href":"https:\/\/www.equalmedia.mx\/site\/wp-json\/wp\/v2\/posts\/7114\/revisions\/7116"}],"wp:featuredmedia":[{"embeddable":true,"href":"https:\/\/www.equalmedia.mx\/site\/wp-json\/wp\/v2\/media\/7115"}],"wp:attachment":[{"href":"https:\/\/www.equalmedia.mx\/site\/wp-json\/wp\/v2\/media?parent=7114"}],"wp:term":[{"taxonomy":"category","embeddable":true,"href":"https:\/\/www.equalmedia.mx\/site\/wp-json\/wp\/v2\/categories?post=7114"},{"taxonomy":"post_tag","embeddable":true,"href":"https:\/\/www.equalmedia.mx\/site\/wp-json\/wp\/v2\/tags?post=7114"}],"curies":[{"name":"wp","href":"https:\/\/api.w.org\/{rel}","templated":true}]}}