{"id":7243,"date":"2025-08-06T18:58:11","date_gmt":"2025-08-06T18:58:11","guid":{"rendered":"https:\/\/www.equalmedia.mx\/site\/?p=7243"},"modified":"2025-08-06T18:58:12","modified_gmt":"2025-08-06T18:58:12","slug":"puertas-tour-cuarteto-de-nos","status":"publish","type":"post","link":"https:\/\/www.equalmedia.mx\/site\/on-tour\/puertas-tour-cuarteto-de-nos\/","title":{"rendered":"Puertas Tour: El Cuarteto de Nos expande su legado y conecta generaciones por todo el mundo"},"content":{"rendered":"\n<p><strong>Por Equal Media \u2013 Cultura Latina en Movimiento<\/strong><br><em>6 de agosto de 2025<\/em><\/p>\n\n\n\n<p>Desde su origen en Montevideo a finales de los a\u00f1os 70, <strong>El Cuarteto de Nos<\/strong> se ha consolidado como uno de los pilares del rock latinoamericano. Hoy, con m\u00e1s de cuatro d\u00e9cadas de trayectoria, su <em>Puertas Tour<\/em> demuestra que siguen siendo una voz vigente.<\/p>\n\n\n\n<h3 class=\"wp-block-heading\">Del fen\u00f3meno uruguayo a banda de culto en toda Latinoam\u00e9rica<\/h3>\n\n\n\n<p>Su temprano \u00e1lbum <em>Otra Navidad en las Trincheras<\/em> (1994) los posicion\u00f3 como l\u00edderes del rock uruguayo gracias a letras ir\u00f3nicas y directas (<em>Bo cartero<\/em>, <em>El put\u00f3n del barrio<\/em>) que trascendieron g\u00e9neros y generaciones. Luego, con <em>Raro<\/em> (2006), alcanzaron fama internacional y hits como <em>\u201cYendo a la casa de Dami\u00e1n\u201d<\/em> y <em>\u201cYa no s\u00e9 qu\u00e9 hacer conmigo\u201d<\/em>, combinando rap-rock con l\u00edricas auto-reflexivas y filosof\u00eda pop.<\/p>\n\n\n\n<p>Desde entonces, siguieron alimentando su legado con discos como <em>Porfiado<\/em> (2012) o <em>L\u00e1mina Once<\/em> (2022), ganadores de m\u00faltiples premios Graffiti y Latin Grammys.<\/p>\n\n\n\n<h3 class=\"wp-block-heading\"><em>Puertas<\/em>: un \u00e1lbum conceptual con voz cr\u00edtica<\/h3>\n\n\n\n<p>Lanzado el 22 de mayo de 2025, <em>Puertas<\/em> es un disco de ocho canciones que explora la idea de umbral: decisiones, silencios, tr\u00e1nsito emocional. Con producci\u00f3n de H\u00e9ctor Castillo y Eduardo Cabra, temas como <em>\u201cCara de Nada\u201d<\/em>, <em>\u201cGanaron los Malos\u201d<\/em> y <em>\u201cEl Perro de Alcib\u00edades\u201d<\/em> destilan una mezcla de humor \u00e1cido y profundidad humana.<\/p>\n\n\n\n<blockquote class=\"wp-block-quote is-layout-flow wp-block-quote-is-layout-flow\">\n<p>\u201cNo hay mapa\u2026 el viajero golpea, empuja\u2026 su silencio es su rebeli\u00f3n.\u201d \u2014Roberto Musso<\/p>\n<\/blockquote>\n\n\n\n<h3 class=\"wp-block-heading\">Una gira intercontinental: Am\u00e9rica, EE.UU. y Europa<\/h3>\n\n\n\n<p><strong>Puertas Tour<\/strong> es una demostraci\u00f3n de fortaleza art\u00edstica y convocatoria global:<\/p>\n\n\n\n<ul class=\"wp-block-list\">\n<li><strong>Latinoam\u00e9rica<\/strong>: Argentina, Chile, M\u00e9xico, Colombia, Puerto Rico&#8230;<\/li>\n\n\n\n<li><strong>Estados Unidos<\/strong>: fechas en San Diego (14 oct) y Phoenix (15 oct), toques que confirman su conexi\u00f3n con comunidades latinas y fans multigeneracionales.<\/li>\n\n\n\n<li><strong>Europa<\/strong>: conciertos en Berl\u00edn, Zaragoza, Valencia, A Coru\u00f1a, Murcia y M\u00e1laga, mostrando que su narrativa conecta con p\u00fablicos urbanos contempor\u00e1neos<\/li>\n<\/ul>\n\n\n\n<p>Una de sus virtudes m\u00e1s celebradas es la convivencia natural entre generaciones: desde ni\u00f1as y ni\u00f1os de 8 a\u00f1os (muchos acompa\u00f1ados por sus padres fans de antes), hasta seguidores fieles que asisten a sus conciertos con nost\u00e1lgica cercan\u00eda.<\/p>\n\n\n\n<h3 class=\"wp-block-heading\">Entrevista exclusiva con Roberto Musso<\/h3>\n\n\n\n<p>En nuestra conversaci\u00f3n para <strong>Equal Music Sessions<\/strong>, Roberto Musso se refiri\u00f3 a este momento como \u201cel mejor de su historia\u201d y habl\u00f3 del valor de no subestimar al p\u00fablico joven, del poder narrativo de sus letras y del papel del rock como veh\u00edculo de reflexi\u00f3n social y emocional actual\u202f.<\/p>\n\n\n\n<figure class=\"wp-block-embed is-type-video is-provider-youtube wp-block-embed-youtube wp-embed-aspect-16-9 wp-has-aspect-ratio\"><div class=\"wp-block-embed__wrapper\">\n<iframe title=\"El Cuarteto de Nos\" width=\"1300\" height=\"731\" data-src=\"https:\/\/www.youtube.com\/embed\/b8RYQZ6yklQ?start=3&#038;feature=oembed\" frameborder=\"0\" allow=\"accelerometer; autoplay; clipboard-write; encrypted-media; gyroscope; picture-in-picture; web-share\" referrerpolicy=\"strict-origin-when-cross-origin\" allowfullscreen src=\"data:image\/svg+xml;base64,PHN2ZyB3aWR0aD0iMSIgaGVpZ2h0PSIxIiB4bWxucz0iaHR0cDovL3d3dy53My5vcmcvMjAwMC9zdmciPjwvc3ZnPg==\" class=\"lazyload\" data-load-mode=\"1\"><\/iframe>\n<\/div><\/figure>\n\n\n\n<h3 class=\"wp-block-heading\">\u00bfPor qu\u00e9 este tour es hist\u00f3rico?<\/h3>\n\n\n\n<ul class=\"wp-block-list\">\n<li><strong>Importancia intergeneracional<\/strong>: su discurso conecta desde ni\u00f1os a fans de siempre, reforzando su lugar en el imaginario cultural colectivo.<\/li>\n\n\n\n<li><strong>Trayectoria simb\u00f3lica<\/strong>: de banda de culto a exportadores de cultura uruguaya reconocidos internacionalmente.<\/li>\n\n\n\n<li><strong>L\u00edrica como consciencia colectiva<\/strong>: sus canciones no solo entretienen, tambi\u00e9n interpelan con iron\u00eda, introspecci\u00f3n y cr\u00edtica social.<\/li>\n<\/ul>\n\n\n\n<p><em>Puertas Tour<\/em> confirma que El Cuarteto de Nos no solo abre puertas musicales, sino que expande su legado cultural a nuevas fronteras, p\u00fablicos y ecos emocionales.<\/p>\n\n\n\n<p><\/p>\n","protected":false},"excerpt":{"rendered":"<p>Por Equal Media \u2013 Cultura Latina en Movimiento6 de agosto de 2025 Desde su origen en Montevideo a finales de los a\u00f1os 70, El Cuarteto de Nos se ha consolidado como uno de los pilares del rock latinoamericano. Hoy, con m\u00e1s de cuatro d\u00e9cadas de trayectoria, su Puertas Tour demuestra que siguen siendo una voz [&hellip;]<\/p>\n","protected":false},"author":1,"featured_media":7244,"comment_status":"closed","ping_status":"closed","sticky":false,"template":"","format":"standard","meta":{"footnotes":""},"categories":[986],"tags":[1123,1115,416,809,808,1116,1120,1118,656,1059,1114,1117,1122,1121,1119,1124],"class_list":["post-7243","post","type-post","status-publish","format-standard","has-post-thumbnail","hentry","category-on-tour","tag-conciertos-2025","tag-cuarteto-de-nos","tag-cultura-latina","tag-entrevista-exclusiva","tag-equal-music-sessions","tag-gira-estados-unidos","tag-gira-europa","tag-gira-latinoamerica","tag-musica-alternativa","tag-musica-sin-fronteras","tag-palacio-de-los-deportes","tag-puertas-tour","tag-roberto-musso","tag-rock-en-espanol","tag-rock-uruguayo","tag-tour-global"],"yoast_head":"<!-- This site is optimized with the Yoast SEO plugin v26.6 - https:\/\/yoast.com\/wordpress\/plugins\/seo\/ -->\n<title>El Cuarteto de Nos lleva su Puertas Tour por Am\u00e9rica y Europa | Equal Media<\/title>\n<meta name=\"description\" content=\"El Cuarteto de Nos arrasa con su Puertas Tour en Latinoam\u00e9rica, EE.UU. y Europa. Con m\u00e1s de 40 a\u00f1os de trayectoria, la banda uruguaya conecta generaciones con letras inteligentes y shows inolvidables.\" \/>\n<meta name=\"robots\" content=\"index, follow, max-snippet:-1, max-image-preview:large, max-video-preview:-1\" \/>\n<link rel=\"canonical\" href=\"https:\/\/www.equalmedia.mx\/site\/on-tour\/puertas-tour-cuarteto-de-nos\/\" \/>\n<meta property=\"og:locale\" content=\"es_ES\" \/>\n<meta property=\"og:type\" content=\"article\" \/>\n<meta property=\"og:title\" content=\"El Cuarteto de Nos lleva su Puertas Tour por Am\u00e9rica y Europa | Equal Media\" \/>\n<meta property=\"og:description\" content=\"El Cuarteto de Nos arrasa con su Puertas Tour en Latinoam\u00e9rica, EE.UU. y Europa. Con m\u00e1s de 40 a\u00f1os de trayectoria, la banda uruguaya conecta generaciones con letras inteligentes y shows inolvidables.\" \/>\n<meta property=\"og:url\" content=\"https:\/\/www.equalmedia.mx\/site\/on-tour\/puertas-tour-cuarteto-de-nos\/\" \/>\n<meta property=\"og:site_name\" content=\"EQUAL MUSIC | Cultura Latina en Movimiento\" \/>\n<meta property=\"article:published_time\" content=\"2025-08-06T18:58:11+00:00\" \/>\n<meta property=\"article:modified_time\" content=\"2025-08-06T18:58:12+00:00\" \/>\n<meta property=\"og:image\" content=\"https:\/\/www.equalmedia.mx\/site\/wp-content\/uploads\/2025\/08\/Cuarteto-de-Nos-3.jpg\" \/>\n\t<meta property=\"og:image:width\" content=\"1920\" \/>\n\t<meta property=\"og:image:height\" content=\"1099\" \/>\n\t<meta property=\"og:image:type\" content=\"image\/jpeg\" \/>\n<meta name=\"author\" content=\"Equal Media\" \/>\n<meta name=\"twitter:card\" content=\"summary_large_image\" \/>\n<meta name=\"twitter:label1\" content=\"Escrito por\" \/>\n\t<meta name=\"twitter:data1\" content=\"Equal Media\" \/>\n\t<meta name=\"twitter:label2\" content=\"Tiempo de lectura\" \/>\n\t<meta name=\"twitter:data2\" content=\"3 minutos\" \/>\n<script type=\"application\/ld+json\" class=\"yoast-schema-graph\">{\"@context\":\"https:\/\/schema.org\",\"@graph\":[{\"@type\":\"Article\",\"@id\":\"https:\/\/www.equalmedia.mx\/site\/on-tour\/puertas-tour-cuarteto-de-nos\/#article\",\"isPartOf\":{\"@id\":\"https:\/\/www.equalmedia.mx\/site\/on-tour\/puertas-tour-cuarteto-de-nos\/\"},\"author\":{\"name\":\"Equal Media\",\"@id\":\"https:\/\/www.equalmedia.mx\/site\/#\/schema\/person\/41b6e60d650a80262fa6b5189bbb9f20\"},\"headline\":\"Puertas Tour: El Cuarteto de Nos expande su legado y conecta generaciones por todo el mundo\",\"datePublished\":\"2025-08-06T18:58:11+00:00\",\"dateModified\":\"2025-08-06T18:58:12+00:00\",\"mainEntityOfPage\":{\"@id\":\"https:\/\/www.equalmedia.mx\/site\/on-tour\/puertas-tour-cuarteto-de-nos\/\"},\"wordCount\":537,\"publisher\":{\"@id\":\"https:\/\/www.equalmedia.mx\/site\/#organization\"},\"image\":{\"@id\":\"https:\/\/www.equalmedia.mx\/site\/on-tour\/puertas-tour-cuarteto-de-nos\/#primaryimage\"},\"thumbnailUrl\":\"https:\/\/www.equalmedia.mx\/site\/wp-content\/uploads\/2025\/08\/Cuarteto-de-Nos-3.jpg\",\"keywords\":[\"conciertos 2025\",\"cuarteto de nos\",\"cultura latina\",\"entrevista exclusiva\",\"Equal Music Sessions\",\"gira estados unidos\",\"gira europa\",\"gira latinoam\u00e9rica\",\"m\u00fasica alternativa\",\"m\u00fasica sin fronteras\",\"palacio de los deportes\",\"puertas tour\",\"roberto musso\",\"rock en espa\u00f1ol\",\"rock uruguayo\",\"tour global\"],\"articleSection\":[\"On Tour\"],\"inLanguage\":\"es\"},{\"@type\":\"WebPage\",\"@id\":\"https:\/\/www.equalmedia.mx\/site\/on-tour\/puertas-tour-cuarteto-de-nos\/\",\"url\":\"https:\/\/www.equalmedia.mx\/site\/on-tour\/puertas-tour-cuarteto-de-nos\/\",\"name\":\"El Cuarteto de Nos lleva su Puertas Tour por Am\u00e9rica y Europa | Equal Media\",\"isPartOf\":{\"@id\":\"https:\/\/www.equalmedia.mx\/site\/#website\"},\"primaryImageOfPage\":{\"@id\":\"https:\/\/www.equalmedia.mx\/site\/on-tour\/puertas-tour-cuarteto-de-nos\/#primaryimage\"},\"image\":{\"@id\":\"https:\/\/www.equalmedia.mx\/site\/on-tour\/puertas-tour-cuarteto-de-nos\/#primaryimage\"},\"thumbnailUrl\":\"https:\/\/www.equalmedia.mx\/site\/wp-content\/uploads\/2025\/08\/Cuarteto-de-Nos-3.jpg\",\"datePublished\":\"2025-08-06T18:58:11+00:00\",\"dateModified\":\"2025-08-06T18:58:12+00:00\",\"description\":\"El Cuarteto de Nos arrasa con su Puertas Tour en Latinoam\u00e9rica, EE.UU. y Europa. Con m\u00e1s de 40 a\u00f1os de trayectoria, la banda uruguaya conecta generaciones con letras inteligentes y shows inolvidables.\",\"breadcrumb\":{\"@id\":\"https:\/\/www.equalmedia.mx\/site\/on-tour\/puertas-tour-cuarteto-de-nos\/#breadcrumb\"},\"inLanguage\":\"es\",\"potentialAction\":[{\"@type\":\"ReadAction\",\"target\":[\"https:\/\/www.equalmedia.mx\/site\/on-tour\/puertas-tour-cuarteto-de-nos\/\"]}]},{\"@type\":\"ImageObject\",\"inLanguage\":\"es\",\"@id\":\"https:\/\/www.equalmedia.mx\/site\/on-tour\/puertas-tour-cuarteto-de-nos\/#primaryimage\",\"url\":\"https:\/\/www.equalmedia.mx\/site\/wp-content\/uploads\/2025\/08\/Cuarteto-de-Nos-3.jpg\",\"contentUrl\":\"https:\/\/www.equalmedia.mx\/site\/wp-content\/uploads\/2025\/08\/Cuarteto-de-Nos-3.jpg\",\"width\":1920,\"height\":1099},{\"@type\":\"BreadcrumbList\",\"@id\":\"https:\/\/www.equalmedia.mx\/site\/on-tour\/puertas-tour-cuarteto-de-nos\/#breadcrumb\",\"itemListElement\":[{\"@type\":\"ListItem\",\"position\":1,\"name\":\"Inicio\",\"item\":\"https:\/\/www.equalmedia.mx\/site\/\"},{\"@type\":\"ListItem\",\"position\":2,\"name\":\"Puertas Tour: El Cuarteto de Nos expande su legado y conecta generaciones por todo el mundo\"}]},{\"@type\":\"WebSite\",\"@id\":\"https:\/\/www.equalmedia.mx\/site\/#website\",\"url\":\"https:\/\/www.equalmedia.mx\/site\/\",\"name\":\"EQUAL MUSIC | Cultura Latina en Movimiento\",\"description\":\"Ritmo en movimiento.\",\"publisher\":{\"@id\":\"https:\/\/www.equalmedia.mx\/site\/#organization\"},\"potentialAction\":[{\"@type\":\"SearchAction\",\"target\":{\"@type\":\"EntryPoint\",\"urlTemplate\":\"https:\/\/www.equalmedia.mx\/site\/?s={search_term_string}\"},\"query-input\":{\"@type\":\"PropertyValueSpecification\",\"valueRequired\":true,\"valueName\":\"search_term_string\"}}],\"inLanguage\":\"es\"},{\"@type\":\"Organization\",\"@id\":\"https:\/\/www.equalmedia.mx\/site\/#organization\",\"name\":\"EQUAL MUSIC | Cultura Latina en Movimiento\",\"url\":\"https:\/\/www.equalmedia.mx\/site\/\",\"logo\":{\"@type\":\"ImageObject\",\"inLanguage\":\"es\",\"@id\":\"https:\/\/www.equalmedia.mx\/site\/#\/schema\/logo\/image\/\",\"url\":\"https:\/\/www.equalmedia.mx\/site\/wp-content\/uploads\/2021\/07\/logoblanco.png\",\"contentUrl\":\"https:\/\/www.equalmedia.mx\/site\/wp-content\/uploads\/2021\/07\/logoblanco.png\",\"width\":1920,\"height\":589,\"caption\":\"EQUAL MUSIC | Cultura Latina en Movimiento\"},\"image\":{\"@id\":\"https:\/\/www.equalmedia.mx\/site\/#\/schema\/logo\/image\/\"}},{\"@type\":\"Person\",\"@id\":\"https:\/\/www.equalmedia.mx\/site\/#\/schema\/person\/41b6e60d650a80262fa6b5189bbb9f20\",\"name\":\"Equal Media\",\"image\":{\"@type\":\"ImageObject\",\"inLanguage\":\"es\",\"@id\":\"https:\/\/www.equalmedia.mx\/site\/#\/schema\/person\/image\/\",\"url\":\"https:\/\/secure.gravatar.com\/avatar\/51c3f8f080f557c61349ab37ab35c9f967b3b271510dd8ef0b9b16a3dd5a89e9?s=96&d=mm&r=g\",\"contentUrl\":\"https:\/\/secure.gravatar.com\/avatar\/51c3f8f080f557c61349ab37ab35c9f967b3b271510dd8ef0b9b16a3dd5a89e9?s=96&d=mm&r=g\",\"caption\":\"Equal Media\"},\"description\":\"Equal Media es una productora y agencia de estrategia cultural transmedia que impulsa la visibilidad de la m\u00fasica y cultura latina a trav\u00e9s de contenidos originales, multiplataforma y con enfoque social. Con operaci\u00f3n desde Estados Unidos, M\u00e9xico y Colombia, Equal Media se ha consolidado como un actor clave en la narrativa documental, la curadur\u00eda musical y la creaci\u00f3n de formatos de alto impacto para audiencias latinas globales. Sus producciones incluyen Equal Music Sessions \u2014con m\u00e1s de 300 artistas programados en LATV Network\u2014, la serie Hunters y el documental 4TRO EL3MENTOS. Sus contenidos son emitidos en prime time en EE.UU. v\u00eda LATV y VOD, alcanzando m\u00e1s de 62 millones de hogares en mercados como Nueva York, Los \u00c1ngeles, Miami y Chicago. Equal Media ha estado presente con cobertura original y branded content en eventos como el Media Hub de los Latin Grammys, LAMC (NY), BIME (Bilbao, Bogot\u00e1), Vive Latino (CDMX), MIM LATAM, CAMM, entre otros hubs de la industria. Aliada de plataformas como Keychange, Femnoise, We Make Noise y la Municipalidad de Quilicura (Chile), Equal Media promueve una industria m\u00e1s equitativa, programando de forma activa proyectos liderados por mujeres, comunidades LGBTQ+ y sectores vulnerables. Bajo la direcci\u00f3n de Ulises Sanher \u2014reconocido por la UNAM y otras instituciones acad\u00e9micas por su labor cultural\u2014, Equal Media ha contribuido a formar nuevas audiencias desde la educaci\u00f3n, el activismo y la creatividad. Sanher ha sido invitado como speaker en foros como Circulart (COL), FIMPRO (MEX), Canadian Music Week (CAN), FME (CAN), SIM S\u00e3o Paulo (BR), MUPA (PAN), Corriente (PER) y Brasil Trends Conference. Tambi\u00e9n ha sido jurado externo de los Premios Rolling Stone en Espa\u00f1ol en Miami y ha ofrecido asesor\u00eda creativa en colaboraci\u00f3n con Berklee Valencia y la Asociaci\u00f3n de Supervisores Musicales.\",\"sameAs\":[\"https:\/\/www.equalmedia.mx\/\",\"https:\/\/www.instagram.com\/equal.music\",\"https:\/\/www.linkedin.com\/in\/ulises-sanher\/\",\"https:\/\/www.youtube.com\/@equalmusicworld\"],\"url\":\"https:\/\/www.equalmedia.mx\/site\/author\/admin\/\"}]}<\/script>\n<!-- \/ Yoast SEO plugin. -->","yoast_head_json":{"title":"El Cuarteto de Nos lleva su Puertas Tour por Am\u00e9rica y Europa | Equal Media","description":"El Cuarteto de Nos arrasa con su Puertas Tour en Latinoam\u00e9rica, EE.UU. y Europa. Con m\u00e1s de 40 a\u00f1os de trayectoria, la banda uruguaya conecta generaciones con letras inteligentes y shows inolvidables.","robots":{"index":"index","follow":"follow","max-snippet":"max-snippet:-1","max-image-preview":"max-image-preview:large","max-video-preview":"max-video-preview:-1"},"canonical":"https:\/\/www.equalmedia.mx\/site\/on-tour\/puertas-tour-cuarteto-de-nos\/","og_locale":"es_ES","og_type":"article","og_title":"El Cuarteto de Nos lleva su Puertas Tour por Am\u00e9rica y Europa | Equal Media","og_description":"El Cuarteto de Nos arrasa con su Puertas Tour en Latinoam\u00e9rica, EE.UU. y Europa. Con m\u00e1s de 40 a\u00f1os de trayectoria, la banda uruguaya conecta generaciones con letras inteligentes y shows inolvidables.","og_url":"https:\/\/www.equalmedia.mx\/site\/on-tour\/puertas-tour-cuarteto-de-nos\/","og_site_name":"EQUAL MUSIC | Cultura Latina en Movimiento","article_published_time":"2025-08-06T18:58:11+00:00","article_modified_time":"2025-08-06T18:58:12+00:00","og_image":[{"width":1920,"height":1099,"url":"https:\/\/www.equalmedia.mx\/site\/wp-content\/uploads\/2025\/08\/Cuarteto-de-Nos-3.jpg","type":"image\/jpeg"}],"author":"Equal Media","twitter_card":"summary_large_image","twitter_misc":{"Escrito por":"Equal Media","Tiempo de lectura":"3 minutos"},"schema":{"@context":"https:\/\/schema.org","@graph":[{"@type":"Article","@id":"https:\/\/www.equalmedia.mx\/site\/on-tour\/puertas-tour-cuarteto-de-nos\/#article","isPartOf":{"@id":"https:\/\/www.equalmedia.mx\/site\/on-tour\/puertas-tour-cuarteto-de-nos\/"},"author":{"name":"Equal Media","@id":"https:\/\/www.equalmedia.mx\/site\/#\/schema\/person\/41b6e60d650a80262fa6b5189bbb9f20"},"headline":"Puertas Tour: El Cuarteto de Nos expande su legado y conecta generaciones por todo el mundo","datePublished":"2025-08-06T18:58:11+00:00","dateModified":"2025-08-06T18:58:12+00:00","mainEntityOfPage":{"@id":"https:\/\/www.equalmedia.mx\/site\/on-tour\/puertas-tour-cuarteto-de-nos\/"},"wordCount":537,"publisher":{"@id":"https:\/\/www.equalmedia.mx\/site\/#organization"},"image":{"@id":"https:\/\/www.equalmedia.mx\/site\/on-tour\/puertas-tour-cuarteto-de-nos\/#primaryimage"},"thumbnailUrl":"https:\/\/www.equalmedia.mx\/site\/wp-content\/uploads\/2025\/08\/Cuarteto-de-Nos-3.jpg","keywords":["conciertos 2025","cuarteto de nos","cultura latina","entrevista exclusiva","Equal Music Sessions","gira estados unidos","gira europa","gira latinoam\u00e9rica","m\u00fasica alternativa","m\u00fasica sin fronteras","palacio de los deportes","puertas tour","roberto musso","rock en espa\u00f1ol","rock uruguayo","tour global"],"articleSection":["On Tour"],"inLanguage":"es"},{"@type":"WebPage","@id":"https:\/\/www.equalmedia.mx\/site\/on-tour\/puertas-tour-cuarteto-de-nos\/","url":"https:\/\/www.equalmedia.mx\/site\/on-tour\/puertas-tour-cuarteto-de-nos\/","name":"El Cuarteto de Nos lleva su Puertas Tour por Am\u00e9rica y Europa | Equal Media","isPartOf":{"@id":"https:\/\/www.equalmedia.mx\/site\/#website"},"primaryImageOfPage":{"@id":"https:\/\/www.equalmedia.mx\/site\/on-tour\/puertas-tour-cuarteto-de-nos\/#primaryimage"},"image":{"@id":"https:\/\/www.equalmedia.mx\/site\/on-tour\/puertas-tour-cuarteto-de-nos\/#primaryimage"},"thumbnailUrl":"https:\/\/www.equalmedia.mx\/site\/wp-content\/uploads\/2025\/08\/Cuarteto-de-Nos-3.jpg","datePublished":"2025-08-06T18:58:11+00:00","dateModified":"2025-08-06T18:58:12+00:00","description":"El Cuarteto de Nos arrasa con su Puertas Tour en Latinoam\u00e9rica, EE.UU. y Europa. Con m\u00e1s de 40 a\u00f1os de trayectoria, la banda uruguaya conecta generaciones con letras inteligentes y shows inolvidables.","breadcrumb":{"@id":"https:\/\/www.equalmedia.mx\/site\/on-tour\/puertas-tour-cuarteto-de-nos\/#breadcrumb"},"inLanguage":"es","potentialAction":[{"@type":"ReadAction","target":["https:\/\/www.equalmedia.mx\/site\/on-tour\/puertas-tour-cuarteto-de-nos\/"]}]},{"@type":"ImageObject","inLanguage":"es","@id":"https:\/\/www.equalmedia.mx\/site\/on-tour\/puertas-tour-cuarteto-de-nos\/#primaryimage","url":"https:\/\/www.equalmedia.mx\/site\/wp-content\/uploads\/2025\/08\/Cuarteto-de-Nos-3.jpg","contentUrl":"https:\/\/www.equalmedia.mx\/site\/wp-content\/uploads\/2025\/08\/Cuarteto-de-Nos-3.jpg","width":1920,"height":1099},{"@type":"BreadcrumbList","@id":"https:\/\/www.equalmedia.mx\/site\/on-tour\/puertas-tour-cuarteto-de-nos\/#breadcrumb","itemListElement":[{"@type":"ListItem","position":1,"name":"Inicio","item":"https:\/\/www.equalmedia.mx\/site\/"},{"@type":"ListItem","position":2,"name":"Puertas Tour: El Cuarteto de Nos expande su legado y conecta generaciones por todo el mundo"}]},{"@type":"WebSite","@id":"https:\/\/www.equalmedia.mx\/site\/#website","url":"https:\/\/www.equalmedia.mx\/site\/","name":"EQUAL MUSIC | Cultura Latina en Movimiento","description":"Ritmo en movimiento.","publisher":{"@id":"https:\/\/www.equalmedia.mx\/site\/#organization"},"potentialAction":[{"@type":"SearchAction","target":{"@type":"EntryPoint","urlTemplate":"https:\/\/www.equalmedia.mx\/site\/?s={search_term_string}"},"query-input":{"@type":"PropertyValueSpecification","valueRequired":true,"valueName":"search_term_string"}}],"inLanguage":"es"},{"@type":"Organization","@id":"https:\/\/www.equalmedia.mx\/site\/#organization","name":"EQUAL MUSIC | Cultura Latina en Movimiento","url":"https:\/\/www.equalmedia.mx\/site\/","logo":{"@type":"ImageObject","inLanguage":"es","@id":"https:\/\/www.equalmedia.mx\/site\/#\/schema\/logo\/image\/","url":"https:\/\/www.equalmedia.mx\/site\/wp-content\/uploads\/2021\/07\/logoblanco.png","contentUrl":"https:\/\/www.equalmedia.mx\/site\/wp-content\/uploads\/2021\/07\/logoblanco.png","width":1920,"height":589,"caption":"EQUAL MUSIC | Cultura Latina en Movimiento"},"image":{"@id":"https:\/\/www.equalmedia.mx\/site\/#\/schema\/logo\/image\/"}},{"@type":"Person","@id":"https:\/\/www.equalmedia.mx\/site\/#\/schema\/person\/41b6e60d650a80262fa6b5189bbb9f20","name":"Equal Media","image":{"@type":"ImageObject","inLanguage":"es","@id":"https:\/\/www.equalmedia.mx\/site\/#\/schema\/person\/image\/","url":"https:\/\/secure.gravatar.com\/avatar\/51c3f8f080f557c61349ab37ab35c9f967b3b271510dd8ef0b9b16a3dd5a89e9?s=96&d=mm&r=g","contentUrl":"https:\/\/secure.gravatar.com\/avatar\/51c3f8f080f557c61349ab37ab35c9f967b3b271510dd8ef0b9b16a3dd5a89e9?s=96&d=mm&r=g","caption":"Equal Media"},"description":"Equal Media es una productora y agencia de estrategia cultural transmedia que impulsa la visibilidad de la m\u00fasica y cultura latina a trav\u00e9s de contenidos originales, multiplataforma y con enfoque social. Con operaci\u00f3n desde Estados Unidos, M\u00e9xico y Colombia, Equal Media se ha consolidado como un actor clave en la narrativa documental, la curadur\u00eda musical y la creaci\u00f3n de formatos de alto impacto para audiencias latinas globales. Sus producciones incluyen Equal Music Sessions \u2014con m\u00e1s de 300 artistas programados en LATV Network\u2014, la serie Hunters y el documental 4TRO EL3MENTOS. Sus contenidos son emitidos en prime time en EE.UU. v\u00eda LATV y VOD, alcanzando m\u00e1s de 62 millones de hogares en mercados como Nueva York, Los \u00c1ngeles, Miami y Chicago. Equal Media ha estado presente con cobertura original y branded content en eventos como el Media Hub de los Latin Grammys, LAMC (NY), BIME (Bilbao, Bogot\u00e1), Vive Latino (CDMX), MIM LATAM, CAMM, entre otros hubs de la industria. Aliada de plataformas como Keychange, Femnoise, We Make Noise y la Municipalidad de Quilicura (Chile), Equal Media promueve una industria m\u00e1s equitativa, programando de forma activa proyectos liderados por mujeres, comunidades LGBTQ+ y sectores vulnerables. Bajo la direcci\u00f3n de Ulises Sanher \u2014reconocido por la UNAM y otras instituciones acad\u00e9micas por su labor cultural\u2014, Equal Media ha contribuido a formar nuevas audiencias desde la educaci\u00f3n, el activismo y la creatividad. Sanher ha sido invitado como speaker en foros como Circulart (COL), FIMPRO (MEX), Canadian Music Week (CAN), FME (CAN), SIM S\u00e3o Paulo (BR), MUPA (PAN), Corriente (PER) y Brasil Trends Conference. Tambi\u00e9n ha sido jurado externo de los Premios Rolling Stone en Espa\u00f1ol en Miami y ha ofrecido asesor\u00eda creativa en colaboraci\u00f3n con Berklee Valencia y la Asociaci\u00f3n de Supervisores Musicales.","sameAs":["https:\/\/www.equalmedia.mx\/","https:\/\/www.instagram.com\/equal.music","https:\/\/www.linkedin.com\/in\/ulises-sanher\/","https:\/\/www.youtube.com\/@equalmusicworld"],"url":"https:\/\/www.equalmedia.mx\/site\/author\/admin\/"}]}},"_links":{"self":[{"href":"https:\/\/www.equalmedia.mx\/site\/wp-json\/wp\/v2\/posts\/7243","targetHints":{"allow":["GET"]}}],"collection":[{"href":"https:\/\/www.equalmedia.mx\/site\/wp-json\/wp\/v2\/posts"}],"about":[{"href":"https:\/\/www.equalmedia.mx\/site\/wp-json\/wp\/v2\/types\/post"}],"author":[{"embeddable":true,"href":"https:\/\/www.equalmedia.mx\/site\/wp-json\/wp\/v2\/users\/1"}],"replies":[{"embeddable":true,"href":"https:\/\/www.equalmedia.mx\/site\/wp-json\/wp\/v2\/comments?post=7243"}],"version-history":[{"count":1,"href":"https:\/\/www.equalmedia.mx\/site\/wp-json\/wp\/v2\/posts\/7243\/revisions"}],"predecessor-version":[{"id":7245,"href":"https:\/\/www.equalmedia.mx\/site\/wp-json\/wp\/v2\/posts\/7243\/revisions\/7245"}],"wp:featuredmedia":[{"embeddable":true,"href":"https:\/\/www.equalmedia.mx\/site\/wp-json\/wp\/v2\/media\/7244"}],"wp:attachment":[{"href":"https:\/\/www.equalmedia.mx\/site\/wp-json\/wp\/v2\/media?parent=7243"}],"wp:term":[{"taxonomy":"category","embeddable":true,"href":"https:\/\/www.equalmedia.mx\/site\/wp-json\/wp\/v2\/categories?post=7243"},{"taxonomy":"post_tag","embeddable":true,"href":"https:\/\/www.equalmedia.mx\/site\/wp-json\/wp\/v2\/tags?post=7243"}],"curies":[{"name":"wp","href":"https:\/\/api.w.org\/{rel}","templated":true}]}}