{"id":7281,"date":"2025-08-11T19:03:02","date_gmt":"2025-08-11T19:03:02","guid":{"rendered":"https:\/\/www.equalmedia.mx\/site\/?p=7281"},"modified":"2025-08-11T19:03:03","modified_gmt":"2025-08-11T19:03:03","slug":"natalia-lafourcade-cierra-cancionera-tour-2025-espana","status":"publish","type":"post","link":"https:\/\/www.equalmedia.mx\/site\/on-tour\/natalia-lafourcade-cierra-cancionera-tour-2025-espana\/","title":{"rendered":"Natalia Lafourcade: Cancionera Tour 2025 y la consolidaci\u00f3n de un legado"},"content":{"rendered":"\n<p>Por Equal Media<\/p>\n\n\n\n<p>Con ocho fechas sold out o casi al l\u00edmite de capacidad, <strong>Natalia Lafourcade<\/strong> cerr\u00f3 su gira <em>Cancionera Tour 2025<\/em> por Espa\u00f1a como uno de los hitos m\u00e1s relevantes para la m\u00fasica latina en el circuito europeo de este a\u00f1o. Entre julio y principios de agosto, la cantautora mexicana llen\u00f3 escenarios ic\u00f3nicos y festivales de prestigio, reafirmando que su m\u00fasica, profundamente enraizada en el folclore latinoamericano, tiene un impacto global y multigeneracional.<\/p>\n\n\n\n<h3 class=\"wp-block-heading\">Un recorrido con impacto medible<\/h3>\n\n\n\n<ul class=\"wp-block-list\">\n<li><strong>Asistencia total estimada:<\/strong> m\u00e1s de <strong>47 000 personas<\/strong> entre todas las fechas.<\/li>\n\n\n\n<li><strong>Entradas agotadas:<\/strong> Starlite Festival (Marbella), Cap Roig Festival (Girona), Noches M\u00e1gicas de La Granja (Segovia) y Suite Festival (Barcelona).<\/li>\n\n\n\n<li><strong>Cobertura medi\u00e1tica:<\/strong> presencia en medios como <em>El Pa\u00eds<\/em>, <em>Los40<\/em>, <em>La Vanguardia<\/em> y <em>Billboard en Espa\u00f1ol<\/em>.<\/li>\n\n\n\n<li><strong>Promedio de ocupaci\u00f3n:<\/strong> superior al 95% en todos los recintos, incluyendo formatos boutique y grandes escenarios.<\/li>\n<\/ul>\n\n\n\n<h3 class=\"wp-block-heading\">Un setlist que viaja en el tiempo<\/h3>\n\n\n\n<p>Natalia estructur\u00f3 el show como un viaje musical que alterna canciones de <em>De todas las flores<\/em> con reinterpretaciones de su repertorio cl\u00e1sico como <em>Hasta la ra\u00edz<\/em> y <em>Nunca es suficiente<\/em>. Este balance entre lo nuevo y lo emblem\u00e1tico genera un lazo emocional con p\u00fablicos que van desde los 20 hasta los 60 a\u00f1os, algo que pocos artistas logran en el mercado actual.<\/p>\n\n\n\n<figure class=\"wp-block-embed aligncenter is-type-video is-provider-youtube wp-block-embed-youtube wp-embed-aspect-16-9 wp-has-aspect-ratio\"><div class=\"wp-block-embed__wrapper\">\n<iframe title=\"Natalia Lafourcade - Cancionera\" width=\"1300\" height=\"731\" data-src=\"https:\/\/www.youtube.com\/embed\/FyKaPD59oCU?feature=oembed\" frameborder=\"0\" allow=\"accelerometer; autoplay; clipboard-write; encrypted-media; gyroscope; picture-in-picture; web-share\" referrerpolicy=\"strict-origin-when-cross-origin\" allowfullscreen src=\"data:image\/svg+xml;base64,PHN2ZyB3aWR0aD0iMSIgaGVpZ2h0PSIxIiB4bWxucz0iaHR0cDovL3d3dy53My5vcmcvMjAwMC9zdmciPjwvc3ZnPg==\" class=\"lazyload\" data-load-mode=\"1\"><\/iframe>\n<\/div><\/figure>\n\n\n\n<h3 class=\"wp-block-heading\">El peso de su trayectoria<\/h3>\n\n\n\n<p>Con m\u00e1s de dos d\u00e9cadas de carrera, 14 Latin Grammy, 1 Grammy y colaboraciones con artistas como Jorge Drexler, Mon Laferte y David Byrne, Lafourcade se ha posicionado como referente de la m\u00fasica iberoamericana. Su capacidad para renovar el folclore y hacerlo dialogar con sonidos contempor\u00e1neos le ha permitido entrar en festivales donde la presencia latina a\u00fan es minoritaria.<\/p>\n\n\n\n<h3 class=\"wp-block-heading\">M\u00e1s all\u00e1 de la m\u00fasica<\/h3>\n\n\n\n<p>La artista no s\u00f3lo presenta canciones: cada concierto es un relato sobre identidad, ra\u00edces y cuidado del planeta, integrando mensajes de conciencia social y ecol\u00f3gica que resuenan con audiencias globales. Esta coherencia entre su discurso y su propuesta art\u00edstica refuerza su conexi\u00f3n con un p\u00fablico que demanda autenticidad.<\/p>\n","protected":false},"excerpt":{"rendered":"<p>Por Equal Media Con ocho fechas sold out o casi al l\u00edmite de capacidad, Natalia Lafourcade cerr\u00f3 su gira Cancionera Tour 2025 por Espa\u00f1a como uno de los hitos m\u00e1s relevantes para la m\u00fasica latina en el circuito europeo de este a\u00f1o. Entre julio y principios de agosto, la cantautora mexicana llen\u00f3 escenarios ic\u00f3nicos y [&hellip;]<\/p>\n","protected":false},"author":1,"featured_media":7282,"comment_status":"closed","ping_status":"closed","sticky":false,"template":"","format":"standard","meta":{"footnotes":""},"categories":[986],"tags":[1233,1236,1237,1234,1007,1235,1232],"class_list":["post-7281","post","type-post","status-publish","format-standard","has-post-thumbnail","hentry","category-on-tour","tag-cancionera-tour","tag-conciertos-sold-out","tag-festivales-europeos","tag-folclore-contemporaneo","tag-impacto-cultural","tag-musica-latina-en-espana","tag-natalia-lafourcade"],"yoast_head":"<!-- This site is optimized with the Yoast SEO plugin v26.6 - https:\/\/yoast.com\/wordpress\/plugins\/seo\/ -->\n<title>Natalia Lafourcade cierra su Cancionera Tour 2025 en Espa\u00f1a con llenos totales<\/title>\n<meta name=\"description\" content=\"La cantautora mexicana reuni\u00f3 a m\u00e1s de 47 000 personas en ocho fechas, con un 95% de ocupaci\u00f3n promedio y m\u00faltiples sold out en festivales ic\u00f3nicos.\" \/>\n<meta name=\"robots\" content=\"index, follow, max-snippet:-1, max-image-preview:large, max-video-preview:-1\" \/>\n<link rel=\"canonical\" href=\"https:\/\/www.equalmedia.mx\/site\/on-tour\/natalia-lafourcade-cierra-cancionera-tour-2025-espana\/\" \/>\n<meta property=\"og:locale\" content=\"es_ES\" \/>\n<meta property=\"og:type\" content=\"article\" \/>\n<meta property=\"og:title\" content=\"Natalia Lafourcade cierra su Cancionera Tour 2025 en Espa\u00f1a con llenos totales\" \/>\n<meta property=\"og:description\" content=\"La cantautora mexicana reuni\u00f3 a m\u00e1s de 47 000 personas en ocho fechas, con un 95% de ocupaci\u00f3n promedio y m\u00faltiples sold out en festivales ic\u00f3nicos.\" \/>\n<meta property=\"og:url\" content=\"https:\/\/www.equalmedia.mx\/site\/on-tour\/natalia-lafourcade-cierra-cancionera-tour-2025-espana\/\" \/>\n<meta property=\"og:site_name\" content=\"EQUAL MUSIC | Cultura Latina en Movimiento\" \/>\n<meta property=\"article:published_time\" content=\"2025-08-11T19:03:02+00:00\" \/>\n<meta property=\"article:modified_time\" content=\"2025-08-11T19:03:03+00:00\" \/>\n<meta property=\"og:image\" content=\"https:\/\/www.equalmedia.mx\/site\/wp-content\/uploads\/2025\/08\/descarga.webp\" \/>\n\t<meta property=\"og:image:width\" content=\"1200\" \/>\n\t<meta property=\"og:image:height\" content=\"1499\" \/>\n\t<meta property=\"og:image:type\" content=\"image\/webp\" \/>\n<meta name=\"author\" content=\"Equal Media\" \/>\n<meta name=\"twitter:card\" content=\"summary_large_image\" \/>\n<meta name=\"twitter:label1\" content=\"Escrito por\" \/>\n\t<meta name=\"twitter:data1\" content=\"Equal Media\" \/>\n\t<meta name=\"twitter:label2\" content=\"Tiempo de lectura\" \/>\n\t<meta name=\"twitter:data2\" content=\"2 minutos\" \/>\n<script type=\"application\/ld+json\" class=\"yoast-schema-graph\">{\"@context\":\"https:\/\/schema.org\",\"@graph\":[{\"@type\":\"Article\",\"@id\":\"https:\/\/www.equalmedia.mx\/site\/on-tour\/natalia-lafourcade-cierra-cancionera-tour-2025-espana\/#article\",\"isPartOf\":{\"@id\":\"https:\/\/www.equalmedia.mx\/site\/on-tour\/natalia-lafourcade-cierra-cancionera-tour-2025-espana\/\"},\"author\":{\"name\":\"Equal Media\",\"@id\":\"https:\/\/www.equalmedia.mx\/site\/#\/schema\/person\/41b6e60d650a80262fa6b5189bbb9f20\"},\"headline\":\"Natalia Lafourcade: Cancionera Tour 2025 y la consolidaci\u00f3n de un legado\",\"datePublished\":\"2025-08-11T19:03:02+00:00\",\"dateModified\":\"2025-08-11T19:03:03+00:00\",\"mainEntityOfPage\":{\"@id\":\"https:\/\/www.equalmedia.mx\/site\/on-tour\/natalia-lafourcade-cierra-cancionera-tour-2025-espana\/\"},\"wordCount\":376,\"publisher\":{\"@id\":\"https:\/\/www.equalmedia.mx\/site\/#organization\"},\"image\":{\"@id\":\"https:\/\/www.equalmedia.mx\/site\/on-tour\/natalia-lafourcade-cierra-cancionera-tour-2025-espana\/#primaryimage\"},\"thumbnailUrl\":\"https:\/\/www.equalmedia.mx\/site\/wp-content\/uploads\/2025\/08\/descarga.webp\",\"keywords\":[\"Cancionera Tour\",\"conciertos sold out\",\"festivales europeos\",\"folclore contempor\u00e1neo\",\"impacto cultural\",\"m\u00fasica latina en Espa\u00f1a\",\"Natalia Lafourcade\"],\"articleSection\":[\"On Tour\"],\"inLanguage\":\"es\"},{\"@type\":\"WebPage\",\"@id\":\"https:\/\/www.equalmedia.mx\/site\/on-tour\/natalia-lafourcade-cierra-cancionera-tour-2025-espana\/\",\"url\":\"https:\/\/www.equalmedia.mx\/site\/on-tour\/natalia-lafourcade-cierra-cancionera-tour-2025-espana\/\",\"name\":\"Natalia Lafourcade cierra su Cancionera Tour 2025 en Espa\u00f1a con llenos totales\",\"isPartOf\":{\"@id\":\"https:\/\/www.equalmedia.mx\/site\/#website\"},\"primaryImageOfPage\":{\"@id\":\"https:\/\/www.equalmedia.mx\/site\/on-tour\/natalia-lafourcade-cierra-cancionera-tour-2025-espana\/#primaryimage\"},\"image\":{\"@id\":\"https:\/\/www.equalmedia.mx\/site\/on-tour\/natalia-lafourcade-cierra-cancionera-tour-2025-espana\/#primaryimage\"},\"thumbnailUrl\":\"https:\/\/www.equalmedia.mx\/site\/wp-content\/uploads\/2025\/08\/descarga.webp\",\"datePublished\":\"2025-08-11T19:03:02+00:00\",\"dateModified\":\"2025-08-11T19:03:03+00:00\",\"description\":\"La cantautora mexicana reuni\u00f3 a m\u00e1s de 47 000 personas en ocho fechas, con un 95% de ocupaci\u00f3n promedio y m\u00faltiples sold out en festivales ic\u00f3nicos.\",\"breadcrumb\":{\"@id\":\"https:\/\/www.equalmedia.mx\/site\/on-tour\/natalia-lafourcade-cierra-cancionera-tour-2025-espana\/#breadcrumb\"},\"inLanguage\":\"es\",\"potentialAction\":[{\"@type\":\"ReadAction\",\"target\":[\"https:\/\/www.equalmedia.mx\/site\/on-tour\/natalia-lafourcade-cierra-cancionera-tour-2025-espana\/\"]}]},{\"@type\":\"ImageObject\",\"inLanguage\":\"es\",\"@id\":\"https:\/\/www.equalmedia.mx\/site\/on-tour\/natalia-lafourcade-cierra-cancionera-tour-2025-espana\/#primaryimage\",\"url\":\"https:\/\/www.equalmedia.mx\/site\/wp-content\/uploads\/2025\/08\/descarga.webp\",\"contentUrl\":\"https:\/\/www.equalmedia.mx\/site\/wp-content\/uploads\/2025\/08\/descarga.webp\",\"width\":1200,\"height\":1499},{\"@type\":\"BreadcrumbList\",\"@id\":\"https:\/\/www.equalmedia.mx\/site\/on-tour\/natalia-lafourcade-cierra-cancionera-tour-2025-espana\/#breadcrumb\",\"itemListElement\":[{\"@type\":\"ListItem\",\"position\":1,\"name\":\"Inicio\",\"item\":\"https:\/\/www.equalmedia.mx\/site\/\"},{\"@type\":\"ListItem\",\"position\":2,\"name\":\"Natalia Lafourcade: Cancionera Tour 2025 y la consolidaci\u00f3n de un legado\"}]},{\"@type\":\"WebSite\",\"@id\":\"https:\/\/www.equalmedia.mx\/site\/#website\",\"url\":\"https:\/\/www.equalmedia.mx\/site\/\",\"name\":\"EQUAL MUSIC | Cultura Latina en Movimiento\",\"description\":\"Ritmo en movimiento.\",\"publisher\":{\"@id\":\"https:\/\/www.equalmedia.mx\/site\/#organization\"},\"potentialAction\":[{\"@type\":\"SearchAction\",\"target\":{\"@type\":\"EntryPoint\",\"urlTemplate\":\"https:\/\/www.equalmedia.mx\/site\/?s={search_term_string}\"},\"query-input\":{\"@type\":\"PropertyValueSpecification\",\"valueRequired\":true,\"valueName\":\"search_term_string\"}}],\"inLanguage\":\"es\"},{\"@type\":\"Organization\",\"@id\":\"https:\/\/www.equalmedia.mx\/site\/#organization\",\"name\":\"EQUAL MUSIC | Cultura Latina en Movimiento\",\"url\":\"https:\/\/www.equalmedia.mx\/site\/\",\"logo\":{\"@type\":\"ImageObject\",\"inLanguage\":\"es\",\"@id\":\"https:\/\/www.equalmedia.mx\/site\/#\/schema\/logo\/image\/\",\"url\":\"https:\/\/www.equalmedia.mx\/site\/wp-content\/uploads\/2021\/07\/logoblanco.png\",\"contentUrl\":\"https:\/\/www.equalmedia.mx\/site\/wp-content\/uploads\/2021\/07\/logoblanco.png\",\"width\":1920,\"height\":589,\"caption\":\"EQUAL MUSIC | Cultura Latina en Movimiento\"},\"image\":{\"@id\":\"https:\/\/www.equalmedia.mx\/site\/#\/schema\/logo\/image\/\"}},{\"@type\":\"Person\",\"@id\":\"https:\/\/www.equalmedia.mx\/site\/#\/schema\/person\/41b6e60d650a80262fa6b5189bbb9f20\",\"name\":\"Equal Media\",\"image\":{\"@type\":\"ImageObject\",\"inLanguage\":\"es\",\"@id\":\"https:\/\/www.equalmedia.mx\/site\/#\/schema\/person\/image\/\",\"url\":\"https:\/\/secure.gravatar.com\/avatar\/51c3f8f080f557c61349ab37ab35c9f967b3b271510dd8ef0b9b16a3dd5a89e9?s=96&d=mm&r=g\",\"contentUrl\":\"https:\/\/secure.gravatar.com\/avatar\/51c3f8f080f557c61349ab37ab35c9f967b3b271510dd8ef0b9b16a3dd5a89e9?s=96&d=mm&r=g\",\"caption\":\"Equal Media\"},\"description\":\"Equal Media es una productora y agencia de estrategia cultural transmedia que impulsa la visibilidad de la m\u00fasica y cultura latina a trav\u00e9s de contenidos originales, multiplataforma y con enfoque social. Con operaci\u00f3n desde Estados Unidos, M\u00e9xico y Colombia, Equal Media se ha consolidado como un actor clave en la narrativa documental, la curadur\u00eda musical y la creaci\u00f3n de formatos de alto impacto para audiencias latinas globales. Sus producciones incluyen Equal Music Sessions \u2014con m\u00e1s de 300 artistas programados en LATV Network\u2014, la serie Hunters y el documental 4TRO EL3MENTOS. Sus contenidos son emitidos en prime time en EE.UU. v\u00eda LATV y VOD, alcanzando m\u00e1s de 62 millones de hogares en mercados como Nueva York, Los \u00c1ngeles, Miami y Chicago. Equal Media ha estado presente con cobertura original y branded content en eventos como el Media Hub de los Latin Grammys, LAMC (NY), BIME (Bilbao, Bogot\u00e1), Vive Latino (CDMX), MIM LATAM, CAMM, entre otros hubs de la industria. Aliada de plataformas como Keychange, Femnoise, We Make Noise y la Municipalidad de Quilicura (Chile), Equal Media promueve una industria m\u00e1s equitativa, programando de forma activa proyectos liderados por mujeres, comunidades LGBTQ+ y sectores vulnerables. Bajo la direcci\u00f3n de Ulises Sanher \u2014reconocido por la UNAM y otras instituciones acad\u00e9micas por su labor cultural\u2014, Equal Media ha contribuido a formar nuevas audiencias desde la educaci\u00f3n, el activismo y la creatividad. Sanher ha sido invitado como speaker en foros como Circulart (COL), FIMPRO (MEX), Canadian Music Week (CAN), FME (CAN), SIM S\u00e3o Paulo (BR), MUPA (PAN), Corriente (PER) y Brasil Trends Conference. Tambi\u00e9n ha sido jurado externo de los Premios Rolling Stone en Espa\u00f1ol en Miami y ha ofrecido asesor\u00eda creativa en colaboraci\u00f3n con Berklee Valencia y la Asociaci\u00f3n de Supervisores Musicales.\",\"sameAs\":[\"https:\/\/www.equalmedia.mx\/\",\"https:\/\/www.instagram.com\/equal.music\",\"https:\/\/www.linkedin.com\/in\/ulises-sanher\/\",\"https:\/\/www.youtube.com\/@equalmusicworld\"],\"url\":\"https:\/\/www.equalmedia.mx\/site\/author\/admin\/\"}]}<\/script>\n<!-- \/ Yoast SEO plugin. -->","yoast_head_json":{"title":"Natalia Lafourcade cierra su Cancionera Tour 2025 en Espa\u00f1a con llenos totales","description":"La cantautora mexicana reuni\u00f3 a m\u00e1s de 47 000 personas en ocho fechas, con un 95% de ocupaci\u00f3n promedio y m\u00faltiples sold out en festivales ic\u00f3nicos.","robots":{"index":"index","follow":"follow","max-snippet":"max-snippet:-1","max-image-preview":"max-image-preview:large","max-video-preview":"max-video-preview:-1"},"canonical":"https:\/\/www.equalmedia.mx\/site\/on-tour\/natalia-lafourcade-cierra-cancionera-tour-2025-espana\/","og_locale":"es_ES","og_type":"article","og_title":"Natalia Lafourcade cierra su Cancionera Tour 2025 en Espa\u00f1a con llenos totales","og_description":"La cantautora mexicana reuni\u00f3 a m\u00e1s de 47 000 personas en ocho fechas, con un 95% de ocupaci\u00f3n promedio y m\u00faltiples sold out en festivales ic\u00f3nicos.","og_url":"https:\/\/www.equalmedia.mx\/site\/on-tour\/natalia-lafourcade-cierra-cancionera-tour-2025-espana\/","og_site_name":"EQUAL MUSIC | Cultura Latina en Movimiento","article_published_time":"2025-08-11T19:03:02+00:00","article_modified_time":"2025-08-11T19:03:03+00:00","og_image":[{"width":1200,"height":1499,"url":"https:\/\/www.equalmedia.mx\/site\/wp-content\/uploads\/2025\/08\/descarga.webp","type":"image\/webp"}],"author":"Equal Media","twitter_card":"summary_large_image","twitter_misc":{"Escrito por":"Equal Media","Tiempo de lectura":"2 minutos"},"schema":{"@context":"https:\/\/schema.org","@graph":[{"@type":"Article","@id":"https:\/\/www.equalmedia.mx\/site\/on-tour\/natalia-lafourcade-cierra-cancionera-tour-2025-espana\/#article","isPartOf":{"@id":"https:\/\/www.equalmedia.mx\/site\/on-tour\/natalia-lafourcade-cierra-cancionera-tour-2025-espana\/"},"author":{"name":"Equal Media","@id":"https:\/\/www.equalmedia.mx\/site\/#\/schema\/person\/41b6e60d650a80262fa6b5189bbb9f20"},"headline":"Natalia Lafourcade: Cancionera Tour 2025 y la consolidaci\u00f3n de un legado","datePublished":"2025-08-11T19:03:02+00:00","dateModified":"2025-08-11T19:03:03+00:00","mainEntityOfPage":{"@id":"https:\/\/www.equalmedia.mx\/site\/on-tour\/natalia-lafourcade-cierra-cancionera-tour-2025-espana\/"},"wordCount":376,"publisher":{"@id":"https:\/\/www.equalmedia.mx\/site\/#organization"},"image":{"@id":"https:\/\/www.equalmedia.mx\/site\/on-tour\/natalia-lafourcade-cierra-cancionera-tour-2025-espana\/#primaryimage"},"thumbnailUrl":"https:\/\/www.equalmedia.mx\/site\/wp-content\/uploads\/2025\/08\/descarga.webp","keywords":["Cancionera Tour","conciertos sold out","festivales europeos","folclore contempor\u00e1neo","impacto cultural","m\u00fasica latina en Espa\u00f1a","Natalia Lafourcade"],"articleSection":["On Tour"],"inLanguage":"es"},{"@type":"WebPage","@id":"https:\/\/www.equalmedia.mx\/site\/on-tour\/natalia-lafourcade-cierra-cancionera-tour-2025-espana\/","url":"https:\/\/www.equalmedia.mx\/site\/on-tour\/natalia-lafourcade-cierra-cancionera-tour-2025-espana\/","name":"Natalia Lafourcade cierra su Cancionera Tour 2025 en Espa\u00f1a con llenos totales","isPartOf":{"@id":"https:\/\/www.equalmedia.mx\/site\/#website"},"primaryImageOfPage":{"@id":"https:\/\/www.equalmedia.mx\/site\/on-tour\/natalia-lafourcade-cierra-cancionera-tour-2025-espana\/#primaryimage"},"image":{"@id":"https:\/\/www.equalmedia.mx\/site\/on-tour\/natalia-lafourcade-cierra-cancionera-tour-2025-espana\/#primaryimage"},"thumbnailUrl":"https:\/\/www.equalmedia.mx\/site\/wp-content\/uploads\/2025\/08\/descarga.webp","datePublished":"2025-08-11T19:03:02+00:00","dateModified":"2025-08-11T19:03:03+00:00","description":"La cantautora mexicana reuni\u00f3 a m\u00e1s de 47 000 personas en ocho fechas, con un 95% de ocupaci\u00f3n promedio y m\u00faltiples sold out en festivales ic\u00f3nicos.","breadcrumb":{"@id":"https:\/\/www.equalmedia.mx\/site\/on-tour\/natalia-lafourcade-cierra-cancionera-tour-2025-espana\/#breadcrumb"},"inLanguage":"es","potentialAction":[{"@type":"ReadAction","target":["https:\/\/www.equalmedia.mx\/site\/on-tour\/natalia-lafourcade-cierra-cancionera-tour-2025-espana\/"]}]},{"@type":"ImageObject","inLanguage":"es","@id":"https:\/\/www.equalmedia.mx\/site\/on-tour\/natalia-lafourcade-cierra-cancionera-tour-2025-espana\/#primaryimage","url":"https:\/\/www.equalmedia.mx\/site\/wp-content\/uploads\/2025\/08\/descarga.webp","contentUrl":"https:\/\/www.equalmedia.mx\/site\/wp-content\/uploads\/2025\/08\/descarga.webp","width":1200,"height":1499},{"@type":"BreadcrumbList","@id":"https:\/\/www.equalmedia.mx\/site\/on-tour\/natalia-lafourcade-cierra-cancionera-tour-2025-espana\/#breadcrumb","itemListElement":[{"@type":"ListItem","position":1,"name":"Inicio","item":"https:\/\/www.equalmedia.mx\/site\/"},{"@type":"ListItem","position":2,"name":"Natalia Lafourcade: Cancionera Tour 2025 y la consolidaci\u00f3n de un legado"}]},{"@type":"WebSite","@id":"https:\/\/www.equalmedia.mx\/site\/#website","url":"https:\/\/www.equalmedia.mx\/site\/","name":"EQUAL MUSIC | Cultura Latina en Movimiento","description":"Ritmo en movimiento.","publisher":{"@id":"https:\/\/www.equalmedia.mx\/site\/#organization"},"potentialAction":[{"@type":"SearchAction","target":{"@type":"EntryPoint","urlTemplate":"https:\/\/www.equalmedia.mx\/site\/?s={search_term_string}"},"query-input":{"@type":"PropertyValueSpecification","valueRequired":true,"valueName":"search_term_string"}}],"inLanguage":"es"},{"@type":"Organization","@id":"https:\/\/www.equalmedia.mx\/site\/#organization","name":"EQUAL MUSIC | Cultura Latina en Movimiento","url":"https:\/\/www.equalmedia.mx\/site\/","logo":{"@type":"ImageObject","inLanguage":"es","@id":"https:\/\/www.equalmedia.mx\/site\/#\/schema\/logo\/image\/","url":"https:\/\/www.equalmedia.mx\/site\/wp-content\/uploads\/2021\/07\/logoblanco.png","contentUrl":"https:\/\/www.equalmedia.mx\/site\/wp-content\/uploads\/2021\/07\/logoblanco.png","width":1920,"height":589,"caption":"EQUAL MUSIC | Cultura Latina en Movimiento"},"image":{"@id":"https:\/\/www.equalmedia.mx\/site\/#\/schema\/logo\/image\/"}},{"@type":"Person","@id":"https:\/\/www.equalmedia.mx\/site\/#\/schema\/person\/41b6e60d650a80262fa6b5189bbb9f20","name":"Equal Media","image":{"@type":"ImageObject","inLanguage":"es","@id":"https:\/\/www.equalmedia.mx\/site\/#\/schema\/person\/image\/","url":"https:\/\/secure.gravatar.com\/avatar\/51c3f8f080f557c61349ab37ab35c9f967b3b271510dd8ef0b9b16a3dd5a89e9?s=96&d=mm&r=g","contentUrl":"https:\/\/secure.gravatar.com\/avatar\/51c3f8f080f557c61349ab37ab35c9f967b3b271510dd8ef0b9b16a3dd5a89e9?s=96&d=mm&r=g","caption":"Equal Media"},"description":"Equal Media es una productora y agencia de estrategia cultural transmedia que impulsa la visibilidad de la m\u00fasica y cultura latina a trav\u00e9s de contenidos originales, multiplataforma y con enfoque social. Con operaci\u00f3n desde Estados Unidos, M\u00e9xico y Colombia, Equal Media se ha consolidado como un actor clave en la narrativa documental, la curadur\u00eda musical y la creaci\u00f3n de formatos de alto impacto para audiencias latinas globales. Sus producciones incluyen Equal Music Sessions \u2014con m\u00e1s de 300 artistas programados en LATV Network\u2014, la serie Hunters y el documental 4TRO EL3MENTOS. Sus contenidos son emitidos en prime time en EE.UU. v\u00eda LATV y VOD, alcanzando m\u00e1s de 62 millones de hogares en mercados como Nueva York, Los \u00c1ngeles, Miami y Chicago. Equal Media ha estado presente con cobertura original y branded content en eventos como el Media Hub de los Latin Grammys, LAMC (NY), BIME (Bilbao, Bogot\u00e1), Vive Latino (CDMX), MIM LATAM, CAMM, entre otros hubs de la industria. Aliada de plataformas como Keychange, Femnoise, We Make Noise y la Municipalidad de Quilicura (Chile), Equal Media promueve una industria m\u00e1s equitativa, programando de forma activa proyectos liderados por mujeres, comunidades LGBTQ+ y sectores vulnerables. Bajo la direcci\u00f3n de Ulises Sanher \u2014reconocido por la UNAM y otras instituciones acad\u00e9micas por su labor cultural\u2014, Equal Media ha contribuido a formar nuevas audiencias desde la educaci\u00f3n, el activismo y la creatividad. Sanher ha sido invitado como speaker en foros como Circulart (COL), FIMPRO (MEX), Canadian Music Week (CAN), FME (CAN), SIM S\u00e3o Paulo (BR), MUPA (PAN), Corriente (PER) y Brasil Trends Conference. Tambi\u00e9n ha sido jurado externo de los Premios Rolling Stone en Espa\u00f1ol en Miami y ha ofrecido asesor\u00eda creativa en colaboraci\u00f3n con Berklee Valencia y la Asociaci\u00f3n de Supervisores Musicales.","sameAs":["https:\/\/www.equalmedia.mx\/","https:\/\/www.instagram.com\/equal.music","https:\/\/www.linkedin.com\/in\/ulises-sanher\/","https:\/\/www.youtube.com\/@equalmusicworld"],"url":"https:\/\/www.equalmedia.mx\/site\/author\/admin\/"}]}},"_links":{"self":[{"href":"https:\/\/www.equalmedia.mx\/site\/wp-json\/wp\/v2\/posts\/7281","targetHints":{"allow":["GET"]}}],"collection":[{"href":"https:\/\/www.equalmedia.mx\/site\/wp-json\/wp\/v2\/posts"}],"about":[{"href":"https:\/\/www.equalmedia.mx\/site\/wp-json\/wp\/v2\/types\/post"}],"author":[{"embeddable":true,"href":"https:\/\/www.equalmedia.mx\/site\/wp-json\/wp\/v2\/users\/1"}],"replies":[{"embeddable":true,"href":"https:\/\/www.equalmedia.mx\/site\/wp-json\/wp\/v2\/comments?post=7281"}],"version-history":[{"count":1,"href":"https:\/\/www.equalmedia.mx\/site\/wp-json\/wp\/v2\/posts\/7281\/revisions"}],"predecessor-version":[{"id":7283,"href":"https:\/\/www.equalmedia.mx\/site\/wp-json\/wp\/v2\/posts\/7281\/revisions\/7283"}],"wp:featuredmedia":[{"embeddable":true,"href":"https:\/\/www.equalmedia.mx\/site\/wp-json\/wp\/v2\/media\/7282"}],"wp:attachment":[{"href":"https:\/\/www.equalmedia.mx\/site\/wp-json\/wp\/v2\/media?parent=7281"}],"wp:term":[{"taxonomy":"category","embeddable":true,"href":"https:\/\/www.equalmedia.mx\/site\/wp-json\/wp\/v2\/categories?post=7281"},{"taxonomy":"post_tag","embeddable":true,"href":"https:\/\/www.equalmedia.mx\/site\/wp-json\/wp\/v2\/tags?post=7281"}],"curies":[{"name":"wp","href":"https:\/\/api.w.org\/{rel}","templated":true}]}}