{"id":8684,"date":"2026-01-24T20:06:29","date_gmt":"2026-01-24T20:06:29","guid":{"rendered":"https:\/\/www.equalmedia.mx\/site\/?p=8684"},"modified":"2026-01-24T20:06:29","modified_gmt":"2026-01-24T20:06:29","slug":"moda-latina-paris-fashion-week-2026","status":"publish","type":"post","link":"https:\/\/www.equalmedia.mx\/site\/noticias\/moda-latina-paris-fashion-week-2026\/","title":{"rendered":"La presencia latina redefine la Semana de la Moda de Par\u00eds 2026"},"content":{"rendered":"\n<h3 class=\"wp-block-heading\"><\/h3>\n\n\n\n<p>La <strong>Semana de la Moda de Par\u00eds 2026<\/strong> no fue solo un escaparate de tendencias internacionales, sino un espacio donde la <strong>creatividad latinoamericana<\/strong> se reafirm\u00f3 con fuerza y originalidad. Desde propuestas conceptuales de dise\u00f1adores hasta la participaci\u00f3n de artistas latinos en pasarelas y actuaciones en vivo, este ciclo de moda demostr\u00f3 que la est\u00e9tica y la identidad cultural de Am\u00e9rica Latina est\u00e1n dejando una marca profunda y expansiva en la escena global.<\/p>\n\n\n<div class=\"wp-block-image\">\n<figure class=\"aligncenter size-large is-resized\"><img fetchpriority=\"high\" decoding=\"async\" width=\"1024\" height=\"683\" src=\"https:\/\/www.equalmedia.mx\/site\/wp-content\/uploads\/2026\/01\/LEGTM5LHBBE2JGYS6AKIZVWQEY-1024x683.png\" alt=\"\" class=\"wp-image-8686\" style=\"aspect-ratio:1.4992703346219822;width:623px;height:auto\" srcset=\"https:\/\/www.equalmedia.mx\/site\/wp-content\/uploads\/2026\/01\/LEGTM5LHBBE2JGYS6AKIZVWQEY-1024x683.png 1024w, https:\/\/www.equalmedia.mx\/site\/wp-content\/uploads\/2026\/01\/LEGTM5LHBBE2JGYS6AKIZVWQEY-300x200.png 300w, https:\/\/www.equalmedia.mx\/site\/wp-content\/uploads\/2026\/01\/LEGTM5LHBBE2JGYS6AKIZVWQEY-768x512.png 768w, https:\/\/www.equalmedia.mx\/site\/wp-content\/uploads\/2026\/01\/LEGTM5LHBBE2JGYS6AKIZVWQEY-600x400.png 600w, https:\/\/www.equalmedia.mx\/site\/wp-content\/uploads\/2026\/01\/LEGTM5LHBBE2JGYS6AKIZVWQEY.png 1200w\" sizes=\"(max-width: 1024px) 100vw, 1024px\" \/><\/figure>\n<\/div>\n\n\n<h3 class=\"wp-block-heading\"><strong>Willy Chavarr\u00eda: del activismo al coraz\u00f3n de Par\u00eds<\/strong><\/h3>\n\n\n\n<p>La pasarela de <strong>Willy Chavarr\u00eda<\/strong> en la Semana de la Moda de Par\u00eds 2026 se consolid\u00f3 como uno de los momentos m\u00e1s comentados del calendario. Su colecci\u00f3n <em>Eterno<\/em> no se limit\u00f3 a exhibir prendas, sino que transform\u00f3 el desfile en un evento con est\u00e9tica teatral, m\u00fasica en vivo y narrativa urbana que honr\u00f3 la historia <strong>latina y chicana<\/strong> como punto de partida conceptual para vestimenta contempor\u00e1nea.<br>Chavarr\u00eda integr\u00f3 elementos visuales de streetwear con sastrer\u00eda sofisticada, generando una est\u00e9tica que dialoga con ra\u00edces culturales pero que mira al futuro de la moda global. Esta integraci\u00f3n de narrativas urbanas con discurso cr\u00edtico y simb\u00f3lico coloca a la moda no solo como estilo, sino tambi\u00e9n como idioma cultural.<\/p>\n\n\n\n<p>Durante el evento, artistas latinos como <strong>Mon Laferte<\/strong>, <strong>Lunay<\/strong>, <strong>Santos Bravos<\/strong>, <strong>Feid<\/strong> y <strong>Latin Mafia<\/strong> no solo participaron en la banda sonora del desfile, sino que ayudaron a crear una atm\u00f3sfera donde la moda, la m\u00fasica y la identidad latinoamericana se encontraron de forma org\u00e1nica y potente. En muchos sentidos, la pasarela se volvi\u00f3 un foro intercultural que trascendi\u00f3 la simple exhibici\u00f3n de ropa.<\/p>\n\n\n\n<h3 class=\"wp-block-heading\"><strong>Voces emergentes: Santos Bravos y la moda como plataforma art\u00edstica<\/strong><\/h3>\n\n\n\n<p>La banda <strong>Santos Bravos<\/strong>, compuesta por integrantes de Per\u00fa, M\u00e9xico, Puerto Rico y Brasil, no solo estuvo presente en Par\u00eds Fashion Week; participaron en uno de los momentos m\u00e1s emblem\u00e1ticos al ser invitados por Chavarr\u00eda para presentarse durante el desfile. Su aparici\u00f3n marc\u00f3 un hito para la <strong>m\u00fasica latina emergente<\/strong> en un espacio tradicionalmente reservado para la \u00e9lite de la moda y ampli\u00f3 el alcance cultural de la escena.<\/p>\n\n\n\n<p>Este tipo de cruces \u2014donde la m\u00fasica y la moda se encuentran como lenguajes complementarios\u2014 demuestra c\u00f3mo la industria est\u00e1 comenzando a <strong>repensar las fronteras entre disciplinas creativas<\/strong>, especialmente cuando se trata de construir narrativas que representen experiencias multiculturales.<\/p>\n\n\n\n<h3 class=\"wp-block-heading\"><strong>Est\u00e9tica urbana y ra\u00edces culturales<\/strong><\/h3>\n\n\n\n<p>La moda latina en Par\u00eds no se limit\u00f3 a nombres consagrados. Una nueva generaci\u00f3n de <strong>dise\u00f1adores latinoamericanos<\/strong> est\u00e1 comenzando a hacerse notar en el circuito internacional, mezclando influencias culturales con sensibilidad contempor\u00e1nea. Dise\u00f1adores emergentes como <strong>Alana Solar<\/strong> y <strong>Erica Alvarez<\/strong> est\u00e1n atrayendo la atenci\u00f3n de compradores y editores por su capacidad de fusionar la tradici\u00f3n creativa latinoamericana con tendencias globales de moda, abriendo un espacio m\u00e1s amplio para la identidad cultural en la pasarela.<\/p>\n\n\n\n<p>Adem\u00e1s, figuras con trayectorias internacionales como <strong>Yas Gonz\u00e1lez<\/strong>, quien ya ha presentado colecciones en Par\u00eds en ediciones anteriores, representan el <strong>legado latino<\/strong> en la escena moda global, se\u00f1alando que esta presencia no es pasajera, sino parte de un movimiento creciente.<\/p>\n\n\n\n<h3 class=\"wp-block-heading\"><strong>M\u00e1s all\u00e1 de la pasarela: comunidad, representaci\u00f3n y cambio<\/strong><\/h3>\n\n\n\n<p>La riqueza de la participaci\u00f3n latina en Par\u00eds Fashion Week 2026 radica en su diversidad: desde propuestas conceptuales y activismo cultural hasta la presencia en escena de voces urbanas que reflejan historias de identidad, migraci\u00f3n, estilo y comunidad. Este fen\u00f3meno marca un punto de inflexi\u00f3n en c\u00f3mo la moda global reconoce y celebra influencias hist\u00f3ricas que han sido tradicionalmente marginadas.<\/p>\n\n\n\n<p>La visibilidad de talentos latinos en el coraz\u00f3n de la moda mundial refuerza la idea de que <strong>la moda no es solo ropa<\/strong>, sino lenguaje y narrativa cultural, que puede activar di\u00e1logos sobre pertenencia, representaci\u00f3n y futuro creativo.<\/p>\n\n\n\n<p><\/p>\n\n\n\n<h3 class=\"wp-block-heading\"><\/h3>\n","protected":false},"excerpt":{"rendered":"<p>La Semana de la Moda de Par\u00eds 2026 no fue solo un escaparate de tendencias internacionales, sino un espacio donde la creatividad latinoamericana se reafirm\u00f3 con fuerza y originalidad. Desde propuestas conceptuales de dise\u00f1adores hasta la participaci\u00f3n de artistas latinos en pasarelas y actuaciones en vivo, este ciclo de moda demostr\u00f3 que la est\u00e9tica y [&hellip;]<\/p>\n","protected":false},"author":1,"featured_media":8685,"comment_status":"closed","ping_status":"closed","sticky":false,"template":"","format":"standard","meta":{"footnotes":""},"categories":[1203],"tags":[3403,496,3399,3400,3401,3402],"class_list":["post-8684","post","type-post","status-publish","format-standard","has-post-thumbnail","hentry","category-noticias","tag-diseno-latino-global","tag-equal-media","tag-moda-latina-paris-2026","tag-paris-fashion-week-latino","tag-santos-bravos-moda","tag-willy-chavarria-eterno"],"yoast_head":"<!-- This site is optimized with the Yoast SEO plugin v26.6 - https:\/\/yoast.com\/wordpress\/plugins\/seo\/ -->\n<title>Moda latina en Par\u00eds 2026: identidad, pasarela y cultura global<\/title>\n<meta name=\"description\" content=\"La Semana de la Moda de Par\u00eds 2026 se consolid\u00f3 como un punto de encuentro global para la moda latina, donde dise\u00f1adores, artistas, m\u00fasicos y talentos urbanos fusionaron identidad cultural, est\u00e9tica urbana y narrativas contempor\u00e1neas, transformando la pasarela en un espacio de comunidad y creatividad.\" \/>\n<meta name=\"robots\" content=\"index, follow, max-snippet:-1, max-image-preview:large, max-video-preview:-1\" \/>\n<link rel=\"canonical\" href=\"https:\/\/www.equalmedia.mx\/site\/noticias\/moda-latina-paris-fashion-week-2026\/\" \/>\n<meta property=\"og:locale\" content=\"es_ES\" \/>\n<meta property=\"og:type\" content=\"article\" \/>\n<meta property=\"og:title\" content=\"Moda latina en Par\u00eds 2026: identidad, pasarela y cultura global\" \/>\n<meta property=\"og:description\" content=\"La Semana de la Moda de Par\u00eds 2026 se consolid\u00f3 como un punto de encuentro global para la moda latina, donde dise\u00f1adores, artistas, m\u00fasicos y talentos urbanos fusionaron identidad cultural, est\u00e9tica urbana y narrativas contempor\u00e1neas, transformando la pasarela en un espacio de comunidad y creatividad.\" \/>\n<meta property=\"og:url\" content=\"https:\/\/www.equalmedia.mx\/site\/noticias\/moda-latina-paris-fashion-week-2026\/\" \/>\n<meta property=\"og:site_name\" content=\"EQUAL MUSIC | Cultura Latina en Movimiento\" \/>\n<meta property=\"article:published_time\" content=\"2026-01-24T20:06:29+00:00\" \/>\n<meta property=\"og:image\" content=\"https:\/\/www.equalmedia.mx\/site\/wp-content\/uploads\/2026\/01\/desfile-willy-chavarria-paris-fashion-week.webp\" \/>\n\t<meta property=\"og:image:width\" content=\"1600\" \/>\n\t<meta property=\"og:image:height\" content=\"1067\" \/>\n\t<meta property=\"og:image:type\" content=\"image\/webp\" \/>\n<meta name=\"author\" content=\"Equal Media\" \/>\n<meta name=\"twitter:card\" content=\"summary_large_image\" \/>\n<meta name=\"twitter:label1\" content=\"Escrito por\" \/>\n\t<meta name=\"twitter:data1\" content=\"Equal Media\" \/>\n\t<meta name=\"twitter:label2\" content=\"Tiempo de lectura\" \/>\n\t<meta name=\"twitter:data2\" content=\"4 minutos\" \/>\n<script type=\"application\/ld+json\" class=\"yoast-schema-graph\">{\"@context\":\"https:\/\/schema.org\",\"@graph\":[{\"@type\":\"Article\",\"@id\":\"https:\/\/www.equalmedia.mx\/site\/noticias\/moda-latina-paris-fashion-week-2026\/#article\",\"isPartOf\":{\"@id\":\"https:\/\/www.equalmedia.mx\/site\/noticias\/moda-latina-paris-fashion-week-2026\/\"},\"author\":{\"name\":\"Equal Media\",\"@id\":\"https:\/\/www.equalmedia.mx\/site\/#\/schema\/person\/41b6e60d650a80262fa6b5189bbb9f20\"},\"headline\":\"La presencia latina redefine la Semana de la Moda de Par\u00eds 2026\",\"datePublished\":\"2026-01-24T20:06:29+00:00\",\"mainEntityOfPage\":{\"@id\":\"https:\/\/www.equalmedia.mx\/site\/noticias\/moda-latina-paris-fashion-week-2026\/\"},\"wordCount\":677,\"publisher\":{\"@id\":\"https:\/\/www.equalmedia.mx\/site\/#organization\"},\"image\":{\"@id\":\"https:\/\/www.equalmedia.mx\/site\/noticias\/moda-latina-paris-fashion-week-2026\/#primaryimage\"},\"thumbnailUrl\":\"https:\/\/www.equalmedia.mx\/site\/wp-content\/uploads\/2026\/01\/desfile-willy-chavarria-paris-fashion-week.webp\",\"keywords\":[\"dise\u00f1o latino global\",\"equal media\",\"moda latina Par\u00eds 2026\",\"Paris Fashion Week Latino\",\"Santos Bravos moda\",\"Willy Chavarr\u00eda Eterno\"],\"articleSection\":[\"Noticias\"],\"inLanguage\":\"es\"},{\"@type\":\"WebPage\",\"@id\":\"https:\/\/www.equalmedia.mx\/site\/noticias\/moda-latina-paris-fashion-week-2026\/\",\"url\":\"https:\/\/www.equalmedia.mx\/site\/noticias\/moda-latina-paris-fashion-week-2026\/\",\"name\":\"Moda latina en Par\u00eds 2026: identidad, pasarela y cultura global\",\"isPartOf\":{\"@id\":\"https:\/\/www.equalmedia.mx\/site\/#website\"},\"primaryImageOfPage\":{\"@id\":\"https:\/\/www.equalmedia.mx\/site\/noticias\/moda-latina-paris-fashion-week-2026\/#primaryimage\"},\"image\":{\"@id\":\"https:\/\/www.equalmedia.mx\/site\/noticias\/moda-latina-paris-fashion-week-2026\/#primaryimage\"},\"thumbnailUrl\":\"https:\/\/www.equalmedia.mx\/site\/wp-content\/uploads\/2026\/01\/desfile-willy-chavarria-paris-fashion-week.webp\",\"datePublished\":\"2026-01-24T20:06:29+00:00\",\"description\":\"La Semana de la Moda de Par\u00eds 2026 se consolid\u00f3 como un punto de encuentro global para la moda latina, donde dise\u00f1adores, artistas, m\u00fasicos y talentos urbanos fusionaron identidad cultural, est\u00e9tica urbana y narrativas contempor\u00e1neas, transformando la pasarela en un espacio de comunidad y creatividad.\",\"breadcrumb\":{\"@id\":\"https:\/\/www.equalmedia.mx\/site\/noticias\/moda-latina-paris-fashion-week-2026\/#breadcrumb\"},\"inLanguage\":\"es\",\"potentialAction\":[{\"@type\":\"ReadAction\",\"target\":[\"https:\/\/www.equalmedia.mx\/site\/noticias\/moda-latina-paris-fashion-week-2026\/\"]}]},{\"@type\":\"ImageObject\",\"inLanguage\":\"es\",\"@id\":\"https:\/\/www.equalmedia.mx\/site\/noticias\/moda-latina-paris-fashion-week-2026\/#primaryimage\",\"url\":\"https:\/\/www.equalmedia.mx\/site\/wp-content\/uploads\/2026\/01\/desfile-willy-chavarria-paris-fashion-week.webp\",\"contentUrl\":\"https:\/\/www.equalmedia.mx\/site\/wp-content\/uploads\/2026\/01\/desfile-willy-chavarria-paris-fashion-week.webp\",\"width\":1600,\"height\":1067},{\"@type\":\"BreadcrumbList\",\"@id\":\"https:\/\/www.equalmedia.mx\/site\/noticias\/moda-latina-paris-fashion-week-2026\/#breadcrumb\",\"itemListElement\":[{\"@type\":\"ListItem\",\"position\":1,\"name\":\"Inicio\",\"item\":\"https:\/\/www.equalmedia.mx\/site\/\"},{\"@type\":\"ListItem\",\"position\":2,\"name\":\"La presencia latina redefine la Semana de la Moda de Par\u00eds 2026\"}]},{\"@type\":\"WebSite\",\"@id\":\"https:\/\/www.equalmedia.mx\/site\/#website\",\"url\":\"https:\/\/www.equalmedia.mx\/site\/\",\"name\":\"EQUAL MUSIC | Cultura Latina en Movimiento\",\"description\":\"Ritmo en movimiento.\",\"publisher\":{\"@id\":\"https:\/\/www.equalmedia.mx\/site\/#organization\"},\"potentialAction\":[{\"@type\":\"SearchAction\",\"target\":{\"@type\":\"EntryPoint\",\"urlTemplate\":\"https:\/\/www.equalmedia.mx\/site\/?s={search_term_string}\"},\"query-input\":{\"@type\":\"PropertyValueSpecification\",\"valueRequired\":true,\"valueName\":\"search_term_string\"}}],\"inLanguage\":\"es\"},{\"@type\":\"Organization\",\"@id\":\"https:\/\/www.equalmedia.mx\/site\/#organization\",\"name\":\"EQUAL MUSIC | Cultura Latina en Movimiento\",\"url\":\"https:\/\/www.equalmedia.mx\/site\/\",\"logo\":{\"@type\":\"ImageObject\",\"inLanguage\":\"es\",\"@id\":\"https:\/\/www.equalmedia.mx\/site\/#\/schema\/logo\/image\/\",\"url\":\"https:\/\/www.equalmedia.mx\/site\/wp-content\/uploads\/2021\/07\/logoblanco.png\",\"contentUrl\":\"https:\/\/www.equalmedia.mx\/site\/wp-content\/uploads\/2021\/07\/logoblanco.png\",\"width\":1920,\"height\":589,\"caption\":\"EQUAL MUSIC | Cultura Latina en Movimiento\"},\"image\":{\"@id\":\"https:\/\/www.equalmedia.mx\/site\/#\/schema\/logo\/image\/\"}},{\"@type\":\"Person\",\"@id\":\"https:\/\/www.equalmedia.mx\/site\/#\/schema\/person\/41b6e60d650a80262fa6b5189bbb9f20\",\"name\":\"Equal Media\",\"image\":{\"@type\":\"ImageObject\",\"inLanguage\":\"es\",\"@id\":\"https:\/\/www.equalmedia.mx\/site\/#\/schema\/person\/image\/\",\"url\":\"https:\/\/secure.gravatar.com\/avatar\/51c3f8f080f557c61349ab37ab35c9f967b3b271510dd8ef0b9b16a3dd5a89e9?s=96&d=mm&r=g\",\"contentUrl\":\"https:\/\/secure.gravatar.com\/avatar\/51c3f8f080f557c61349ab37ab35c9f967b3b271510dd8ef0b9b16a3dd5a89e9?s=96&d=mm&r=g\",\"caption\":\"Equal Media\"},\"description\":\"Equal Media es una productora y agencia de estrategia cultural transmedia que impulsa la visibilidad de la m\u00fasica y cultura latina a trav\u00e9s de contenidos originales, multiplataforma y con enfoque social. Con operaci\u00f3n desde Estados Unidos, M\u00e9xico y Colombia, Equal Media se ha consolidado como un actor clave en la narrativa documental, la curadur\u00eda musical y la creaci\u00f3n de formatos de alto impacto para audiencias latinas globales. Sus producciones incluyen Equal Music Sessions \u2014con m\u00e1s de 300 artistas programados en LATV Network\u2014, la serie Hunters y el documental 4TRO EL3MENTOS. Sus contenidos son emitidos en prime time en EE.UU. v\u00eda LATV y VOD, alcanzando m\u00e1s de 62 millones de hogares en mercados como Nueva York, Los \u00c1ngeles, Miami y Chicago. Equal Media ha estado presente con cobertura original y branded content en eventos como el Media Hub de los Latin Grammys, LAMC (NY), BIME (Bilbao, Bogot\u00e1), Vive Latino (CDMX), MIM LATAM, CAMM, entre otros hubs de la industria. Aliada de plataformas como Keychange, Femnoise, We Make Noise y la Municipalidad de Quilicura (Chile), Equal Media promueve una industria m\u00e1s equitativa, programando de forma activa proyectos liderados por mujeres, comunidades LGBTQ+ y sectores vulnerables. Bajo la direcci\u00f3n de Ulises Sanher \u2014reconocido por la UNAM y otras instituciones acad\u00e9micas por su labor cultural\u2014, Equal Media ha contribuido a formar nuevas audiencias desde la educaci\u00f3n, el activismo y la creatividad. Sanher ha sido invitado como speaker en foros como Circulart (COL), FIMPRO (MEX), Canadian Music Week (CAN), FME (CAN), SIM S\u00e3o Paulo (BR), MUPA (PAN), Corriente (PER) y Brasil Trends Conference. Tambi\u00e9n ha sido jurado externo de los Premios Rolling Stone en Espa\u00f1ol en Miami y ha ofrecido asesor\u00eda creativa en colaboraci\u00f3n con Berklee Valencia y la Asociaci\u00f3n de Supervisores Musicales.\",\"sameAs\":[\"https:\/\/www.equalmedia.mx\/\",\"https:\/\/www.instagram.com\/equal.music\",\"https:\/\/www.linkedin.com\/in\/ulises-sanher\/\",\"https:\/\/www.youtube.com\/@equalmusicworld\"],\"url\":\"https:\/\/www.equalmedia.mx\/site\/author\/admin\/\"}]}<\/script>\n<!-- \/ Yoast SEO plugin. -->","yoast_head_json":{"title":"Moda latina en Par\u00eds 2026: identidad, pasarela y cultura global","description":"La Semana de la Moda de Par\u00eds 2026 se consolid\u00f3 como un punto de encuentro global para la moda latina, donde dise\u00f1adores, artistas, m\u00fasicos y talentos urbanos fusionaron identidad cultural, est\u00e9tica urbana y narrativas contempor\u00e1neas, transformando la pasarela en un espacio de comunidad y creatividad.","robots":{"index":"index","follow":"follow","max-snippet":"max-snippet:-1","max-image-preview":"max-image-preview:large","max-video-preview":"max-video-preview:-1"},"canonical":"https:\/\/www.equalmedia.mx\/site\/noticias\/moda-latina-paris-fashion-week-2026\/","og_locale":"es_ES","og_type":"article","og_title":"Moda latina en Par\u00eds 2026: identidad, pasarela y cultura global","og_description":"La Semana de la Moda de Par\u00eds 2026 se consolid\u00f3 como un punto de encuentro global para la moda latina, donde dise\u00f1adores, artistas, m\u00fasicos y talentos urbanos fusionaron identidad cultural, est\u00e9tica urbana y narrativas contempor\u00e1neas, transformando la pasarela en un espacio de comunidad y creatividad.","og_url":"https:\/\/www.equalmedia.mx\/site\/noticias\/moda-latina-paris-fashion-week-2026\/","og_site_name":"EQUAL MUSIC | Cultura Latina en Movimiento","article_published_time":"2026-01-24T20:06:29+00:00","og_image":[{"width":1600,"height":1067,"url":"https:\/\/www.equalmedia.mx\/site\/wp-content\/uploads\/2026\/01\/desfile-willy-chavarria-paris-fashion-week.webp","type":"image\/webp"}],"author":"Equal Media","twitter_card":"summary_large_image","twitter_misc":{"Escrito por":"Equal Media","Tiempo de lectura":"4 minutos"},"schema":{"@context":"https:\/\/schema.org","@graph":[{"@type":"Article","@id":"https:\/\/www.equalmedia.mx\/site\/noticias\/moda-latina-paris-fashion-week-2026\/#article","isPartOf":{"@id":"https:\/\/www.equalmedia.mx\/site\/noticias\/moda-latina-paris-fashion-week-2026\/"},"author":{"name":"Equal Media","@id":"https:\/\/www.equalmedia.mx\/site\/#\/schema\/person\/41b6e60d650a80262fa6b5189bbb9f20"},"headline":"La presencia latina redefine la Semana de la Moda de Par\u00eds 2026","datePublished":"2026-01-24T20:06:29+00:00","mainEntityOfPage":{"@id":"https:\/\/www.equalmedia.mx\/site\/noticias\/moda-latina-paris-fashion-week-2026\/"},"wordCount":677,"publisher":{"@id":"https:\/\/www.equalmedia.mx\/site\/#organization"},"image":{"@id":"https:\/\/www.equalmedia.mx\/site\/noticias\/moda-latina-paris-fashion-week-2026\/#primaryimage"},"thumbnailUrl":"https:\/\/www.equalmedia.mx\/site\/wp-content\/uploads\/2026\/01\/desfile-willy-chavarria-paris-fashion-week.webp","keywords":["dise\u00f1o latino global","equal media","moda latina Par\u00eds 2026","Paris Fashion Week Latino","Santos Bravos moda","Willy Chavarr\u00eda Eterno"],"articleSection":["Noticias"],"inLanguage":"es"},{"@type":"WebPage","@id":"https:\/\/www.equalmedia.mx\/site\/noticias\/moda-latina-paris-fashion-week-2026\/","url":"https:\/\/www.equalmedia.mx\/site\/noticias\/moda-latina-paris-fashion-week-2026\/","name":"Moda latina en Par\u00eds 2026: identidad, pasarela y cultura global","isPartOf":{"@id":"https:\/\/www.equalmedia.mx\/site\/#website"},"primaryImageOfPage":{"@id":"https:\/\/www.equalmedia.mx\/site\/noticias\/moda-latina-paris-fashion-week-2026\/#primaryimage"},"image":{"@id":"https:\/\/www.equalmedia.mx\/site\/noticias\/moda-latina-paris-fashion-week-2026\/#primaryimage"},"thumbnailUrl":"https:\/\/www.equalmedia.mx\/site\/wp-content\/uploads\/2026\/01\/desfile-willy-chavarria-paris-fashion-week.webp","datePublished":"2026-01-24T20:06:29+00:00","description":"La Semana de la Moda de Par\u00eds 2026 se consolid\u00f3 como un punto de encuentro global para la moda latina, donde dise\u00f1adores, artistas, m\u00fasicos y talentos urbanos fusionaron identidad cultural, est\u00e9tica urbana y narrativas contempor\u00e1neas, transformando la pasarela en un espacio de comunidad y creatividad.","breadcrumb":{"@id":"https:\/\/www.equalmedia.mx\/site\/noticias\/moda-latina-paris-fashion-week-2026\/#breadcrumb"},"inLanguage":"es","potentialAction":[{"@type":"ReadAction","target":["https:\/\/www.equalmedia.mx\/site\/noticias\/moda-latina-paris-fashion-week-2026\/"]}]},{"@type":"ImageObject","inLanguage":"es","@id":"https:\/\/www.equalmedia.mx\/site\/noticias\/moda-latina-paris-fashion-week-2026\/#primaryimage","url":"https:\/\/www.equalmedia.mx\/site\/wp-content\/uploads\/2026\/01\/desfile-willy-chavarria-paris-fashion-week.webp","contentUrl":"https:\/\/www.equalmedia.mx\/site\/wp-content\/uploads\/2026\/01\/desfile-willy-chavarria-paris-fashion-week.webp","width":1600,"height":1067},{"@type":"BreadcrumbList","@id":"https:\/\/www.equalmedia.mx\/site\/noticias\/moda-latina-paris-fashion-week-2026\/#breadcrumb","itemListElement":[{"@type":"ListItem","position":1,"name":"Inicio","item":"https:\/\/www.equalmedia.mx\/site\/"},{"@type":"ListItem","position":2,"name":"La presencia latina redefine la Semana de la Moda de Par\u00eds 2026"}]},{"@type":"WebSite","@id":"https:\/\/www.equalmedia.mx\/site\/#website","url":"https:\/\/www.equalmedia.mx\/site\/","name":"EQUAL MUSIC | Cultura Latina en Movimiento","description":"Ritmo en movimiento.","publisher":{"@id":"https:\/\/www.equalmedia.mx\/site\/#organization"},"potentialAction":[{"@type":"SearchAction","target":{"@type":"EntryPoint","urlTemplate":"https:\/\/www.equalmedia.mx\/site\/?s={search_term_string}"},"query-input":{"@type":"PropertyValueSpecification","valueRequired":true,"valueName":"search_term_string"}}],"inLanguage":"es"},{"@type":"Organization","@id":"https:\/\/www.equalmedia.mx\/site\/#organization","name":"EQUAL MUSIC | Cultura Latina en Movimiento","url":"https:\/\/www.equalmedia.mx\/site\/","logo":{"@type":"ImageObject","inLanguage":"es","@id":"https:\/\/www.equalmedia.mx\/site\/#\/schema\/logo\/image\/","url":"https:\/\/www.equalmedia.mx\/site\/wp-content\/uploads\/2021\/07\/logoblanco.png","contentUrl":"https:\/\/www.equalmedia.mx\/site\/wp-content\/uploads\/2021\/07\/logoblanco.png","width":1920,"height":589,"caption":"EQUAL MUSIC | Cultura Latina en Movimiento"},"image":{"@id":"https:\/\/www.equalmedia.mx\/site\/#\/schema\/logo\/image\/"}},{"@type":"Person","@id":"https:\/\/www.equalmedia.mx\/site\/#\/schema\/person\/41b6e60d650a80262fa6b5189bbb9f20","name":"Equal Media","image":{"@type":"ImageObject","inLanguage":"es","@id":"https:\/\/www.equalmedia.mx\/site\/#\/schema\/person\/image\/","url":"https:\/\/secure.gravatar.com\/avatar\/51c3f8f080f557c61349ab37ab35c9f967b3b271510dd8ef0b9b16a3dd5a89e9?s=96&d=mm&r=g","contentUrl":"https:\/\/secure.gravatar.com\/avatar\/51c3f8f080f557c61349ab37ab35c9f967b3b271510dd8ef0b9b16a3dd5a89e9?s=96&d=mm&r=g","caption":"Equal Media"},"description":"Equal Media es una productora y agencia de estrategia cultural transmedia que impulsa la visibilidad de la m\u00fasica y cultura latina a trav\u00e9s de contenidos originales, multiplataforma y con enfoque social. Con operaci\u00f3n desde Estados Unidos, M\u00e9xico y Colombia, Equal Media se ha consolidado como un actor clave en la narrativa documental, la curadur\u00eda musical y la creaci\u00f3n de formatos de alto impacto para audiencias latinas globales. Sus producciones incluyen Equal Music Sessions \u2014con m\u00e1s de 300 artistas programados en LATV Network\u2014, la serie Hunters y el documental 4TRO EL3MENTOS. Sus contenidos son emitidos en prime time en EE.UU. v\u00eda LATV y VOD, alcanzando m\u00e1s de 62 millones de hogares en mercados como Nueva York, Los \u00c1ngeles, Miami y Chicago. Equal Media ha estado presente con cobertura original y branded content en eventos como el Media Hub de los Latin Grammys, LAMC (NY), BIME (Bilbao, Bogot\u00e1), Vive Latino (CDMX), MIM LATAM, CAMM, entre otros hubs de la industria. Aliada de plataformas como Keychange, Femnoise, We Make Noise y la Municipalidad de Quilicura (Chile), Equal Media promueve una industria m\u00e1s equitativa, programando de forma activa proyectos liderados por mujeres, comunidades LGBTQ+ y sectores vulnerables. Bajo la direcci\u00f3n de Ulises Sanher \u2014reconocido por la UNAM y otras instituciones acad\u00e9micas por su labor cultural\u2014, Equal Media ha contribuido a formar nuevas audiencias desde la educaci\u00f3n, el activismo y la creatividad. Sanher ha sido invitado como speaker en foros como Circulart (COL), FIMPRO (MEX), Canadian Music Week (CAN), FME (CAN), SIM S\u00e3o Paulo (BR), MUPA (PAN), Corriente (PER) y Brasil Trends Conference. Tambi\u00e9n ha sido jurado externo de los Premios Rolling Stone en Espa\u00f1ol en Miami y ha ofrecido asesor\u00eda creativa en colaboraci\u00f3n con Berklee Valencia y la Asociaci\u00f3n de Supervisores Musicales.","sameAs":["https:\/\/www.equalmedia.mx\/","https:\/\/www.instagram.com\/equal.music","https:\/\/www.linkedin.com\/in\/ulises-sanher\/","https:\/\/www.youtube.com\/@equalmusicworld"],"url":"https:\/\/www.equalmedia.mx\/site\/author\/admin\/"}]}},"_links":{"self":[{"href":"https:\/\/www.equalmedia.mx\/site\/wp-json\/wp\/v2\/posts\/8684","targetHints":{"allow":["GET"]}}],"collection":[{"href":"https:\/\/www.equalmedia.mx\/site\/wp-json\/wp\/v2\/posts"}],"about":[{"href":"https:\/\/www.equalmedia.mx\/site\/wp-json\/wp\/v2\/types\/post"}],"author":[{"embeddable":true,"href":"https:\/\/www.equalmedia.mx\/site\/wp-json\/wp\/v2\/users\/1"}],"replies":[{"embeddable":true,"href":"https:\/\/www.equalmedia.mx\/site\/wp-json\/wp\/v2\/comments?post=8684"}],"version-history":[{"count":1,"href":"https:\/\/www.equalmedia.mx\/site\/wp-json\/wp\/v2\/posts\/8684\/revisions"}],"predecessor-version":[{"id":8687,"href":"https:\/\/www.equalmedia.mx\/site\/wp-json\/wp\/v2\/posts\/8684\/revisions\/8687"}],"wp:featuredmedia":[{"embeddable":true,"href":"https:\/\/www.equalmedia.mx\/site\/wp-json\/wp\/v2\/media\/8685"}],"wp:attachment":[{"href":"https:\/\/www.equalmedia.mx\/site\/wp-json\/wp\/v2\/media?parent=8684"}],"wp:term":[{"taxonomy":"category","embeddable":true,"href":"https:\/\/www.equalmedia.mx\/site\/wp-json\/wp\/v2\/categories?post=8684"},{"taxonomy":"post_tag","embeddable":true,"href":"https:\/\/www.equalmedia.mx\/site\/wp-json\/wp\/v2\/tags?post=8684"}],"curies":[{"name":"wp","href":"https:\/\/api.w.org\/{rel}","templated":true}]}}