{"id":8701,"date":"2026-01-27T23:17:08","date_gmt":"2026-01-27T23:17:08","guid":{"rendered":"https:\/\/www.equalmedia.mx\/site\/?p=8701"},"modified":"2026-01-27T23:17:09","modified_gmt":"2026-01-27T23:17:09","slug":"grammy-house-2026-agenda-musica-emergente-diversidad","status":"publish","type":"post","link":"https:\/\/www.equalmedia.mx\/site\/noticias\/grammy-house-2026-agenda-musica-emergente-diversidad\/","title":{"rendered":"Grammy House 2026: cuando la m\u00fasica, la comunidad y la innovaci\u00f3n se encuentran en Los \u00c1ngeles"},"content":{"rendered":"\n<p>Durante cuatro d\u00edas, del 28 al 31 de enero en Los \u00c1ngeles, <strong>Grammy House 2026<\/strong> se consolida como mucho m\u00e1s que un evento de industria: es un territorio de rearticulaci\u00f3n cultural. En el marco de la Grammy Week, esta iniciativa de la Recording Academy plantea una cartograf\u00eda completa del presente musical global con paneles sobre IA y creaci\u00f3n, celebraciones identitarias, educaci\u00f3n emergente, vitrinas para artistas independientes y espacios de conversaci\u00f3n comunitaria. Con m\u00e1s de una docena de eventos curados, desde la presencia de artistas como will.i.am, Zara Larsson y Durand Bernarr hasta la visibilizaci\u00f3n de colectivos AAPI+, queer y afrodescendientes, Grammy House refleja no solo el pulso de la industria, sino su porvenir.<\/p>\n\n\n\n<figure class=\"wp-block-embed aligncenter is-type-video is-provider-youtube wp-block-embed-youtube wp-embed-aspect-16-9 wp-has-aspect-ratio\"><div class=\"wp-block-embed__wrapper\">\n<iframe title=\"2026 GRAMMYS Nominations: Watch Live Here\" width=\"1300\" height=\"731\" data-src=\"https:\/\/www.youtube.com\/embed\/ypcQnniMFLM?feature=oembed\" frameborder=\"0\" allow=\"accelerometer; autoplay; clipboard-write; encrypted-media; gyroscope; picture-in-picture; web-share\" referrerpolicy=\"strict-origin-when-cross-origin\" allowfullscreen src=\"data:image\/svg+xml;base64,PHN2ZyB3aWR0aD0iMSIgaGVpZ2h0PSIxIiB4bWxucz0iaHR0cDovL3d3dy53My5vcmcvMjAwMC9zdmciPjwvc3ZnPg==\" class=\"lazyload\" data-load-mode=\"1\"><\/iframe>\n<\/div><\/figure>\n\n\n\n<h3 class=\"wp-block-heading\">Un hub cultural en expansi\u00f3n<\/h3>\n\n\n\n<p>Grammy House comenz\u00f3 como un lugar de encuentro durante la <strong>Grammy Week<\/strong>, pero cada a\u00f1o crece en alcance y ambici\u00f3n. Para 2026, la organizaci\u00f3n ampli\u00f3 su programaci\u00f3n a <strong>cuatro d\u00edas completos<\/strong> (del <strong>28 al 31 de enero<\/strong>) que incluir\u00e1n paneles educativos, showcases en vivo, activaciones de marca, espacios de networking y encuentros comunitarios. Todo apunta a que este Grammy House ser\u00e1, m\u00e1s que un anticipo de premios, un laboratorio en el que confluyen arte, tecnolog\u00eda y comunidad.<\/p>\n\n\n\n<p>Este a\u00f1o, la <strong>Recording Academy<\/strong> ha se\u00f1alado que la misi\u00f3n del espacio es \u201cservir como un micr\u00f3fono para las voces de hoy y ma\u00f1ana\u201d, una declaraci\u00f3n que no s\u00f3lo celebra la excelencia art\u00edstica, sino que apuesta por incluir perspectivas diversas y emergentes en la conversaci\u00f3n cultural y profesional de la industria.<\/p>\n\n\n\n<h3 class=\"wp-block-heading\">Voces emergentes y tecnolog\u00eda: una conversaci\u00f3n global<\/h3>\n\n\n\n<p>La agenda del mi\u00e9rcoles 28 inicia con una ceremonia tradicional de bienvenida ofrecida por el pueblo <strong>San Gabriel Band of Mission Indians Gabrieleno\/Tongva<\/strong>, un gesto que sit\u00faa el evento desde ra\u00edces comunitarias profundas. Ese mismo d\u00eda, el panel <strong>Best New Artist Spotlight<\/strong> reunir\u00e1 a las ocho figuras nominadas al premio a Mejor Artista Nuevo, moderado por <strong>Jimmy Jam<\/strong>. M\u00e1s que una ceremonia de presentaci\u00f3n, este panel promete ser un espacio donde esas carreras \u2014que van desde el pop alternativo hasta propuestas m\u00e1s h\u00edbridas\u2014 dialoguen sobre los retos y oportunidades de construir una voz en un ecosistema musical saturado.<\/p>\n\n\n\n<p>Tambi\u00e9n ese d\u00eda se presentar\u00e1 la sesi\u00f3n <em>Women In The Mix: In Session\u00ae<\/em>, donde se celebrar\u00e1 el papel de las mujeres en la m\u00fasica actual con presencia de panelistas como <strong>Ethiopia Habtemariam<\/strong>, INK y <strong>Maggie Rose<\/strong>, junto con una actuaci\u00f3n en vivo de violinistas de la Universidad del Sur de California (USC). Adem\u00e1s, por la noche, <em>A Celebration of Black Creators<\/em> consolidar\u00e1 un espacio dedicado a los aportes de la comunidad afrodescendiente a la m\u00fasica, en colaboraci\u00f3n con el <strong>Black Music Collective<\/strong> y con la participaci\u00f3n de creadores como <strong>Durand Bernarr<\/strong>.<\/p>\n\n\n\n<h3 class=\"wp-block-heading\">El papel de la inteligencia artificial en la creaci\u00f3n musical<\/h3>\n\n\n\n<p>El jueves 29, el panel <strong>Forging Tomorrow\u2019s Music Landscape Today<\/strong> reunir\u00e1 a expertos, artistas y tecn\u00f3logos \u2014incluido <strong>will.i.am<\/strong>\u2014 para explorar c\u00f3mo la inteligencia artificial est\u00e1 transformando los procesos creativos, los derechos de autor y la producci\u00f3n sonora. Esta conversaci\u00f3n llega en un momento clave, en el que la industria enfrenta preguntas profundas sobre originalidad, \u00e9tica y colaboraci\u00f3n. M\u00e1s que una simple discusi\u00f3n t\u00e9cnica, este panel promete poner en el centro c\u00f3mo las herramientas emergentes est\u00e1n configurando nuevas formas de hacer m\u00fasica y conectar con audiencias.<\/p>\n\n\n\n<p>M\u00e1s tarde ese d\u00eda, el showcase <strong>Global Mixtape<\/strong> funcionar\u00e1 como una carta de presentaci\u00f3n de la m\u00fasica que circula sin fronteras, reuniendo a talentos como <strong>AD\u00c9LA<\/strong>, <strong>Hajaj<\/strong> y <strong>Paloma Morphy<\/strong>, bajo la curadur\u00eda de <strong>Tony Succar<\/strong>. Este evento anticipa la direcci\u00f3n del sonido global: h\u00edbrido, intergeneracional y conectado a comunidades diversas que trascienden categor\u00edas tradicionales de g\u00e9nero.<\/p>\n\n\n\n<h3 class=\"wp-block-heading\">Formaci\u00f3n y nuevas narrativas: Grammy U<\/h3>\n\n\n\n<p>El viernes 30 ser\u00e1 un d\u00eda dedicado casi en su totalidad a <strong>Grammy U<\/strong>, el programa educativo de la Recording Academy que busca empoderar a estudiantes, m\u00fasicos emergentes y profesionales en formaci\u00f3n. La <strong>Masterclass con YUNGBLUD<\/strong> ser\u00e1 uno de los momentos m\u00e1s esperados, con transmisiones en vivo por YouTube y Twitch que permitir\u00e1n a una audiencia global participar de una conversaci\u00f3n \u00edntima sobre oficio creativo, desaf\u00edos profesionales y construcci\u00f3n de comunidad.<\/p>\n\n\n\n<p>La jornada culmina con el primer <strong>Grammy U Soundstage<\/strong>, un mini\u2011festival con m\u00faltiples escenarios, actuaciones de talentos emergentes, presentaciones en vivo de Grammy U Members, y sets de <strong>Durand Bernarr<\/strong> y <strong>Los Wizzards<\/strong>. Esta mezcla de educaci\u00f3n, creaci\u00f3n y performance marca un enfoque integral: la siguiente generaci\u00f3n de m\u00fasicos no solo aprende, sino que act\u00faa, conecta y se posiciona ante el mundo.<\/p>\n\n\n\n<h3 class=\"wp-block-heading\">Identidad, independencia y celebraciones culturales<\/h3>\n\n\n\n<p>El s\u00e1bado 31 inicia con el <strong>A2IM Independent Breakfast<\/strong>, punto de encuentro para sellos independientes, artistas y profesionales de la escena no tradicional que han moldeado caminos alternativos de crecimiento y sustentabilidad. Este tipo de encuentros plantean una narrativa de agencia cultural fuera de la l\u00f3gica de los grandes sellos, enfatizando comunidad y econom\u00eda propia.<\/p>\n\n\n\n<p>Por la tarde, <strong>Golden Hour<\/strong> destacar\u00e1 a creadores <strong>Asian American and Pacific Islander (AAPI+)<\/strong>, con actuaciones de <strong>ARKAI<\/strong> y <strong>Stephanie Poetri<\/strong>, en una celebraci\u00f3n que reconoce c\u00f3mo estas identidades est\u00e1n moldeando las est\u00e9ticas actuales y futuras.<\/p>\n\n\n\n<p>La jornada cierra con <strong>Academy Proud<\/strong>, un evento de apoyo a la comunidad <strong>queer y sus aliades<\/strong>, con performances de <strong>Sasha Colby<\/strong>, <strong>Zara Larsson<\/strong> y <strong>ZEE MACHINE<\/strong>. M\u00e1s que una celebraci\u00f3n festiva, este bloque reivindica la importancia de las narrativas LGBTQIA+ dentro del tejido musical contempor\u00e1neo y su papel activo en la construcci\u00f3n de escenarios culturales inclusivos.<\/p>\n","protected":false},"excerpt":{"rendered":"<p>Durante cuatro d\u00edas, del 28 al 31 de enero en Los \u00c1ngeles, Grammy House 2026 se consolida como mucho m\u00e1s que un evento de industria: es un territorio de rearticulaci\u00f3n cultural. En el marco de la Grammy Week, esta iniciativa de la Recording Academy plantea una cartograf\u00eda completa del presente musical global con paneles sobre [&hellip;]<\/p>\n","protected":false},"author":1,"featured_media":8702,"comment_status":"closed","ping_status":"closed","sticky":false,"template":"","format":"standard","meta":{"footnotes":""},"categories":[1203],"tags":[3427,3425,708,496,1052,3428,3426,3424,3429,3430,3431],"class_list":["post-8701","post","type-post","status-publish","format-standard","has-post-thumbnail","hentry","category-noticias","tag-aapi-musica","tag-black-music-collective","tag-diversidad-musical","tag-equal-media","tag-escena-independiente","tag-grammy-house-2026","tag-grammy-u","tag-grammy-week","tag-musica-emergente","tag-queer-music","tag-tecnologia-musical"],"yoast_head":"<!-- This site is optimized with the Yoast SEO plugin v26.6 - https:\/\/yoast.com\/wordpress\/plugins\/seo\/ -->\n<title>Grammy House 2026: agenda, voces emergentes y diversidad que marcan la agenda musical<\/title>\n<meta name=\"description\" content=\"Del 28 al 31 de enero en Los \u00c1ngeles, Grammy House 2026 reunir\u00e1 a creadores emergentes, l\u00edderes de industria y comunidades diversas en paneles, showcases y experiencias que redefinen la industria musical antes de los Grammy Awards.\" \/>\n<meta name=\"robots\" content=\"index, follow, max-snippet:-1, max-image-preview:large, max-video-preview:-1\" \/>\n<link rel=\"canonical\" href=\"https:\/\/www.equalmedia.mx\/site\/noticias\/grammy-house-2026-agenda-musica-emergente-diversidad\/\" \/>\n<meta property=\"og:locale\" content=\"es_ES\" \/>\n<meta property=\"og:type\" content=\"article\" \/>\n<meta property=\"og:title\" content=\"Grammy House 2026: agenda, voces emergentes y diversidad que marcan la agenda musical\" \/>\n<meta property=\"og:description\" content=\"Del 28 al 31 de enero en Los \u00c1ngeles, Grammy House 2026 reunir\u00e1 a creadores emergentes, l\u00edderes de industria y comunidades diversas en paneles, showcases y experiencias que redefinen la industria musical antes de los Grammy Awards.\" \/>\n<meta property=\"og:url\" content=\"https:\/\/www.equalmedia.mx\/site\/noticias\/grammy-house-2026-agenda-musica-emergente-diversidad\/\" \/>\n<meta property=\"og:site_name\" content=\"EQUAL MUSIC | Cultura Latina en Movimiento\" \/>\n<meta property=\"article:published_time\" content=\"2026-01-27T23:17:08+00:00\" \/>\n<meta property=\"article:modified_time\" content=\"2026-01-27T23:17:09+00:00\" \/>\n<meta property=\"og:image\" content=\"https:\/\/www.equalmedia.mx\/site\/wp-content\/uploads\/2026\/01\/2026_grammys_house_programming_announcement_recording_academy_hero_1644x925.jpg\" \/>\n\t<meta property=\"og:image:width\" content=\"1644\" \/>\n\t<meta property=\"og:image:height\" content=\"925\" \/>\n\t<meta property=\"og:image:type\" content=\"image\/jpeg\" \/>\n<meta name=\"author\" content=\"Equal Media\" \/>\n<meta name=\"twitter:card\" content=\"summary_large_image\" \/>\n<meta name=\"twitter:label1\" content=\"Escrito por\" \/>\n\t<meta name=\"twitter:data1\" content=\"Equal Media\" \/>\n\t<meta name=\"twitter:label2\" content=\"Tiempo de lectura\" \/>\n\t<meta name=\"twitter:data2\" content=\"5 minutos\" \/>\n<script type=\"application\/ld+json\" class=\"yoast-schema-graph\">{\"@context\":\"https:\/\/schema.org\",\"@graph\":[{\"@type\":\"Article\",\"@id\":\"https:\/\/www.equalmedia.mx\/site\/noticias\/grammy-house-2026-agenda-musica-emergente-diversidad\/#article\",\"isPartOf\":{\"@id\":\"https:\/\/www.equalmedia.mx\/site\/noticias\/grammy-house-2026-agenda-musica-emergente-diversidad\/\"},\"author\":{\"name\":\"Equal Media\",\"@id\":\"https:\/\/www.equalmedia.mx\/site\/#\/schema\/person\/41b6e60d650a80262fa6b5189bbb9f20\"},\"headline\":\"Grammy House 2026: cuando la m\u00fasica, la comunidad y la innovaci\u00f3n se encuentran en Los \u00c1ngeles\",\"datePublished\":\"2026-01-27T23:17:08+00:00\",\"dateModified\":\"2026-01-27T23:17:09+00:00\",\"mainEntityOfPage\":{\"@id\":\"https:\/\/www.equalmedia.mx\/site\/noticias\/grammy-house-2026-agenda-musica-emergente-diversidad\/\"},\"wordCount\":1002,\"publisher\":{\"@id\":\"https:\/\/www.equalmedia.mx\/site\/#organization\"},\"image\":{\"@id\":\"https:\/\/www.equalmedia.mx\/site\/noticias\/grammy-house-2026-agenda-musica-emergente-diversidad\/#primaryimage\"},\"thumbnailUrl\":\"https:\/\/www.equalmedia.mx\/site\/wp-content\/uploads\/2026\/01\/2026_grammys_house_programming_announcement_recording_academy_hero_1644x925.jpg\",\"keywords\":[\"AAPI m\u00fasica\",\"Black Music Collective\",\"diversidad musical\",\"equal media\",\"escena independiente\",\"Grammy House 2026\",\"Grammy U\",\"Grammy Week\",\"m\u00fasica emergente\",\"queer music\",\"tecnolog\u00eda musical\"],\"articleSection\":[\"Noticias\"],\"inLanguage\":\"es\"},{\"@type\":\"WebPage\",\"@id\":\"https:\/\/www.equalmedia.mx\/site\/noticias\/grammy-house-2026-agenda-musica-emergente-diversidad\/\",\"url\":\"https:\/\/www.equalmedia.mx\/site\/noticias\/grammy-house-2026-agenda-musica-emergente-diversidad\/\",\"name\":\"Grammy House 2026: agenda, voces emergentes y diversidad que marcan la agenda musical\",\"isPartOf\":{\"@id\":\"https:\/\/www.equalmedia.mx\/site\/#website\"},\"primaryImageOfPage\":{\"@id\":\"https:\/\/www.equalmedia.mx\/site\/noticias\/grammy-house-2026-agenda-musica-emergente-diversidad\/#primaryimage\"},\"image\":{\"@id\":\"https:\/\/www.equalmedia.mx\/site\/noticias\/grammy-house-2026-agenda-musica-emergente-diversidad\/#primaryimage\"},\"thumbnailUrl\":\"https:\/\/www.equalmedia.mx\/site\/wp-content\/uploads\/2026\/01\/2026_grammys_house_programming_announcement_recording_academy_hero_1644x925.jpg\",\"datePublished\":\"2026-01-27T23:17:08+00:00\",\"dateModified\":\"2026-01-27T23:17:09+00:00\",\"description\":\"Del 28 al 31 de enero en Los \u00c1ngeles, Grammy House 2026 reunir\u00e1 a creadores emergentes, l\u00edderes de industria y comunidades diversas en paneles, showcases y experiencias que redefinen la industria musical antes de los Grammy Awards.\",\"breadcrumb\":{\"@id\":\"https:\/\/www.equalmedia.mx\/site\/noticias\/grammy-house-2026-agenda-musica-emergente-diversidad\/#breadcrumb\"},\"inLanguage\":\"es\",\"potentialAction\":[{\"@type\":\"ReadAction\",\"target\":[\"https:\/\/www.equalmedia.mx\/site\/noticias\/grammy-house-2026-agenda-musica-emergente-diversidad\/\"]}]},{\"@type\":\"ImageObject\",\"inLanguage\":\"es\",\"@id\":\"https:\/\/www.equalmedia.mx\/site\/noticias\/grammy-house-2026-agenda-musica-emergente-diversidad\/#primaryimage\",\"url\":\"https:\/\/www.equalmedia.mx\/site\/wp-content\/uploads\/2026\/01\/2026_grammys_house_programming_announcement_recording_academy_hero_1644x925.jpg\",\"contentUrl\":\"https:\/\/www.equalmedia.mx\/site\/wp-content\/uploads\/2026\/01\/2026_grammys_house_programming_announcement_recording_academy_hero_1644x925.jpg\",\"width\":1644,\"height\":925},{\"@type\":\"BreadcrumbList\",\"@id\":\"https:\/\/www.equalmedia.mx\/site\/noticias\/grammy-house-2026-agenda-musica-emergente-diversidad\/#breadcrumb\",\"itemListElement\":[{\"@type\":\"ListItem\",\"position\":1,\"name\":\"Inicio\",\"item\":\"https:\/\/www.equalmedia.mx\/site\/\"},{\"@type\":\"ListItem\",\"position\":2,\"name\":\"Grammy House 2026: cuando la m\u00fasica, la comunidad y la innovaci\u00f3n se encuentran en Los \u00c1ngeles\"}]},{\"@type\":\"WebSite\",\"@id\":\"https:\/\/www.equalmedia.mx\/site\/#website\",\"url\":\"https:\/\/www.equalmedia.mx\/site\/\",\"name\":\"EQUAL MUSIC | Cultura Latina en Movimiento\",\"description\":\"Ritmo en movimiento.\",\"publisher\":{\"@id\":\"https:\/\/www.equalmedia.mx\/site\/#organization\"},\"potentialAction\":[{\"@type\":\"SearchAction\",\"target\":{\"@type\":\"EntryPoint\",\"urlTemplate\":\"https:\/\/www.equalmedia.mx\/site\/?s={search_term_string}\"},\"query-input\":{\"@type\":\"PropertyValueSpecification\",\"valueRequired\":true,\"valueName\":\"search_term_string\"}}],\"inLanguage\":\"es\"},{\"@type\":\"Organization\",\"@id\":\"https:\/\/www.equalmedia.mx\/site\/#organization\",\"name\":\"EQUAL MUSIC | Cultura Latina en Movimiento\",\"url\":\"https:\/\/www.equalmedia.mx\/site\/\",\"logo\":{\"@type\":\"ImageObject\",\"inLanguage\":\"es\",\"@id\":\"https:\/\/www.equalmedia.mx\/site\/#\/schema\/logo\/image\/\",\"url\":\"https:\/\/www.equalmedia.mx\/site\/wp-content\/uploads\/2021\/07\/logoblanco.png\",\"contentUrl\":\"https:\/\/www.equalmedia.mx\/site\/wp-content\/uploads\/2021\/07\/logoblanco.png\",\"width\":1920,\"height\":589,\"caption\":\"EQUAL MUSIC | Cultura Latina en Movimiento\"},\"image\":{\"@id\":\"https:\/\/www.equalmedia.mx\/site\/#\/schema\/logo\/image\/\"}},{\"@type\":\"Person\",\"@id\":\"https:\/\/www.equalmedia.mx\/site\/#\/schema\/person\/41b6e60d650a80262fa6b5189bbb9f20\",\"name\":\"Equal Media\",\"image\":{\"@type\":\"ImageObject\",\"inLanguage\":\"es\",\"@id\":\"https:\/\/www.equalmedia.mx\/site\/#\/schema\/person\/image\/\",\"url\":\"https:\/\/secure.gravatar.com\/avatar\/51c3f8f080f557c61349ab37ab35c9f967b3b271510dd8ef0b9b16a3dd5a89e9?s=96&d=mm&r=g\",\"contentUrl\":\"https:\/\/secure.gravatar.com\/avatar\/51c3f8f080f557c61349ab37ab35c9f967b3b271510dd8ef0b9b16a3dd5a89e9?s=96&d=mm&r=g\",\"caption\":\"Equal Media\"},\"description\":\"Equal Media es una productora y agencia de estrategia cultural transmedia que impulsa la visibilidad de la m\u00fasica y cultura latina a trav\u00e9s de contenidos originales, multiplataforma y con enfoque social. Con operaci\u00f3n desde Estados Unidos, M\u00e9xico y Colombia, Equal Media se ha consolidado como un actor clave en la narrativa documental, la curadur\u00eda musical y la creaci\u00f3n de formatos de alto impacto para audiencias latinas globales. Sus producciones incluyen Equal Music Sessions \u2014con m\u00e1s de 300 artistas programados en LATV Network\u2014, la serie Hunters y el documental 4TRO EL3MENTOS. Sus contenidos son emitidos en prime time en EE.UU. v\u00eda LATV y VOD, alcanzando m\u00e1s de 62 millones de hogares en mercados como Nueva York, Los \u00c1ngeles, Miami y Chicago. Equal Media ha estado presente con cobertura original y branded content en eventos como el Media Hub de los Latin Grammys, LAMC (NY), BIME (Bilbao, Bogot\u00e1), Vive Latino (CDMX), MIM LATAM, CAMM, entre otros hubs de la industria. Aliada de plataformas como Keychange, Femnoise, We Make Noise y la Municipalidad de Quilicura (Chile), Equal Media promueve una industria m\u00e1s equitativa, programando de forma activa proyectos liderados por mujeres, comunidades LGBTQ+ y sectores vulnerables. Bajo la direcci\u00f3n de Ulises Sanher \u2014reconocido por la UNAM y otras instituciones acad\u00e9micas por su labor cultural\u2014, Equal Media ha contribuido a formar nuevas audiencias desde la educaci\u00f3n, el activismo y la creatividad. Sanher ha sido invitado como speaker en foros como Circulart (COL), FIMPRO (MEX), Canadian Music Week (CAN), FME (CAN), SIM S\u00e3o Paulo (BR), MUPA (PAN), Corriente (PER) y Brasil Trends Conference. Tambi\u00e9n ha sido jurado externo de los Premios Rolling Stone en Espa\u00f1ol en Miami y ha ofrecido asesor\u00eda creativa en colaboraci\u00f3n con Berklee Valencia y la Asociaci\u00f3n de Supervisores Musicales.\",\"sameAs\":[\"https:\/\/www.equalmedia.mx\/\",\"https:\/\/www.instagram.com\/equal.music\",\"https:\/\/www.linkedin.com\/in\/ulises-sanher\/\",\"https:\/\/www.youtube.com\/@equalmusicworld\"],\"url\":\"https:\/\/www.equalmedia.mx\/site\/author\/admin\/\"}]}<\/script>\n<!-- \/ Yoast SEO plugin. -->","yoast_head_json":{"title":"Grammy House 2026: agenda, voces emergentes y diversidad que marcan la agenda musical","description":"Del 28 al 31 de enero en Los \u00c1ngeles, Grammy House 2026 reunir\u00e1 a creadores emergentes, l\u00edderes de industria y comunidades diversas en paneles, showcases y experiencias que redefinen la industria musical antes de los Grammy Awards.","robots":{"index":"index","follow":"follow","max-snippet":"max-snippet:-1","max-image-preview":"max-image-preview:large","max-video-preview":"max-video-preview:-1"},"canonical":"https:\/\/www.equalmedia.mx\/site\/noticias\/grammy-house-2026-agenda-musica-emergente-diversidad\/","og_locale":"es_ES","og_type":"article","og_title":"Grammy House 2026: agenda, voces emergentes y diversidad que marcan la agenda musical","og_description":"Del 28 al 31 de enero en Los \u00c1ngeles, Grammy House 2026 reunir\u00e1 a creadores emergentes, l\u00edderes de industria y comunidades diversas en paneles, showcases y experiencias que redefinen la industria musical antes de los Grammy Awards.","og_url":"https:\/\/www.equalmedia.mx\/site\/noticias\/grammy-house-2026-agenda-musica-emergente-diversidad\/","og_site_name":"EQUAL MUSIC | Cultura Latina en Movimiento","article_published_time":"2026-01-27T23:17:08+00:00","article_modified_time":"2026-01-27T23:17:09+00:00","og_image":[{"width":1644,"height":925,"url":"https:\/\/www.equalmedia.mx\/site\/wp-content\/uploads\/2026\/01\/2026_grammys_house_programming_announcement_recording_academy_hero_1644x925.jpg","type":"image\/jpeg"}],"author":"Equal Media","twitter_card":"summary_large_image","twitter_misc":{"Escrito por":"Equal Media","Tiempo de lectura":"5 minutos"},"schema":{"@context":"https:\/\/schema.org","@graph":[{"@type":"Article","@id":"https:\/\/www.equalmedia.mx\/site\/noticias\/grammy-house-2026-agenda-musica-emergente-diversidad\/#article","isPartOf":{"@id":"https:\/\/www.equalmedia.mx\/site\/noticias\/grammy-house-2026-agenda-musica-emergente-diversidad\/"},"author":{"name":"Equal Media","@id":"https:\/\/www.equalmedia.mx\/site\/#\/schema\/person\/41b6e60d650a80262fa6b5189bbb9f20"},"headline":"Grammy House 2026: cuando la m\u00fasica, la comunidad y la innovaci\u00f3n se encuentran en Los \u00c1ngeles","datePublished":"2026-01-27T23:17:08+00:00","dateModified":"2026-01-27T23:17:09+00:00","mainEntityOfPage":{"@id":"https:\/\/www.equalmedia.mx\/site\/noticias\/grammy-house-2026-agenda-musica-emergente-diversidad\/"},"wordCount":1002,"publisher":{"@id":"https:\/\/www.equalmedia.mx\/site\/#organization"},"image":{"@id":"https:\/\/www.equalmedia.mx\/site\/noticias\/grammy-house-2026-agenda-musica-emergente-diversidad\/#primaryimage"},"thumbnailUrl":"https:\/\/www.equalmedia.mx\/site\/wp-content\/uploads\/2026\/01\/2026_grammys_house_programming_announcement_recording_academy_hero_1644x925.jpg","keywords":["AAPI m\u00fasica","Black Music Collective","diversidad musical","equal media","escena independiente","Grammy House 2026","Grammy U","Grammy Week","m\u00fasica emergente","queer music","tecnolog\u00eda musical"],"articleSection":["Noticias"],"inLanguage":"es"},{"@type":"WebPage","@id":"https:\/\/www.equalmedia.mx\/site\/noticias\/grammy-house-2026-agenda-musica-emergente-diversidad\/","url":"https:\/\/www.equalmedia.mx\/site\/noticias\/grammy-house-2026-agenda-musica-emergente-diversidad\/","name":"Grammy House 2026: agenda, voces emergentes y diversidad que marcan la agenda musical","isPartOf":{"@id":"https:\/\/www.equalmedia.mx\/site\/#website"},"primaryImageOfPage":{"@id":"https:\/\/www.equalmedia.mx\/site\/noticias\/grammy-house-2026-agenda-musica-emergente-diversidad\/#primaryimage"},"image":{"@id":"https:\/\/www.equalmedia.mx\/site\/noticias\/grammy-house-2026-agenda-musica-emergente-diversidad\/#primaryimage"},"thumbnailUrl":"https:\/\/www.equalmedia.mx\/site\/wp-content\/uploads\/2026\/01\/2026_grammys_house_programming_announcement_recording_academy_hero_1644x925.jpg","datePublished":"2026-01-27T23:17:08+00:00","dateModified":"2026-01-27T23:17:09+00:00","description":"Del 28 al 31 de enero en Los \u00c1ngeles, Grammy House 2026 reunir\u00e1 a creadores emergentes, l\u00edderes de industria y comunidades diversas en paneles, showcases y experiencias que redefinen la industria musical antes de los Grammy Awards.","breadcrumb":{"@id":"https:\/\/www.equalmedia.mx\/site\/noticias\/grammy-house-2026-agenda-musica-emergente-diversidad\/#breadcrumb"},"inLanguage":"es","potentialAction":[{"@type":"ReadAction","target":["https:\/\/www.equalmedia.mx\/site\/noticias\/grammy-house-2026-agenda-musica-emergente-diversidad\/"]}]},{"@type":"ImageObject","inLanguage":"es","@id":"https:\/\/www.equalmedia.mx\/site\/noticias\/grammy-house-2026-agenda-musica-emergente-diversidad\/#primaryimage","url":"https:\/\/www.equalmedia.mx\/site\/wp-content\/uploads\/2026\/01\/2026_grammys_house_programming_announcement_recording_academy_hero_1644x925.jpg","contentUrl":"https:\/\/www.equalmedia.mx\/site\/wp-content\/uploads\/2026\/01\/2026_grammys_house_programming_announcement_recording_academy_hero_1644x925.jpg","width":1644,"height":925},{"@type":"BreadcrumbList","@id":"https:\/\/www.equalmedia.mx\/site\/noticias\/grammy-house-2026-agenda-musica-emergente-diversidad\/#breadcrumb","itemListElement":[{"@type":"ListItem","position":1,"name":"Inicio","item":"https:\/\/www.equalmedia.mx\/site\/"},{"@type":"ListItem","position":2,"name":"Grammy House 2026: cuando la m\u00fasica, la comunidad y la innovaci\u00f3n se encuentran en Los \u00c1ngeles"}]},{"@type":"WebSite","@id":"https:\/\/www.equalmedia.mx\/site\/#website","url":"https:\/\/www.equalmedia.mx\/site\/","name":"EQUAL MUSIC | Cultura Latina en Movimiento","description":"Ritmo en movimiento.","publisher":{"@id":"https:\/\/www.equalmedia.mx\/site\/#organization"},"potentialAction":[{"@type":"SearchAction","target":{"@type":"EntryPoint","urlTemplate":"https:\/\/www.equalmedia.mx\/site\/?s={search_term_string}"},"query-input":{"@type":"PropertyValueSpecification","valueRequired":true,"valueName":"search_term_string"}}],"inLanguage":"es"},{"@type":"Organization","@id":"https:\/\/www.equalmedia.mx\/site\/#organization","name":"EQUAL MUSIC | Cultura Latina en Movimiento","url":"https:\/\/www.equalmedia.mx\/site\/","logo":{"@type":"ImageObject","inLanguage":"es","@id":"https:\/\/www.equalmedia.mx\/site\/#\/schema\/logo\/image\/","url":"https:\/\/www.equalmedia.mx\/site\/wp-content\/uploads\/2021\/07\/logoblanco.png","contentUrl":"https:\/\/www.equalmedia.mx\/site\/wp-content\/uploads\/2021\/07\/logoblanco.png","width":1920,"height":589,"caption":"EQUAL MUSIC | Cultura Latina en Movimiento"},"image":{"@id":"https:\/\/www.equalmedia.mx\/site\/#\/schema\/logo\/image\/"}},{"@type":"Person","@id":"https:\/\/www.equalmedia.mx\/site\/#\/schema\/person\/41b6e60d650a80262fa6b5189bbb9f20","name":"Equal Media","image":{"@type":"ImageObject","inLanguage":"es","@id":"https:\/\/www.equalmedia.mx\/site\/#\/schema\/person\/image\/","url":"https:\/\/secure.gravatar.com\/avatar\/51c3f8f080f557c61349ab37ab35c9f967b3b271510dd8ef0b9b16a3dd5a89e9?s=96&d=mm&r=g","contentUrl":"https:\/\/secure.gravatar.com\/avatar\/51c3f8f080f557c61349ab37ab35c9f967b3b271510dd8ef0b9b16a3dd5a89e9?s=96&d=mm&r=g","caption":"Equal Media"},"description":"Equal Media es una productora y agencia de estrategia cultural transmedia que impulsa la visibilidad de la m\u00fasica y cultura latina a trav\u00e9s de contenidos originales, multiplataforma y con enfoque social. Con operaci\u00f3n desde Estados Unidos, M\u00e9xico y Colombia, Equal Media se ha consolidado como un actor clave en la narrativa documental, la curadur\u00eda musical y la creaci\u00f3n de formatos de alto impacto para audiencias latinas globales. Sus producciones incluyen Equal Music Sessions \u2014con m\u00e1s de 300 artistas programados en LATV Network\u2014, la serie Hunters y el documental 4TRO EL3MENTOS. Sus contenidos son emitidos en prime time en EE.UU. v\u00eda LATV y VOD, alcanzando m\u00e1s de 62 millones de hogares en mercados como Nueva York, Los \u00c1ngeles, Miami y Chicago. Equal Media ha estado presente con cobertura original y branded content en eventos como el Media Hub de los Latin Grammys, LAMC (NY), BIME (Bilbao, Bogot\u00e1), Vive Latino (CDMX), MIM LATAM, CAMM, entre otros hubs de la industria. Aliada de plataformas como Keychange, Femnoise, We Make Noise y la Municipalidad de Quilicura (Chile), Equal Media promueve una industria m\u00e1s equitativa, programando de forma activa proyectos liderados por mujeres, comunidades LGBTQ+ y sectores vulnerables. Bajo la direcci\u00f3n de Ulises Sanher \u2014reconocido por la UNAM y otras instituciones acad\u00e9micas por su labor cultural\u2014, Equal Media ha contribuido a formar nuevas audiencias desde la educaci\u00f3n, el activismo y la creatividad. Sanher ha sido invitado como speaker en foros como Circulart (COL), FIMPRO (MEX), Canadian Music Week (CAN), FME (CAN), SIM S\u00e3o Paulo (BR), MUPA (PAN), Corriente (PER) y Brasil Trends Conference. Tambi\u00e9n ha sido jurado externo de los Premios Rolling Stone en Espa\u00f1ol en Miami y ha ofrecido asesor\u00eda creativa en colaboraci\u00f3n con Berklee Valencia y la Asociaci\u00f3n de Supervisores Musicales.","sameAs":["https:\/\/www.equalmedia.mx\/","https:\/\/www.instagram.com\/equal.music","https:\/\/www.linkedin.com\/in\/ulises-sanher\/","https:\/\/www.youtube.com\/@equalmusicworld"],"url":"https:\/\/www.equalmedia.mx\/site\/author\/admin\/"}]}},"_links":{"self":[{"href":"https:\/\/www.equalmedia.mx\/site\/wp-json\/wp\/v2\/posts\/8701","targetHints":{"allow":["GET"]}}],"collection":[{"href":"https:\/\/www.equalmedia.mx\/site\/wp-json\/wp\/v2\/posts"}],"about":[{"href":"https:\/\/www.equalmedia.mx\/site\/wp-json\/wp\/v2\/types\/post"}],"author":[{"embeddable":true,"href":"https:\/\/www.equalmedia.mx\/site\/wp-json\/wp\/v2\/users\/1"}],"replies":[{"embeddable":true,"href":"https:\/\/www.equalmedia.mx\/site\/wp-json\/wp\/v2\/comments?post=8701"}],"version-history":[{"count":1,"href":"https:\/\/www.equalmedia.mx\/site\/wp-json\/wp\/v2\/posts\/8701\/revisions"}],"predecessor-version":[{"id":8703,"href":"https:\/\/www.equalmedia.mx\/site\/wp-json\/wp\/v2\/posts\/8701\/revisions\/8703"}],"wp:featuredmedia":[{"embeddable":true,"href":"https:\/\/www.equalmedia.mx\/site\/wp-json\/wp\/v2\/media\/8702"}],"wp:attachment":[{"href":"https:\/\/www.equalmedia.mx\/site\/wp-json\/wp\/v2\/media?parent=8701"}],"wp:term":[{"taxonomy":"category","embeddable":true,"href":"https:\/\/www.equalmedia.mx\/site\/wp-json\/wp\/v2\/categories?post=8701"},{"taxonomy":"post_tag","embeddable":true,"href":"https:\/\/www.equalmedia.mx\/site\/wp-json\/wp\/v2\/tags?post=8701"}],"curies":[{"name":"wp","href":"https:\/\/api.w.org\/{rel}","templated":true}]}}