{"id":8708,"date":"2026-01-27T23:57:21","date_gmt":"2026-01-27T23:57:21","guid":{"rendered":"https:\/\/www.equalmedia.mx\/site\/?p=8708"},"modified":"2026-01-27T23:57:21","modified_gmt":"2026-01-27T23:57:21","slug":"ye-disculpa-antisemitismo-bipolaridad","status":"publish","type":"post","link":"https:\/\/www.equalmedia.mx\/site\/noticias\/ye-disculpa-antisemitismo-bipolaridad\/","title":{"rendered":"Ye se disculpa por comentarios antisemitas"},"content":{"rendered":"\n<p>El rapero y productor <strong>Ye<\/strong>, anteriormente conocido como <strong>Kanye West<\/strong>, public\u00f3 una extensa carta de disculpa titulada <em>\u201cTo Those I\u2019ve Hurt\u201d<\/em> mediante un anuncio de p\u00e1gina completa en el <em>Wall Street Journal<\/em>, reconociendo el profundo impacto de sus comentarios antisemitas y otras conductas da\u00f1inas. En su misiva, Ye atribuy\u00f3 su comportamiento, en parte, a episodios man\u00edacos vinculados a su trastorno bipolar tipo I, que \u00e9l afirma estuvo <strong>sin diagn\u00f3stico ni tratamiento adecuado durante a\u00f1os<\/strong> y que se intensific\u00f3 tras una lesi\u00f3n cerebral pasada. Aunque ha expresado profundo arrepentimiento y reafirma que \u201cno es nazi ni antisemita\u201d, su pronunciamiento ha generado una mezcla de reacciones. La disculpa llega pocos d\u00edas antes del lanzamiento de su \u00e1lbum <em>Bully<\/em>, previsto para esta semana, en un momento en que su trayectoria art\u00edstica y su legado cultural est\u00e1n siendo reevaluados.<\/p>\n\n\n<div class=\"wp-block-image\">\n<figure class=\"aligncenter size-large is-resized\"><img fetchpriority=\"high\" decoding=\"async\" width=\"1024\" height=\"674\" src=\"https:\/\/www.equalmedia.mx\/site\/wp-content\/uploads\/2026\/01\/descarga-1024x674.jpeg\" alt=\"\" class=\"wp-image-8710\" style=\"width:878px;height:auto\" srcset=\"https:\/\/www.equalmedia.mx\/site\/wp-content\/uploads\/2026\/01\/descarga-1024x674.jpeg 1024w, https:\/\/www.equalmedia.mx\/site\/wp-content\/uploads\/2026\/01\/descarga-300x198.jpeg 300w, https:\/\/www.equalmedia.mx\/site\/wp-content\/uploads\/2026\/01\/descarga-768x506.jpeg 768w, https:\/\/www.equalmedia.mx\/site\/wp-content\/uploads\/2026\/01\/descarga-600x395.jpeg 600w, https:\/\/www.equalmedia.mx\/site\/wp-content\/uploads\/2026\/01\/descarga.jpeg 1200w\" sizes=\"(max-width: 1024px) 100vw, 1024px\" \/><\/figure>\n<\/div>\n\n\n<h3 class=\"wp-block-heading\">Una disculpa p\u00fablica y sin precedentes<\/h3>\n\n\n\n<p>El 26 de enero de 2026, Ye tom\u00f3 una p\u00e1gina completa en el <em>Wall Street Journal<\/em> para publicar una carta titulada <strong>\u201cTo Those I\u2019ve Hurt\u201d<\/strong>, dirigida a quienes fueron afectados por sus declaraciones y acciones en los \u00faltimos a\u00f1os. En ella, el artista escribi\u00f3 que <strong>\u201cperdi\u00f3 contacto con la realidad\u201d<\/strong> durante episodios de su trastorno bipolar no tratado, que \u00e9l relaciona con una lesi\u00f3n cerebral no diagnosticada tras un accidente automovil\u00edstico hace m\u00e1s de dos d\u00e9cadas. Ye no solo se disculp\u00f3 por sus comentarios antisemitas, sino tambi\u00e9n por otras expresiones ofensivas que el propio m\u00fasico calific\u00f3 de \u201cdestructivas\u201d.<\/p>\n\n\n\n<p>Si bien Ye afirm\u00f3 que su comportamiento fue producto de un estado de salud mental deteriorado, aclar\u00f3 que eso <strong>no excusa sus acciones<\/strong>: \u201clo lamento y estoy profundamente mortificado por mis acciones en ese estado\u201d, escribi\u00f3, a\u00f1adiendo que <strong>no es nazi ni antisemita y que ama al pueblo jud\u00edo<\/strong>.<\/p>\n\n\n\n<h3 class=\"wp-block-heading\">Bipolaridad, salud mental y responsabilidad p\u00fablica<\/h3>\n\n\n\n<p>En la carta, Ye relat\u00f3 que su diagn\u00f3stico de <strong>bipolar tipo I<\/strong> se confirm\u00f3 tras a\u00f1os de fluctuaciones emocionales no reconocidas y que su trastorno \u2014caracterizado por periodos de man\u00eda y depresi\u00f3n\u2014 contribuy\u00f3 a episodios de comportamiento impulsivo y declaraciones extremas. Seg\u00fan \u00e9l, durante un periodo man\u00edaco de aproximadamente cuatro meses en 2025 experiment\u00f3 conductas \u201cpsic\u00f3ticas, paranoicas e impulsivas\u201d que, en su opini\u00f3n, \u201cdestruyeron su vida\u201d.<\/p>\n\n\n\n<p>El artista tambi\u00e9n reconoci\u00f3 que estuvo <strong>en un punto muy bajo emocionalmente<\/strong>, incluso con pensamientos de no querer seguir viviendo, y que finalmente decidi\u00f3 buscar tratamiento con apoyo de su entorno familiar. En la misiva explic\u00f3 que est\u00e1 trabajando con <strong>medicaci\u00f3n, terapia, ejercicio y una vida m\u00e1s estable<\/strong> como parte de su recuperaci\u00f3n actual.<\/p>\n\n\n\n<p>Sin embargo, expertos y organizaciones especializadas han se\u00f1alado que la asociaci\u00f3n entre enfermedad mental y comportamiento prejuicioso no puede funcionar como justificaci\u00f3n autom\u00e1tica para expresiones de odio. La <strong>Anti\u2011Defamation League<\/strong> afirm\u00f3 que su disculpa, aunque tard\u00eda, no elimina el dolor causado por a\u00f1os de comentarios antisemitas y que el verdadero compromiso ser\u00eda evitar repetidos actos y discursos da\u00f1inos.<\/p>\n\n\n\n<h3 class=\"wp-block-heading\">M\u00e1s all\u00e1 de la disculpa: arte, controversia y legado<\/h3>\n\n\n\n<p>El anuncio de Ye llega pocos d\u00edas antes del <strong>lanzamiento de <em>Bully<\/em><\/strong>, su pr\u00f3ximo \u00e1lbum programado para esta semana, lo que ha generado interpretaci\u00f3n cr\u00edtica sobre el contexto y la motivaci\u00f3n del pronunciamiento. En entrevistas recientes, Ye neg\u00f3 que su disculpa fuera un movimiento estrat\u00e9gico para relanzar su carrera, insistiendo en que proviene de un lugar de <strong>remordimiento genuino<\/strong> y deseo de responsabilidad personal, m\u00e1s all\u00e1 de su renovada actividad musical.<\/p>\n\n\n\n<p>La trayectoria de Ye ha estado marcada por altos y bajos creativos, desde \u00e1lbumes que redefinieron el hip\u2011hop hasta comportamientos altamente controvertidos que le costaron relaciones con marcas, agencias y parte de la comunidad art\u00edstica. Su caso se convierte ahora en un foco de discusi\u00f3n sobre <strong>salud mental, responsabilidad p\u00fablica y el impacto de las figuras culturales con plataformas masivas<\/strong>.<\/p>\n","protected":false},"excerpt":{"rendered":"<p>El rapero y productor Ye, anteriormente conocido como Kanye West, public\u00f3 una extensa carta de disculpa titulada \u201cTo Those I\u2019ve Hurt\u201d mediante un anuncio de p\u00e1gina completa en el Wall Street Journal, reconociendo el profundo impacto de sus comentarios antisemitas y otras conductas da\u00f1inas. En su misiva, Ye atribuy\u00f3 su comportamiento, en parte, a episodios [&hellip;]<\/p>\n","protected":false},"author":1,"featured_media":8709,"comment_status":"closed","ping_status":"closed","sticky":false,"template":"","format":"standard","meta":{"footnotes":""},"categories":[1203],"tags":[3445,3439,3442,3443,496,3441,3444,3440],"class_list":["post-8708","post","type-post","status-publish","format-standard","has-post-thumbnail","hentry","category-noticias","tag-anti-defamation-league","tag-bipolaridad","tag-bully-album","tag-disculpa-antisemitismo","tag-equal-media","tag-kanye-west","tag-salud-mental-en-la-musica","tag-ye"],"yoast_head":"<!-- This site is optimized with the Yoast SEO plugin v26.6 - https:\/\/yoast.com\/wordpress\/plugins\/seo\/ -->\n<title>Ye se disculpa por antisemitismo y atribuye su comportamiento a bipolaridad<\/title>\n<meta name=\"description\" content=\"El rapero Ye, antes conocido como Kanye West, public\u00f3 una carta de disculpa en el Wall Street Journal tras a\u00f1os de comentarios antisemitas. Atribuy\u00f3 su comportamiento a un trastorno bipolar sin tratar y comparti\u00f3 un compromiso con la responsabilidad, mientras se prepara para lanzar su \u00e1lbum Bully.\" \/>\n<meta name=\"robots\" content=\"index, follow, max-snippet:-1, max-image-preview:large, max-video-preview:-1\" \/>\n<link rel=\"canonical\" href=\"https:\/\/www.equalmedia.mx\/site\/noticias\/ye-disculpa-antisemitismo-bipolaridad\/\" \/>\n<meta property=\"og:locale\" content=\"es_ES\" \/>\n<meta property=\"og:type\" content=\"article\" \/>\n<meta property=\"og:title\" content=\"Ye se disculpa por antisemitismo y atribuye su comportamiento a bipolaridad\" \/>\n<meta property=\"og:description\" content=\"El rapero Ye, antes conocido como Kanye West, public\u00f3 una carta de disculpa en el Wall Street Journal tras a\u00f1os de comentarios antisemitas. Atribuy\u00f3 su comportamiento a un trastorno bipolar sin tratar y comparti\u00f3 un compromiso con la responsabilidad, mientras se prepara para lanzar su \u00e1lbum Bully.\" \/>\n<meta property=\"og:url\" content=\"https:\/\/www.equalmedia.mx\/site\/noticias\/ye-disculpa-antisemitismo-bipolaridad\/\" \/>\n<meta property=\"og:site_name\" content=\"EQUAL MUSIC | Cultura Latina en Movimiento\" \/>\n<meta property=\"article:published_time\" content=\"2026-01-27T23:57:21+00:00\" \/>\n<meta property=\"og:image\" content=\"https:\/\/www.equalmedia.mx\/site\/wp-content\/uploads\/2026\/01\/kanye-west-hace-perturbadora-confesion.jpg\" \/>\n\t<meta property=\"og:image:width\" content=\"1200\" \/>\n\t<meta property=\"og:image:height\" content=\"678\" \/>\n\t<meta property=\"og:image:type\" content=\"image\/jpeg\" \/>\n<meta name=\"author\" content=\"Equal Media\" \/>\n<meta name=\"twitter:card\" content=\"summary_large_image\" \/>\n<meta name=\"twitter:label1\" content=\"Escrito por\" \/>\n\t<meta name=\"twitter:data1\" content=\"Equal Media\" \/>\n\t<meta name=\"twitter:label2\" content=\"Tiempo de lectura\" \/>\n\t<meta name=\"twitter:data2\" content=\"4 minutos\" \/>\n<script type=\"application\/ld+json\" class=\"yoast-schema-graph\">{\"@context\":\"https:\/\/schema.org\",\"@graph\":[{\"@type\":\"Article\",\"@id\":\"https:\/\/www.equalmedia.mx\/site\/noticias\/ye-disculpa-antisemitismo-bipolaridad\/#article\",\"isPartOf\":{\"@id\":\"https:\/\/www.equalmedia.mx\/site\/noticias\/ye-disculpa-antisemitismo-bipolaridad\/\"},\"author\":{\"name\":\"Equal Media\",\"@id\":\"https:\/\/www.equalmedia.mx\/site\/#\/schema\/person\/41b6e60d650a80262fa6b5189bbb9f20\"},\"headline\":\"Ye se disculpa por comentarios antisemitas\",\"datePublished\":\"2026-01-27T23:57:21+00:00\",\"mainEntityOfPage\":{\"@id\":\"https:\/\/www.equalmedia.mx\/site\/noticias\/ye-disculpa-antisemitismo-bipolaridad\/\"},\"wordCount\":671,\"publisher\":{\"@id\":\"https:\/\/www.equalmedia.mx\/site\/#organization\"},\"image\":{\"@id\":\"https:\/\/www.equalmedia.mx\/site\/noticias\/ye-disculpa-antisemitismo-bipolaridad\/#primaryimage\"},\"thumbnailUrl\":\"https:\/\/www.equalmedia.mx\/site\/wp-content\/uploads\/2026\/01\/kanye-west-hace-perturbadora-confesion.jpg\",\"keywords\":[\"Anti\u2011Defamation League\",\"bipolaridad\",\"Bully \u00e1lbum\",\"disculpa antisemitismo\",\"equal media\",\"Kanye West\",\"salud mental en la m\u00fasica\",\"Ye\"],\"articleSection\":[\"Noticias\"],\"inLanguage\":\"es\"},{\"@type\":\"WebPage\",\"@id\":\"https:\/\/www.equalmedia.mx\/site\/noticias\/ye-disculpa-antisemitismo-bipolaridad\/\",\"url\":\"https:\/\/www.equalmedia.mx\/site\/noticias\/ye-disculpa-antisemitismo-bipolaridad\/\",\"name\":\"Ye se disculpa por antisemitismo y atribuye su comportamiento a bipolaridad\",\"isPartOf\":{\"@id\":\"https:\/\/www.equalmedia.mx\/site\/#website\"},\"primaryImageOfPage\":{\"@id\":\"https:\/\/www.equalmedia.mx\/site\/noticias\/ye-disculpa-antisemitismo-bipolaridad\/#primaryimage\"},\"image\":{\"@id\":\"https:\/\/www.equalmedia.mx\/site\/noticias\/ye-disculpa-antisemitismo-bipolaridad\/#primaryimage\"},\"thumbnailUrl\":\"https:\/\/www.equalmedia.mx\/site\/wp-content\/uploads\/2026\/01\/kanye-west-hace-perturbadora-confesion.jpg\",\"datePublished\":\"2026-01-27T23:57:21+00:00\",\"description\":\"El rapero Ye, antes conocido como Kanye West, public\u00f3 una carta de disculpa en el Wall Street Journal tras a\u00f1os de comentarios antisemitas. Atribuy\u00f3 su comportamiento a un trastorno bipolar sin tratar y comparti\u00f3 un compromiso con la responsabilidad, mientras se prepara para lanzar su \u00e1lbum Bully.\",\"breadcrumb\":{\"@id\":\"https:\/\/www.equalmedia.mx\/site\/noticias\/ye-disculpa-antisemitismo-bipolaridad\/#breadcrumb\"},\"inLanguage\":\"es\",\"potentialAction\":[{\"@type\":\"ReadAction\",\"target\":[\"https:\/\/www.equalmedia.mx\/site\/noticias\/ye-disculpa-antisemitismo-bipolaridad\/\"]}]},{\"@type\":\"ImageObject\",\"inLanguage\":\"es\",\"@id\":\"https:\/\/www.equalmedia.mx\/site\/noticias\/ye-disculpa-antisemitismo-bipolaridad\/#primaryimage\",\"url\":\"https:\/\/www.equalmedia.mx\/site\/wp-content\/uploads\/2026\/01\/kanye-west-hace-perturbadora-confesion.jpg\",\"contentUrl\":\"https:\/\/www.equalmedia.mx\/site\/wp-content\/uploads\/2026\/01\/kanye-west-hace-perturbadora-confesion.jpg\",\"width\":1200,\"height\":678},{\"@type\":\"BreadcrumbList\",\"@id\":\"https:\/\/www.equalmedia.mx\/site\/noticias\/ye-disculpa-antisemitismo-bipolaridad\/#breadcrumb\",\"itemListElement\":[{\"@type\":\"ListItem\",\"position\":1,\"name\":\"Inicio\",\"item\":\"https:\/\/www.equalmedia.mx\/site\/\"},{\"@type\":\"ListItem\",\"position\":2,\"name\":\"Ye se disculpa por comentarios antisemitas\"}]},{\"@type\":\"WebSite\",\"@id\":\"https:\/\/www.equalmedia.mx\/site\/#website\",\"url\":\"https:\/\/www.equalmedia.mx\/site\/\",\"name\":\"EQUAL MUSIC | Cultura Latina en Movimiento\",\"description\":\"Ritmo en movimiento.\",\"publisher\":{\"@id\":\"https:\/\/www.equalmedia.mx\/site\/#organization\"},\"potentialAction\":[{\"@type\":\"SearchAction\",\"target\":{\"@type\":\"EntryPoint\",\"urlTemplate\":\"https:\/\/www.equalmedia.mx\/site\/?s={search_term_string}\"},\"query-input\":{\"@type\":\"PropertyValueSpecification\",\"valueRequired\":true,\"valueName\":\"search_term_string\"}}],\"inLanguage\":\"es\"},{\"@type\":\"Organization\",\"@id\":\"https:\/\/www.equalmedia.mx\/site\/#organization\",\"name\":\"EQUAL MUSIC | Cultura Latina en Movimiento\",\"url\":\"https:\/\/www.equalmedia.mx\/site\/\",\"logo\":{\"@type\":\"ImageObject\",\"inLanguage\":\"es\",\"@id\":\"https:\/\/www.equalmedia.mx\/site\/#\/schema\/logo\/image\/\",\"url\":\"https:\/\/www.equalmedia.mx\/site\/wp-content\/uploads\/2021\/07\/logoblanco.png\",\"contentUrl\":\"https:\/\/www.equalmedia.mx\/site\/wp-content\/uploads\/2021\/07\/logoblanco.png\",\"width\":1920,\"height\":589,\"caption\":\"EQUAL MUSIC | Cultura Latina en Movimiento\"},\"image\":{\"@id\":\"https:\/\/www.equalmedia.mx\/site\/#\/schema\/logo\/image\/\"}},{\"@type\":\"Person\",\"@id\":\"https:\/\/www.equalmedia.mx\/site\/#\/schema\/person\/41b6e60d650a80262fa6b5189bbb9f20\",\"name\":\"Equal Media\",\"image\":{\"@type\":\"ImageObject\",\"inLanguage\":\"es\",\"@id\":\"https:\/\/www.equalmedia.mx\/site\/#\/schema\/person\/image\/\",\"url\":\"https:\/\/secure.gravatar.com\/avatar\/51c3f8f080f557c61349ab37ab35c9f967b3b271510dd8ef0b9b16a3dd5a89e9?s=96&d=mm&r=g\",\"contentUrl\":\"https:\/\/secure.gravatar.com\/avatar\/51c3f8f080f557c61349ab37ab35c9f967b3b271510dd8ef0b9b16a3dd5a89e9?s=96&d=mm&r=g\",\"caption\":\"Equal Media\"},\"description\":\"Equal Media es una productora y agencia de estrategia cultural transmedia que impulsa la visibilidad de la m\u00fasica y cultura latina a trav\u00e9s de contenidos originales, multiplataforma y con enfoque social. Con operaci\u00f3n desde Estados Unidos, M\u00e9xico y Colombia, Equal Media se ha consolidado como un actor clave en la narrativa documental, la curadur\u00eda musical y la creaci\u00f3n de formatos de alto impacto para audiencias latinas globales. Sus producciones incluyen Equal Music Sessions \u2014con m\u00e1s de 300 artistas programados en LATV Network\u2014, la serie Hunters y el documental 4TRO EL3MENTOS. Sus contenidos son emitidos en prime time en EE.UU. v\u00eda LATV y VOD, alcanzando m\u00e1s de 62 millones de hogares en mercados como Nueva York, Los \u00c1ngeles, Miami y Chicago. Equal Media ha estado presente con cobertura original y branded content en eventos como el Media Hub de los Latin Grammys, LAMC (NY), BIME (Bilbao, Bogot\u00e1), Vive Latino (CDMX), MIM LATAM, CAMM, entre otros hubs de la industria. Aliada de plataformas como Keychange, Femnoise, We Make Noise y la Municipalidad de Quilicura (Chile), Equal Media promueve una industria m\u00e1s equitativa, programando de forma activa proyectos liderados por mujeres, comunidades LGBTQ+ y sectores vulnerables. Bajo la direcci\u00f3n de Ulises Sanher \u2014reconocido por la UNAM y otras instituciones acad\u00e9micas por su labor cultural\u2014, Equal Media ha contribuido a formar nuevas audiencias desde la educaci\u00f3n, el activismo y la creatividad. Sanher ha sido invitado como speaker en foros como Circulart (COL), FIMPRO (MEX), Canadian Music Week (CAN), FME (CAN), SIM S\u00e3o Paulo (BR), MUPA (PAN), Corriente (PER) y Brasil Trends Conference. Tambi\u00e9n ha sido jurado externo de los Premios Rolling Stone en Espa\u00f1ol en Miami y ha ofrecido asesor\u00eda creativa en colaboraci\u00f3n con Berklee Valencia y la Asociaci\u00f3n de Supervisores Musicales.\",\"sameAs\":[\"https:\/\/www.equalmedia.mx\/\",\"https:\/\/www.instagram.com\/equal.music\",\"https:\/\/www.linkedin.com\/in\/ulises-sanher\/\",\"https:\/\/www.youtube.com\/@equalmusicworld\"],\"url\":\"https:\/\/www.equalmedia.mx\/site\/author\/admin\/\"}]}<\/script>\n<!-- \/ Yoast SEO plugin. -->","yoast_head_json":{"title":"Ye se disculpa por antisemitismo y atribuye su comportamiento a bipolaridad","description":"El rapero Ye, antes conocido como Kanye West, public\u00f3 una carta de disculpa en el Wall Street Journal tras a\u00f1os de comentarios antisemitas. Atribuy\u00f3 su comportamiento a un trastorno bipolar sin tratar y comparti\u00f3 un compromiso con la responsabilidad, mientras se prepara para lanzar su \u00e1lbum Bully.","robots":{"index":"index","follow":"follow","max-snippet":"max-snippet:-1","max-image-preview":"max-image-preview:large","max-video-preview":"max-video-preview:-1"},"canonical":"https:\/\/www.equalmedia.mx\/site\/noticias\/ye-disculpa-antisemitismo-bipolaridad\/","og_locale":"es_ES","og_type":"article","og_title":"Ye se disculpa por antisemitismo y atribuye su comportamiento a bipolaridad","og_description":"El rapero Ye, antes conocido como Kanye West, public\u00f3 una carta de disculpa en el Wall Street Journal tras a\u00f1os de comentarios antisemitas. Atribuy\u00f3 su comportamiento a un trastorno bipolar sin tratar y comparti\u00f3 un compromiso con la responsabilidad, mientras se prepara para lanzar su \u00e1lbum Bully.","og_url":"https:\/\/www.equalmedia.mx\/site\/noticias\/ye-disculpa-antisemitismo-bipolaridad\/","og_site_name":"EQUAL MUSIC | Cultura Latina en Movimiento","article_published_time":"2026-01-27T23:57:21+00:00","og_image":[{"width":1200,"height":678,"url":"https:\/\/www.equalmedia.mx\/site\/wp-content\/uploads\/2026\/01\/kanye-west-hace-perturbadora-confesion.jpg","type":"image\/jpeg"}],"author":"Equal Media","twitter_card":"summary_large_image","twitter_misc":{"Escrito por":"Equal Media","Tiempo de lectura":"4 minutos"},"schema":{"@context":"https:\/\/schema.org","@graph":[{"@type":"Article","@id":"https:\/\/www.equalmedia.mx\/site\/noticias\/ye-disculpa-antisemitismo-bipolaridad\/#article","isPartOf":{"@id":"https:\/\/www.equalmedia.mx\/site\/noticias\/ye-disculpa-antisemitismo-bipolaridad\/"},"author":{"name":"Equal Media","@id":"https:\/\/www.equalmedia.mx\/site\/#\/schema\/person\/41b6e60d650a80262fa6b5189bbb9f20"},"headline":"Ye se disculpa por comentarios antisemitas","datePublished":"2026-01-27T23:57:21+00:00","mainEntityOfPage":{"@id":"https:\/\/www.equalmedia.mx\/site\/noticias\/ye-disculpa-antisemitismo-bipolaridad\/"},"wordCount":671,"publisher":{"@id":"https:\/\/www.equalmedia.mx\/site\/#organization"},"image":{"@id":"https:\/\/www.equalmedia.mx\/site\/noticias\/ye-disculpa-antisemitismo-bipolaridad\/#primaryimage"},"thumbnailUrl":"https:\/\/www.equalmedia.mx\/site\/wp-content\/uploads\/2026\/01\/kanye-west-hace-perturbadora-confesion.jpg","keywords":["Anti\u2011Defamation League","bipolaridad","Bully \u00e1lbum","disculpa antisemitismo","equal media","Kanye West","salud mental en la m\u00fasica","Ye"],"articleSection":["Noticias"],"inLanguage":"es"},{"@type":"WebPage","@id":"https:\/\/www.equalmedia.mx\/site\/noticias\/ye-disculpa-antisemitismo-bipolaridad\/","url":"https:\/\/www.equalmedia.mx\/site\/noticias\/ye-disculpa-antisemitismo-bipolaridad\/","name":"Ye se disculpa por antisemitismo y atribuye su comportamiento a bipolaridad","isPartOf":{"@id":"https:\/\/www.equalmedia.mx\/site\/#website"},"primaryImageOfPage":{"@id":"https:\/\/www.equalmedia.mx\/site\/noticias\/ye-disculpa-antisemitismo-bipolaridad\/#primaryimage"},"image":{"@id":"https:\/\/www.equalmedia.mx\/site\/noticias\/ye-disculpa-antisemitismo-bipolaridad\/#primaryimage"},"thumbnailUrl":"https:\/\/www.equalmedia.mx\/site\/wp-content\/uploads\/2026\/01\/kanye-west-hace-perturbadora-confesion.jpg","datePublished":"2026-01-27T23:57:21+00:00","description":"El rapero Ye, antes conocido como Kanye West, public\u00f3 una carta de disculpa en el Wall Street Journal tras a\u00f1os de comentarios antisemitas. Atribuy\u00f3 su comportamiento a un trastorno bipolar sin tratar y comparti\u00f3 un compromiso con la responsabilidad, mientras se prepara para lanzar su \u00e1lbum Bully.","breadcrumb":{"@id":"https:\/\/www.equalmedia.mx\/site\/noticias\/ye-disculpa-antisemitismo-bipolaridad\/#breadcrumb"},"inLanguage":"es","potentialAction":[{"@type":"ReadAction","target":["https:\/\/www.equalmedia.mx\/site\/noticias\/ye-disculpa-antisemitismo-bipolaridad\/"]}]},{"@type":"ImageObject","inLanguage":"es","@id":"https:\/\/www.equalmedia.mx\/site\/noticias\/ye-disculpa-antisemitismo-bipolaridad\/#primaryimage","url":"https:\/\/www.equalmedia.mx\/site\/wp-content\/uploads\/2026\/01\/kanye-west-hace-perturbadora-confesion.jpg","contentUrl":"https:\/\/www.equalmedia.mx\/site\/wp-content\/uploads\/2026\/01\/kanye-west-hace-perturbadora-confesion.jpg","width":1200,"height":678},{"@type":"BreadcrumbList","@id":"https:\/\/www.equalmedia.mx\/site\/noticias\/ye-disculpa-antisemitismo-bipolaridad\/#breadcrumb","itemListElement":[{"@type":"ListItem","position":1,"name":"Inicio","item":"https:\/\/www.equalmedia.mx\/site\/"},{"@type":"ListItem","position":2,"name":"Ye se disculpa por comentarios antisemitas"}]},{"@type":"WebSite","@id":"https:\/\/www.equalmedia.mx\/site\/#website","url":"https:\/\/www.equalmedia.mx\/site\/","name":"EQUAL MUSIC | Cultura Latina en Movimiento","description":"Ritmo en movimiento.","publisher":{"@id":"https:\/\/www.equalmedia.mx\/site\/#organization"},"potentialAction":[{"@type":"SearchAction","target":{"@type":"EntryPoint","urlTemplate":"https:\/\/www.equalmedia.mx\/site\/?s={search_term_string}"},"query-input":{"@type":"PropertyValueSpecification","valueRequired":true,"valueName":"search_term_string"}}],"inLanguage":"es"},{"@type":"Organization","@id":"https:\/\/www.equalmedia.mx\/site\/#organization","name":"EQUAL MUSIC | Cultura Latina en Movimiento","url":"https:\/\/www.equalmedia.mx\/site\/","logo":{"@type":"ImageObject","inLanguage":"es","@id":"https:\/\/www.equalmedia.mx\/site\/#\/schema\/logo\/image\/","url":"https:\/\/www.equalmedia.mx\/site\/wp-content\/uploads\/2021\/07\/logoblanco.png","contentUrl":"https:\/\/www.equalmedia.mx\/site\/wp-content\/uploads\/2021\/07\/logoblanco.png","width":1920,"height":589,"caption":"EQUAL MUSIC | Cultura Latina en Movimiento"},"image":{"@id":"https:\/\/www.equalmedia.mx\/site\/#\/schema\/logo\/image\/"}},{"@type":"Person","@id":"https:\/\/www.equalmedia.mx\/site\/#\/schema\/person\/41b6e60d650a80262fa6b5189bbb9f20","name":"Equal Media","image":{"@type":"ImageObject","inLanguage":"es","@id":"https:\/\/www.equalmedia.mx\/site\/#\/schema\/person\/image\/","url":"https:\/\/secure.gravatar.com\/avatar\/51c3f8f080f557c61349ab37ab35c9f967b3b271510dd8ef0b9b16a3dd5a89e9?s=96&d=mm&r=g","contentUrl":"https:\/\/secure.gravatar.com\/avatar\/51c3f8f080f557c61349ab37ab35c9f967b3b271510dd8ef0b9b16a3dd5a89e9?s=96&d=mm&r=g","caption":"Equal Media"},"description":"Equal Media es una productora y agencia de estrategia cultural transmedia que impulsa la visibilidad de la m\u00fasica y cultura latina a trav\u00e9s de contenidos originales, multiplataforma y con enfoque social. Con operaci\u00f3n desde Estados Unidos, M\u00e9xico y Colombia, Equal Media se ha consolidado como un actor clave en la narrativa documental, la curadur\u00eda musical y la creaci\u00f3n de formatos de alto impacto para audiencias latinas globales. Sus producciones incluyen Equal Music Sessions \u2014con m\u00e1s de 300 artistas programados en LATV Network\u2014, la serie Hunters y el documental 4TRO EL3MENTOS. Sus contenidos son emitidos en prime time en EE.UU. v\u00eda LATV y VOD, alcanzando m\u00e1s de 62 millones de hogares en mercados como Nueva York, Los \u00c1ngeles, Miami y Chicago. Equal Media ha estado presente con cobertura original y branded content en eventos como el Media Hub de los Latin Grammys, LAMC (NY), BIME (Bilbao, Bogot\u00e1), Vive Latino (CDMX), MIM LATAM, CAMM, entre otros hubs de la industria. Aliada de plataformas como Keychange, Femnoise, We Make Noise y la Municipalidad de Quilicura (Chile), Equal Media promueve una industria m\u00e1s equitativa, programando de forma activa proyectos liderados por mujeres, comunidades LGBTQ+ y sectores vulnerables. Bajo la direcci\u00f3n de Ulises Sanher \u2014reconocido por la UNAM y otras instituciones acad\u00e9micas por su labor cultural\u2014, Equal Media ha contribuido a formar nuevas audiencias desde la educaci\u00f3n, el activismo y la creatividad. Sanher ha sido invitado como speaker en foros como Circulart (COL), FIMPRO (MEX), Canadian Music Week (CAN), FME (CAN), SIM S\u00e3o Paulo (BR), MUPA (PAN), Corriente (PER) y Brasil Trends Conference. Tambi\u00e9n ha sido jurado externo de los Premios Rolling Stone en Espa\u00f1ol en Miami y ha ofrecido asesor\u00eda creativa en colaboraci\u00f3n con Berklee Valencia y la Asociaci\u00f3n de Supervisores Musicales.","sameAs":["https:\/\/www.equalmedia.mx\/","https:\/\/www.instagram.com\/equal.music","https:\/\/www.linkedin.com\/in\/ulises-sanher\/","https:\/\/www.youtube.com\/@equalmusicworld"],"url":"https:\/\/www.equalmedia.mx\/site\/author\/admin\/"}]}},"_links":{"self":[{"href":"https:\/\/www.equalmedia.mx\/site\/wp-json\/wp\/v2\/posts\/8708","targetHints":{"allow":["GET"]}}],"collection":[{"href":"https:\/\/www.equalmedia.mx\/site\/wp-json\/wp\/v2\/posts"}],"about":[{"href":"https:\/\/www.equalmedia.mx\/site\/wp-json\/wp\/v2\/types\/post"}],"author":[{"embeddable":true,"href":"https:\/\/www.equalmedia.mx\/site\/wp-json\/wp\/v2\/users\/1"}],"replies":[{"embeddable":true,"href":"https:\/\/www.equalmedia.mx\/site\/wp-json\/wp\/v2\/comments?post=8708"}],"version-history":[{"count":1,"href":"https:\/\/www.equalmedia.mx\/site\/wp-json\/wp\/v2\/posts\/8708\/revisions"}],"predecessor-version":[{"id":8711,"href":"https:\/\/www.equalmedia.mx\/site\/wp-json\/wp\/v2\/posts\/8708\/revisions\/8711"}],"wp:featuredmedia":[{"embeddable":true,"href":"https:\/\/www.equalmedia.mx\/site\/wp-json\/wp\/v2\/media\/8709"}],"wp:attachment":[{"href":"https:\/\/www.equalmedia.mx\/site\/wp-json\/wp\/v2\/media?parent=8708"}],"wp:term":[{"taxonomy":"category","embeddable":true,"href":"https:\/\/www.equalmedia.mx\/site\/wp-json\/wp\/v2\/categories?post=8708"},{"taxonomy":"post_tag","embeddable":true,"href":"https:\/\/www.equalmedia.mx\/site\/wp-json\/wp\/v2\/tags?post=8708"}],"curies":[{"name":"wp","href":"https:\/\/api.w.org\/{rel}","templated":true}]}}