{"id":9036,"date":"2026-03-11T03:27:30","date_gmt":"2026-03-11T03:27:30","guid":{"rendered":"https:\/\/www.equalmedia.mx\/site\/?p=9036"},"modified":"2026-03-11T03:27:30","modified_gmt":"2026-03-11T03:27:30","slug":"alex-vs-alex-primavera-pro-chet-faker","status":"publish","type":"post","link":"https:\/\/www.equalmedia.mx\/site\/radar\/alex-vs-alex-primavera-pro-chet-faker\/","title":{"rendered":"aLex vs aLex acelera su proyecci\u00f3n internacional: del alt-pop centroamericano a Primavera Pro y colaboraci\u00f3n con Chet Faker"},"content":{"rendered":"\n<h3 class=\"wp-block-heading\">La cantante y compositora guatemalteca aLex vs aLex consolida su crecimiento internacional en 2026: participa en el nuevo sencillo de Chet Faker \u201cThe Thing About Nothing\u201d y formar\u00e1 parte del lineup de Primavera Pro en Barcelona, uno de los espacios clave para descubrir talento emergente dentro de la industria musical global.<\/h3>\n\n\n\n<h1 class=\"wp-block-heading\">Centroam\u00e9rica en el radar internacional<\/h1>\n\n\n\n<p>En los \u00faltimos meses, <strong>aLex vs aLex<\/strong> se ha convertido en uno de los nombres emergentes que empiezan a circular con fuerza en el circuito global de m\u00fasica alternativa. La artista guatemalteca contin\u00faa expandiendo su propuesta de <strong>alt-pop y electr\u00f3nica<\/strong> m\u00e1s all\u00e1 de Centroam\u00e9rica, sumando nuevas plataformas y colaboraciones internacionales.<\/p>\n\n\n\n<p>Uno de los pasos m\u00e1s visibles de ese crecimiento llegar\u00e1 este verano cuando forme parte de <strong>Primavera Pro 2026<\/strong>, el encuentro profesional asociado al festival <strong>Primavera Sound Barcelona<\/strong>, que se celebrar\u00e1 del <strong>3 al 5 de junio en el Centre de Cultura Contempor\u00e0nia de Barcelona (CCCB)<\/strong>.<\/p>\n\n\n\n<p>La presencia de aLex vs aLex en este escenario no es menor: Primavera Pro se ha consolidado como una de las plataformas europeas donde programadores, medios y profesionales de la industria observan a la nueva generaci\u00f3n de artistas emergentes antes de que alcancen circuitos m\u00e1s amplios.<\/p>\n\n\n\n<figure class=\"wp-block-embed aligncenter is-type-video is-provider-youtube wp-block-embed-youtube wp-embed-aspect-16-9 wp-has-aspect-ratio\"><div class=\"wp-block-embed__wrapper\">\n<iframe title=\"aLex vs aLex - centro aLt ft. S.3.R (Official Music Video)\" width=\"1300\" height=\"731\" data-src=\"https:\/\/www.youtube.com\/embed\/epB9b4Der2w?feature=oembed\" frameborder=\"0\" allow=\"accelerometer; autoplay; clipboard-write; encrypted-media; gyroscope; picture-in-picture; web-share\" referrerpolicy=\"strict-origin-when-cross-origin\" allowfullscreen src=\"data:image\/svg+xml;base64,PHN2ZyB3aWR0aD0iMSIgaGVpZ2h0PSIxIiB4bWxucz0iaHR0cDovL3d3dy53My5vcmcvMjAwMC9zdmciPjwvc3ZnPg==\" class=\"lazyload\" data-load-mode=\"1\"><\/iframe>\n<\/div><\/figure>\n\n\n\n<h1 class=\"wp-block-heading\">De Guatemala al circuito global<\/h1>\n\n\n\n<p>La participaci\u00f3n de la artista en Primavera Pro llega en un momento de creciente visibilidad para su proyecto.<\/p>\n\n\n\n<p>Su m\u00fasica se mueve entre <strong>alt-pop, drum &amp; bass, R&amp;B y electr\u00f3nica<\/strong>, construyendo un sonido que conecta con la escena alternativa global sin perder su identidad latinoamericana. Ese cruce de influencias ha llamado la atenci\u00f3n de medios y plataformas dedicadas al descubrimiento musical.<\/p>\n\n\n\n<p><strong>Remezcla<\/strong> ha apoyado su desarrollo desde etapas tempranas, primero incluy\u00e9ndola en su serie <strong>Nuevo Noise<\/strong>, dedicada a destacar nuevas voces de la m\u00fasica latina, y posteriormente integrando su colaboraci\u00f3n <strong>\u201ccentro aLt\u201d<\/strong> dentro de sus listas de canciones destacadas del a\u00f1o.<\/p>\n\n\n\n<p>Ese respaldo editorial ha ayudado a posicionar su proyecto dentro de una red internacional de medios que observan de cerca el surgimiento de nuevas escenas musicales latinoamericanas.<\/p>\n\n\n\n<h1 class=\"wp-block-heading\">La colaboraci\u00f3n con Chet Faker<\/h1>\n\n\n\n<p>El crecimiento de aLex vs aLex tambi\u00e9n se refleja en sus colaboraciones.<\/p>\n\n\n\n<p>El <strong>13 de febrero de 2026<\/strong>, el productor y cantante australiano <strong>Chet Faker<\/strong> lanz\u00f3 el sencillo <strong>\u201cThe Thing About Nothing (feat. aLex vs aLex)\u201d<\/strong>, una canci\u00f3n disponible en plataformas digitales como Spotify, Apple Music y SoundCloud.<\/p>\n\n\n\n<p>La colaboraci\u00f3n mezcla el estilo introspectivo caracter\u00edstico de Faker con la sensibilidad vocal de aLex vs aLex. La letra de la canci\u00f3n aborda temas de <strong>b\u00fasqueda personal y reflexi\u00f3n<\/strong>, una tem\u00e1tica recurrente dentro del universo sonoro del artista australiano.<\/p>\n\n\n\n<p>Para la cantante guatemalteca, participar en el proyecto representa una oportunidad de entrar en di\u00e1logo con un p\u00fablico global que sigue de cerca la escena electr\u00f3nica y alternativa.<\/p>\n\n\n\n<figure class=\"wp-block-embed aligncenter is-type-video is-provider-youtube wp-block-embed-youtube wp-embed-aspect-4-3 wp-has-aspect-ratio\"><div class=\"wp-block-embed__wrapper\">\n<iframe title=\"The Thing About Nothing (feat. aLex vs aLex)\" width=\"1300\" height=\"975\" data-src=\"https:\/\/www.youtube.com\/embed\/RHIui1usVdg?feature=oembed\" frameborder=\"0\" allow=\"accelerometer; autoplay; clipboard-write; encrypted-media; gyroscope; picture-in-picture; web-share\" referrerpolicy=\"strict-origin-when-cross-origin\" allowfullscreen src=\"data:image\/svg+xml;base64,PHN2ZyB3aWR0aD0iMSIgaGVpZ2h0PSIxIiB4bWxucz0iaHR0cDovL3d3dy53My5vcmcvMjAwMC9zdmciPjwvc3ZnPg==\" class=\"lazyload\" data-load-mode=\"1\"><\/iframe>\n<\/div><\/figure>\n\n\n\n<h1 class=\"wp-block-heading\">Primavera Pro: una plataforma para el talento emergente<\/h1>\n\n\n\n<p>La edici\u00f3n 2026 de <strong>Primavera Pro<\/strong> reunir\u00e1 a una veintena de artistas internacionales dentro de su programaci\u00f3n de showcases gratuitos en el CCCB, en el marco de <strong>Primavera a la Ciutat<\/strong>, la serie de conciertos que extiende la actividad del festival por diferentes espacios de Barcelona.<\/p>\n\n\n\n<p>El encuentro, creado en <strong>2010<\/strong>, se ha consolidado como uno de los puntos de conexi\u00f3n entre <strong>artistas emergentes, medios especializados y profesionales de la industria musical<\/strong>.<\/p>\n\n\n\n<p>Por su escenario han pasado artistas que posteriormente se consolidaron dentro de la escena independiente internacional, entre ellos <strong>Fontaines D.C., El Mat\u00f3 a un Polic\u00eda Motorizado, Confidence Man, CMAT y Moonchild Sanelly<\/strong>.<\/p>\n\n\n\n<p>La edici\u00f3n de 2025 reuni\u00f3 <strong>3.200 profesionales de 68 pa\u00edses<\/strong>, una cifra que refleja el alcance global del evento.<\/p>\n\n\n<div class=\"wp-block-image\">\n<figure class=\"aligncenter size-large is-resized\"><img fetchpriority=\"high\" decoding=\"async\" width=\"768\" height=\"1024\" src=\"https:\/\/www.equalmedia.mx\/site\/wp-content\/uploads\/2026\/03\/46a1ad10-9d21-db36-0a20-3ac4c30334ce-768x1024.jpg\" alt=\"\" class=\"wp-image-9038\" style=\"width:513px;height:auto\" srcset=\"https:\/\/www.equalmedia.mx\/site\/wp-content\/uploads\/2026\/03\/46a1ad10-9d21-db36-0a20-3ac4c30334ce-768x1024.jpg 768w, https:\/\/www.equalmedia.mx\/site\/wp-content\/uploads\/2026\/03\/46a1ad10-9d21-db36-0a20-3ac4c30334ce-225x300.jpg 225w, https:\/\/www.equalmedia.mx\/site\/wp-content\/uploads\/2026\/03\/46a1ad10-9d21-db36-0a20-3ac4c30334ce-300x400.jpg 300w, https:\/\/www.equalmedia.mx\/site\/wp-content\/uploads\/2026\/03\/46a1ad10-9d21-db36-0a20-3ac4c30334ce-600x800.jpg 600w, https:\/\/www.equalmedia.mx\/site\/wp-content\/uploads\/2026\/03\/46a1ad10-9d21-db36-0a20-3ac4c30334ce.jpg 1080w\" sizes=\"(max-width: 768px) 100vw, 768px\" \/><\/figure>\n<\/div>\n\n\n<p><strong>\u00bfCu\u00e1ndo se presenta aLex vs aLex en Primavera Pro 2026?<\/strong><br>La artista forma parte de la programaci\u00f3n del encuentro que se celebrar\u00e1 del 3 al 5 de junio en el CCCB de Barcelona.<\/p>\n\n\n\n<p><strong>\u00bfQu\u00e9 canci\u00f3n lanz\u00f3 recientemente junto a Chet Faker?<\/strong><br>La colaboraci\u00f3n se titula <strong>\u201cThe Thing About Nothing (feat. aLex vs aLex)\u201d<\/strong>, publicada el 13 de febrero de 2026.<\/p>\n\n\n\n<p><\/p>\n","protected":false},"excerpt":{"rendered":"<p>La cantante y compositora guatemalteca aLex vs aLex consolida su crecimiento internacional en 2026: participa en el nuevo sencillo de Chet Faker \u201cThe Thing About Nothing\u201d y formar\u00e1 parte del lineup de Primavera Pro en Barcelona, uno de los espacios clave para descubrir talento emergente dentro de la industria musical global. Centroam\u00e9rica en el radar [&hellip;]<\/p>\n","protected":false},"author":1,"featured_media":9037,"comment_status":"closed","ping_status":"closed","sticky":false,"template":"","format":"standard","meta":{"footnotes":""},"categories":[1252],"tags":[3894,3895,3892,2633,3893,3891,3896],"class_list":["post-9036","post","type-post","status-publish","format-standard","has-post-thumbnail","hentry","category-radar","tag-alex-vs-alex","tag-alt-pop-latino","tag-chet-faker","tag-escena-alternativa","tag-musica-latina-emergente","tag-primavera-pro-2026","tag-primavera-sound-barcelona"],"yoast_head":"<!-- This site is optimized with the Yoast SEO plugin v26.6 - https:\/\/yoast.com\/wordpress\/plugins\/seo\/ -->\n<title>aLex vs aLex crece en 2026: Primavera Pro y colaboraci\u00f3n con Chet Faker<\/title>\n<meta name=\"description\" content=\"La artista guatemalteca aLex vs aLex contin\u00faa expandiendo su proyecci\u00f3n internacional con su participaci\u00f3n en Primavera Pro 2026 y su colaboraci\u00f3n en el sencillo \u201cThe Thing About Nothing\u201d de Chet Faker.\" \/>\n<meta name=\"robots\" content=\"index, follow, max-snippet:-1, max-image-preview:large, max-video-preview:-1\" \/>\n<link rel=\"canonical\" href=\"https:\/\/www.equalmedia.mx\/site\/radar\/alex-vs-alex-primavera-pro-chet-faker\/\" \/>\n<meta property=\"og:locale\" content=\"es_ES\" \/>\n<meta property=\"og:type\" content=\"article\" \/>\n<meta property=\"og:title\" content=\"aLex vs aLex crece en 2026: Primavera Pro y colaboraci\u00f3n con Chet Faker\" \/>\n<meta property=\"og:description\" content=\"La artista guatemalteca aLex vs aLex contin\u00faa expandiendo su proyecci\u00f3n internacional con su participaci\u00f3n en Primavera Pro 2026 y su colaboraci\u00f3n en el sencillo \u201cThe Thing About Nothing\u201d de Chet Faker.\" \/>\n<meta property=\"og:url\" content=\"https:\/\/www.equalmedia.mx\/site\/radar\/alex-vs-alex-primavera-pro-chet-faker\/\" \/>\n<meta property=\"og:site_name\" content=\"EQUAL MUSIC | Cultura Latina en Movimiento\" \/>\n<meta property=\"article:published_time\" content=\"2026-03-11T03:27:30+00:00\" \/>\n<meta property=\"og:image\" content=\"https:\/\/www.equalmedia.mx\/site\/wp-content\/uploads\/2026\/03\/aLex-vs-aLex-scaled.jpg\" \/>\n\t<meta property=\"og:image:width\" content=\"2048\" \/>\n\t<meta property=\"og:image:height\" content=\"2560\" \/>\n\t<meta property=\"og:image:type\" content=\"image\/jpeg\" \/>\n<meta name=\"author\" content=\"Equal Media\" \/>\n<meta name=\"twitter:card\" content=\"summary_large_image\" \/>\n<meta name=\"twitter:label1\" content=\"Escrito por\" \/>\n\t<meta name=\"twitter:data1\" content=\"Equal Media\" \/>\n\t<meta name=\"twitter:label2\" content=\"Tiempo de lectura\" \/>\n\t<meta name=\"twitter:data2\" content=\"4 minutos\" \/>\n<script type=\"application\/ld+json\" class=\"yoast-schema-graph\">{\"@context\":\"https:\/\/schema.org\",\"@graph\":[{\"@type\":\"Article\",\"@id\":\"https:\/\/www.equalmedia.mx\/site\/radar\/alex-vs-alex-primavera-pro-chet-faker\/#article\",\"isPartOf\":{\"@id\":\"https:\/\/www.equalmedia.mx\/site\/radar\/alex-vs-alex-primavera-pro-chet-faker\/\"},\"author\":{\"name\":\"Equal Media\",\"@id\":\"https:\/\/www.equalmedia.mx\/site\/#\/schema\/person\/41b6e60d650a80262fa6b5189bbb9f20\"},\"headline\":\"aLex vs aLex acelera su proyecci\u00f3n internacional: del alt-pop centroamericano a Primavera Pro y colaboraci\u00f3n con Chet Faker\",\"datePublished\":\"2026-03-11T03:27:30+00:00\",\"mainEntityOfPage\":{\"@id\":\"https:\/\/www.equalmedia.mx\/site\/radar\/alex-vs-alex-primavera-pro-chet-faker\/\"},\"wordCount\":714,\"publisher\":{\"@id\":\"https:\/\/www.equalmedia.mx\/site\/#organization\"},\"image\":{\"@id\":\"https:\/\/www.equalmedia.mx\/site\/radar\/alex-vs-alex-primavera-pro-chet-faker\/#primaryimage\"},\"thumbnailUrl\":\"https:\/\/www.equalmedia.mx\/site\/wp-content\/uploads\/2026\/03\/aLex-vs-aLex-scaled.jpg\",\"keywords\":[\"aLex vs aLex\",\"alt pop latino\",\"Chet Faker\",\"escena alternativa\",\"musica latina emergente\",\"Primavera Pro 2026\",\"Primavera Sound Barcelona\"],\"articleSection\":[\"Radar\"],\"inLanguage\":\"es\"},{\"@type\":\"WebPage\",\"@id\":\"https:\/\/www.equalmedia.mx\/site\/radar\/alex-vs-alex-primavera-pro-chet-faker\/\",\"url\":\"https:\/\/www.equalmedia.mx\/site\/radar\/alex-vs-alex-primavera-pro-chet-faker\/\",\"name\":\"aLex vs aLex crece en 2026: Primavera Pro y colaboraci\u00f3n con Chet Faker\",\"isPartOf\":{\"@id\":\"https:\/\/www.equalmedia.mx\/site\/#website\"},\"primaryImageOfPage\":{\"@id\":\"https:\/\/www.equalmedia.mx\/site\/radar\/alex-vs-alex-primavera-pro-chet-faker\/#primaryimage\"},\"image\":{\"@id\":\"https:\/\/www.equalmedia.mx\/site\/radar\/alex-vs-alex-primavera-pro-chet-faker\/#primaryimage\"},\"thumbnailUrl\":\"https:\/\/www.equalmedia.mx\/site\/wp-content\/uploads\/2026\/03\/aLex-vs-aLex-scaled.jpg\",\"datePublished\":\"2026-03-11T03:27:30+00:00\",\"description\":\"La artista guatemalteca aLex vs aLex contin\u00faa expandiendo su proyecci\u00f3n internacional con su participaci\u00f3n en Primavera Pro 2026 y su colaboraci\u00f3n en el sencillo \u201cThe Thing About Nothing\u201d de Chet Faker.\",\"breadcrumb\":{\"@id\":\"https:\/\/www.equalmedia.mx\/site\/radar\/alex-vs-alex-primavera-pro-chet-faker\/#breadcrumb\"},\"inLanguage\":\"es\",\"potentialAction\":[{\"@type\":\"ReadAction\",\"target\":[\"https:\/\/www.equalmedia.mx\/site\/radar\/alex-vs-alex-primavera-pro-chet-faker\/\"]}]},{\"@type\":\"ImageObject\",\"inLanguage\":\"es\",\"@id\":\"https:\/\/www.equalmedia.mx\/site\/radar\/alex-vs-alex-primavera-pro-chet-faker\/#primaryimage\",\"url\":\"https:\/\/www.equalmedia.mx\/site\/wp-content\/uploads\/2026\/03\/aLex-vs-aLex-scaled.jpg\",\"contentUrl\":\"https:\/\/www.equalmedia.mx\/site\/wp-content\/uploads\/2026\/03\/aLex-vs-aLex-scaled.jpg\",\"width\":2048,\"height\":2560},{\"@type\":\"BreadcrumbList\",\"@id\":\"https:\/\/www.equalmedia.mx\/site\/radar\/alex-vs-alex-primavera-pro-chet-faker\/#breadcrumb\",\"itemListElement\":[{\"@type\":\"ListItem\",\"position\":1,\"name\":\"Inicio\",\"item\":\"https:\/\/www.equalmedia.mx\/site\/\"},{\"@type\":\"ListItem\",\"position\":2,\"name\":\"aLex vs aLex acelera su proyecci\u00f3n internacional: del alt-pop centroamericano a Primavera Pro y colaboraci\u00f3n con Chet Faker\"}]},{\"@type\":\"WebSite\",\"@id\":\"https:\/\/www.equalmedia.mx\/site\/#website\",\"url\":\"https:\/\/www.equalmedia.mx\/site\/\",\"name\":\"EQUAL MUSIC | Cultura Latina en Movimiento\",\"description\":\"Ritmo en movimiento.\",\"publisher\":{\"@id\":\"https:\/\/www.equalmedia.mx\/site\/#organization\"},\"potentialAction\":[{\"@type\":\"SearchAction\",\"target\":{\"@type\":\"EntryPoint\",\"urlTemplate\":\"https:\/\/www.equalmedia.mx\/site\/?s={search_term_string}\"},\"query-input\":{\"@type\":\"PropertyValueSpecification\",\"valueRequired\":true,\"valueName\":\"search_term_string\"}}],\"inLanguage\":\"es\"},{\"@type\":\"Organization\",\"@id\":\"https:\/\/www.equalmedia.mx\/site\/#organization\",\"name\":\"EQUAL MUSIC | Cultura Latina en Movimiento\",\"url\":\"https:\/\/www.equalmedia.mx\/site\/\",\"logo\":{\"@type\":\"ImageObject\",\"inLanguage\":\"es\",\"@id\":\"https:\/\/www.equalmedia.mx\/site\/#\/schema\/logo\/image\/\",\"url\":\"https:\/\/www.equalmedia.mx\/site\/wp-content\/uploads\/2021\/07\/logoblanco.png\",\"contentUrl\":\"https:\/\/www.equalmedia.mx\/site\/wp-content\/uploads\/2021\/07\/logoblanco.png\",\"width\":1920,\"height\":589,\"caption\":\"EQUAL MUSIC | Cultura Latina en Movimiento\"},\"image\":{\"@id\":\"https:\/\/www.equalmedia.mx\/site\/#\/schema\/logo\/image\/\"}},{\"@type\":\"Person\",\"@id\":\"https:\/\/www.equalmedia.mx\/site\/#\/schema\/person\/41b6e60d650a80262fa6b5189bbb9f20\",\"name\":\"Equal Media\",\"image\":{\"@type\":\"ImageObject\",\"inLanguage\":\"es\",\"@id\":\"https:\/\/www.equalmedia.mx\/site\/#\/schema\/person\/image\/\",\"url\":\"https:\/\/secure.gravatar.com\/avatar\/51c3f8f080f557c61349ab37ab35c9f967b3b271510dd8ef0b9b16a3dd5a89e9?s=96&d=mm&r=g\",\"contentUrl\":\"https:\/\/secure.gravatar.com\/avatar\/51c3f8f080f557c61349ab37ab35c9f967b3b271510dd8ef0b9b16a3dd5a89e9?s=96&d=mm&r=g\",\"caption\":\"Equal Media\"},\"description\":\"Equal Media es una productora y agencia de estrategia cultural transmedia que impulsa la visibilidad de la m\u00fasica y cultura latina a trav\u00e9s de contenidos originales, multiplataforma y con enfoque social. Con operaci\u00f3n desde Estados Unidos, M\u00e9xico y Colombia, Equal Media se ha consolidado como un actor clave en la narrativa documental, la curadur\u00eda musical y la creaci\u00f3n de formatos de alto impacto para audiencias latinas globales. Sus producciones incluyen Equal Music Sessions \u2014con m\u00e1s de 300 artistas programados en LATV Network\u2014, la serie Hunters y el documental 4TRO EL3MENTOS. Sus contenidos son emitidos en prime time en EE.UU. v\u00eda LATV y VOD, alcanzando m\u00e1s de 62 millones de hogares en mercados como Nueva York, Los \u00c1ngeles, Miami y Chicago. Equal Media ha estado presente con cobertura original y branded content en eventos como el Media Hub de los Latin Grammys, LAMC (NY), BIME (Bilbao, Bogot\u00e1), Vive Latino (CDMX), MIM LATAM, CAMM, entre otros hubs de la industria. Aliada de plataformas como Keychange, Femnoise, We Make Noise y la Municipalidad de Quilicura (Chile), Equal Media promueve una industria m\u00e1s equitativa, programando de forma activa proyectos liderados por mujeres, comunidades LGBTQ+ y sectores vulnerables. Bajo la direcci\u00f3n de Ulises Sanher \u2014reconocido por la UNAM y otras instituciones acad\u00e9micas por su labor cultural\u2014, Equal Media ha contribuido a formar nuevas audiencias desde la educaci\u00f3n, el activismo y la creatividad. Sanher ha sido invitado como speaker en foros como Circulart (COL), FIMPRO (MEX), Canadian Music Week (CAN), FME (CAN), SIM S\u00e3o Paulo (BR), MUPA (PAN), Corriente (PER) y Brasil Trends Conference. Tambi\u00e9n ha sido jurado externo de los Premios Rolling Stone en Espa\u00f1ol en Miami y ha ofrecido asesor\u00eda creativa en colaboraci\u00f3n con Berklee Valencia y la Asociaci\u00f3n de Supervisores Musicales.\",\"sameAs\":[\"https:\/\/www.equalmedia.mx\/\",\"https:\/\/www.instagram.com\/equal.music\",\"https:\/\/www.linkedin.com\/in\/ulises-sanher\/\",\"https:\/\/www.youtube.com\/@equalmusicworld\"],\"url\":\"https:\/\/www.equalmedia.mx\/site\/author\/admin\/\"}]}<\/script>\n<!-- \/ Yoast SEO plugin. -->","yoast_head_json":{"title":"aLex vs aLex crece en 2026: Primavera Pro y colaboraci\u00f3n con Chet Faker","description":"La artista guatemalteca aLex vs aLex contin\u00faa expandiendo su proyecci\u00f3n internacional con su participaci\u00f3n en Primavera Pro 2026 y su colaboraci\u00f3n en el sencillo \u201cThe Thing About Nothing\u201d de Chet Faker.","robots":{"index":"index","follow":"follow","max-snippet":"max-snippet:-1","max-image-preview":"max-image-preview:large","max-video-preview":"max-video-preview:-1"},"canonical":"https:\/\/www.equalmedia.mx\/site\/radar\/alex-vs-alex-primavera-pro-chet-faker\/","og_locale":"es_ES","og_type":"article","og_title":"aLex vs aLex crece en 2026: Primavera Pro y colaboraci\u00f3n con Chet Faker","og_description":"La artista guatemalteca aLex vs aLex contin\u00faa expandiendo su proyecci\u00f3n internacional con su participaci\u00f3n en Primavera Pro 2026 y su colaboraci\u00f3n en el sencillo \u201cThe Thing About Nothing\u201d de Chet Faker.","og_url":"https:\/\/www.equalmedia.mx\/site\/radar\/alex-vs-alex-primavera-pro-chet-faker\/","og_site_name":"EQUAL MUSIC | Cultura Latina en Movimiento","article_published_time":"2026-03-11T03:27:30+00:00","og_image":[{"width":2048,"height":2560,"url":"https:\/\/www.equalmedia.mx\/site\/wp-content\/uploads\/2026\/03\/aLex-vs-aLex-scaled.jpg","type":"image\/jpeg"}],"author":"Equal Media","twitter_card":"summary_large_image","twitter_misc":{"Escrito por":"Equal Media","Tiempo de lectura":"4 minutos"},"schema":{"@context":"https:\/\/schema.org","@graph":[{"@type":"Article","@id":"https:\/\/www.equalmedia.mx\/site\/radar\/alex-vs-alex-primavera-pro-chet-faker\/#article","isPartOf":{"@id":"https:\/\/www.equalmedia.mx\/site\/radar\/alex-vs-alex-primavera-pro-chet-faker\/"},"author":{"name":"Equal Media","@id":"https:\/\/www.equalmedia.mx\/site\/#\/schema\/person\/41b6e60d650a80262fa6b5189bbb9f20"},"headline":"aLex vs aLex acelera su proyecci\u00f3n internacional: del alt-pop centroamericano a Primavera Pro y colaboraci\u00f3n con Chet Faker","datePublished":"2026-03-11T03:27:30+00:00","mainEntityOfPage":{"@id":"https:\/\/www.equalmedia.mx\/site\/radar\/alex-vs-alex-primavera-pro-chet-faker\/"},"wordCount":714,"publisher":{"@id":"https:\/\/www.equalmedia.mx\/site\/#organization"},"image":{"@id":"https:\/\/www.equalmedia.mx\/site\/radar\/alex-vs-alex-primavera-pro-chet-faker\/#primaryimage"},"thumbnailUrl":"https:\/\/www.equalmedia.mx\/site\/wp-content\/uploads\/2026\/03\/aLex-vs-aLex-scaled.jpg","keywords":["aLex vs aLex","alt pop latino","Chet Faker","escena alternativa","musica latina emergente","Primavera Pro 2026","Primavera Sound Barcelona"],"articleSection":["Radar"],"inLanguage":"es"},{"@type":"WebPage","@id":"https:\/\/www.equalmedia.mx\/site\/radar\/alex-vs-alex-primavera-pro-chet-faker\/","url":"https:\/\/www.equalmedia.mx\/site\/radar\/alex-vs-alex-primavera-pro-chet-faker\/","name":"aLex vs aLex crece en 2026: Primavera Pro y colaboraci\u00f3n con Chet Faker","isPartOf":{"@id":"https:\/\/www.equalmedia.mx\/site\/#website"},"primaryImageOfPage":{"@id":"https:\/\/www.equalmedia.mx\/site\/radar\/alex-vs-alex-primavera-pro-chet-faker\/#primaryimage"},"image":{"@id":"https:\/\/www.equalmedia.mx\/site\/radar\/alex-vs-alex-primavera-pro-chet-faker\/#primaryimage"},"thumbnailUrl":"https:\/\/www.equalmedia.mx\/site\/wp-content\/uploads\/2026\/03\/aLex-vs-aLex-scaled.jpg","datePublished":"2026-03-11T03:27:30+00:00","description":"La artista guatemalteca aLex vs aLex contin\u00faa expandiendo su proyecci\u00f3n internacional con su participaci\u00f3n en Primavera Pro 2026 y su colaboraci\u00f3n en el sencillo \u201cThe Thing About Nothing\u201d de Chet Faker.","breadcrumb":{"@id":"https:\/\/www.equalmedia.mx\/site\/radar\/alex-vs-alex-primavera-pro-chet-faker\/#breadcrumb"},"inLanguage":"es","potentialAction":[{"@type":"ReadAction","target":["https:\/\/www.equalmedia.mx\/site\/radar\/alex-vs-alex-primavera-pro-chet-faker\/"]}]},{"@type":"ImageObject","inLanguage":"es","@id":"https:\/\/www.equalmedia.mx\/site\/radar\/alex-vs-alex-primavera-pro-chet-faker\/#primaryimage","url":"https:\/\/www.equalmedia.mx\/site\/wp-content\/uploads\/2026\/03\/aLex-vs-aLex-scaled.jpg","contentUrl":"https:\/\/www.equalmedia.mx\/site\/wp-content\/uploads\/2026\/03\/aLex-vs-aLex-scaled.jpg","width":2048,"height":2560},{"@type":"BreadcrumbList","@id":"https:\/\/www.equalmedia.mx\/site\/radar\/alex-vs-alex-primavera-pro-chet-faker\/#breadcrumb","itemListElement":[{"@type":"ListItem","position":1,"name":"Inicio","item":"https:\/\/www.equalmedia.mx\/site\/"},{"@type":"ListItem","position":2,"name":"aLex vs aLex acelera su proyecci\u00f3n internacional: del alt-pop centroamericano a Primavera Pro y colaboraci\u00f3n con Chet Faker"}]},{"@type":"WebSite","@id":"https:\/\/www.equalmedia.mx\/site\/#website","url":"https:\/\/www.equalmedia.mx\/site\/","name":"EQUAL MUSIC | Cultura Latina en Movimiento","description":"Ritmo en movimiento.","publisher":{"@id":"https:\/\/www.equalmedia.mx\/site\/#organization"},"potentialAction":[{"@type":"SearchAction","target":{"@type":"EntryPoint","urlTemplate":"https:\/\/www.equalmedia.mx\/site\/?s={search_term_string}"},"query-input":{"@type":"PropertyValueSpecification","valueRequired":true,"valueName":"search_term_string"}}],"inLanguage":"es"},{"@type":"Organization","@id":"https:\/\/www.equalmedia.mx\/site\/#organization","name":"EQUAL MUSIC | Cultura Latina en Movimiento","url":"https:\/\/www.equalmedia.mx\/site\/","logo":{"@type":"ImageObject","inLanguage":"es","@id":"https:\/\/www.equalmedia.mx\/site\/#\/schema\/logo\/image\/","url":"https:\/\/www.equalmedia.mx\/site\/wp-content\/uploads\/2021\/07\/logoblanco.png","contentUrl":"https:\/\/www.equalmedia.mx\/site\/wp-content\/uploads\/2021\/07\/logoblanco.png","width":1920,"height":589,"caption":"EQUAL MUSIC | Cultura Latina en Movimiento"},"image":{"@id":"https:\/\/www.equalmedia.mx\/site\/#\/schema\/logo\/image\/"}},{"@type":"Person","@id":"https:\/\/www.equalmedia.mx\/site\/#\/schema\/person\/41b6e60d650a80262fa6b5189bbb9f20","name":"Equal Media","image":{"@type":"ImageObject","inLanguage":"es","@id":"https:\/\/www.equalmedia.mx\/site\/#\/schema\/person\/image\/","url":"https:\/\/secure.gravatar.com\/avatar\/51c3f8f080f557c61349ab37ab35c9f967b3b271510dd8ef0b9b16a3dd5a89e9?s=96&d=mm&r=g","contentUrl":"https:\/\/secure.gravatar.com\/avatar\/51c3f8f080f557c61349ab37ab35c9f967b3b271510dd8ef0b9b16a3dd5a89e9?s=96&d=mm&r=g","caption":"Equal Media"},"description":"Equal Media es una productora y agencia de estrategia cultural transmedia que impulsa la visibilidad de la m\u00fasica y cultura latina a trav\u00e9s de contenidos originales, multiplataforma y con enfoque social. Con operaci\u00f3n desde Estados Unidos, M\u00e9xico y Colombia, Equal Media se ha consolidado como un actor clave en la narrativa documental, la curadur\u00eda musical y la creaci\u00f3n de formatos de alto impacto para audiencias latinas globales. Sus producciones incluyen Equal Music Sessions \u2014con m\u00e1s de 300 artistas programados en LATV Network\u2014, la serie Hunters y el documental 4TRO EL3MENTOS. Sus contenidos son emitidos en prime time en EE.UU. v\u00eda LATV y VOD, alcanzando m\u00e1s de 62 millones de hogares en mercados como Nueva York, Los \u00c1ngeles, Miami y Chicago. Equal Media ha estado presente con cobertura original y branded content en eventos como el Media Hub de los Latin Grammys, LAMC (NY), BIME (Bilbao, Bogot\u00e1), Vive Latino (CDMX), MIM LATAM, CAMM, entre otros hubs de la industria. Aliada de plataformas como Keychange, Femnoise, We Make Noise y la Municipalidad de Quilicura (Chile), Equal Media promueve una industria m\u00e1s equitativa, programando de forma activa proyectos liderados por mujeres, comunidades LGBTQ+ y sectores vulnerables. Bajo la direcci\u00f3n de Ulises Sanher \u2014reconocido por la UNAM y otras instituciones acad\u00e9micas por su labor cultural\u2014, Equal Media ha contribuido a formar nuevas audiencias desde la educaci\u00f3n, el activismo y la creatividad. Sanher ha sido invitado como speaker en foros como Circulart (COL), FIMPRO (MEX), Canadian Music Week (CAN), FME (CAN), SIM S\u00e3o Paulo (BR), MUPA (PAN), Corriente (PER) y Brasil Trends Conference. Tambi\u00e9n ha sido jurado externo de los Premios Rolling Stone en Espa\u00f1ol en Miami y ha ofrecido asesor\u00eda creativa en colaboraci\u00f3n con Berklee Valencia y la Asociaci\u00f3n de Supervisores Musicales.","sameAs":["https:\/\/www.equalmedia.mx\/","https:\/\/www.instagram.com\/equal.music","https:\/\/www.linkedin.com\/in\/ulises-sanher\/","https:\/\/www.youtube.com\/@equalmusicworld"],"url":"https:\/\/www.equalmedia.mx\/site\/author\/admin\/"}]}},"_links":{"self":[{"href":"https:\/\/www.equalmedia.mx\/site\/wp-json\/wp\/v2\/posts\/9036","targetHints":{"allow":["GET"]}}],"collection":[{"href":"https:\/\/www.equalmedia.mx\/site\/wp-json\/wp\/v2\/posts"}],"about":[{"href":"https:\/\/www.equalmedia.mx\/site\/wp-json\/wp\/v2\/types\/post"}],"author":[{"embeddable":true,"href":"https:\/\/www.equalmedia.mx\/site\/wp-json\/wp\/v2\/users\/1"}],"replies":[{"embeddable":true,"href":"https:\/\/www.equalmedia.mx\/site\/wp-json\/wp\/v2\/comments?post=9036"}],"version-history":[{"count":1,"href":"https:\/\/www.equalmedia.mx\/site\/wp-json\/wp\/v2\/posts\/9036\/revisions"}],"predecessor-version":[{"id":9039,"href":"https:\/\/www.equalmedia.mx\/site\/wp-json\/wp\/v2\/posts\/9036\/revisions\/9039"}],"wp:featuredmedia":[{"embeddable":true,"href":"https:\/\/www.equalmedia.mx\/site\/wp-json\/wp\/v2\/media\/9037"}],"wp:attachment":[{"href":"https:\/\/www.equalmedia.mx\/site\/wp-json\/wp\/v2\/media?parent=9036"}],"wp:term":[{"taxonomy":"category","embeddable":true,"href":"https:\/\/www.equalmedia.mx\/site\/wp-json\/wp\/v2\/categories?post=9036"},{"taxonomy":"post_tag","embeddable":true,"href":"https:\/\/www.equalmedia.mx\/site\/wp-json\/wp\/v2\/tags?post=9036"}],"curies":[{"name":"wp","href":"https:\/\/api.w.org\/{rel}","templated":true}]}}