{"id":9040,"date":"2026-03-11T19:57:13","date_gmt":"2026-03-11T19:57:13","guid":{"rendered":"https:\/\/www.equalmedia.mx\/site\/?p=9040"},"modified":"2026-03-11T19:57:13","modified_gmt":"2026-03-11T19:57:13","slug":"la-favi-hate-me-album","status":"publish","type":"post","link":"https:\/\/www.equalmedia.mx\/site\/radar\/la-favi-hate-me-album\/","title":{"rendered":"La Favi confronta su propia historia en HATE ME"},"content":{"rendered":"\n<h3 class=\"wp-block-heading\">La Favi presenta <em>HATE ME<\/em>, un nuevo \u00e1lbum desarrollado junto al productor franc\u00e9s Rosaliedu38. El proyecto profundiza su exploraci\u00f3n del reggaet\u00f3n alternativo y la club music desde una narrativa \u00edntima donde vulnerabilidad, identidad y confrontaci\u00f3n emocional se entrelazan.<\/h3>\n\n\n\n<h1 class=\"wp-block-heading\">La Favi regresa con su disco m\u00e1s directo<\/h1>\n\n\n\n<p>En un momento cultural donde hablar desde la vulnerabilidad puede sentirse como un acto radical, <strong>La Favi<\/strong> vuelve con <em>HATE ME<\/em>, un \u00e1lbum que profundiza en la relaci\u00f3n creativa que mantiene con el productor franc\u00e9s <strong>Rosaliedu38<\/strong>.<\/p>\n\n\n\n<p>El disco llega despu\u00e9s de <em>Adicta<\/em>, trabajo publicado en 2025 con el sello parisino Promesses. A diferencia de ese proyecto, <em>HATE ME<\/em> se presenta como un trabajo <strong>independiente y autogestionado<\/strong>, donde la artista nacida en San Francisco explora con mayor crudeza los territorios emocionales que han atravesado su m\u00fasica desde el inicio.<\/p>\n\n\n\n<p>En este nuevo cap\u00edtulo, La Favi se mueve entre <strong>club music fragmentada, sensibilidad R&amp;B y una est\u00e9tica experimental<\/strong>, ampliando el lenguaje sonoro que la ha convertido en una figura singular dentro del circuito hispano alternativo.<\/p>\n\n\n\n<figure class=\"wp-block-embed aligncenter is-type-video is-provider-youtube wp-block-embed-youtube wp-embed-aspect-4-3 wp-has-aspect-ratio\"><div class=\"wp-block-embed__wrapper\">\n<iframe title=\"UN PAISANO\" width=\"1300\" height=\"975\" data-src=\"https:\/\/www.youtube.com\/embed\/cjFD-QCS4aA?feature=oembed\" frameborder=\"0\" allow=\"accelerometer; autoplay; clipboard-write; encrypted-media; gyroscope; picture-in-picture; web-share\" referrerpolicy=\"strict-origin-when-cross-origin\" allowfullscreen src=\"data:image\/svg+xml;base64,PHN2ZyB3aWR0aD0iMSIgaGVpZ2h0PSIxIiB4bWxucz0iaHR0cDovL3d3dy53My5vcmcvMjAwMC9zdmciPjwvc3ZnPg==\" class=\"lazyload\" data-load-mode=\"1\"><\/iframe>\n<\/div><\/figure>\n\n\n\n<h1 class=\"wp-block-heading\">El coraz\u00f3n emocional del disco<\/h1>\n\n\n\n<p>El tema que da t\u00edtulo al \u00e1lbum, <strong>\u201cHATE ME\u201d<\/strong>, funciona como el eje narrativo del proyecto.<\/p>\n\n\n\n<p>Si en canciones anteriores como <strong>\u201cGO AWAY\u201d<\/strong> la artista abordaba el momento de dejar de esperar ser elegida, aqu\u00ed esa tensi\u00f3n se transforma en confrontaci\u00f3n directa. La canci\u00f3n recorre emociones que van desde la obsesi\u00f3n hasta el resentimiento o el deseo, con cambios mel\u00f3dicos abruptos y texturas de club que acent\u00faan la intensidad emocional del relato.<\/p>\n\n\n\n<p>La colaboraci\u00f3n con Rosaliedu38 resulta clave: la producci\u00f3n no se limita a acompa\u00f1ar la voz de La Favi, sino que la empuja hacia zonas de tensi\u00f3n, creando un di\u00e1logo constante entre la interpretaci\u00f3n y el dise\u00f1o sonoro.<\/p>\n\n\n\n<p>El resultado es un espacio \u00edntimo donde artista y productor parecen recorrer la misma herida desde perspectivas distintas.<\/p>\n\n\n\n<h1 class=\"wp-block-heading\">Una exploraci\u00f3n personal m\u00e1s all\u00e1 del amor<\/h1>\n\n\n\n<p>Aunque el disco parte de experiencias rom\u00e1nticas, <em>HATE ME<\/em> se expande hacia un territorio m\u00e1s amplio: un ajuste de cuentas personal.<\/p>\n\n\n\n<p>A lo largo del \u00e1lbum, La Favi reflexiona sobre c\u00f3mo la b\u00fasqueda de aprobaci\u00f3n \u2014especialmente como mujer joven dentro de la m\u00fasica\u2014 puede moldear la forma en que se entiende el amor, el poder y la identidad.<\/p>\n\n\n\n<p>El disco no aborda la violencia como espect\u00e1culo, sino como una <strong>huella emocional que atraviesa distintas capas de la experiencia<\/strong>: inocencia, supervivencia, confrontaci\u00f3n y crecimiento.<\/p>\n\n\n\n<p>Esa transici\u00f3n es parte central de la narrativa del proyecto: la dependencia emocional se transforma gradualmente en determinaci\u00f3n.<\/p>\n\n\n\n<h1 class=\"wp-block-heading\">Un universo sonoro entre el club y la nostalgia<\/h1>\n\n\n\n<p>Desde su apertura con <strong>\u201cUn Paisano\u201d<\/strong>, el \u00e1lbum propone un paisaje sonoro que mezcla <strong>synth strings, beats lentos y una estructura cercana a un vals el\u00e9ctrico<\/strong>.<\/p>\n\n\n\n<p>A lo largo de sus <strong>11 canciones en aproximadamente 26 minutos<\/strong>, el disco se mueve entre cadencias de club, notas menores y una atm\u00f3sfera cargada de nostalgia.<\/p>\n\n\n\n<p>En canciones como <strong>\u201cBack Home\u201d<\/strong>, esa sensaci\u00f3n de desplazamiento emocional se vuelve m\u00e1s evidente, mientras que el cierre con <strong>\u201cWALMART\u201d<\/strong> funciona como una despedida sint\u00e9tica de gran escala que invita a volver al inicio del \u00e1lbum.<\/p>\n\n\n\n<h1 class=\"wp-block-heading\">De la escena underground al radar internacional<\/h1>\n\n\n\n<p>La Favi \u2014proyecto art\u00edstico de <strong>Natalia Garc\u00eda<\/strong>\u2014 ha desarrollado una trayectoria dentro del circuito independiente desde sus primeros lanzamientos con <strong>La Vendicion Records<\/strong>.<\/p>\n\n\n\n<p>Sus EPs <strong>Re\u00edr &amp; Llorar (2017)<\/strong> e <strong>Is It Real<\/strong>, junto al productor Dinamarca, ayudaron a definir un sonido que combinaba <strong>reggaet\u00f3n alternativo, sensibilidad R&amp;B y una est\u00e9tica confesional<\/strong>.<\/p>\n\n\n\n<p>Ese universo continu\u00f3 expandi\u00e9ndose con proyectos posteriores como <strong>I\u2019M PRETTY<\/strong>, tambi\u00e9n junto a Rosaliedu38.<\/p>\n\n\n\n<p>En 2025, <em>Adicta<\/em> fue destacado por <strong>Bandcamp Daily<\/strong> dentro de sus listas de lanzamientos esenciales del verano, ampliando la visibilidad internacional del proyecto.<\/p>\n\n\n\n<figure class=\"wp-block-embed aligncenter is-type-rich is-provider-spotify wp-block-embed-spotify wp-embed-aspect-21-9 wp-has-aspect-ratio\"><div class=\"wp-block-embed__wrapper\">\n<iframe title=\"Spotify Embed: HATE ME\" style=\"border-radius: 12px\" width=\"100%\" height=\"352\" frameborder=\"0\" allowfullscreen allow=\"autoplay; clipboard-write; encrypted-media; fullscreen; picture-in-picture\" data-src=\"https:\/\/open.spotify.com\/embed\/album\/41FuOSHq8ov7yklWd9LZ9w?si=2d24Gp7qScajs4ie_Ufofg&amp;utm_source=oembed\" src=\"data:image\/svg+xml;base64,PHN2ZyB3aWR0aD0iMSIgaGVpZ2h0PSIxIiB4bWxucz0iaHR0cDovL3d3dy53My5vcmcvMjAwMC9zdmciPjwvc3ZnPg==\" class=\"lazyload\" data-load-mode=\"1\"><\/iframe>\n<\/div><\/figure>\n","protected":false},"excerpt":{"rendered":"<p>La Favi presenta HATE ME, un nuevo \u00e1lbum desarrollado junto al productor franc\u00e9s Rosaliedu38. El proyecto profundiza su exploraci\u00f3n del reggaet\u00f3n alternativo y la club music desde una narrativa \u00edntima donde vulnerabilidad, identidad y confrontaci\u00f3n emocional se entrelazan. La Favi regresa con su disco m\u00e1s directo En un momento cultural donde hablar desde la vulnerabilidad [&hellip;]<\/p>\n","protected":false},"author":1,"featured_media":9041,"comment_status":"closed","ping_status":"closed","sticky":false,"template":"","format":"standard","meta":{"footnotes":""},"categories":[1252],"tags":[3898,496,3727,3899,525,3897,3900,860],"class_list":["post-9040","post","type-post","status-publish","format-standard","has-post-thumbnail","hentry","category-radar","tag-club-music","tag-equal-media","tag-escena-underground-latina","tag-hate-me","tag-la-favi","tag-musica-latina-independiente","tag-reggaeton-alternativo-2","tag-rosaliedu38"],"yoast_head":"<!-- This site is optimized with the Yoast SEO plugin v26.6 - https:\/\/yoast.com\/wordpress\/plugins\/seo\/ -->\n<title>La Favi lanza HATE ME, su \u00e1lbum m\u00e1s confrontativo<\/title>\n<meta name=\"description\" content=\"La Favi regresa con HATE ME, un \u00e1lbum independiente creado junto al productor Rosaliedu38 que explora vulnerabilidad, club music y reggaet\u00f3n alternativo.\" \/>\n<meta name=\"robots\" content=\"index, follow, max-snippet:-1, max-image-preview:large, max-video-preview:-1\" \/>\n<link rel=\"canonical\" href=\"https:\/\/www.equalmedia.mx\/site\/radar\/la-favi-hate-me-album\/\" \/>\n<meta property=\"og:locale\" content=\"es_ES\" \/>\n<meta property=\"og:type\" content=\"article\" \/>\n<meta property=\"og:title\" content=\"La Favi lanza HATE ME, su \u00e1lbum m\u00e1s confrontativo\" \/>\n<meta property=\"og:description\" content=\"La Favi regresa con HATE ME, un \u00e1lbum independiente creado junto al productor Rosaliedu38 que explora vulnerabilidad, club music y reggaet\u00f3n alternativo.\" \/>\n<meta property=\"og:url\" content=\"https:\/\/www.equalmedia.mx\/site\/radar\/la-favi-hate-me-album\/\" \/>\n<meta property=\"og:site_name\" content=\"EQUAL MUSIC | Cultura Latina en Movimiento\" \/>\n<meta property=\"article:published_time\" content=\"2026-03-11T19:57:13+00:00\" \/>\n<meta property=\"og:image\" content=\"https:\/\/www.equalmedia.mx\/site\/wp-content\/uploads\/2026\/03\/La-Favi-1-Jon-Merced-scaled.jpg\" \/>\n\t<meta property=\"og:image:width\" content=\"2048\" \/>\n\t<meta property=\"og:image:height\" content=\"2560\" \/>\n\t<meta property=\"og:image:type\" content=\"image\/jpeg\" \/>\n<meta name=\"author\" content=\"Equal Media\" \/>\n<meta name=\"twitter:card\" content=\"summary_large_image\" \/>\n<meta name=\"twitter:label1\" content=\"Escrito por\" \/>\n\t<meta name=\"twitter:data1\" content=\"Equal Media\" \/>\n\t<meta name=\"twitter:label2\" content=\"Tiempo de lectura\" \/>\n\t<meta name=\"twitter:data2\" content=\"3 minutos\" \/>\n<script type=\"application\/ld+json\" class=\"yoast-schema-graph\">{\"@context\":\"https:\/\/schema.org\",\"@graph\":[{\"@type\":\"Article\",\"@id\":\"https:\/\/www.equalmedia.mx\/site\/radar\/la-favi-hate-me-album\/#article\",\"isPartOf\":{\"@id\":\"https:\/\/www.equalmedia.mx\/site\/radar\/la-favi-hate-me-album\/\"},\"author\":{\"name\":\"Equal Media\",\"@id\":\"https:\/\/www.equalmedia.mx\/site\/#\/schema\/person\/41b6e60d650a80262fa6b5189bbb9f20\"},\"headline\":\"La Favi confronta su propia historia en HATE ME\",\"datePublished\":\"2026-03-11T19:57:13+00:00\",\"mainEntityOfPage\":{\"@id\":\"https:\/\/www.equalmedia.mx\/site\/radar\/la-favi-hate-me-album\/\"},\"wordCount\":687,\"publisher\":{\"@id\":\"https:\/\/www.equalmedia.mx\/site\/#organization\"},\"image\":{\"@id\":\"https:\/\/www.equalmedia.mx\/site\/radar\/la-favi-hate-me-album\/#primaryimage\"},\"thumbnailUrl\":\"https:\/\/www.equalmedia.mx\/site\/wp-content\/uploads\/2026\/03\/La-Favi-1-Jon-Merced-scaled.jpg\",\"keywords\":[\"club music\",\"equal media\",\"escena underground latina\",\"HATE ME\",\"la favi\",\"musica latina independiente\",\"reggaeton alternativo\",\"rosaliedu38\"],\"articleSection\":[\"Radar\"],\"inLanguage\":\"es\"},{\"@type\":\"WebPage\",\"@id\":\"https:\/\/www.equalmedia.mx\/site\/radar\/la-favi-hate-me-album\/\",\"url\":\"https:\/\/www.equalmedia.mx\/site\/radar\/la-favi-hate-me-album\/\",\"name\":\"La Favi lanza HATE ME, su \u00e1lbum m\u00e1s confrontativo\",\"isPartOf\":{\"@id\":\"https:\/\/www.equalmedia.mx\/site\/#website\"},\"primaryImageOfPage\":{\"@id\":\"https:\/\/www.equalmedia.mx\/site\/radar\/la-favi-hate-me-album\/#primaryimage\"},\"image\":{\"@id\":\"https:\/\/www.equalmedia.mx\/site\/radar\/la-favi-hate-me-album\/#primaryimage\"},\"thumbnailUrl\":\"https:\/\/www.equalmedia.mx\/site\/wp-content\/uploads\/2026\/03\/La-Favi-1-Jon-Merced-scaled.jpg\",\"datePublished\":\"2026-03-11T19:57:13+00:00\",\"description\":\"La Favi regresa con HATE ME, un \u00e1lbum independiente creado junto al productor Rosaliedu38 que explora vulnerabilidad, club music y reggaet\u00f3n alternativo.\",\"breadcrumb\":{\"@id\":\"https:\/\/www.equalmedia.mx\/site\/radar\/la-favi-hate-me-album\/#breadcrumb\"},\"inLanguage\":\"es\",\"potentialAction\":[{\"@type\":\"ReadAction\",\"target\":[\"https:\/\/www.equalmedia.mx\/site\/radar\/la-favi-hate-me-album\/\"]}]},{\"@type\":\"ImageObject\",\"inLanguage\":\"es\",\"@id\":\"https:\/\/www.equalmedia.mx\/site\/radar\/la-favi-hate-me-album\/#primaryimage\",\"url\":\"https:\/\/www.equalmedia.mx\/site\/wp-content\/uploads\/2026\/03\/La-Favi-1-Jon-Merced-scaled.jpg\",\"contentUrl\":\"https:\/\/www.equalmedia.mx\/site\/wp-content\/uploads\/2026\/03\/La-Favi-1-Jon-Merced-scaled.jpg\",\"width\":2048,\"height\":2560},{\"@type\":\"BreadcrumbList\",\"@id\":\"https:\/\/www.equalmedia.mx\/site\/radar\/la-favi-hate-me-album\/#breadcrumb\",\"itemListElement\":[{\"@type\":\"ListItem\",\"position\":1,\"name\":\"Inicio\",\"item\":\"https:\/\/www.equalmedia.mx\/site\/\"},{\"@type\":\"ListItem\",\"position\":2,\"name\":\"La Favi confronta su propia historia en HATE ME\"}]},{\"@type\":\"WebSite\",\"@id\":\"https:\/\/www.equalmedia.mx\/site\/#website\",\"url\":\"https:\/\/www.equalmedia.mx\/site\/\",\"name\":\"EQUAL MUSIC | Cultura Latina en Movimiento\",\"description\":\"Ritmo en movimiento.\",\"publisher\":{\"@id\":\"https:\/\/www.equalmedia.mx\/site\/#organization\"},\"potentialAction\":[{\"@type\":\"SearchAction\",\"target\":{\"@type\":\"EntryPoint\",\"urlTemplate\":\"https:\/\/www.equalmedia.mx\/site\/?s={search_term_string}\"},\"query-input\":{\"@type\":\"PropertyValueSpecification\",\"valueRequired\":true,\"valueName\":\"search_term_string\"}}],\"inLanguage\":\"es\"},{\"@type\":\"Organization\",\"@id\":\"https:\/\/www.equalmedia.mx\/site\/#organization\",\"name\":\"EQUAL MUSIC | Cultura Latina en Movimiento\",\"url\":\"https:\/\/www.equalmedia.mx\/site\/\",\"logo\":{\"@type\":\"ImageObject\",\"inLanguage\":\"es\",\"@id\":\"https:\/\/www.equalmedia.mx\/site\/#\/schema\/logo\/image\/\",\"url\":\"https:\/\/www.equalmedia.mx\/site\/wp-content\/uploads\/2021\/07\/logoblanco.png\",\"contentUrl\":\"https:\/\/www.equalmedia.mx\/site\/wp-content\/uploads\/2021\/07\/logoblanco.png\",\"width\":1920,\"height\":589,\"caption\":\"EQUAL MUSIC | Cultura Latina en Movimiento\"},\"image\":{\"@id\":\"https:\/\/www.equalmedia.mx\/site\/#\/schema\/logo\/image\/\"}},{\"@type\":\"Person\",\"@id\":\"https:\/\/www.equalmedia.mx\/site\/#\/schema\/person\/41b6e60d650a80262fa6b5189bbb9f20\",\"name\":\"Equal Media\",\"image\":{\"@type\":\"ImageObject\",\"inLanguage\":\"es\",\"@id\":\"https:\/\/www.equalmedia.mx\/site\/#\/schema\/person\/image\/\",\"url\":\"https:\/\/secure.gravatar.com\/avatar\/51c3f8f080f557c61349ab37ab35c9f967b3b271510dd8ef0b9b16a3dd5a89e9?s=96&d=mm&r=g\",\"contentUrl\":\"https:\/\/secure.gravatar.com\/avatar\/51c3f8f080f557c61349ab37ab35c9f967b3b271510dd8ef0b9b16a3dd5a89e9?s=96&d=mm&r=g\",\"caption\":\"Equal Media\"},\"description\":\"Equal Media es una productora y agencia de estrategia cultural transmedia que impulsa la visibilidad de la m\u00fasica y cultura latina a trav\u00e9s de contenidos originales, multiplataforma y con enfoque social. Con operaci\u00f3n desde Estados Unidos, M\u00e9xico y Colombia, Equal Media se ha consolidado como un actor clave en la narrativa documental, la curadur\u00eda musical y la creaci\u00f3n de formatos de alto impacto para audiencias latinas globales. Sus producciones incluyen Equal Music Sessions \u2014con m\u00e1s de 300 artistas programados en LATV Network\u2014, la serie Hunters y el documental 4TRO EL3MENTOS. Sus contenidos son emitidos en prime time en EE.UU. v\u00eda LATV y VOD, alcanzando m\u00e1s de 62 millones de hogares en mercados como Nueva York, Los \u00c1ngeles, Miami y Chicago. Equal Media ha estado presente con cobertura original y branded content en eventos como el Media Hub de los Latin Grammys, LAMC (NY), BIME (Bilbao, Bogot\u00e1), Vive Latino (CDMX), MIM LATAM, CAMM, entre otros hubs de la industria. Aliada de plataformas como Keychange, Femnoise, We Make Noise y la Municipalidad de Quilicura (Chile), Equal Media promueve una industria m\u00e1s equitativa, programando de forma activa proyectos liderados por mujeres, comunidades LGBTQ+ y sectores vulnerables. Bajo la direcci\u00f3n de Ulises Sanher \u2014reconocido por la UNAM y otras instituciones acad\u00e9micas por su labor cultural\u2014, Equal Media ha contribuido a formar nuevas audiencias desde la educaci\u00f3n, el activismo y la creatividad. Sanher ha sido invitado como speaker en foros como Circulart (COL), FIMPRO (MEX), Canadian Music Week (CAN), FME (CAN), SIM S\u00e3o Paulo (BR), MUPA (PAN), Corriente (PER) y Brasil Trends Conference. Tambi\u00e9n ha sido jurado externo de los Premios Rolling Stone en Espa\u00f1ol en Miami y ha ofrecido asesor\u00eda creativa en colaboraci\u00f3n con Berklee Valencia y la Asociaci\u00f3n de Supervisores Musicales.\",\"sameAs\":[\"https:\/\/www.equalmedia.mx\/\",\"https:\/\/www.instagram.com\/equal.music\",\"https:\/\/www.linkedin.com\/in\/ulises-sanher\/\",\"https:\/\/www.youtube.com\/@equalmusicworld\"],\"url\":\"https:\/\/www.equalmedia.mx\/site\/author\/admin\/\"}]}<\/script>\n<!-- \/ Yoast SEO plugin. -->","yoast_head_json":{"title":"La Favi lanza HATE ME, su \u00e1lbum m\u00e1s confrontativo","description":"La Favi regresa con HATE ME, un \u00e1lbum independiente creado junto al productor Rosaliedu38 que explora vulnerabilidad, club music y reggaet\u00f3n alternativo.","robots":{"index":"index","follow":"follow","max-snippet":"max-snippet:-1","max-image-preview":"max-image-preview:large","max-video-preview":"max-video-preview:-1"},"canonical":"https:\/\/www.equalmedia.mx\/site\/radar\/la-favi-hate-me-album\/","og_locale":"es_ES","og_type":"article","og_title":"La Favi lanza HATE ME, su \u00e1lbum m\u00e1s confrontativo","og_description":"La Favi regresa con HATE ME, un \u00e1lbum independiente creado junto al productor Rosaliedu38 que explora vulnerabilidad, club music y reggaet\u00f3n alternativo.","og_url":"https:\/\/www.equalmedia.mx\/site\/radar\/la-favi-hate-me-album\/","og_site_name":"EQUAL MUSIC | Cultura Latina en Movimiento","article_published_time":"2026-03-11T19:57:13+00:00","og_image":[{"width":2048,"height":2560,"url":"https:\/\/www.equalmedia.mx\/site\/wp-content\/uploads\/2026\/03\/La-Favi-1-Jon-Merced-scaled.jpg","type":"image\/jpeg"}],"author":"Equal Media","twitter_card":"summary_large_image","twitter_misc":{"Escrito por":"Equal Media","Tiempo de lectura":"3 minutos"},"schema":{"@context":"https:\/\/schema.org","@graph":[{"@type":"Article","@id":"https:\/\/www.equalmedia.mx\/site\/radar\/la-favi-hate-me-album\/#article","isPartOf":{"@id":"https:\/\/www.equalmedia.mx\/site\/radar\/la-favi-hate-me-album\/"},"author":{"name":"Equal Media","@id":"https:\/\/www.equalmedia.mx\/site\/#\/schema\/person\/41b6e60d650a80262fa6b5189bbb9f20"},"headline":"La Favi confronta su propia historia en HATE ME","datePublished":"2026-03-11T19:57:13+00:00","mainEntityOfPage":{"@id":"https:\/\/www.equalmedia.mx\/site\/radar\/la-favi-hate-me-album\/"},"wordCount":687,"publisher":{"@id":"https:\/\/www.equalmedia.mx\/site\/#organization"},"image":{"@id":"https:\/\/www.equalmedia.mx\/site\/radar\/la-favi-hate-me-album\/#primaryimage"},"thumbnailUrl":"https:\/\/www.equalmedia.mx\/site\/wp-content\/uploads\/2026\/03\/La-Favi-1-Jon-Merced-scaled.jpg","keywords":["club music","equal media","escena underground latina","HATE ME","la favi","musica latina independiente","reggaeton alternativo","rosaliedu38"],"articleSection":["Radar"],"inLanguage":"es"},{"@type":"WebPage","@id":"https:\/\/www.equalmedia.mx\/site\/radar\/la-favi-hate-me-album\/","url":"https:\/\/www.equalmedia.mx\/site\/radar\/la-favi-hate-me-album\/","name":"La Favi lanza HATE ME, su \u00e1lbum m\u00e1s confrontativo","isPartOf":{"@id":"https:\/\/www.equalmedia.mx\/site\/#website"},"primaryImageOfPage":{"@id":"https:\/\/www.equalmedia.mx\/site\/radar\/la-favi-hate-me-album\/#primaryimage"},"image":{"@id":"https:\/\/www.equalmedia.mx\/site\/radar\/la-favi-hate-me-album\/#primaryimage"},"thumbnailUrl":"https:\/\/www.equalmedia.mx\/site\/wp-content\/uploads\/2026\/03\/La-Favi-1-Jon-Merced-scaled.jpg","datePublished":"2026-03-11T19:57:13+00:00","description":"La Favi regresa con HATE ME, un \u00e1lbum independiente creado junto al productor Rosaliedu38 que explora vulnerabilidad, club music y reggaet\u00f3n alternativo.","breadcrumb":{"@id":"https:\/\/www.equalmedia.mx\/site\/radar\/la-favi-hate-me-album\/#breadcrumb"},"inLanguage":"es","potentialAction":[{"@type":"ReadAction","target":["https:\/\/www.equalmedia.mx\/site\/radar\/la-favi-hate-me-album\/"]}]},{"@type":"ImageObject","inLanguage":"es","@id":"https:\/\/www.equalmedia.mx\/site\/radar\/la-favi-hate-me-album\/#primaryimage","url":"https:\/\/www.equalmedia.mx\/site\/wp-content\/uploads\/2026\/03\/La-Favi-1-Jon-Merced-scaled.jpg","contentUrl":"https:\/\/www.equalmedia.mx\/site\/wp-content\/uploads\/2026\/03\/La-Favi-1-Jon-Merced-scaled.jpg","width":2048,"height":2560},{"@type":"BreadcrumbList","@id":"https:\/\/www.equalmedia.mx\/site\/radar\/la-favi-hate-me-album\/#breadcrumb","itemListElement":[{"@type":"ListItem","position":1,"name":"Inicio","item":"https:\/\/www.equalmedia.mx\/site\/"},{"@type":"ListItem","position":2,"name":"La Favi confronta su propia historia en HATE ME"}]},{"@type":"WebSite","@id":"https:\/\/www.equalmedia.mx\/site\/#website","url":"https:\/\/www.equalmedia.mx\/site\/","name":"EQUAL MUSIC | Cultura Latina en Movimiento","description":"Ritmo en movimiento.","publisher":{"@id":"https:\/\/www.equalmedia.mx\/site\/#organization"},"potentialAction":[{"@type":"SearchAction","target":{"@type":"EntryPoint","urlTemplate":"https:\/\/www.equalmedia.mx\/site\/?s={search_term_string}"},"query-input":{"@type":"PropertyValueSpecification","valueRequired":true,"valueName":"search_term_string"}}],"inLanguage":"es"},{"@type":"Organization","@id":"https:\/\/www.equalmedia.mx\/site\/#organization","name":"EQUAL MUSIC | Cultura Latina en Movimiento","url":"https:\/\/www.equalmedia.mx\/site\/","logo":{"@type":"ImageObject","inLanguage":"es","@id":"https:\/\/www.equalmedia.mx\/site\/#\/schema\/logo\/image\/","url":"https:\/\/www.equalmedia.mx\/site\/wp-content\/uploads\/2021\/07\/logoblanco.png","contentUrl":"https:\/\/www.equalmedia.mx\/site\/wp-content\/uploads\/2021\/07\/logoblanco.png","width":1920,"height":589,"caption":"EQUAL MUSIC | Cultura Latina en Movimiento"},"image":{"@id":"https:\/\/www.equalmedia.mx\/site\/#\/schema\/logo\/image\/"}},{"@type":"Person","@id":"https:\/\/www.equalmedia.mx\/site\/#\/schema\/person\/41b6e60d650a80262fa6b5189bbb9f20","name":"Equal Media","image":{"@type":"ImageObject","inLanguage":"es","@id":"https:\/\/www.equalmedia.mx\/site\/#\/schema\/person\/image\/","url":"https:\/\/secure.gravatar.com\/avatar\/51c3f8f080f557c61349ab37ab35c9f967b3b271510dd8ef0b9b16a3dd5a89e9?s=96&d=mm&r=g","contentUrl":"https:\/\/secure.gravatar.com\/avatar\/51c3f8f080f557c61349ab37ab35c9f967b3b271510dd8ef0b9b16a3dd5a89e9?s=96&d=mm&r=g","caption":"Equal Media"},"description":"Equal Media es una productora y agencia de estrategia cultural transmedia que impulsa la visibilidad de la m\u00fasica y cultura latina a trav\u00e9s de contenidos originales, multiplataforma y con enfoque social. Con operaci\u00f3n desde Estados Unidos, M\u00e9xico y Colombia, Equal Media se ha consolidado como un actor clave en la narrativa documental, la curadur\u00eda musical y la creaci\u00f3n de formatos de alto impacto para audiencias latinas globales. Sus producciones incluyen Equal Music Sessions \u2014con m\u00e1s de 300 artistas programados en LATV Network\u2014, la serie Hunters y el documental 4TRO EL3MENTOS. Sus contenidos son emitidos en prime time en EE.UU. v\u00eda LATV y VOD, alcanzando m\u00e1s de 62 millones de hogares en mercados como Nueva York, Los \u00c1ngeles, Miami y Chicago. Equal Media ha estado presente con cobertura original y branded content en eventos como el Media Hub de los Latin Grammys, LAMC (NY), BIME (Bilbao, Bogot\u00e1), Vive Latino (CDMX), MIM LATAM, CAMM, entre otros hubs de la industria. Aliada de plataformas como Keychange, Femnoise, We Make Noise y la Municipalidad de Quilicura (Chile), Equal Media promueve una industria m\u00e1s equitativa, programando de forma activa proyectos liderados por mujeres, comunidades LGBTQ+ y sectores vulnerables. Bajo la direcci\u00f3n de Ulises Sanher \u2014reconocido por la UNAM y otras instituciones acad\u00e9micas por su labor cultural\u2014, Equal Media ha contribuido a formar nuevas audiencias desde la educaci\u00f3n, el activismo y la creatividad. Sanher ha sido invitado como speaker en foros como Circulart (COL), FIMPRO (MEX), Canadian Music Week (CAN), FME (CAN), SIM S\u00e3o Paulo (BR), MUPA (PAN), Corriente (PER) y Brasil Trends Conference. Tambi\u00e9n ha sido jurado externo de los Premios Rolling Stone en Espa\u00f1ol en Miami y ha ofrecido asesor\u00eda creativa en colaboraci\u00f3n con Berklee Valencia y la Asociaci\u00f3n de Supervisores Musicales.","sameAs":["https:\/\/www.equalmedia.mx\/","https:\/\/www.instagram.com\/equal.music","https:\/\/www.linkedin.com\/in\/ulises-sanher\/","https:\/\/www.youtube.com\/@equalmusicworld"],"url":"https:\/\/www.equalmedia.mx\/site\/author\/admin\/"}]}},"_links":{"self":[{"href":"https:\/\/www.equalmedia.mx\/site\/wp-json\/wp\/v2\/posts\/9040","targetHints":{"allow":["GET"]}}],"collection":[{"href":"https:\/\/www.equalmedia.mx\/site\/wp-json\/wp\/v2\/posts"}],"about":[{"href":"https:\/\/www.equalmedia.mx\/site\/wp-json\/wp\/v2\/types\/post"}],"author":[{"embeddable":true,"href":"https:\/\/www.equalmedia.mx\/site\/wp-json\/wp\/v2\/users\/1"}],"replies":[{"embeddable":true,"href":"https:\/\/www.equalmedia.mx\/site\/wp-json\/wp\/v2\/comments?post=9040"}],"version-history":[{"count":1,"href":"https:\/\/www.equalmedia.mx\/site\/wp-json\/wp\/v2\/posts\/9040\/revisions"}],"predecessor-version":[{"id":9042,"href":"https:\/\/www.equalmedia.mx\/site\/wp-json\/wp\/v2\/posts\/9040\/revisions\/9042"}],"wp:featuredmedia":[{"embeddable":true,"href":"https:\/\/www.equalmedia.mx\/site\/wp-json\/wp\/v2\/media\/9041"}],"wp:attachment":[{"href":"https:\/\/www.equalmedia.mx\/site\/wp-json\/wp\/v2\/media?parent=9040"}],"wp:term":[{"taxonomy":"category","embeddable":true,"href":"https:\/\/www.equalmedia.mx\/site\/wp-json\/wp\/v2\/categories?post=9040"},{"taxonomy":"post_tag","embeddable":true,"href":"https:\/\/www.equalmedia.mx\/site\/wp-json\/wp\/v2\/tags?post=9040"}],"curies":[{"name":"wp","href":"https:\/\/api.w.org\/{rel}","templated":true}]}}