{"id":9046,"date":"2026-03-11T23:26:48","date_gmt":"2026-03-11T23:26:48","guid":{"rendered":"https:\/\/www.equalmedia.mx\/site\/?p=9046"},"modified":"2026-03-11T23:26:49","modified_gmt":"2026-03-11T23:26:49","slug":"sostenibilidad-festival-estereo-picnic-2026","status":"publish","type":"post","link":"https:\/\/www.equalmedia.mx\/site\/festival\/sostenibilidad-festival-estereo-picnic-2026\/","title":{"rendered":"Festival Est\u00e9reo Picnic 2026: c\u00f3mo el festival busca reducir su impacto energ\u00e9tico y compensar su huella ambiental"},"content":{"rendered":"\n<h3 class=\"wp-block-heading\">A pocos d\u00edas de su edici\u00f3n 2026, el Festival Est\u00e9reo Picnic anunci\u00f3 una estrategia para medir y compensar el consumo energ\u00e9tico del evento. El plan incluye medici\u00f3n del impacto ambiental, cr\u00e9ditos de carbono y campa\u00f1as educativas para los asistentes.<\/h3>\n\n\n\n<h1 class=\"wp-block-heading\">El reto ambiental detr\u00e1s de un festival masivo<\/h1>\n\n\n\n<p>A pocos d\u00edas de su nueva edici\u00f3n, el <strong>Festival Est\u00e9reo Picnic 2026<\/strong> no solo se prepara para recibir a miles de asistentes en el <strong>Parque Sim\u00f3n Bol\u00edvar de Bogot\u00e1<\/strong> entre el <strong>20 y el 22 de marzo<\/strong>, sino tambi\u00e9n para enfrentar un desaf\u00edo que cada vez ocupa m\u00e1s espacio dentro de la industria del entretenimiento: el impacto ambiental de los eventos masivos.<\/p>\n\n\n\n<p>Los organizadores del festival anunciaron un modelo integral que busca <strong>medir, reducir y compensar el consumo energ\u00e9tico del evento<\/strong>, una iniciativa que ser\u00e1 desarrollada en alianza con <strong>Klik Energy, P\u00e1ramo Impacta y Biofix<\/strong>.<\/p>\n\n\n\n<p>El objetivo es entender con mayor precisi\u00f3n el impacto real que generan encuentros culturales de gran escala.<\/p>\n\n\n<div class=\"wp-block-image\">\n<figure class=\"aligncenter size-large is-resized\"><img fetchpriority=\"high\" decoding=\"async\" width=\"819\" height=\"1024\" src=\"https:\/\/www.equalmedia.mx\/site\/wp-content\/uploads\/2026\/03\/FEP26_LINEUP_POST-1-819x1024.png\" alt=\"\" class=\"wp-image-9048\" style=\"width:496px;height:auto\" srcset=\"https:\/\/www.equalmedia.mx\/site\/wp-content\/uploads\/2026\/03\/FEP26_LINEUP_POST-1-819x1024.png 819w, https:\/\/www.equalmedia.mx\/site\/wp-content\/uploads\/2026\/03\/FEP26_LINEUP_POST-1-240x300.png 240w, https:\/\/www.equalmedia.mx\/site\/wp-content\/uploads\/2026\/03\/FEP26_LINEUP_POST-1-768x960.png 768w, https:\/\/www.equalmedia.mx\/site\/wp-content\/uploads\/2026\/03\/FEP26_LINEUP_POST-1-300x375.png 300w, https:\/\/www.equalmedia.mx\/site\/wp-content\/uploads\/2026\/03\/FEP26_LINEUP_POST-1-600x750.png 600w, https:\/\/www.equalmedia.mx\/site\/wp-content\/uploads\/2026\/03\/FEP26_LINEUP_POST-1.png 1080w\" sizes=\"(max-width: 819px) 100vw, 819px\" \/><\/figure>\n<\/div>\n\n\n<h1 class=\"wp-block-heading\">Un festival funciona como una \u201cciudad temporal\u201d<\/h1>\n\n\n\n<p>Seg\u00fan el an\u00e1lisis t\u00e9cnico realizado por las compa\u00f1\u00edas involucradas, un evento como el Est\u00e9reo Picnic puede operar energ\u00e9ticamente como una <strong>ciudad temporal<\/strong>, con una densidad de consumo comparable a la de algunos municipios industriales.<\/p>\n\n\n\n<p>Las infraestructuras que sostienen los shows \u2014pantallas, iluminaci\u00f3n, sonido, sistemas de transmisi\u00f3n y conectividad\u2014 representan una parte importante de esa demanda.<\/p>\n\n\n\n<p>Por ejemplo, de acuerdo con el estudio, <strong>una hora de funcionamiento de las pantallas LED del escenario principal puede consumir m\u00e1s energ\u00eda que la utilizada por una familia bogotana promedio durante todo un mes<\/strong>.<\/p>\n\n\n\n<p>Estos datos han llevado al festival a desarrollar un sistema que no solo mida el consumo energ\u00e9tico, sino que tambi\u00e9n permita <strong>compensar las emisiones asociadas al evento<\/strong>.<\/p>\n\n\n\n<h1 class=\"wp-block-heading\">Cr\u00e9ditos de carbono y conservaci\u00f3n de bosques<\/h1>\n\n\n\n<p>La estrategia de compensaci\u00f3n del Festival Est\u00e9reo Picnic se apoyar\u00e1 en <strong>cr\u00e9ditos de carbono<\/strong>, generados a partir de proyectos de conservaci\u00f3n ambiental en Colombia.<\/p>\n\n\n\n<p>El programa REDD+ (Reducci\u00f3n de Emisiones por Degradaci\u00f3n y Deforestaci\u00f3n) asociado al evento se desarrolla en el <strong>departamento del Guaviare<\/strong>, donde se trabaja junto a comunidades ind\u00edgenas <strong>puinaves y curripacos<\/strong>.<\/p>\n\n\n\n<p>Seg\u00fan la informaci\u00f3n de las organizaciones involucradas, el proyecto busca proteger <strong>248.000 hect\u00e1reas de bosque h\u00famedo tropical<\/strong>, un ecosistema que enfrenta presiones constantes por deforestaci\u00f3n.<\/p>\n\n\n\n<p>Cada cr\u00e9dito de carbono representa <strong>una tonelada de di\u00f3xido de carbono que no se emite a la atm\u00f3sfera<\/strong>, lo que permite compensar parte de las emisiones generadas por el festival.<\/p>\n\n\n\n<p>Adem\u00e1s del impacto ambiental, el proyecto tambi\u00e9n est\u00e1 vinculado a programas de desarrollo comunitario que incluyen empleo, educaci\u00f3n y servicios de salud en las comunidades locales.<\/p>\n\n\n\n<h1 class=\"wp-block-heading\">Educaci\u00f3n ambiental dentro del festival<\/h1>\n\n\n\n<p>La estrategia del Est\u00e9reo Picnic tambi\u00e9n incluir\u00e1 una <strong>campa\u00f1a pedag\u00f3gica dirigida al p\u00fablico<\/strong> para explicar c\u00f3mo ciertas acciones cotidianas influyen en el consumo energ\u00e9tico del evento.<\/p>\n\n\n\n<p>Entre los ejemplos que se compartir\u00e1n con los asistentes se encuentra el impacto del uso constante del celular o la infraestructura tecnol\u00f3gica que permite compartir contenido en redes sociales durante los conciertos.<\/p>\n\n\n\n<p>Seg\u00fan Klik Energy, incluso actividades aparentemente simples como navegar por redes sociales tienen un consumo energ\u00e9tico medible dentro de un ecosistema digital conectado.<\/p>\n\n\n\n<p>\u201cEn lugar de centrarse \u00fanicamente en la responsabilidad individual, la iniciativa busca demostrar que la energ\u00eda es una responsabilidad compartida y medible\u201d, explic\u00f3 <strong>Luis Carlos Parra<\/strong>, l\u00edder de tecnolog\u00edas sostenibles en Klik.<\/p>\n\n\n\n<h1 class=\"wp-block-heading\">La sostenibilidad como parte del futuro de los festivales<\/h1>\n\n\n\n<p>El Festival Est\u00e9reo Picnic ha evolucionado durante los \u00faltimos a\u00f1os hasta convertirse en uno de los encuentros musicales m\u00e1s relevantes de Am\u00e9rica Latina.<\/p>\n\n\n\n<p>Pero el crecimiento de estos eventos tambi\u00e9n ha puesto sobre la mesa nuevas preguntas sobre <strong>c\u00f3mo reducir el impacto ambiental de los espect\u00e1culos masivos<\/strong>.<\/p>\n\n\n\n<p>Con esta estrategia, los organizadores buscan integrar pr\u00e1cticas de medici\u00f3n energ\u00e9tica, educaci\u00f3n ambiental y compensaci\u00f3n de emisiones como parte del funcionamiento del festival.<\/p>\n\n\n\n<p>La iniciativa forma parte de <strong>P\u00e1ramo Impacta<\/strong>, el programa de sostenibilidad de la promotora P\u00e1ramo Presenta, que busca integrar pr\u00e1cticas ambientales dentro del ecosistema de conciertos y festivales en Colombia.<\/p>\n\n\n<div class=\"wp-block-image\">\n<figure class=\"aligncenter size-large is-resized\"><img decoding=\"async\" width=\"576\" height=\"1024\" data-src=\"https:\/\/www.equalmedia.mx\/site\/wp-content\/uploads\/2026\/03\/FEP26_POSTAL-DEFTONES_STORY-576x1024.jpg\" alt=\"\" class=\"wp-image-9049 lazyload\" style=\"--smush-placeholder-width: 576px; --smush-placeholder-aspect-ratio: 576\/1024;width:314px;height:auto\" data-srcset=\"https:\/\/www.equalmedia.mx\/site\/wp-content\/uploads\/2026\/03\/FEP26_POSTAL-DEFTONES_STORY-576x1024.jpg 576w, https:\/\/www.equalmedia.mx\/site\/wp-content\/uploads\/2026\/03\/FEP26_POSTAL-DEFTONES_STORY-169x300.jpg 169w, https:\/\/www.equalmedia.mx\/site\/wp-content\/uploads\/2026\/03\/FEP26_POSTAL-DEFTONES_STORY-768x1365.jpg 768w, https:\/\/www.equalmedia.mx\/site\/wp-content\/uploads\/2026\/03\/FEP26_POSTAL-DEFTONES_STORY-864x1536.jpg 864w, https:\/\/www.equalmedia.mx\/site\/wp-content\/uploads\/2026\/03\/FEP26_POSTAL-DEFTONES_STORY-300x533.jpg 300w, https:\/\/www.equalmedia.mx\/site\/wp-content\/uploads\/2026\/03\/FEP26_POSTAL-DEFTONES_STORY-600x1067.jpg 600w, https:\/\/www.equalmedia.mx\/site\/wp-content\/uploads\/2026\/03\/FEP26_POSTAL-DEFTONES_STORY.jpg 1080w\" data-sizes=\"(max-width: 576px) 100vw, 576px\" src=\"data:image\/svg+xml;base64,PHN2ZyB3aWR0aD0iMSIgaGVpZ2h0PSIxIiB4bWxucz0iaHR0cDovL3d3dy53My5vcmcvMjAwMC9zdmciPjwvc3ZnPg==\" \/><\/figure>\n<\/div>\n\n\n<h1 class=\"wp-block-heading\">Qu\u00e9 es P\u00e1ramo Impacta<\/h1>\n\n\n\n<p>Una iniciativa de sostenibilidad creada por la promotora P\u00e1ramo Presenta.<\/p>\n\n\n\n<h1 class=\"wp-block-heading\">Qu\u00e9 hace<\/h1>\n\n\n\n<p>Desarrolla estrategias para medir y reducir el impacto ambiental de eventos culturales.<\/p>\n\n\n\n<h1 class=\"wp-block-heading\">Para qui\u00e9n es<\/h1>\n\n\n\n<p>Festivales, promotores culturales y audiencias interesadas en pr\u00e1cticas sostenibles dentro del entretenimiento.<\/p>\n\n\n\n<p><strong>\u00bfCu\u00e1ndo se realiza el Festival Est\u00e9reo Picnic 2026?<\/strong><br>Del <strong>20 al 22 de marzo de 2026<\/strong> en el Parque Sim\u00f3n Bol\u00edvar de Bogot\u00e1.<\/p>\n\n\n\n<p><strong>\u00bfC\u00f3mo busca el festival reducir su impacto ambiental?<\/strong><br>Mediante un modelo que combina medici\u00f3n energ\u00e9tica, campa\u00f1as educativas y compensaci\u00f3n de emisiones a trav\u00e9s de cr\u00e9ditos de carbono.<\/p>\n\n\n\n<p><\/p>\n","protected":false},"excerpt":{"rendered":"<p>A pocos d\u00edas de su edici\u00f3n 2026, el Festival Est\u00e9reo Picnic anunci\u00f3 una estrategia para medir y compensar el consumo energ\u00e9tico del evento. El plan incluye medici\u00f3n del impacto ambiental, cr\u00e9ditos de carbono y campa\u00f1as educativas para los asistentes. El reto ambiental detr\u00e1s de un festival masivo A pocos d\u00edas de su nueva edici\u00f3n, el [&hellip;]<\/p>\n","protected":false},"author":1,"featured_media":9047,"comment_status":"closed","ping_status":"closed","sticky":false,"template":"","format":"standard","meta":{"footnotes":""},"categories":[606],"tags":[3911,496,1489,3912,3909,3908,3910],"class_list":["post-9046","post","type-post","status-publish","format-standard","has-post-thumbnail","hentry","category-festival","tag-energia-festivales-musica","tag-equal-media","tag-festival-estereo-picnic","tag-industria-musical-latinoamerica","tag-klik-energy","tag-paramo-impacta","tag-sostenibilidad-festivales"],"yoast_head":"<!-- This site is optimized with the Yoast SEO plugin v26.6 - https:\/\/yoast.com\/wordpress\/plugins\/seo\/ -->\n<title>Festival Est\u00e9reo Picnic 2026: el plan para medir y compensar su consumo energ\u00e9tico<\/title>\n<meta name=\"description\" content=\"El Festival Est\u00e9reo Picnic 2026 implementar\u00e1 un modelo de medici\u00f3n energ\u00e9tica y compensaci\u00f3n de carbono para reducir el impacto ambiental del evento en Bogot\u00e1.\" \/>\n<meta name=\"robots\" content=\"index, follow, max-snippet:-1, max-image-preview:large, max-video-preview:-1\" \/>\n<link rel=\"canonical\" href=\"https:\/\/www.equalmedia.mx\/site\/festival\/sostenibilidad-festival-estereo-picnic-2026\/\" \/>\n<meta property=\"og:locale\" content=\"es_ES\" \/>\n<meta property=\"og:type\" content=\"article\" \/>\n<meta property=\"og:title\" content=\"Festival Est\u00e9reo Picnic 2026: el plan para medir y compensar su consumo energ\u00e9tico\" \/>\n<meta property=\"og:description\" content=\"El Festival Est\u00e9reo Picnic 2026 implementar\u00e1 un modelo de medici\u00f3n energ\u00e9tica y compensaci\u00f3n de carbono para reducir el impacto ambiental del evento en Bogot\u00e1.\" \/>\n<meta property=\"og:url\" content=\"https:\/\/www.equalmedia.mx\/site\/festival\/sostenibilidad-festival-estereo-picnic-2026\/\" \/>\n<meta property=\"og:site_name\" content=\"EQUAL MUSIC | Cultura Latina en Movimiento\" \/>\n<meta property=\"article:published_time\" content=\"2026-03-11T23:26:48+00:00\" \/>\n<meta property=\"article:modified_time\" content=\"2026-03-11T23:26:49+00:00\" \/>\n<meta property=\"og:image\" content=\"https:\/\/www.equalmedia.mx\/site\/wp-content\/uploads\/2026\/03\/FEP26_LINEUP_POST.png\" \/>\n\t<meta property=\"og:image:width\" content=\"1080\" \/>\n\t<meta property=\"og:image:height\" content=\"1350\" \/>\n\t<meta property=\"og:image:type\" content=\"image\/png\" \/>\n<meta name=\"author\" content=\"Equal Media\" \/>\n<meta name=\"twitter:card\" content=\"summary_large_image\" \/>\n<meta name=\"twitter:label1\" content=\"Escrito por\" \/>\n\t<meta name=\"twitter:data1\" content=\"Equal Media\" \/>\n\t<meta name=\"twitter:label2\" content=\"Tiempo de lectura\" \/>\n\t<meta name=\"twitter:data2\" content=\"5 minutos\" \/>\n<script type=\"application\/ld+json\" class=\"yoast-schema-graph\">{\"@context\":\"https:\/\/schema.org\",\"@graph\":[{\"@type\":\"Article\",\"@id\":\"https:\/\/www.equalmedia.mx\/site\/festival\/sostenibilidad-festival-estereo-picnic-2026\/#article\",\"isPartOf\":{\"@id\":\"https:\/\/www.equalmedia.mx\/site\/festival\/sostenibilidad-festival-estereo-picnic-2026\/\"},\"author\":{\"name\":\"Equal Media\",\"@id\":\"https:\/\/www.equalmedia.mx\/site\/#\/schema\/person\/41b6e60d650a80262fa6b5189bbb9f20\"},\"headline\":\"Festival Est\u00e9reo Picnic 2026: c\u00f3mo el festival busca reducir su impacto energ\u00e9tico y compensar su huella ambiental\",\"datePublished\":\"2026-03-11T23:26:48+00:00\",\"dateModified\":\"2026-03-11T23:26:49+00:00\",\"mainEntityOfPage\":{\"@id\":\"https:\/\/www.equalmedia.mx\/site\/festival\/sostenibilidad-festival-estereo-picnic-2026\/\"},\"wordCount\":851,\"publisher\":{\"@id\":\"https:\/\/www.equalmedia.mx\/site\/#organization\"},\"image\":{\"@id\":\"https:\/\/www.equalmedia.mx\/site\/festival\/sostenibilidad-festival-estereo-picnic-2026\/#primaryimage\"},\"thumbnailUrl\":\"https:\/\/www.equalmedia.mx\/site\/wp-content\/uploads\/2026\/03\/FEP26_LINEUP_POST.png\",\"keywords\":[\"energia festivales musica\",\"equal media\",\"Festival Est\u00e9reo Picnic\",\"industria musical latinoamerica\",\"Klik Energy\",\"Paramo Impacta\",\"sostenibilidad festivales\"],\"articleSection\":[\"Festival\"],\"inLanguage\":\"es\"},{\"@type\":\"WebPage\",\"@id\":\"https:\/\/www.equalmedia.mx\/site\/festival\/sostenibilidad-festival-estereo-picnic-2026\/\",\"url\":\"https:\/\/www.equalmedia.mx\/site\/festival\/sostenibilidad-festival-estereo-picnic-2026\/\",\"name\":\"Festival Est\u00e9reo Picnic 2026: el plan para medir y compensar su consumo energ\u00e9tico\",\"isPartOf\":{\"@id\":\"https:\/\/www.equalmedia.mx\/site\/#website\"},\"primaryImageOfPage\":{\"@id\":\"https:\/\/www.equalmedia.mx\/site\/festival\/sostenibilidad-festival-estereo-picnic-2026\/#primaryimage\"},\"image\":{\"@id\":\"https:\/\/www.equalmedia.mx\/site\/festival\/sostenibilidad-festival-estereo-picnic-2026\/#primaryimage\"},\"thumbnailUrl\":\"https:\/\/www.equalmedia.mx\/site\/wp-content\/uploads\/2026\/03\/FEP26_LINEUP_POST.png\",\"datePublished\":\"2026-03-11T23:26:48+00:00\",\"dateModified\":\"2026-03-11T23:26:49+00:00\",\"description\":\"El Festival Est\u00e9reo Picnic 2026 implementar\u00e1 un modelo de medici\u00f3n energ\u00e9tica y compensaci\u00f3n de carbono para reducir el impacto ambiental del evento en Bogot\u00e1.\",\"breadcrumb\":{\"@id\":\"https:\/\/www.equalmedia.mx\/site\/festival\/sostenibilidad-festival-estereo-picnic-2026\/#breadcrumb\"},\"inLanguage\":\"es\",\"potentialAction\":[{\"@type\":\"ReadAction\",\"target\":[\"https:\/\/www.equalmedia.mx\/site\/festival\/sostenibilidad-festival-estereo-picnic-2026\/\"]}]},{\"@type\":\"ImageObject\",\"inLanguage\":\"es\",\"@id\":\"https:\/\/www.equalmedia.mx\/site\/festival\/sostenibilidad-festival-estereo-picnic-2026\/#primaryimage\",\"url\":\"https:\/\/www.equalmedia.mx\/site\/wp-content\/uploads\/2026\/03\/FEP26_LINEUP_POST.png\",\"contentUrl\":\"https:\/\/www.equalmedia.mx\/site\/wp-content\/uploads\/2026\/03\/FEP26_LINEUP_POST.png\",\"width\":1080,\"height\":1350},{\"@type\":\"BreadcrumbList\",\"@id\":\"https:\/\/www.equalmedia.mx\/site\/festival\/sostenibilidad-festival-estereo-picnic-2026\/#breadcrumb\",\"itemListElement\":[{\"@type\":\"ListItem\",\"position\":1,\"name\":\"Inicio\",\"item\":\"https:\/\/www.equalmedia.mx\/site\/\"},{\"@type\":\"ListItem\",\"position\":2,\"name\":\"Festival Est\u00e9reo Picnic 2026: c\u00f3mo el festival busca reducir su impacto energ\u00e9tico y compensar su huella ambiental\"}]},{\"@type\":\"WebSite\",\"@id\":\"https:\/\/www.equalmedia.mx\/site\/#website\",\"url\":\"https:\/\/www.equalmedia.mx\/site\/\",\"name\":\"EQUAL MUSIC | Cultura Latina en Movimiento\",\"description\":\"Ritmo en movimiento.\",\"publisher\":{\"@id\":\"https:\/\/www.equalmedia.mx\/site\/#organization\"},\"potentialAction\":[{\"@type\":\"SearchAction\",\"target\":{\"@type\":\"EntryPoint\",\"urlTemplate\":\"https:\/\/www.equalmedia.mx\/site\/?s={search_term_string}\"},\"query-input\":{\"@type\":\"PropertyValueSpecification\",\"valueRequired\":true,\"valueName\":\"search_term_string\"}}],\"inLanguage\":\"es\"},{\"@type\":\"Organization\",\"@id\":\"https:\/\/www.equalmedia.mx\/site\/#organization\",\"name\":\"EQUAL MUSIC | Cultura Latina en Movimiento\",\"url\":\"https:\/\/www.equalmedia.mx\/site\/\",\"logo\":{\"@type\":\"ImageObject\",\"inLanguage\":\"es\",\"@id\":\"https:\/\/www.equalmedia.mx\/site\/#\/schema\/logo\/image\/\",\"url\":\"https:\/\/www.equalmedia.mx\/site\/wp-content\/uploads\/2021\/07\/logoblanco.png\",\"contentUrl\":\"https:\/\/www.equalmedia.mx\/site\/wp-content\/uploads\/2021\/07\/logoblanco.png\",\"width\":1920,\"height\":589,\"caption\":\"EQUAL MUSIC | Cultura Latina en Movimiento\"},\"image\":{\"@id\":\"https:\/\/www.equalmedia.mx\/site\/#\/schema\/logo\/image\/\"}},{\"@type\":\"Person\",\"@id\":\"https:\/\/www.equalmedia.mx\/site\/#\/schema\/person\/41b6e60d650a80262fa6b5189bbb9f20\",\"name\":\"Equal Media\",\"image\":{\"@type\":\"ImageObject\",\"inLanguage\":\"es\",\"@id\":\"https:\/\/www.equalmedia.mx\/site\/#\/schema\/person\/image\/\",\"url\":\"https:\/\/secure.gravatar.com\/avatar\/51c3f8f080f557c61349ab37ab35c9f967b3b271510dd8ef0b9b16a3dd5a89e9?s=96&d=mm&r=g\",\"contentUrl\":\"https:\/\/secure.gravatar.com\/avatar\/51c3f8f080f557c61349ab37ab35c9f967b3b271510dd8ef0b9b16a3dd5a89e9?s=96&d=mm&r=g\",\"caption\":\"Equal Media\"},\"description\":\"Equal Media es una productora y agencia de estrategia cultural transmedia que impulsa la visibilidad de la m\u00fasica y cultura latina a trav\u00e9s de contenidos originales, multiplataforma y con enfoque social. Con operaci\u00f3n desde Estados Unidos, M\u00e9xico y Colombia, Equal Media se ha consolidado como un actor clave en la narrativa documental, la curadur\u00eda musical y la creaci\u00f3n de formatos de alto impacto para audiencias latinas globales. Sus producciones incluyen Equal Music Sessions \u2014con m\u00e1s de 300 artistas programados en LATV Network\u2014, la serie Hunters y el documental 4TRO EL3MENTOS. Sus contenidos son emitidos en prime time en EE.UU. v\u00eda LATV y VOD, alcanzando m\u00e1s de 62 millones de hogares en mercados como Nueva York, Los \u00c1ngeles, Miami y Chicago. Equal Media ha estado presente con cobertura original y branded content en eventos como el Media Hub de los Latin Grammys, LAMC (NY), BIME (Bilbao, Bogot\u00e1), Vive Latino (CDMX), MIM LATAM, CAMM, entre otros hubs de la industria. Aliada de plataformas como Keychange, Femnoise, We Make Noise y la Municipalidad de Quilicura (Chile), Equal Media promueve una industria m\u00e1s equitativa, programando de forma activa proyectos liderados por mujeres, comunidades LGBTQ+ y sectores vulnerables. Bajo la direcci\u00f3n de Ulises Sanher \u2014reconocido por la UNAM y otras instituciones acad\u00e9micas por su labor cultural\u2014, Equal Media ha contribuido a formar nuevas audiencias desde la educaci\u00f3n, el activismo y la creatividad. Sanher ha sido invitado como speaker en foros como Circulart (COL), FIMPRO (MEX), Canadian Music Week (CAN), FME (CAN), SIM S\u00e3o Paulo (BR), MUPA (PAN), Corriente (PER) y Brasil Trends Conference. Tambi\u00e9n ha sido jurado externo de los Premios Rolling Stone en Espa\u00f1ol en Miami y ha ofrecido asesor\u00eda creativa en colaboraci\u00f3n con Berklee Valencia y la Asociaci\u00f3n de Supervisores Musicales.\",\"sameAs\":[\"https:\/\/www.equalmedia.mx\/\",\"https:\/\/www.instagram.com\/equal.music\",\"https:\/\/www.linkedin.com\/in\/ulises-sanher\/\",\"https:\/\/www.youtube.com\/@equalmusicworld\"],\"url\":\"https:\/\/www.equalmedia.mx\/site\/author\/admin\/\"}]}<\/script>\n<!-- \/ Yoast SEO plugin. -->","yoast_head_json":{"title":"Festival Est\u00e9reo Picnic 2026: el plan para medir y compensar su consumo energ\u00e9tico","description":"El Festival Est\u00e9reo Picnic 2026 implementar\u00e1 un modelo de medici\u00f3n energ\u00e9tica y compensaci\u00f3n de carbono para reducir el impacto ambiental del evento en Bogot\u00e1.","robots":{"index":"index","follow":"follow","max-snippet":"max-snippet:-1","max-image-preview":"max-image-preview:large","max-video-preview":"max-video-preview:-1"},"canonical":"https:\/\/www.equalmedia.mx\/site\/festival\/sostenibilidad-festival-estereo-picnic-2026\/","og_locale":"es_ES","og_type":"article","og_title":"Festival Est\u00e9reo Picnic 2026: el plan para medir y compensar su consumo energ\u00e9tico","og_description":"El Festival Est\u00e9reo Picnic 2026 implementar\u00e1 un modelo de medici\u00f3n energ\u00e9tica y compensaci\u00f3n de carbono para reducir el impacto ambiental del evento en Bogot\u00e1.","og_url":"https:\/\/www.equalmedia.mx\/site\/festival\/sostenibilidad-festival-estereo-picnic-2026\/","og_site_name":"EQUAL MUSIC | Cultura Latina en Movimiento","article_published_time":"2026-03-11T23:26:48+00:00","article_modified_time":"2026-03-11T23:26:49+00:00","og_image":[{"width":1080,"height":1350,"url":"https:\/\/www.equalmedia.mx\/site\/wp-content\/uploads\/2026\/03\/FEP26_LINEUP_POST.png","type":"image\/png"}],"author":"Equal Media","twitter_card":"summary_large_image","twitter_misc":{"Escrito por":"Equal Media","Tiempo de lectura":"5 minutos"},"schema":{"@context":"https:\/\/schema.org","@graph":[{"@type":"Article","@id":"https:\/\/www.equalmedia.mx\/site\/festival\/sostenibilidad-festival-estereo-picnic-2026\/#article","isPartOf":{"@id":"https:\/\/www.equalmedia.mx\/site\/festival\/sostenibilidad-festival-estereo-picnic-2026\/"},"author":{"name":"Equal Media","@id":"https:\/\/www.equalmedia.mx\/site\/#\/schema\/person\/41b6e60d650a80262fa6b5189bbb9f20"},"headline":"Festival Est\u00e9reo Picnic 2026: c\u00f3mo el festival busca reducir su impacto energ\u00e9tico y compensar su huella ambiental","datePublished":"2026-03-11T23:26:48+00:00","dateModified":"2026-03-11T23:26:49+00:00","mainEntityOfPage":{"@id":"https:\/\/www.equalmedia.mx\/site\/festival\/sostenibilidad-festival-estereo-picnic-2026\/"},"wordCount":851,"publisher":{"@id":"https:\/\/www.equalmedia.mx\/site\/#organization"},"image":{"@id":"https:\/\/www.equalmedia.mx\/site\/festival\/sostenibilidad-festival-estereo-picnic-2026\/#primaryimage"},"thumbnailUrl":"https:\/\/www.equalmedia.mx\/site\/wp-content\/uploads\/2026\/03\/FEP26_LINEUP_POST.png","keywords":["energia festivales musica","equal media","Festival Est\u00e9reo Picnic","industria musical latinoamerica","Klik Energy","Paramo Impacta","sostenibilidad festivales"],"articleSection":["Festival"],"inLanguage":"es"},{"@type":"WebPage","@id":"https:\/\/www.equalmedia.mx\/site\/festival\/sostenibilidad-festival-estereo-picnic-2026\/","url":"https:\/\/www.equalmedia.mx\/site\/festival\/sostenibilidad-festival-estereo-picnic-2026\/","name":"Festival Est\u00e9reo Picnic 2026: el plan para medir y compensar su consumo energ\u00e9tico","isPartOf":{"@id":"https:\/\/www.equalmedia.mx\/site\/#website"},"primaryImageOfPage":{"@id":"https:\/\/www.equalmedia.mx\/site\/festival\/sostenibilidad-festival-estereo-picnic-2026\/#primaryimage"},"image":{"@id":"https:\/\/www.equalmedia.mx\/site\/festival\/sostenibilidad-festival-estereo-picnic-2026\/#primaryimage"},"thumbnailUrl":"https:\/\/www.equalmedia.mx\/site\/wp-content\/uploads\/2026\/03\/FEP26_LINEUP_POST.png","datePublished":"2026-03-11T23:26:48+00:00","dateModified":"2026-03-11T23:26:49+00:00","description":"El Festival Est\u00e9reo Picnic 2026 implementar\u00e1 un modelo de medici\u00f3n energ\u00e9tica y compensaci\u00f3n de carbono para reducir el impacto ambiental del evento en Bogot\u00e1.","breadcrumb":{"@id":"https:\/\/www.equalmedia.mx\/site\/festival\/sostenibilidad-festival-estereo-picnic-2026\/#breadcrumb"},"inLanguage":"es","potentialAction":[{"@type":"ReadAction","target":["https:\/\/www.equalmedia.mx\/site\/festival\/sostenibilidad-festival-estereo-picnic-2026\/"]}]},{"@type":"ImageObject","inLanguage":"es","@id":"https:\/\/www.equalmedia.mx\/site\/festival\/sostenibilidad-festival-estereo-picnic-2026\/#primaryimage","url":"https:\/\/www.equalmedia.mx\/site\/wp-content\/uploads\/2026\/03\/FEP26_LINEUP_POST.png","contentUrl":"https:\/\/www.equalmedia.mx\/site\/wp-content\/uploads\/2026\/03\/FEP26_LINEUP_POST.png","width":1080,"height":1350},{"@type":"BreadcrumbList","@id":"https:\/\/www.equalmedia.mx\/site\/festival\/sostenibilidad-festival-estereo-picnic-2026\/#breadcrumb","itemListElement":[{"@type":"ListItem","position":1,"name":"Inicio","item":"https:\/\/www.equalmedia.mx\/site\/"},{"@type":"ListItem","position":2,"name":"Festival Est\u00e9reo Picnic 2026: c\u00f3mo el festival busca reducir su impacto energ\u00e9tico y compensar su huella ambiental"}]},{"@type":"WebSite","@id":"https:\/\/www.equalmedia.mx\/site\/#website","url":"https:\/\/www.equalmedia.mx\/site\/","name":"EQUAL MUSIC | Cultura Latina en Movimiento","description":"Ritmo en movimiento.","publisher":{"@id":"https:\/\/www.equalmedia.mx\/site\/#organization"},"potentialAction":[{"@type":"SearchAction","target":{"@type":"EntryPoint","urlTemplate":"https:\/\/www.equalmedia.mx\/site\/?s={search_term_string}"},"query-input":{"@type":"PropertyValueSpecification","valueRequired":true,"valueName":"search_term_string"}}],"inLanguage":"es"},{"@type":"Organization","@id":"https:\/\/www.equalmedia.mx\/site\/#organization","name":"EQUAL MUSIC | Cultura Latina en Movimiento","url":"https:\/\/www.equalmedia.mx\/site\/","logo":{"@type":"ImageObject","inLanguage":"es","@id":"https:\/\/www.equalmedia.mx\/site\/#\/schema\/logo\/image\/","url":"https:\/\/www.equalmedia.mx\/site\/wp-content\/uploads\/2021\/07\/logoblanco.png","contentUrl":"https:\/\/www.equalmedia.mx\/site\/wp-content\/uploads\/2021\/07\/logoblanco.png","width":1920,"height":589,"caption":"EQUAL MUSIC | Cultura Latina en Movimiento"},"image":{"@id":"https:\/\/www.equalmedia.mx\/site\/#\/schema\/logo\/image\/"}},{"@type":"Person","@id":"https:\/\/www.equalmedia.mx\/site\/#\/schema\/person\/41b6e60d650a80262fa6b5189bbb9f20","name":"Equal Media","image":{"@type":"ImageObject","inLanguage":"es","@id":"https:\/\/www.equalmedia.mx\/site\/#\/schema\/person\/image\/","url":"https:\/\/secure.gravatar.com\/avatar\/51c3f8f080f557c61349ab37ab35c9f967b3b271510dd8ef0b9b16a3dd5a89e9?s=96&d=mm&r=g","contentUrl":"https:\/\/secure.gravatar.com\/avatar\/51c3f8f080f557c61349ab37ab35c9f967b3b271510dd8ef0b9b16a3dd5a89e9?s=96&d=mm&r=g","caption":"Equal Media"},"description":"Equal Media es una productora y agencia de estrategia cultural transmedia que impulsa la visibilidad de la m\u00fasica y cultura latina a trav\u00e9s de contenidos originales, multiplataforma y con enfoque social. Con operaci\u00f3n desde Estados Unidos, M\u00e9xico y Colombia, Equal Media se ha consolidado como un actor clave en la narrativa documental, la curadur\u00eda musical y la creaci\u00f3n de formatos de alto impacto para audiencias latinas globales. Sus producciones incluyen Equal Music Sessions \u2014con m\u00e1s de 300 artistas programados en LATV Network\u2014, la serie Hunters y el documental 4TRO EL3MENTOS. Sus contenidos son emitidos en prime time en EE.UU. v\u00eda LATV y VOD, alcanzando m\u00e1s de 62 millones de hogares en mercados como Nueva York, Los \u00c1ngeles, Miami y Chicago. Equal Media ha estado presente con cobertura original y branded content en eventos como el Media Hub de los Latin Grammys, LAMC (NY), BIME (Bilbao, Bogot\u00e1), Vive Latino (CDMX), MIM LATAM, CAMM, entre otros hubs de la industria. Aliada de plataformas como Keychange, Femnoise, We Make Noise y la Municipalidad de Quilicura (Chile), Equal Media promueve una industria m\u00e1s equitativa, programando de forma activa proyectos liderados por mujeres, comunidades LGBTQ+ y sectores vulnerables. Bajo la direcci\u00f3n de Ulises Sanher \u2014reconocido por la UNAM y otras instituciones acad\u00e9micas por su labor cultural\u2014, Equal Media ha contribuido a formar nuevas audiencias desde la educaci\u00f3n, el activismo y la creatividad. Sanher ha sido invitado como speaker en foros como Circulart (COL), FIMPRO (MEX), Canadian Music Week (CAN), FME (CAN), SIM S\u00e3o Paulo (BR), MUPA (PAN), Corriente (PER) y Brasil Trends Conference. Tambi\u00e9n ha sido jurado externo de los Premios Rolling Stone en Espa\u00f1ol en Miami y ha ofrecido asesor\u00eda creativa en colaboraci\u00f3n con Berklee Valencia y la Asociaci\u00f3n de Supervisores Musicales.","sameAs":["https:\/\/www.equalmedia.mx\/","https:\/\/www.instagram.com\/equal.music","https:\/\/www.linkedin.com\/in\/ulises-sanher\/","https:\/\/www.youtube.com\/@equalmusicworld"],"url":"https:\/\/www.equalmedia.mx\/site\/author\/admin\/"}]}},"_links":{"self":[{"href":"https:\/\/www.equalmedia.mx\/site\/wp-json\/wp\/v2\/posts\/9046","targetHints":{"allow":["GET"]}}],"collection":[{"href":"https:\/\/www.equalmedia.mx\/site\/wp-json\/wp\/v2\/posts"}],"about":[{"href":"https:\/\/www.equalmedia.mx\/site\/wp-json\/wp\/v2\/types\/post"}],"author":[{"embeddable":true,"href":"https:\/\/www.equalmedia.mx\/site\/wp-json\/wp\/v2\/users\/1"}],"replies":[{"embeddable":true,"href":"https:\/\/www.equalmedia.mx\/site\/wp-json\/wp\/v2\/comments?post=9046"}],"version-history":[{"count":1,"href":"https:\/\/www.equalmedia.mx\/site\/wp-json\/wp\/v2\/posts\/9046\/revisions"}],"predecessor-version":[{"id":9050,"href":"https:\/\/www.equalmedia.mx\/site\/wp-json\/wp\/v2\/posts\/9046\/revisions\/9050"}],"wp:featuredmedia":[{"embeddable":true,"href":"https:\/\/www.equalmedia.mx\/site\/wp-json\/wp\/v2\/media\/9047"}],"wp:attachment":[{"href":"https:\/\/www.equalmedia.mx\/site\/wp-json\/wp\/v2\/media?parent=9046"}],"wp:term":[{"taxonomy":"category","embeddable":true,"href":"https:\/\/www.equalmedia.mx\/site\/wp-json\/wp\/v2\/categories?post=9046"},{"taxonomy":"post_tag","embeddable":true,"href":"https:\/\/www.equalmedia.mx\/site\/wp-json\/wp\/v2\/tags?post=9046"}],"curies":[{"name":"wp","href":"https:\/\/api.w.org\/{rel}","templated":true}]}}