{"id":9065,"date":"2026-03-12T20:36:07","date_gmt":"2026-03-12T20:36:07","guid":{"rendered":"https:\/\/www.equalmedia.mx\/site\/?p=9065"},"modified":"2026-03-12T20:36:08","modified_gmt":"2026-03-12T20:36:08","slug":"vans-warped-tour-mexico-2026-cartel","status":"publish","type":"post","link":"https:\/\/www.equalmedia.mx\/site\/festival\/vans-warped-tour-mexico-2026-cartel\/","title":{"rendered":"Vans Warped Tour anuncia cartel para Ciudad de M\u00e9xico 2026"},"content":{"rendered":"\n<h3 class=\"wp-block-heading\">El Vans Warped Tour, uno de los festivales alternativos m\u00e1s influyentes, anunci\u00f3 el cartel completo de su edici\u00f3n en Ciudad de M\u00e9xico. El evento se celebrar\u00e1 el 12 y 13 de septiembre en el Aut\u00f3dromo Hermanos Rodr\u00edguez y reunir\u00e1 a artistas internacionales y proyectos de la escena mexicana.<\/h3>\n\n\n\n<h1 class=\"wp-block-heading\">El regreso de un festival que marc\u00f3 generaciones<\/h1>\n\n\n\n<p>El <strong>Vans Warped Tour<\/strong>, uno de los festivales m\u00e1s emblem\u00e1ticos de la cultura punk y alternativa, anunci\u00f3 el cartel completo de su pr\u00f3xima edici\u00f3n en <strong>Ciudad de M\u00e9xico<\/strong>, que se celebrar\u00e1 <strong>12 y 13 de septiembre de 2026 en el Aut\u00f3dromo Hermanos Rodr\u00edguez<\/strong>.<\/p>\n\n\n\n<p>La llegada del festival a la capital mexicana marca un paso importante en la expansi\u00f3n internacional del proyecto fundado por <strong>Kevin Lyman en 1995<\/strong>, que durante d\u00e9cadas funcion\u00f3 como uno de los espacios m\u00e1s importantes para el desarrollo del <strong>punk, el pop-punk, el ska y el rock alternativo<\/strong>.<\/p>\n\n\n\n<p>M\u00e1s que un simple festival itinerante, Warped Tour se convirti\u00f3 en una plataforma donde conviv\u00edan artistas consagrados, bandas emergentes y una cultura que mezclaba m\u00fasica, skate y comunidad.<\/p>\n\n\n\n<h1 class=\"wp-block-heading\">Un cartel que mezcla nostalgia y nuevas generaciones<\/h1>\n\n\n\n<p>Siguiendo una tradici\u00f3n que el festival mantiene desde sus primeras ediciones, el <strong>cartel se presenta en orden alfab\u00e9tico<\/strong>, evitando jerarqu\u00edas entre artistas y reforzando la idea colectiva que siempre ha definido la identidad del Warped Tour.<\/p>\n\n\n\n<p>El lineup re\u00fane nombres asociados al auge del pop-punk de los a\u00f1os dos mil, como:<\/p>\n\n\n\n<ul class=\"wp-block-list\">\n<li><strong>Simple Plan<\/strong><\/li>\n\n\n\n<li><strong>Jimmy Eat World<\/strong><\/li>\n\n\n\n<li><strong>Yellowcard<\/strong><\/li>\n\n\n\n<li><strong>Mayday Parade<\/strong><\/li>\n\n\n\n<li><strong>The Starting Line<\/strong><\/li>\n\n\n\n<li><strong>The All-American Rejects<\/strong><\/li>\n<\/ul>\n\n\n\n<p>junto a proyectos m\u00e1s recientes como <strong>Jutes<\/strong> y <strong>L\u00d8L\u00d8<\/strong>, representantes de una nueva generaci\u00f3n que contin\u00faa explorando el cruce entre rock alternativo y pop contempor\u00e1neo.<\/p>\n\n\n\n<figure class=\"wp-block-embed aligncenter is-type-video is-provider-youtube wp-block-embed-youtube wp-embed-aspect-16-9 wp-has-aspect-ratio\"><div class=\"wp-block-embed__wrapper\">\n<iframe title=\"Vans Warped Tour Goes International In 2026 - Mexico City\" width=\"1300\" height=\"731\" data-src=\"https:\/\/www.youtube.com\/embed\/UHtcqTS5_Qo?feature=oembed\" frameborder=\"0\" allow=\"accelerometer; autoplay; clipboard-write; encrypted-media; gyroscope; picture-in-picture; web-share\" referrerpolicy=\"strict-origin-when-cross-origin\" allowfullscreen src=\"data:image\/svg+xml;base64,PHN2ZyB3aWR0aD0iMSIgaGVpZ2h0PSIxIiB4bWxucz0iaHR0cDovL3d3dy53My5vcmcvMjAwMC9zdmciPjwvc3ZnPg==\" class=\"lazyload\" data-load-mode=\"1\"><\/iframe>\n<\/div><\/figure>\n\n\n\n<h1 class=\"wp-block-heading\">La presencia de la escena mexicana<\/h1>\n\n\n\n<p>La edici\u00f3n mexicana tambi\u00e9n incluir\u00e1 artistas locales y regionales, integrando a proyectos que han desarrollado sus trayectorias dentro de la escena alternativa del pa\u00eds.<\/p>\n\n\n\n<p>Entre los nombres confirmados aparecen:<\/p>\n\n\n\n<ul class=\"wp-block-list\">\n<li><strong>Here Comes the Kraken<\/strong><\/li>\n\n\n\n<li><strong>Tungas<\/strong><\/li>\n\n\n\n<li><strong>Pedro y El Lobo<\/strong><\/li>\n\n\n\n<li><strong>Blnko<\/strong><\/li>\n\n\n\n<li><strong>Say Ocean<\/strong><\/li>\n\n\n\n<li><strong>Sgt. Papers<\/strong><\/li>\n\n\n\n<li><strong>Elli Noise<\/strong><\/li>\n\n\n\n<li><strong>San Venus<\/strong><\/li>\n<\/ul>\n\n\n\n<p>Su inclusi\u00f3n refleja la intenci\u00f3n del festival de conectar la tradici\u00f3n del Warped Tour con escenas locales que han crecido dentro del punk, el hardcore y el rock alternativo latinoamericano.<\/p>\n\n\n<div class=\"wp-block-image\">\n<figure class=\"aligncenter size-large is-resized\"><img fetchpriority=\"high\" decoding=\"async\" width=\"1024\" height=\"1024\" src=\"https:\/\/www.equalmedia.mx\/site\/wp-content\/uploads\/2026\/03\/descarga-1-1024x1024.png\" alt=\"\" class=\"wp-image-9067\" style=\"width:734px;height:auto\" srcset=\"https:\/\/www.equalmedia.mx\/site\/wp-content\/uploads\/2026\/03\/descarga-1-1024x1024.png 1024w, https:\/\/www.equalmedia.mx\/site\/wp-content\/uploads\/2026\/03\/descarga-1-300x300.png 300w, https:\/\/www.equalmedia.mx\/site\/wp-content\/uploads\/2026\/03\/descarga-1-150x150.png 150w, https:\/\/www.equalmedia.mx\/site\/wp-content\/uploads\/2026\/03\/descarga-1-768x768.png 768w, https:\/\/www.equalmedia.mx\/site\/wp-content\/uploads\/2026\/03\/descarga-1-600x600.png 600w, https:\/\/www.equalmedia.mx\/site\/wp-content\/uploads\/2026\/03\/descarga-1-100x100.png 100w, https:\/\/www.equalmedia.mx\/site\/wp-content\/uploads\/2026\/03\/descarga-1.png 1080w\" sizes=\"(max-width: 1024px) 100vw, 1024px\" \/><\/figure>\n<\/div>\n\n\n<h1 class=\"wp-block-heading\">M\u00e1s de m\u00fasica: skate, cultura y comunidad<\/h1>\n\n\n\n<p>El evento, que se realizar\u00e1 en colaboraci\u00f3n con <strong>Insomniac<\/strong>, reunir\u00e1 <strong>m\u00e1s de 100 artistas<\/strong> durante dos d\u00edas de programaci\u00f3n que incluir\u00e1n tambi\u00e9n presentaciones de <strong>skaters profesionales y atletas de deportes de acci\u00f3n<\/strong>.<\/p>\n\n\n\n<p>Este cruce entre m\u00fasica y cultura skate ha sido parte fundamental del ADN del Warped Tour desde sus primeras ediciones en los a\u00f1os noventa.<\/p>\n\n\n\n<p>Durante a\u00f1os, el festival funcion\u00f3 como un punto de encuentro donde los fans pod\u00edan descubrir bandas nuevas, convivir con artistas y participar en iniciativas sociales y culturales.<\/p>\n\n\n\n<h1 class=\"wp-block-heading\">Una expansi\u00f3n global del Warped Tour<\/h1>\n\n\n\n<p>La edici\u00f3n de Ciudad de M\u00e9xico forma parte de una nueva etapa del festival que busca ampliar su presencia internacional.<\/p>\n\n\n\n<p>Despu\u00e9s de realizar tres fechas con entradas agotadas en Estados Unidos el a\u00f1o pasado, el Warped Tour anunci\u00f3 una serie de <strong>festivales de dos d\u00edas<\/strong> que se celebrar\u00e1n en ciudades como:<\/p>\n\n\n\n<ul class=\"wp-block-list\">\n<li>Washington D.C.<\/li>\n\n\n\n<li>Long Beach, California<\/li>\n\n\n\n<li>Orlando, Florida<\/li>\n<\/ul>\n\n\n\n<p>y dos nuevas ediciones internacionales en <strong>Montreal<\/strong> y <strong>Ciudad de M\u00e9xico<\/strong>.<\/p>\n\n\n\n<h1 class=\"wp-block-heading\">Un festival que ayud\u00f3 a definir el rock alternativo actual<\/h1>\n\n\n\n<p>Desde su fundaci\u00f3n en 1995, el Vans Warped Tour fue clave para el crecimiento de m\u00faltiples artistas que posteriormente se convertir\u00edan en figuras centrales de la m\u00fasica contempor\u00e1nea.<\/p>\n\n\n\n<p>Entre los m\u00fasicos que pasaron por el festival en distintas etapas de sus carreras se encuentran <strong>Blink-182, Green Day, No Doubt, Sublime, Beck, Bad Religion, Katy Perry, Black Eyed Peas y Eminem<\/strong>, entre muchos otros.<\/p>\n\n\n\n<p>Esa mezcla de descubrimiento, comunidad y accesibilidad \u2014incluyendo boletos hist\u00f3ricamente accesibles y festivales de larga duraci\u00f3n\u2014 fue lo que convirti\u00f3 al Warped Tour en una plataforma cultural \u00fanica dentro de la m\u00fasica en vivo.<\/p>\n\n\n\n<h1 class=\"wp-block-heading\">Qu\u00e9 es Vans Warped Tour<\/h1>\n\n\n\n<p>Un festival de m\u00fasica fundado en 1995 por Kevin Lyman enfocado en rock alternativo, punk y cultura skate.<\/p>\n\n\n\n<p><strong>\u00bfCu\u00e1ndo se celebrar\u00e1 el Vans Warped Tour en Ciudad de M\u00e9xico?<\/strong><br>El festival se realizar\u00e1 <strong>12 y 13 de septiembre de 2026<\/strong>.<\/p>\n\n\n\n<p><strong>\u00bfD\u00f3nde se llevar\u00e1 a cabo el evento?<\/strong><br>En el <strong>Aut\u00f3dromo Hermanos Rodr\u00edguez<\/strong>, dentro del complejo Ciudad Deportiva Magdalena Mixhuca.<\/p>\n\n\n\n<p><strong><em>Sigue en Equal Media la cobertura de festivales que conectan escenas globales con el p\u00fablico latino.<\/em><\/strong><\/p>\n\n\n\n<p><\/p>\n","protected":false},"excerpt":{"rendered":"<p>El Vans Warped Tour, uno de los festivales alternativos m\u00e1s influyentes, anunci\u00f3 el cartel completo de su edici\u00f3n en Ciudad de M\u00e9xico. El evento se celebrar\u00e1 el 12 y 13 de septiembre en el Aut\u00f3dromo Hermanos Rodr\u00edguez y reunir\u00e1 a artistas internacionales y proyectos de la escena mexicana. El regreso de un festival que marc\u00f3 [&hellip;]<\/p>\n","protected":false},"author":1,"featured_media":9066,"comment_status":"closed","ping_status":"closed","sticky":false,"template":"","format":"standard","meta":{"footnotes":""},"categories":[606],"tags":[2633,3932,3933,1386,3930,3931],"class_list":["post-9065","post","type-post","status-publish","format-standard","has-post-thumbnail","hentry","category-festival","tag-escena-alternativa","tag-festivales-mexico-2","tag-pop-punk","tag-rock-alternativo","tag-vans-warped-tour","tag-warped-tour-mexico"],"yoast_head":"<!-- This site is optimized with the Yoast SEO plugin v26.6 - https:\/\/yoast.com\/wordpress\/plugins\/seo\/ -->\n<title>Vans Warped Tour anuncia cartel para Ciudad de M\u00e9xico 2026<\/title>\n<meta name=\"description\" content=\"El Vans Warped Tour llegar\u00e1 a Ciudad de M\u00e9xico el 12 y 13 de septiembre de 2026 con un cartel que re\u00fane referentes del pop-punk y nuevas voces de la escena alternativa.\" \/>\n<meta name=\"robots\" content=\"index, follow, max-snippet:-1, max-image-preview:large, max-video-preview:-1\" \/>\n<link rel=\"canonical\" href=\"https:\/\/www.equalmedia.mx\/site\/festival\/vans-warped-tour-mexico-2026-cartel\/\" \/>\n<meta property=\"og:locale\" content=\"es_ES\" \/>\n<meta property=\"og:type\" content=\"article\" \/>\n<meta property=\"og:title\" content=\"Vans Warped Tour anuncia cartel para Ciudad de M\u00e9xico 2026\" \/>\n<meta property=\"og:description\" content=\"El Vans Warped Tour llegar\u00e1 a Ciudad de M\u00e9xico el 12 y 13 de septiembre de 2026 con un cartel que re\u00fane referentes del pop-punk y nuevas voces de la escena alternativa.\" \/>\n<meta property=\"og:url\" content=\"https:\/\/www.equalmedia.mx\/site\/festival\/vans-warped-tour-mexico-2026-cartel\/\" \/>\n<meta property=\"og:site_name\" content=\"EQUAL MUSIC | Cultura Latina en Movimiento\" \/>\n<meta property=\"article:published_time\" content=\"2026-03-12T20:36:07+00:00\" \/>\n<meta property=\"article:modified_time\" content=\"2026-03-12T20:36:08+00:00\" \/>\n<meta property=\"og:image\" content=\"https:\/\/www.equalmedia.mx\/site\/wp-content\/uploads\/2026\/03\/descarga.png\" \/>\n\t<meta property=\"og:image:width\" content=\"1080\" \/>\n\t<meta property=\"og:image:height\" content=\"1080\" \/>\n\t<meta property=\"og:image:type\" content=\"image\/png\" \/>\n<meta name=\"author\" content=\"Equal Media\" \/>\n<meta name=\"twitter:card\" content=\"summary_large_image\" \/>\n<meta name=\"twitter:label1\" content=\"Escrito por\" \/>\n\t<meta name=\"twitter:data1\" content=\"Equal Media\" \/>\n\t<meta name=\"twitter:label2\" content=\"Tiempo de lectura\" \/>\n\t<meta name=\"twitter:data2\" content=\"4 minutos\" \/>\n<script type=\"application\/ld+json\" class=\"yoast-schema-graph\">{\"@context\":\"https:\/\/schema.org\",\"@graph\":[{\"@type\":\"Article\",\"@id\":\"https:\/\/www.equalmedia.mx\/site\/festival\/vans-warped-tour-mexico-2026-cartel\/#article\",\"isPartOf\":{\"@id\":\"https:\/\/www.equalmedia.mx\/site\/festival\/vans-warped-tour-mexico-2026-cartel\/\"},\"author\":{\"name\":\"Equal Media\",\"@id\":\"https:\/\/www.equalmedia.mx\/site\/#\/schema\/person\/41b6e60d650a80262fa6b5189bbb9f20\"},\"headline\":\"Vans Warped Tour anuncia cartel para Ciudad de M\u00e9xico 2026\",\"datePublished\":\"2026-03-12T20:36:07+00:00\",\"dateModified\":\"2026-03-12T20:36:08+00:00\",\"mainEntityOfPage\":{\"@id\":\"https:\/\/www.equalmedia.mx\/site\/festival\/vans-warped-tour-mexico-2026-cartel\/\"},\"wordCount\":786,\"publisher\":{\"@id\":\"https:\/\/www.equalmedia.mx\/site\/#organization\"},\"image\":{\"@id\":\"https:\/\/www.equalmedia.mx\/site\/festival\/vans-warped-tour-mexico-2026-cartel\/#primaryimage\"},\"thumbnailUrl\":\"https:\/\/www.equalmedia.mx\/site\/wp-content\/uploads\/2026\/03\/descarga.png\",\"keywords\":[\"escena alternativa\",\"festivales mexico\",\"pop punk\",\"rock alternativo\",\"Vans Warped Tour\",\"Warped Tour Mexico\"],\"articleSection\":[\"Festival\"],\"inLanguage\":\"es\"},{\"@type\":\"WebPage\",\"@id\":\"https:\/\/www.equalmedia.mx\/site\/festival\/vans-warped-tour-mexico-2026-cartel\/\",\"url\":\"https:\/\/www.equalmedia.mx\/site\/festival\/vans-warped-tour-mexico-2026-cartel\/\",\"name\":\"Vans Warped Tour anuncia cartel para Ciudad de M\u00e9xico 2026\",\"isPartOf\":{\"@id\":\"https:\/\/www.equalmedia.mx\/site\/#website\"},\"primaryImageOfPage\":{\"@id\":\"https:\/\/www.equalmedia.mx\/site\/festival\/vans-warped-tour-mexico-2026-cartel\/#primaryimage\"},\"image\":{\"@id\":\"https:\/\/www.equalmedia.mx\/site\/festival\/vans-warped-tour-mexico-2026-cartel\/#primaryimage\"},\"thumbnailUrl\":\"https:\/\/www.equalmedia.mx\/site\/wp-content\/uploads\/2026\/03\/descarga.png\",\"datePublished\":\"2026-03-12T20:36:07+00:00\",\"dateModified\":\"2026-03-12T20:36:08+00:00\",\"description\":\"El Vans Warped Tour llegar\u00e1 a Ciudad de M\u00e9xico el 12 y 13 de septiembre de 2026 con un cartel que re\u00fane referentes del pop-punk y nuevas voces de la escena alternativa.\",\"breadcrumb\":{\"@id\":\"https:\/\/www.equalmedia.mx\/site\/festival\/vans-warped-tour-mexico-2026-cartel\/#breadcrumb\"},\"inLanguage\":\"es\",\"potentialAction\":[{\"@type\":\"ReadAction\",\"target\":[\"https:\/\/www.equalmedia.mx\/site\/festival\/vans-warped-tour-mexico-2026-cartel\/\"]}]},{\"@type\":\"ImageObject\",\"inLanguage\":\"es\",\"@id\":\"https:\/\/www.equalmedia.mx\/site\/festival\/vans-warped-tour-mexico-2026-cartel\/#primaryimage\",\"url\":\"https:\/\/www.equalmedia.mx\/site\/wp-content\/uploads\/2026\/03\/descarga.png\",\"contentUrl\":\"https:\/\/www.equalmedia.mx\/site\/wp-content\/uploads\/2026\/03\/descarga.png\",\"width\":1080,\"height\":1080},{\"@type\":\"BreadcrumbList\",\"@id\":\"https:\/\/www.equalmedia.mx\/site\/festival\/vans-warped-tour-mexico-2026-cartel\/#breadcrumb\",\"itemListElement\":[{\"@type\":\"ListItem\",\"position\":1,\"name\":\"Inicio\",\"item\":\"https:\/\/www.equalmedia.mx\/site\/\"},{\"@type\":\"ListItem\",\"position\":2,\"name\":\"Vans Warped Tour anuncia cartel para Ciudad de M\u00e9xico 2026\"}]},{\"@type\":\"WebSite\",\"@id\":\"https:\/\/www.equalmedia.mx\/site\/#website\",\"url\":\"https:\/\/www.equalmedia.mx\/site\/\",\"name\":\"EQUAL MUSIC | Cultura Latina en Movimiento\",\"description\":\"Ritmo en movimiento.\",\"publisher\":{\"@id\":\"https:\/\/www.equalmedia.mx\/site\/#organization\"},\"potentialAction\":[{\"@type\":\"SearchAction\",\"target\":{\"@type\":\"EntryPoint\",\"urlTemplate\":\"https:\/\/www.equalmedia.mx\/site\/?s={search_term_string}\"},\"query-input\":{\"@type\":\"PropertyValueSpecification\",\"valueRequired\":true,\"valueName\":\"search_term_string\"}}],\"inLanguage\":\"es\"},{\"@type\":\"Organization\",\"@id\":\"https:\/\/www.equalmedia.mx\/site\/#organization\",\"name\":\"EQUAL MUSIC | Cultura Latina en Movimiento\",\"url\":\"https:\/\/www.equalmedia.mx\/site\/\",\"logo\":{\"@type\":\"ImageObject\",\"inLanguage\":\"es\",\"@id\":\"https:\/\/www.equalmedia.mx\/site\/#\/schema\/logo\/image\/\",\"url\":\"https:\/\/www.equalmedia.mx\/site\/wp-content\/uploads\/2021\/07\/logoblanco.png\",\"contentUrl\":\"https:\/\/www.equalmedia.mx\/site\/wp-content\/uploads\/2021\/07\/logoblanco.png\",\"width\":1920,\"height\":589,\"caption\":\"EQUAL MUSIC | Cultura Latina en Movimiento\"},\"image\":{\"@id\":\"https:\/\/www.equalmedia.mx\/site\/#\/schema\/logo\/image\/\"}},{\"@type\":\"Person\",\"@id\":\"https:\/\/www.equalmedia.mx\/site\/#\/schema\/person\/41b6e60d650a80262fa6b5189bbb9f20\",\"name\":\"Equal Media\",\"image\":{\"@type\":\"ImageObject\",\"inLanguage\":\"es\",\"@id\":\"https:\/\/www.equalmedia.mx\/site\/#\/schema\/person\/image\/\",\"url\":\"https:\/\/secure.gravatar.com\/avatar\/51c3f8f080f557c61349ab37ab35c9f967b3b271510dd8ef0b9b16a3dd5a89e9?s=96&d=mm&r=g\",\"contentUrl\":\"https:\/\/secure.gravatar.com\/avatar\/51c3f8f080f557c61349ab37ab35c9f967b3b271510dd8ef0b9b16a3dd5a89e9?s=96&d=mm&r=g\",\"caption\":\"Equal Media\"},\"description\":\"Equal Media es una productora y agencia de estrategia cultural transmedia que impulsa la visibilidad de la m\u00fasica y cultura latina a trav\u00e9s de contenidos originales, multiplataforma y con enfoque social. Con operaci\u00f3n desde Estados Unidos, M\u00e9xico y Colombia, Equal Media se ha consolidado como un actor clave en la narrativa documental, la curadur\u00eda musical y la creaci\u00f3n de formatos de alto impacto para audiencias latinas globales. Sus producciones incluyen Equal Music Sessions \u2014con m\u00e1s de 300 artistas programados en LATV Network\u2014, la serie Hunters y el documental 4TRO EL3MENTOS. Sus contenidos son emitidos en prime time en EE.UU. v\u00eda LATV y VOD, alcanzando m\u00e1s de 62 millones de hogares en mercados como Nueva York, Los \u00c1ngeles, Miami y Chicago. Equal Media ha estado presente con cobertura original y branded content en eventos como el Media Hub de los Latin Grammys, LAMC (NY), BIME (Bilbao, Bogot\u00e1), Vive Latino (CDMX), MIM LATAM, CAMM, entre otros hubs de la industria. Aliada de plataformas como Keychange, Femnoise, We Make Noise y la Municipalidad de Quilicura (Chile), Equal Media promueve una industria m\u00e1s equitativa, programando de forma activa proyectos liderados por mujeres, comunidades LGBTQ+ y sectores vulnerables. Bajo la direcci\u00f3n de Ulises Sanher \u2014reconocido por la UNAM y otras instituciones acad\u00e9micas por su labor cultural\u2014, Equal Media ha contribuido a formar nuevas audiencias desde la educaci\u00f3n, el activismo y la creatividad. Sanher ha sido invitado como speaker en foros como Circulart (COL), FIMPRO (MEX), Canadian Music Week (CAN), FME (CAN), SIM S\u00e3o Paulo (BR), MUPA (PAN), Corriente (PER) y Brasil Trends Conference. Tambi\u00e9n ha sido jurado externo de los Premios Rolling Stone en Espa\u00f1ol en Miami y ha ofrecido asesor\u00eda creativa en colaboraci\u00f3n con Berklee Valencia y la Asociaci\u00f3n de Supervisores Musicales.\",\"sameAs\":[\"https:\/\/www.equalmedia.mx\/\",\"https:\/\/www.instagram.com\/equal.music\",\"https:\/\/www.linkedin.com\/in\/ulises-sanher\/\",\"https:\/\/www.youtube.com\/@equalmusicworld\"],\"url\":\"https:\/\/www.equalmedia.mx\/site\/author\/admin\/\"}]}<\/script>\n<!-- \/ Yoast SEO plugin. -->","yoast_head_json":{"title":"Vans Warped Tour anuncia cartel para Ciudad de M\u00e9xico 2026","description":"El Vans Warped Tour llegar\u00e1 a Ciudad de M\u00e9xico el 12 y 13 de septiembre de 2026 con un cartel que re\u00fane referentes del pop-punk y nuevas voces de la escena alternativa.","robots":{"index":"index","follow":"follow","max-snippet":"max-snippet:-1","max-image-preview":"max-image-preview:large","max-video-preview":"max-video-preview:-1"},"canonical":"https:\/\/www.equalmedia.mx\/site\/festival\/vans-warped-tour-mexico-2026-cartel\/","og_locale":"es_ES","og_type":"article","og_title":"Vans Warped Tour anuncia cartel para Ciudad de M\u00e9xico 2026","og_description":"El Vans Warped Tour llegar\u00e1 a Ciudad de M\u00e9xico el 12 y 13 de septiembre de 2026 con un cartel que re\u00fane referentes del pop-punk y nuevas voces de la escena alternativa.","og_url":"https:\/\/www.equalmedia.mx\/site\/festival\/vans-warped-tour-mexico-2026-cartel\/","og_site_name":"EQUAL MUSIC | Cultura Latina en Movimiento","article_published_time":"2026-03-12T20:36:07+00:00","article_modified_time":"2026-03-12T20:36:08+00:00","og_image":[{"width":1080,"height":1080,"url":"https:\/\/www.equalmedia.mx\/site\/wp-content\/uploads\/2026\/03\/descarga.png","type":"image\/png"}],"author":"Equal Media","twitter_card":"summary_large_image","twitter_misc":{"Escrito por":"Equal Media","Tiempo de lectura":"4 minutos"},"schema":{"@context":"https:\/\/schema.org","@graph":[{"@type":"Article","@id":"https:\/\/www.equalmedia.mx\/site\/festival\/vans-warped-tour-mexico-2026-cartel\/#article","isPartOf":{"@id":"https:\/\/www.equalmedia.mx\/site\/festival\/vans-warped-tour-mexico-2026-cartel\/"},"author":{"name":"Equal Media","@id":"https:\/\/www.equalmedia.mx\/site\/#\/schema\/person\/41b6e60d650a80262fa6b5189bbb9f20"},"headline":"Vans Warped Tour anuncia cartel para Ciudad de M\u00e9xico 2026","datePublished":"2026-03-12T20:36:07+00:00","dateModified":"2026-03-12T20:36:08+00:00","mainEntityOfPage":{"@id":"https:\/\/www.equalmedia.mx\/site\/festival\/vans-warped-tour-mexico-2026-cartel\/"},"wordCount":786,"publisher":{"@id":"https:\/\/www.equalmedia.mx\/site\/#organization"},"image":{"@id":"https:\/\/www.equalmedia.mx\/site\/festival\/vans-warped-tour-mexico-2026-cartel\/#primaryimage"},"thumbnailUrl":"https:\/\/www.equalmedia.mx\/site\/wp-content\/uploads\/2026\/03\/descarga.png","keywords":["escena alternativa","festivales mexico","pop punk","rock alternativo","Vans Warped Tour","Warped Tour Mexico"],"articleSection":["Festival"],"inLanguage":"es"},{"@type":"WebPage","@id":"https:\/\/www.equalmedia.mx\/site\/festival\/vans-warped-tour-mexico-2026-cartel\/","url":"https:\/\/www.equalmedia.mx\/site\/festival\/vans-warped-tour-mexico-2026-cartel\/","name":"Vans Warped Tour anuncia cartel para Ciudad de M\u00e9xico 2026","isPartOf":{"@id":"https:\/\/www.equalmedia.mx\/site\/#website"},"primaryImageOfPage":{"@id":"https:\/\/www.equalmedia.mx\/site\/festival\/vans-warped-tour-mexico-2026-cartel\/#primaryimage"},"image":{"@id":"https:\/\/www.equalmedia.mx\/site\/festival\/vans-warped-tour-mexico-2026-cartel\/#primaryimage"},"thumbnailUrl":"https:\/\/www.equalmedia.mx\/site\/wp-content\/uploads\/2026\/03\/descarga.png","datePublished":"2026-03-12T20:36:07+00:00","dateModified":"2026-03-12T20:36:08+00:00","description":"El Vans Warped Tour llegar\u00e1 a Ciudad de M\u00e9xico el 12 y 13 de septiembre de 2026 con un cartel que re\u00fane referentes del pop-punk y nuevas voces de la escena alternativa.","breadcrumb":{"@id":"https:\/\/www.equalmedia.mx\/site\/festival\/vans-warped-tour-mexico-2026-cartel\/#breadcrumb"},"inLanguage":"es","potentialAction":[{"@type":"ReadAction","target":["https:\/\/www.equalmedia.mx\/site\/festival\/vans-warped-tour-mexico-2026-cartel\/"]}]},{"@type":"ImageObject","inLanguage":"es","@id":"https:\/\/www.equalmedia.mx\/site\/festival\/vans-warped-tour-mexico-2026-cartel\/#primaryimage","url":"https:\/\/www.equalmedia.mx\/site\/wp-content\/uploads\/2026\/03\/descarga.png","contentUrl":"https:\/\/www.equalmedia.mx\/site\/wp-content\/uploads\/2026\/03\/descarga.png","width":1080,"height":1080},{"@type":"BreadcrumbList","@id":"https:\/\/www.equalmedia.mx\/site\/festival\/vans-warped-tour-mexico-2026-cartel\/#breadcrumb","itemListElement":[{"@type":"ListItem","position":1,"name":"Inicio","item":"https:\/\/www.equalmedia.mx\/site\/"},{"@type":"ListItem","position":2,"name":"Vans Warped Tour anuncia cartel para Ciudad de M\u00e9xico 2026"}]},{"@type":"WebSite","@id":"https:\/\/www.equalmedia.mx\/site\/#website","url":"https:\/\/www.equalmedia.mx\/site\/","name":"EQUAL MUSIC | Cultura Latina en Movimiento","description":"Ritmo en movimiento.","publisher":{"@id":"https:\/\/www.equalmedia.mx\/site\/#organization"},"potentialAction":[{"@type":"SearchAction","target":{"@type":"EntryPoint","urlTemplate":"https:\/\/www.equalmedia.mx\/site\/?s={search_term_string}"},"query-input":{"@type":"PropertyValueSpecification","valueRequired":true,"valueName":"search_term_string"}}],"inLanguage":"es"},{"@type":"Organization","@id":"https:\/\/www.equalmedia.mx\/site\/#organization","name":"EQUAL MUSIC | Cultura Latina en Movimiento","url":"https:\/\/www.equalmedia.mx\/site\/","logo":{"@type":"ImageObject","inLanguage":"es","@id":"https:\/\/www.equalmedia.mx\/site\/#\/schema\/logo\/image\/","url":"https:\/\/www.equalmedia.mx\/site\/wp-content\/uploads\/2021\/07\/logoblanco.png","contentUrl":"https:\/\/www.equalmedia.mx\/site\/wp-content\/uploads\/2021\/07\/logoblanco.png","width":1920,"height":589,"caption":"EQUAL MUSIC | Cultura Latina en Movimiento"},"image":{"@id":"https:\/\/www.equalmedia.mx\/site\/#\/schema\/logo\/image\/"}},{"@type":"Person","@id":"https:\/\/www.equalmedia.mx\/site\/#\/schema\/person\/41b6e60d650a80262fa6b5189bbb9f20","name":"Equal Media","image":{"@type":"ImageObject","inLanguage":"es","@id":"https:\/\/www.equalmedia.mx\/site\/#\/schema\/person\/image\/","url":"https:\/\/secure.gravatar.com\/avatar\/51c3f8f080f557c61349ab37ab35c9f967b3b271510dd8ef0b9b16a3dd5a89e9?s=96&d=mm&r=g","contentUrl":"https:\/\/secure.gravatar.com\/avatar\/51c3f8f080f557c61349ab37ab35c9f967b3b271510dd8ef0b9b16a3dd5a89e9?s=96&d=mm&r=g","caption":"Equal Media"},"description":"Equal Media es una productora y agencia de estrategia cultural transmedia que impulsa la visibilidad de la m\u00fasica y cultura latina a trav\u00e9s de contenidos originales, multiplataforma y con enfoque social. Con operaci\u00f3n desde Estados Unidos, M\u00e9xico y Colombia, Equal Media se ha consolidado como un actor clave en la narrativa documental, la curadur\u00eda musical y la creaci\u00f3n de formatos de alto impacto para audiencias latinas globales. Sus producciones incluyen Equal Music Sessions \u2014con m\u00e1s de 300 artistas programados en LATV Network\u2014, la serie Hunters y el documental 4TRO EL3MENTOS. Sus contenidos son emitidos en prime time en EE.UU. v\u00eda LATV y VOD, alcanzando m\u00e1s de 62 millones de hogares en mercados como Nueva York, Los \u00c1ngeles, Miami y Chicago. Equal Media ha estado presente con cobertura original y branded content en eventos como el Media Hub de los Latin Grammys, LAMC (NY), BIME (Bilbao, Bogot\u00e1), Vive Latino (CDMX), MIM LATAM, CAMM, entre otros hubs de la industria. Aliada de plataformas como Keychange, Femnoise, We Make Noise y la Municipalidad de Quilicura (Chile), Equal Media promueve una industria m\u00e1s equitativa, programando de forma activa proyectos liderados por mujeres, comunidades LGBTQ+ y sectores vulnerables. Bajo la direcci\u00f3n de Ulises Sanher \u2014reconocido por la UNAM y otras instituciones acad\u00e9micas por su labor cultural\u2014, Equal Media ha contribuido a formar nuevas audiencias desde la educaci\u00f3n, el activismo y la creatividad. Sanher ha sido invitado como speaker en foros como Circulart (COL), FIMPRO (MEX), Canadian Music Week (CAN), FME (CAN), SIM S\u00e3o Paulo (BR), MUPA (PAN), Corriente (PER) y Brasil Trends Conference. Tambi\u00e9n ha sido jurado externo de los Premios Rolling Stone en Espa\u00f1ol en Miami y ha ofrecido asesor\u00eda creativa en colaboraci\u00f3n con Berklee Valencia y la Asociaci\u00f3n de Supervisores Musicales.","sameAs":["https:\/\/www.equalmedia.mx\/","https:\/\/www.instagram.com\/equal.music","https:\/\/www.linkedin.com\/in\/ulises-sanher\/","https:\/\/www.youtube.com\/@equalmusicworld"],"url":"https:\/\/www.equalmedia.mx\/site\/author\/admin\/"}]}},"_links":{"self":[{"href":"https:\/\/www.equalmedia.mx\/site\/wp-json\/wp\/v2\/posts\/9065","targetHints":{"allow":["GET"]}}],"collection":[{"href":"https:\/\/www.equalmedia.mx\/site\/wp-json\/wp\/v2\/posts"}],"about":[{"href":"https:\/\/www.equalmedia.mx\/site\/wp-json\/wp\/v2\/types\/post"}],"author":[{"embeddable":true,"href":"https:\/\/www.equalmedia.mx\/site\/wp-json\/wp\/v2\/users\/1"}],"replies":[{"embeddable":true,"href":"https:\/\/www.equalmedia.mx\/site\/wp-json\/wp\/v2\/comments?post=9065"}],"version-history":[{"count":1,"href":"https:\/\/www.equalmedia.mx\/site\/wp-json\/wp\/v2\/posts\/9065\/revisions"}],"predecessor-version":[{"id":9068,"href":"https:\/\/www.equalmedia.mx\/site\/wp-json\/wp\/v2\/posts\/9065\/revisions\/9068"}],"wp:featuredmedia":[{"embeddable":true,"href":"https:\/\/www.equalmedia.mx\/site\/wp-json\/wp\/v2\/media\/9066"}],"wp:attachment":[{"href":"https:\/\/www.equalmedia.mx\/site\/wp-json\/wp\/v2\/media?parent=9065"}],"wp:term":[{"taxonomy":"category","embeddable":true,"href":"https:\/\/www.equalmedia.mx\/site\/wp-json\/wp\/v2\/categories?post=9065"},{"taxonomy":"post_tag","embeddable":true,"href":"https:\/\/www.equalmedia.mx\/site\/wp-json\/wp\/v2\/tags?post=9065"}],"curies":[{"name":"wp","href":"https:\/\/api.w.org\/{rel}","templated":true}]}}