{"id":9072,"date":"2026-03-15T19:31:29","date_gmt":"2026-03-15T19:31:29","guid":{"rendered":"https:\/\/www.equalmedia.mx\/site\/?p=9072"},"modified":"2026-03-15T19:31:31","modified_gmt":"2026-03-15T19:31:31","slug":"presencia-latina-en-los-oscar-una-historia-que-atraviesa-el-cine-moderno","status":"publish","type":"post","link":"https:\/\/www.equalmedia.mx\/site\/editorial\/presencia-latina-en-los-oscar-una-historia-que-atraviesa-el-cine-moderno\/","title":{"rendered":"Presencia latina en los Oscar: una historia que atraviesa el cine moderno"},"content":{"rendered":"\n<h3 class=\"wp-block-heading\">La presencia latina en los Premios Oscar ha pasado de ser una excepci\u00f3n ocasional a convertirse en una fuerza creativa dentro de la industria cinematogr\u00e1fica. En la edici\u00f3n 2026, artistas de Am\u00e9rica Latina y de la di\u00e1spora vuelven a aparecer en m\u00faltiples categor\u00edas, reflejando una historia m\u00e1s amplia de talento que ha marcado al cine mundial durante d\u00e9cadas.<\/h3>\n\n\n\n<p>Cada a\u00f1o, los <strong>Premios Oscar<\/strong>, otorgados por la <strong>Academia de Artes y Ciencias Cinematogr\u00e1ficas<\/strong>, se convierten en el momento de mayor visibilidad para la industria cinematogr\u00e1fica global.<\/p>\n\n\n\n<p>Desde la primera ceremonia en <strong>1929<\/strong>, la Academia ha entregado miles de estatuillas reconociendo m\u00faltiples aspectos del cine: direcci\u00f3n, actuaci\u00f3n, guion, m\u00fasica, fotograf\u00eda, dise\u00f1o, sonido y producci\u00f3n. En ese amplio ecosistema creativo, la presencia latina ha ido construyendo una historia propia.<\/p>\n\n\n\n<p>Durante d\u00e9cadas, los nombres latinoamericanos aparecieron de forma espor\u00e1dica dentro de las nominaciones. Sin embargo, con el paso del tiempo, esa presencia comenz\u00f3 a consolidarse hasta convertirse en una parte cada vez m\u00e1s visible del cine contempor\u00e1neo.<\/p>\n\n\n\n<p>La edici\u00f3n <strong>2026 de los Premios Oscar<\/strong>, que se celebra este <strong>15 de marzo en el Dolby Theatre de Los \u00c1ngeles<\/strong>, vuelve a mostrar esa evoluci\u00f3n: artistas provenientes de distintos pa\u00edses de Am\u00e9rica Latina \u2014y de la di\u00e1spora latina en Estados Unidos\u2014 aparecen en varias categor\u00edas de la Academia.<\/p>\n\n\n\n<figure class=\"wp-block-embed aligncenter is-type-video is-provider-youtube wp-block-embed-youtube wp-embed-aspect-16-9 wp-has-aspect-ratio\"><div class=\"wp-block-embed__wrapper\">\n<iframe title=\"EL AGENTE SECRETO | Tr\u00e1iler oficial | En cines ahora\" width=\"1300\" height=\"731\" data-src=\"https:\/\/www.youtube.com\/embed\/YxvymcujX14?feature=oembed\" frameborder=\"0\" allow=\"accelerometer; autoplay; clipboard-write; encrypted-media; gyroscope; picture-in-picture; web-share\" referrerpolicy=\"strict-origin-when-cross-origin\" allowfullscreen src=\"data:image\/svg+xml;base64,PHN2ZyB3aWR0aD0iMSIgaGVpZ2h0PSIxIiB4bWxucz0iaHR0cDovL3d3dy53My5vcmcvMjAwMC9zdmciPjwvc3ZnPg==\" class=\"lazyload\" data-load-mode=\"1\"><\/iframe>\n<\/div><\/figure>\n\n\n\n<h1 class=\"wp-block-heading\">Cultua Latina en la contienda del Oscar 2026<\/h1>\n\n\n\n<p>Entre los nombres m\u00e1s visibles de la edici\u00f3n 2026 aparece el actor brasile\u00f1o <strong>Wagner Moura<\/strong>, nominado a <strong>Mejor Actor<\/strong> por su interpretaci\u00f3n en <em>The Secret Agent<\/em>, dirigida por Kleber Mendon\u00e7a Filho.<\/p>\n\n\n\n<p>La carrera de Moura ha cruzado cine latinoamericano, producciones estadounidenses y proyectos internacionales, y su nominaci\u00f3n refleja el alcance que han alcanzado las interpretaciones latinoamericanas dentro del circuito global del cine.<\/p>\n\n\n\n<p>El puertorrique\u00f1o <strong>Benicio del Toro<\/strong> tambi\u00e9n vuelve a la conversaci\u00f3n de la Academia con su nominaci\u00f3n a <strong>Mejor Actor de Reparto<\/strong> por <em>One Battle After Another<\/em>, ampliando una trayectoria que lo ha convertido en una de las figuras latinas m\u00e1s reconocidas dentro de Hollywood.<\/p>\n\n\n\n<p>En el terreno creativo, el cineasta mexicano <strong>Guillermo del Toro<\/strong> aparece nominado en <strong>Mejor Guion Adaptado<\/strong> por su adaptaci\u00f3n de <em>Frankenstein<\/em>. El proyecto tambi\u00e9n figura en la categor\u00eda de <strong>Mejor Pel\u00edcula<\/strong>, donde del Toro participa como productor.<\/p>\n\n\n\n<p>La presencia latina en las nominaciones de este a\u00f1o tambi\u00e9n incluye a profesionales de distintas \u00e1reas del cine.<\/p>\n\n\n\n<p>El brasile\u00f1o <strong>Adolpho Veloso<\/strong> compite en <strong>Mejor Fotograf\u00eda<\/strong> por <em>Train Dreams<\/em>, mientras que la argentina <strong>Florencia Martin<\/strong> aparece en <strong>Dise\u00f1o de Producci\u00f3n<\/strong> por <em>One Battle After Another<\/em>.<\/p>\n\n\n\n<p>El costarricense <strong>Felipe Pacheco<\/strong> figura en <strong>Edici\u00f3n de Sonido<\/strong> por <em>Sinners<\/em>, y el fot\u00f3grafo <strong>Juan Arredondo<\/strong> aparece en la categor\u00eda de <strong>Documental Corto<\/strong>.<\/p>\n\n\n\n<p>En animaci\u00f3n, la productora <strong>Yvett Merino<\/strong> est\u00e1 vinculada al proyecto <strong>Zootopia 2<\/strong>, mientras que <strong>Cruz Contreras<\/strong> participa en la categor\u00eda asociada al proyecto animado <em>KPOP Demon Hunters<\/em>.<\/p>\n\n\n\n<p>A esta lista se suma el brasile\u00f1o <strong>Gabriel Domingues<\/strong>, nominado en <strong>Mejor Casting<\/strong>, una categor\u00eda introducida recientemente por la Academia para reconocer el trabajo de selecci\u00f3n de reparto.<\/p>\n\n\n\n<p>La productora mexicana <strong>Nidia Santiago<\/strong> tambi\u00e9n forma parte de la contienda gracias a su trabajo en <em>Am\u00e9lie y los secretos de la lluvia<\/em>.<\/p>\n\n\n\n<p>En conjunto, estas nominaciones muestran algo que hace algunos a\u00f1os era poco frecuente: la presencia latina extendida a m\u00faltiples disciplinas dentro de la producci\u00f3n cinematogr\u00e1fica.<\/p>\n\n\n\n<h1 class=\"wp-block-heading\">Un siglo de presencia latina en los Premios Oscar<\/h1>\n\n\n\n<p>La historia de los latinos en los Oscar no comienza en el siglo XXI. Sus ra\u00edces se remontan a los primeros a\u00f1os de la Academia.<\/p>\n\n\n\n<p>En <strong>1951<\/strong>, el actor puertorrique\u00f1o <strong>Jos\u00e9 Ferrer<\/strong> gan\u00f3 el Oscar a <strong>Mejor Actor<\/strong> por <em>Cyrano de Bergerac<\/em>, convirti\u00e9ndose en uno de los primeros artistas latinoamericanos en obtener el m\u00e1ximo reconocimiento actoral de la Academia.<\/p>\n\n\n\n<p>Una d\u00e9cada m\u00e1s tarde, <strong>Rita Moreno<\/strong>, nacida en Puerto Rico, hizo historia al ganar el Oscar a <strong>Mejor Actriz de Reparto<\/strong> por <em>West Side Story<\/em> en 1962. Durante d\u00e9cadas, Moreno fue la \u00fanica actriz latina en haber ganado esa categor\u00eda.<\/p>\n\n\n\n<p>En el caso de M\u00e9xico, la relaci\u00f3n con los Oscar ha sido particularmente influyente.<\/p>\n\n\n\n<p>El actor mexicano <strong>Anthony Quinn<\/strong> gan\u00f3 dos premios de la Academia a <strong>Mejor Actor de Reparto<\/strong> por <em>Viva Zapata!<\/em> y <em>Lust for Life<\/em>, consolidando una carrera internacional que lo convirti\u00f3 en una figura fundamental del cine del siglo XX.<\/p>\n\n\n\n<p>Posteriormente, varios profesionales mexicanos comenzaron a destacar en \u00e1reas t\u00e9cnicas del cine.<\/p>\n\n\n\n<p>Entre ellos se encuentran dise\u00f1adores de producci\u00f3n como <strong>Brigitte Broch<\/strong> y <strong>Eugenio Caballero<\/strong>, as\u00ed como el cinemat\u00f3grafo <strong>Guillermo Navarro<\/strong>, quien gan\u00f3 el Oscar por <em>El laberinto del fauno<\/em>.<\/p>\n\n\n\n<p>Uno de los nombres m\u00e1s influyentes en la historia reciente del cine es el director de fotograf\u00eda <strong>Emmanuel Lubezki<\/strong>, ganador de <strong>tres premios Oscar consecutivos<\/strong> por su trabajo en <em>Gravity<\/em>, <em>Birdman<\/em> y <em>The Revenant<\/em>.<\/p>\n\n\n\n<figure class=\"wp-block-embed aligncenter is-type-video is-provider-youtube wp-block-embed-youtube wp-embed-aspect-16-9 wp-has-aspect-ratio\"><div class=\"wp-block-embed__wrapper\">\n<iframe title=\"Frankenstein | Guillermo del Toro | Tr\u00e1iler oficial | Netflix\" width=\"1300\" height=\"731\" data-src=\"https:\/\/www.youtube.com\/embed\/K71UeZ9lHh4?start=3&#038;feature=oembed\" frameborder=\"0\" allow=\"accelerometer; autoplay; clipboard-write; encrypted-media; gyroscope; picture-in-picture; web-share\" referrerpolicy=\"strict-origin-when-cross-origin\" allowfullscreen src=\"data:image\/svg+xml;base64,PHN2ZyB3aWR0aD0iMSIgaGVpZ2h0PSIxIiB4bWxucz0iaHR0cDovL3d3dy53My5vcmcvMjAwMC9zdmciPjwvc3ZnPg==\" class=\"lazyload\" data-load-mode=\"1\"><\/iframe>\n<\/div><\/figure>\n\n\n\n<h1 class=\"wp-block-heading\">La era de los cineastas latinoamericanos en Hollywood<\/h1>\n\n\n\n<p>Durante la \u00faltima d\u00e9cada, el impacto latino en los Oscar alcanz\u00f3 un nuevo nivel gracias a una generaci\u00f3n de cineastas mexicanos que transformaron el panorama de Hollywood.<\/p>\n\n\n\n<p><strong>Alfonso Cuar\u00f3n<\/strong>, <strong>Alejandro Gonz\u00e1lez I\u00f1\u00e1rritu<\/strong> y <strong>Guillermo del Toro<\/strong> dominaron la categor\u00eda de <strong>Mejor Director<\/strong> durante varios a\u00f1os.<\/p>\n\n\n\n<p>Entre 2014 y 2019, directores mexicanos obtuvieron m\u00faltiples estatuillas por pel\u00edculas como <em>Gravity<\/em>, <em>Birdman<\/em>, <em>The Revenant<\/em>, <em>The Shape of Water<\/em> y <em>Roma<\/em>.<\/p>\n\n\n\n<p>Este fen\u00f3meno fue descrito por medios internacionales como <strong>\u201cla era de los tres amigos\u201d<\/strong>, un momento en el que el cine mexicano alcanz\u00f3 una influencia global sin precedentes dentro de la industria.<\/p>\n\n\n\n<figure class=\"wp-block-embed aligncenter is-type-video is-provider-youtube wp-block-embed-youtube wp-embed-aspect-16-9 wp-has-aspect-ratio\"><div class=\"wp-block-embed__wrapper\">\n<iframe title=\"Birdman - Teaser Trailer Subtitulado en Espa\u00f1ol (HD) |\u00a0Ya en Cines!\" width=\"1300\" height=\"731\" data-src=\"https:\/\/www.youtube.com\/embed\/4ZLvcbfEOjA?feature=oembed\" frameborder=\"0\" allow=\"accelerometer; autoplay; clipboard-write; encrypted-media; gyroscope; picture-in-picture; web-share\" referrerpolicy=\"strict-origin-when-cross-origin\" allowfullscreen src=\"data:image\/svg+xml;base64,PHN2ZyB3aWR0aD0iMSIgaGVpZ2h0PSIxIiB4bWxucz0iaHR0cDovL3d3dy53My5vcmcvMjAwMC9zdmciPjwvc3ZnPg==\" class=\"lazyload\" data-load-mode=\"1\"><\/iframe>\n<\/div><\/figure>\n\n\n\n<h1 class=\"wp-block-heading\">Otros hitos latinoamericanos en la historia del Oscar<\/h1>\n\n\n\n<p>La presencia latina tambi\u00e9n ha dejado huella en otras categor\u00edas.<\/p>\n\n\n\n<p>El compositor argentino <strong>Gustavo Santaolalla<\/strong> gan\u00f3 dos premios Oscar consecutivos por sus bandas sonoras en <em>Brokeback Mountain<\/em> y <em>Babel<\/em>.<\/p>\n\n\n\n<p>El cineasta argentino <strong>Luis Puenzo<\/strong> obtuvo el Oscar a <strong>Mejor Pel\u00edcula Internacional<\/strong> por <em>La historia oficial<\/em>, mientras que <strong>Juan Jos\u00e9 Campanella<\/strong> gan\u00f3 en la misma categor\u00eda por <em>El secreto de sus ojos<\/em>.<\/p>\n\n\n\n<p>Desde Chile, <strong>Claudio Miranda<\/strong> gan\u00f3 el Oscar a <strong>Mejor Fotograf\u00eda<\/strong> por <em>Life of Pi<\/em>, mientras que <strong>Sebasti\u00e1n Lelio<\/strong> obtuvo el premio a <strong>Mejor Pel\u00edcula Internacional<\/strong> por <em>Una mujer fant\u00e1stica<\/em>.<\/p>\n\n\n\n<p>El cantautor uruguayo <strong>Jorge Drexler<\/strong> tambi\u00e9n forma parte de esta historia al ganar el Oscar a <strong>Mejor Canci\u00f3n Original<\/strong> por <em>Al otro lado del r\u00edo<\/em> de la pel\u00edcula <em>Diarios de motocicleta<\/em>.<\/p>\n\n\n\n<p>En animaci\u00f3n, la productora <strong>Yvett Merino<\/strong> fue parte del equipo ganador del Oscar por <em>Encanto<\/em>, una pel\u00edcula que integr\u00f3 elementos culturales latinoamericanos en una producci\u00f3n global.<\/p>\n\n\n\n<figure class=\"wp-block-embed aligncenter is-type-video is-provider-youtube wp-block-embed-youtube wp-embed-aspect-4-3 wp-has-aspect-ratio\"><div class=\"wp-block-embed__wrapper\">\n<iframe title=\"&quot;Al Otro Lado Del R\u00edo&quot; Wins Original Song: 2005 Oscars\" width=\"1300\" height=\"975\" data-src=\"https:\/\/www.youtube.com\/embed\/20ikB2I7v2g?feature=oembed\" frameborder=\"0\" allow=\"accelerometer; autoplay; clipboard-write; encrypted-media; gyroscope; picture-in-picture; web-share\" referrerpolicy=\"strict-origin-when-cross-origin\" allowfullscreen src=\"data:image\/svg+xml;base64,PHN2ZyB3aWR0aD0iMSIgaGVpZ2h0PSIxIiB4bWxucz0iaHR0cDovL3d3dy53My5vcmcvMjAwMC9zdmciPjwvc3ZnPg==\" class=\"lazyload\" data-load-mode=\"1\"><\/iframe>\n<\/div><\/figure>\n\n\n\n<h1 class=\"wp-block-heading\">M\u00e1s que representaci\u00f3n: una influencia cultural<\/h1>\n\n\n\n<p>Durante gran parte del siglo XX, la presencia latina en el cine estadounidense estuvo marcada por estereotipos o participaciones marginales.<\/p>\n\n\n\n<p>Hoy el panorama es distinto.<\/p>\n\n\n\n<p>Las nominaciones y premios obtenidos por artistas latinoamericanos muestran una transformaci\u00f3n dentro de la industria: los creadores latinos ya no aparecen \u00fanicamente como representaci\u00f3n cultural dentro de las historias, sino como protagonistas de la construcci\u00f3n est\u00e9tica, t\u00e9cnica y narrativa del cine contempor\u00e1neo.<\/p>\n\n\n\n<p>La edici\u00f3n <strong>2026 de los Premios Oscar<\/strong> se inscribe dentro de ese proceso.<\/p>\n\n\n\n<p>M\u00e1s que una coincidencia anual, la presencia latina en la gala refleja un movimiento m\u00e1s amplio: la expansi\u00f3n de la creatividad latinoamericana dentro de uno de los sectores culturales m\u00e1s influyentes del mundo.<\/p>\n\n\n\n<h1 class=\"wp-block-heading\">D\u00f3nde ver los Oscar 2026<\/h1>\n\n\n\n<p>La <strong>98\u00aa edici\u00f3n de los Premios Oscar<\/strong> se celebrar\u00e1 <strong>el domingo 15 de marzo de 2026<\/strong> en el <strong>Dolby Theatre de Los \u00c1ngeles<\/strong>.<\/p>\n\n\n\n<p>La ceremonia ser\u00e1 transmitida en vivo por <strong>ABC<\/strong> en Estados Unidos y estar\u00e1 disponible en <strong>streaming a trav\u00e9s de Hulu<\/strong>, adem\u00e1s de emitirse en televisi\u00f3n en m\u00faltiples territorios internacionales.<\/p>\n\n\n\n<p><\/p>\n\n\n\n<p><strong>\u00bfD\u00f3nde se realizan los Premios Oscar?<\/strong><br>En el Dolby Theatre de Los \u00c1ngeles.<\/p>\n\n\n\n<p><strong>\u00bfQu\u00e9 artistas latinos est\u00e1n nominados en 2026?<\/strong><br>Entre ellos figuran Wagner Moura, Benicio del Toro, Guillermo del Toro, Adolpho Veloso, Florencia Martin, Felipe Pacheco y Gabriel Domingues.<\/p>\n\n\n\n<p><strong>\u00bfCu\u00e1l fue la primera latina en ganar un Oscar?<\/strong><br>Rita Moreno gan\u00f3 en 1962 por <em>West Side Story<\/em>.<\/p>\n","protected":false},"excerpt":{"rendered":"<p>La presencia latina en los Premios Oscar ha pasado de ser una excepci\u00f3n ocasional a convertirse en una fuerza creativa dentro de la industria cinematogr\u00e1fica. En la edici\u00f3n 2026, artistas de Am\u00e9rica Latina y de la di\u00e1spora vuelven a aparecer en m\u00faltiples categor\u00edas, reflejando una historia m\u00e1s amplia de talento que ha marcado al cine [&hellip;]<\/p>\n","protected":false},"author":1,"featured_media":9073,"comment_status":"closed","ping_status":"closed","sticky":false,"template":"","format":"standard","meta":{"footnotes":""},"categories":[128],"tags":[3948,3941,3945,3934,565,3944,3938,496,2921,3943,3940,3942,3946,3936,3937,3935,3939,3947,3215],"class_list":["post-9072","post","type-post","status-publish","format-standard","has-post-thumbnail","hentry","category-editorial","tag-academia-de-artes-y-ciencias-cinematograficas","tag-alejandro-gonzalez-inarritu","tag-alfonso-cuaron","tag-benicio-del-toro","tag-cine-latino","tag-cine-latino-en-hollywood","tag-emmanuel-lubezki","tag-equal-media","tag-guillermo-del-toro","tag-historia-latina-en-los-oscar","tag-industria-del-cine-global","tag-jorge-drexler","tag-jose-ferrer","tag-latinos-en-hollywood","tag-oscar-2026","tag-premios-oscar","tag-presencia-latina-en-los-oscar","tag-rita-moreno","tag-wagner-moura"],"yoast_head":"<!-- This site is optimized with the Yoast SEO plugin v26.6 - https:\/\/yoast.com\/wordpress\/plugins\/seo\/ -->\n<title>Presencia latina en los Oscar: una historia que atraviesa el cine moderno<\/title>\n<meta name=\"description\" content=\"De Rita Moreno a Guillermo del Toro, pasando por Wagner Moura y Benicio del Toro en la contienda de 2026, repasamos la presencia latina en los Premios Oscar y su impacto en la historia del cine.\" \/>\n<meta name=\"robots\" content=\"index, follow, max-snippet:-1, max-image-preview:large, max-video-preview:-1\" \/>\n<link rel=\"canonical\" href=\"https:\/\/www.equalmedia.mx\/site\/editorial\/presencia-latina-en-los-oscar-una-historia-que-atraviesa-el-cine-moderno\/\" \/>\n<meta property=\"og:locale\" content=\"es_ES\" \/>\n<meta property=\"og:type\" content=\"article\" \/>\n<meta property=\"og:title\" content=\"Presencia latina en los Oscar: una historia que atraviesa el cine moderno\" \/>\n<meta property=\"og:description\" content=\"De Rita Moreno a Guillermo del Toro, pasando por Wagner Moura y Benicio del Toro en la contienda de 2026, repasamos la presencia latina en los Premios Oscar y su impacto en la historia del cine.\" \/>\n<meta property=\"og:url\" content=\"https:\/\/www.equalmedia.mx\/site\/editorial\/presencia-latina-en-los-oscar-una-historia-que-atraviesa-el-cine-moderno\/\" \/>\n<meta property=\"og:site_name\" content=\"EQUAL MUSIC | Cultura Latina en Movimiento\" \/>\n<meta property=\"article:published_time\" content=\"2026-03-15T19:31:29+00:00\" \/>\n<meta property=\"article:modified_time\" content=\"2026-03-15T19:31:31+00:00\" \/>\n<meta property=\"og:image\" content=\"https:\/\/www.equalmedia.mx\/site\/wp-content\/uploads\/2026\/03\/Copia-de-RTXN-Live-1.png\" \/>\n\t<meta property=\"og:image:width\" content=\"1280\" \/>\n\t<meta property=\"og:image:height\" content=\"720\" \/>\n\t<meta property=\"og:image:type\" content=\"image\/png\" \/>\n<meta name=\"author\" content=\"Equal Media\" \/>\n<meta name=\"twitter:card\" content=\"summary_large_image\" \/>\n<meta name=\"twitter:label1\" content=\"Escrito por\" \/>\n\t<meta name=\"twitter:data1\" content=\"Equal Media\" \/>\n\t<meta name=\"twitter:label2\" content=\"Tiempo de lectura\" \/>\n\t<meta name=\"twitter:data2\" content=\"7 minutos\" \/>\n<script type=\"application\/ld+json\" class=\"yoast-schema-graph\">{\"@context\":\"https:\/\/schema.org\",\"@graph\":[{\"@type\":\"Article\",\"@id\":\"https:\/\/www.equalmedia.mx\/site\/editorial\/presencia-latina-en-los-oscar-una-historia-que-atraviesa-el-cine-moderno\/#article\",\"isPartOf\":{\"@id\":\"https:\/\/www.equalmedia.mx\/site\/editorial\/presencia-latina-en-los-oscar-una-historia-que-atraviesa-el-cine-moderno\/\"},\"author\":{\"name\":\"Equal Media\",\"@id\":\"https:\/\/www.equalmedia.mx\/site\/#\/schema\/person\/41b6e60d650a80262fa6b5189bbb9f20\"},\"headline\":\"Presencia latina en los Oscar: una historia que atraviesa el cine moderno\",\"datePublished\":\"2026-03-15T19:31:29+00:00\",\"dateModified\":\"2026-03-15T19:31:31+00:00\",\"mainEntityOfPage\":{\"@id\":\"https:\/\/www.equalmedia.mx\/site\/editorial\/presencia-latina-en-los-oscar-una-historia-que-atraviesa-el-cine-moderno\/\"},\"wordCount\":1433,\"publisher\":{\"@id\":\"https:\/\/www.equalmedia.mx\/site\/#organization\"},\"image\":{\"@id\":\"https:\/\/www.equalmedia.mx\/site\/editorial\/presencia-latina-en-los-oscar-una-historia-que-atraviesa-el-cine-moderno\/#primaryimage\"},\"thumbnailUrl\":\"https:\/\/www.equalmedia.mx\/site\/wp-content\/uploads\/2026\/03\/Copia-de-RTXN-Live-1.png\",\"keywords\":[\"Academia de Artes y Ciencias Cinematogr\u00e1ficas\",\"Alejandro Gonz\u00e1lez I\u00f1\u00e1rritu\",\"Alfonso Cuar\u00f3n\",\"Benicio del Toro\",\"cine latino\",\"Cine latino en Hollywood\",\"Emmanuel Lubezki\",\"equal media\",\"Guillermo del Toro\",\"Historia latina en los Oscar\",\"Industria del cine global\",\"Jorge Drexler\",\"Jos\u00e9 Ferrer\",\"Latinos en Hollywood\",\"Oscar 2026\",\"Premios Oscar\",\"Presencia latina en los Oscar\",\"Rita Moreno\",\"Wagner Moura\"],\"articleSection\":[\"Editorial\"],\"inLanguage\":\"es\"},{\"@type\":\"WebPage\",\"@id\":\"https:\/\/www.equalmedia.mx\/site\/editorial\/presencia-latina-en-los-oscar-una-historia-que-atraviesa-el-cine-moderno\/\",\"url\":\"https:\/\/www.equalmedia.mx\/site\/editorial\/presencia-latina-en-los-oscar-una-historia-que-atraviesa-el-cine-moderno\/\",\"name\":\"Presencia latina en los Oscar: una historia que atraviesa el cine moderno\",\"isPartOf\":{\"@id\":\"https:\/\/www.equalmedia.mx\/site\/#website\"},\"primaryImageOfPage\":{\"@id\":\"https:\/\/www.equalmedia.mx\/site\/editorial\/presencia-latina-en-los-oscar-una-historia-que-atraviesa-el-cine-moderno\/#primaryimage\"},\"image\":{\"@id\":\"https:\/\/www.equalmedia.mx\/site\/editorial\/presencia-latina-en-los-oscar-una-historia-que-atraviesa-el-cine-moderno\/#primaryimage\"},\"thumbnailUrl\":\"https:\/\/www.equalmedia.mx\/site\/wp-content\/uploads\/2026\/03\/Copia-de-RTXN-Live-1.png\",\"datePublished\":\"2026-03-15T19:31:29+00:00\",\"dateModified\":\"2026-03-15T19:31:31+00:00\",\"description\":\"De Rita Moreno a Guillermo del Toro, pasando por Wagner Moura y Benicio del Toro en la contienda de 2026, repasamos la presencia latina en los Premios Oscar y su impacto en la historia del cine.\",\"breadcrumb\":{\"@id\":\"https:\/\/www.equalmedia.mx\/site\/editorial\/presencia-latina-en-los-oscar-una-historia-que-atraviesa-el-cine-moderno\/#breadcrumb\"},\"inLanguage\":\"es\",\"potentialAction\":[{\"@type\":\"ReadAction\",\"target\":[\"https:\/\/www.equalmedia.mx\/site\/editorial\/presencia-latina-en-los-oscar-una-historia-que-atraviesa-el-cine-moderno\/\"]}]},{\"@type\":\"ImageObject\",\"inLanguage\":\"es\",\"@id\":\"https:\/\/www.equalmedia.mx\/site\/editorial\/presencia-latina-en-los-oscar-una-historia-que-atraviesa-el-cine-moderno\/#primaryimage\",\"url\":\"https:\/\/www.equalmedia.mx\/site\/wp-content\/uploads\/2026\/03\/Copia-de-RTXN-Live-1.png\",\"contentUrl\":\"https:\/\/www.equalmedia.mx\/site\/wp-content\/uploads\/2026\/03\/Copia-de-RTXN-Live-1.png\",\"width\":1280,\"height\":720},{\"@type\":\"BreadcrumbList\",\"@id\":\"https:\/\/www.equalmedia.mx\/site\/editorial\/presencia-latina-en-los-oscar-una-historia-que-atraviesa-el-cine-moderno\/#breadcrumb\",\"itemListElement\":[{\"@type\":\"ListItem\",\"position\":1,\"name\":\"Inicio\",\"item\":\"https:\/\/www.equalmedia.mx\/site\/\"},{\"@type\":\"ListItem\",\"position\":2,\"name\":\"Presencia latina en los Oscar: una historia que atraviesa el cine moderno\"}]},{\"@type\":\"WebSite\",\"@id\":\"https:\/\/www.equalmedia.mx\/site\/#website\",\"url\":\"https:\/\/www.equalmedia.mx\/site\/\",\"name\":\"EQUAL MUSIC | Cultura Latina en Movimiento\",\"description\":\"Ritmo en movimiento.\",\"publisher\":{\"@id\":\"https:\/\/www.equalmedia.mx\/site\/#organization\"},\"potentialAction\":[{\"@type\":\"SearchAction\",\"target\":{\"@type\":\"EntryPoint\",\"urlTemplate\":\"https:\/\/www.equalmedia.mx\/site\/?s={search_term_string}\"},\"query-input\":{\"@type\":\"PropertyValueSpecification\",\"valueRequired\":true,\"valueName\":\"search_term_string\"}}],\"inLanguage\":\"es\"},{\"@type\":\"Organization\",\"@id\":\"https:\/\/www.equalmedia.mx\/site\/#organization\",\"name\":\"EQUAL MUSIC | Cultura Latina en Movimiento\",\"url\":\"https:\/\/www.equalmedia.mx\/site\/\",\"logo\":{\"@type\":\"ImageObject\",\"inLanguage\":\"es\",\"@id\":\"https:\/\/www.equalmedia.mx\/site\/#\/schema\/logo\/image\/\",\"url\":\"https:\/\/www.equalmedia.mx\/site\/wp-content\/uploads\/2021\/07\/logoblanco.png\",\"contentUrl\":\"https:\/\/www.equalmedia.mx\/site\/wp-content\/uploads\/2021\/07\/logoblanco.png\",\"width\":1920,\"height\":589,\"caption\":\"EQUAL MUSIC | Cultura Latina en Movimiento\"},\"image\":{\"@id\":\"https:\/\/www.equalmedia.mx\/site\/#\/schema\/logo\/image\/\"}},{\"@type\":\"Person\",\"@id\":\"https:\/\/www.equalmedia.mx\/site\/#\/schema\/person\/41b6e60d650a80262fa6b5189bbb9f20\",\"name\":\"Equal Media\",\"image\":{\"@type\":\"ImageObject\",\"inLanguage\":\"es\",\"@id\":\"https:\/\/www.equalmedia.mx\/site\/#\/schema\/person\/image\/\",\"url\":\"https:\/\/secure.gravatar.com\/avatar\/51c3f8f080f557c61349ab37ab35c9f967b3b271510dd8ef0b9b16a3dd5a89e9?s=96&d=mm&r=g\",\"contentUrl\":\"https:\/\/secure.gravatar.com\/avatar\/51c3f8f080f557c61349ab37ab35c9f967b3b271510dd8ef0b9b16a3dd5a89e9?s=96&d=mm&r=g\",\"caption\":\"Equal Media\"},\"description\":\"Equal Media es una productora y agencia de estrategia cultural transmedia que impulsa la visibilidad de la m\u00fasica y cultura latina a trav\u00e9s de contenidos originales, multiplataforma y con enfoque social. Con operaci\u00f3n desde Estados Unidos, M\u00e9xico y Colombia, Equal Media se ha consolidado como un actor clave en la narrativa documental, la curadur\u00eda musical y la creaci\u00f3n de formatos de alto impacto para audiencias latinas globales. Sus producciones incluyen Equal Music Sessions \u2014con m\u00e1s de 300 artistas programados en LATV Network\u2014, la serie Hunters y el documental 4TRO EL3MENTOS. Sus contenidos son emitidos en prime time en EE.UU. v\u00eda LATV y VOD, alcanzando m\u00e1s de 62 millones de hogares en mercados como Nueva York, Los \u00c1ngeles, Miami y Chicago. Equal Media ha estado presente con cobertura original y branded content en eventos como el Media Hub de los Latin Grammys, LAMC (NY), BIME (Bilbao, Bogot\u00e1), Vive Latino (CDMX), MIM LATAM, CAMM, entre otros hubs de la industria. Aliada de plataformas como Keychange, Femnoise, We Make Noise y la Municipalidad de Quilicura (Chile), Equal Media promueve una industria m\u00e1s equitativa, programando de forma activa proyectos liderados por mujeres, comunidades LGBTQ+ y sectores vulnerables. Bajo la direcci\u00f3n de Ulises Sanher \u2014reconocido por la UNAM y otras instituciones acad\u00e9micas por su labor cultural\u2014, Equal Media ha contribuido a formar nuevas audiencias desde la educaci\u00f3n, el activismo y la creatividad. Sanher ha sido invitado como speaker en foros como Circulart (COL), FIMPRO (MEX), Canadian Music Week (CAN), FME (CAN), SIM S\u00e3o Paulo (BR), MUPA (PAN), Corriente (PER) y Brasil Trends Conference. Tambi\u00e9n ha sido jurado externo de los Premios Rolling Stone en Espa\u00f1ol en Miami y ha ofrecido asesor\u00eda creativa en colaboraci\u00f3n con Berklee Valencia y la Asociaci\u00f3n de Supervisores Musicales.\",\"sameAs\":[\"https:\/\/www.equalmedia.mx\/\",\"https:\/\/www.instagram.com\/equal.music\",\"https:\/\/www.linkedin.com\/in\/ulises-sanher\/\",\"https:\/\/www.youtube.com\/@equalmusicworld\"],\"url\":\"https:\/\/www.equalmedia.mx\/site\/author\/admin\/\"}]}<\/script>\n<!-- \/ Yoast SEO plugin. -->","yoast_head_json":{"title":"Presencia latina en los Oscar: una historia que atraviesa el cine moderno","description":"De Rita Moreno a Guillermo del Toro, pasando por Wagner Moura y Benicio del Toro en la contienda de 2026, repasamos la presencia latina en los Premios Oscar y su impacto en la historia del cine.","robots":{"index":"index","follow":"follow","max-snippet":"max-snippet:-1","max-image-preview":"max-image-preview:large","max-video-preview":"max-video-preview:-1"},"canonical":"https:\/\/www.equalmedia.mx\/site\/editorial\/presencia-latina-en-los-oscar-una-historia-que-atraviesa-el-cine-moderno\/","og_locale":"es_ES","og_type":"article","og_title":"Presencia latina en los Oscar: una historia que atraviesa el cine moderno","og_description":"De Rita Moreno a Guillermo del Toro, pasando por Wagner Moura y Benicio del Toro en la contienda de 2026, repasamos la presencia latina en los Premios Oscar y su impacto en la historia del cine.","og_url":"https:\/\/www.equalmedia.mx\/site\/editorial\/presencia-latina-en-los-oscar-una-historia-que-atraviesa-el-cine-moderno\/","og_site_name":"EQUAL MUSIC | Cultura Latina en Movimiento","article_published_time":"2026-03-15T19:31:29+00:00","article_modified_time":"2026-03-15T19:31:31+00:00","og_image":[{"width":1280,"height":720,"url":"https:\/\/www.equalmedia.mx\/site\/wp-content\/uploads\/2026\/03\/Copia-de-RTXN-Live-1.png","type":"image\/png"}],"author":"Equal Media","twitter_card":"summary_large_image","twitter_misc":{"Escrito por":"Equal Media","Tiempo de lectura":"7 minutos"},"schema":{"@context":"https:\/\/schema.org","@graph":[{"@type":"Article","@id":"https:\/\/www.equalmedia.mx\/site\/editorial\/presencia-latina-en-los-oscar-una-historia-que-atraviesa-el-cine-moderno\/#article","isPartOf":{"@id":"https:\/\/www.equalmedia.mx\/site\/editorial\/presencia-latina-en-los-oscar-una-historia-que-atraviesa-el-cine-moderno\/"},"author":{"name":"Equal Media","@id":"https:\/\/www.equalmedia.mx\/site\/#\/schema\/person\/41b6e60d650a80262fa6b5189bbb9f20"},"headline":"Presencia latina en los Oscar: una historia que atraviesa el cine moderno","datePublished":"2026-03-15T19:31:29+00:00","dateModified":"2026-03-15T19:31:31+00:00","mainEntityOfPage":{"@id":"https:\/\/www.equalmedia.mx\/site\/editorial\/presencia-latina-en-los-oscar-una-historia-que-atraviesa-el-cine-moderno\/"},"wordCount":1433,"publisher":{"@id":"https:\/\/www.equalmedia.mx\/site\/#organization"},"image":{"@id":"https:\/\/www.equalmedia.mx\/site\/editorial\/presencia-latina-en-los-oscar-una-historia-que-atraviesa-el-cine-moderno\/#primaryimage"},"thumbnailUrl":"https:\/\/www.equalmedia.mx\/site\/wp-content\/uploads\/2026\/03\/Copia-de-RTXN-Live-1.png","keywords":["Academia de Artes y Ciencias Cinematogr\u00e1ficas","Alejandro Gonz\u00e1lez I\u00f1\u00e1rritu","Alfonso Cuar\u00f3n","Benicio del Toro","cine latino","Cine latino en Hollywood","Emmanuel Lubezki","equal media","Guillermo del Toro","Historia latina en los Oscar","Industria del cine global","Jorge Drexler","Jos\u00e9 Ferrer","Latinos en Hollywood","Oscar 2026","Premios Oscar","Presencia latina en los Oscar","Rita Moreno","Wagner Moura"],"articleSection":["Editorial"],"inLanguage":"es"},{"@type":"WebPage","@id":"https:\/\/www.equalmedia.mx\/site\/editorial\/presencia-latina-en-los-oscar-una-historia-que-atraviesa-el-cine-moderno\/","url":"https:\/\/www.equalmedia.mx\/site\/editorial\/presencia-latina-en-los-oscar-una-historia-que-atraviesa-el-cine-moderno\/","name":"Presencia latina en los Oscar: una historia que atraviesa el cine moderno","isPartOf":{"@id":"https:\/\/www.equalmedia.mx\/site\/#website"},"primaryImageOfPage":{"@id":"https:\/\/www.equalmedia.mx\/site\/editorial\/presencia-latina-en-los-oscar-una-historia-que-atraviesa-el-cine-moderno\/#primaryimage"},"image":{"@id":"https:\/\/www.equalmedia.mx\/site\/editorial\/presencia-latina-en-los-oscar-una-historia-que-atraviesa-el-cine-moderno\/#primaryimage"},"thumbnailUrl":"https:\/\/www.equalmedia.mx\/site\/wp-content\/uploads\/2026\/03\/Copia-de-RTXN-Live-1.png","datePublished":"2026-03-15T19:31:29+00:00","dateModified":"2026-03-15T19:31:31+00:00","description":"De Rita Moreno a Guillermo del Toro, pasando por Wagner Moura y Benicio del Toro en la contienda de 2026, repasamos la presencia latina en los Premios Oscar y su impacto en la historia del cine.","breadcrumb":{"@id":"https:\/\/www.equalmedia.mx\/site\/editorial\/presencia-latina-en-los-oscar-una-historia-que-atraviesa-el-cine-moderno\/#breadcrumb"},"inLanguage":"es","potentialAction":[{"@type":"ReadAction","target":["https:\/\/www.equalmedia.mx\/site\/editorial\/presencia-latina-en-los-oscar-una-historia-que-atraviesa-el-cine-moderno\/"]}]},{"@type":"ImageObject","inLanguage":"es","@id":"https:\/\/www.equalmedia.mx\/site\/editorial\/presencia-latina-en-los-oscar-una-historia-que-atraviesa-el-cine-moderno\/#primaryimage","url":"https:\/\/www.equalmedia.mx\/site\/wp-content\/uploads\/2026\/03\/Copia-de-RTXN-Live-1.png","contentUrl":"https:\/\/www.equalmedia.mx\/site\/wp-content\/uploads\/2026\/03\/Copia-de-RTXN-Live-1.png","width":1280,"height":720},{"@type":"BreadcrumbList","@id":"https:\/\/www.equalmedia.mx\/site\/editorial\/presencia-latina-en-los-oscar-una-historia-que-atraviesa-el-cine-moderno\/#breadcrumb","itemListElement":[{"@type":"ListItem","position":1,"name":"Inicio","item":"https:\/\/www.equalmedia.mx\/site\/"},{"@type":"ListItem","position":2,"name":"Presencia latina en los Oscar: una historia que atraviesa el cine moderno"}]},{"@type":"WebSite","@id":"https:\/\/www.equalmedia.mx\/site\/#website","url":"https:\/\/www.equalmedia.mx\/site\/","name":"EQUAL MUSIC | Cultura Latina en Movimiento","description":"Ritmo en movimiento.","publisher":{"@id":"https:\/\/www.equalmedia.mx\/site\/#organization"},"potentialAction":[{"@type":"SearchAction","target":{"@type":"EntryPoint","urlTemplate":"https:\/\/www.equalmedia.mx\/site\/?s={search_term_string}"},"query-input":{"@type":"PropertyValueSpecification","valueRequired":true,"valueName":"search_term_string"}}],"inLanguage":"es"},{"@type":"Organization","@id":"https:\/\/www.equalmedia.mx\/site\/#organization","name":"EQUAL MUSIC | Cultura Latina en Movimiento","url":"https:\/\/www.equalmedia.mx\/site\/","logo":{"@type":"ImageObject","inLanguage":"es","@id":"https:\/\/www.equalmedia.mx\/site\/#\/schema\/logo\/image\/","url":"https:\/\/www.equalmedia.mx\/site\/wp-content\/uploads\/2021\/07\/logoblanco.png","contentUrl":"https:\/\/www.equalmedia.mx\/site\/wp-content\/uploads\/2021\/07\/logoblanco.png","width":1920,"height":589,"caption":"EQUAL MUSIC | Cultura Latina en Movimiento"},"image":{"@id":"https:\/\/www.equalmedia.mx\/site\/#\/schema\/logo\/image\/"}},{"@type":"Person","@id":"https:\/\/www.equalmedia.mx\/site\/#\/schema\/person\/41b6e60d650a80262fa6b5189bbb9f20","name":"Equal Media","image":{"@type":"ImageObject","inLanguage":"es","@id":"https:\/\/www.equalmedia.mx\/site\/#\/schema\/person\/image\/","url":"https:\/\/secure.gravatar.com\/avatar\/51c3f8f080f557c61349ab37ab35c9f967b3b271510dd8ef0b9b16a3dd5a89e9?s=96&d=mm&r=g","contentUrl":"https:\/\/secure.gravatar.com\/avatar\/51c3f8f080f557c61349ab37ab35c9f967b3b271510dd8ef0b9b16a3dd5a89e9?s=96&d=mm&r=g","caption":"Equal Media"},"description":"Equal Media es una productora y agencia de estrategia cultural transmedia que impulsa la visibilidad de la m\u00fasica y cultura latina a trav\u00e9s de contenidos originales, multiplataforma y con enfoque social. Con operaci\u00f3n desde Estados Unidos, M\u00e9xico y Colombia, Equal Media se ha consolidado como un actor clave en la narrativa documental, la curadur\u00eda musical y la creaci\u00f3n de formatos de alto impacto para audiencias latinas globales. Sus producciones incluyen Equal Music Sessions \u2014con m\u00e1s de 300 artistas programados en LATV Network\u2014, la serie Hunters y el documental 4TRO EL3MENTOS. Sus contenidos son emitidos en prime time en EE.UU. v\u00eda LATV y VOD, alcanzando m\u00e1s de 62 millones de hogares en mercados como Nueva York, Los \u00c1ngeles, Miami y Chicago. Equal Media ha estado presente con cobertura original y branded content en eventos como el Media Hub de los Latin Grammys, LAMC (NY), BIME (Bilbao, Bogot\u00e1), Vive Latino (CDMX), MIM LATAM, CAMM, entre otros hubs de la industria. Aliada de plataformas como Keychange, Femnoise, We Make Noise y la Municipalidad de Quilicura (Chile), Equal Media promueve una industria m\u00e1s equitativa, programando de forma activa proyectos liderados por mujeres, comunidades LGBTQ+ y sectores vulnerables. Bajo la direcci\u00f3n de Ulises Sanher \u2014reconocido por la UNAM y otras instituciones acad\u00e9micas por su labor cultural\u2014, Equal Media ha contribuido a formar nuevas audiencias desde la educaci\u00f3n, el activismo y la creatividad. Sanher ha sido invitado como speaker en foros como Circulart (COL), FIMPRO (MEX), Canadian Music Week (CAN), FME (CAN), SIM S\u00e3o Paulo (BR), MUPA (PAN), Corriente (PER) y Brasil Trends Conference. Tambi\u00e9n ha sido jurado externo de los Premios Rolling Stone en Espa\u00f1ol en Miami y ha ofrecido asesor\u00eda creativa en colaboraci\u00f3n con Berklee Valencia y la Asociaci\u00f3n de Supervisores Musicales.","sameAs":["https:\/\/www.equalmedia.mx\/","https:\/\/www.instagram.com\/equal.music","https:\/\/www.linkedin.com\/in\/ulises-sanher\/","https:\/\/www.youtube.com\/@equalmusicworld"],"url":"https:\/\/www.equalmedia.mx\/site\/author\/admin\/"}]}},"_links":{"self":[{"href":"https:\/\/www.equalmedia.mx\/site\/wp-json\/wp\/v2\/posts\/9072","targetHints":{"allow":["GET"]}}],"collection":[{"href":"https:\/\/www.equalmedia.mx\/site\/wp-json\/wp\/v2\/posts"}],"about":[{"href":"https:\/\/www.equalmedia.mx\/site\/wp-json\/wp\/v2\/types\/post"}],"author":[{"embeddable":true,"href":"https:\/\/www.equalmedia.mx\/site\/wp-json\/wp\/v2\/users\/1"}],"replies":[{"embeddable":true,"href":"https:\/\/www.equalmedia.mx\/site\/wp-json\/wp\/v2\/comments?post=9072"}],"version-history":[{"count":1,"href":"https:\/\/www.equalmedia.mx\/site\/wp-json\/wp\/v2\/posts\/9072\/revisions"}],"predecessor-version":[{"id":9075,"href":"https:\/\/www.equalmedia.mx\/site\/wp-json\/wp\/v2\/posts\/9072\/revisions\/9075"}],"wp:featuredmedia":[{"embeddable":true,"href":"https:\/\/www.equalmedia.mx\/site\/wp-json\/wp\/v2\/media\/9073"}],"wp:attachment":[{"href":"https:\/\/www.equalmedia.mx\/site\/wp-json\/wp\/v2\/media?parent=9072"}],"wp:term":[{"taxonomy":"category","embeddable":true,"href":"https:\/\/www.equalmedia.mx\/site\/wp-json\/wp\/v2\/categories?post=9072"},{"taxonomy":"post_tag","embeddable":true,"href":"https:\/\/www.equalmedia.mx\/site\/wp-json\/wp\/v2\/tags?post=9072"}],"curies":[{"name":"wp","href":"https:\/\/api.w.org\/{rel}","templated":true}]}}