{"id":9090,"date":"2026-03-18T21:08:30","date_gmt":"2026-03-18T21:08:30","guid":{"rendered":"https:\/\/www.equalmedia.mx\/site\/?p=9090"},"modified":"2026-03-18T21:08:30","modified_gmt":"2026-03-18T21:08:30","slug":"los-tucanes-de-tijuana-gira-2026-sold-out-estados-unidos","status":"publish","type":"post","link":"https:\/\/www.equalmedia.mx\/site\/de-gira\/los-tucanes-de-tijuana-gira-2026-sold-out-estados-unidos\/","title":{"rendered":"Los Tucanes de Tijuana mantienen su poder de convocatoria en EE.UU."},"content":{"rendered":"\n<h3 class=\"wp-block-heading\">Los Tucanes de Tijuana siguen demostrando que su impacto va m\u00e1s all\u00e1 de la nostalgia. Este fin de semana, la agrupaci\u00f3n logr\u00f3 agotar dos presentaciones consecutivas en Estados Unidos como parte de su \u201cTucanes Time Tour 2026\u201d, confirmando su vigencia en una industria donde pocas bandas logran sostener relevancia por d\u00e9cadas. Con shows llenos en Washington y Nevada, el grupo reafirma su conexi\u00f3n con audiencias latinas en el extranjero y su capacidad de convocatoria en mercados clave. En un momento donde el regional mexicano vive una expansi\u00f3n global sin precedentes, el caso de Los Tucanes no es una tendencia reciente, sino la consolidaci\u00f3n de un legado que ha sabido adaptarse sin perder identidad.<\/h3>\n\n\n\n<p>La gira 2026 de Los Tucanes de Tijuana sum\u00f3 nuevos hitos este fin de semana con dos presentaciones completamente agotadas en territorio estadounidense. El viernes 13 de marzo, el grupo llen\u00f3 el Legends Casino Event Center en Toppenish, Washington, y un d\u00eda despu\u00e9s repiti\u00f3 la haza\u00f1a en Reno, Nevada, donde junto a Tapy Quintero abarrotaron el Grand Sierra Resort and Casino.<\/p>\n\n\n\n<p>No se trata de un fen\u00f3meno aislado. Es la continuaci\u00f3n de una constante: la capacidad del grupo para movilizar audiencias masivas fuera de M\u00e9xico, particularmente en Estados Unidos, donde la m\u00fasica regional mexicana ha encontrado una segunda casa.<\/p>\n\n\n<div class=\"wp-block-image\">\n<figure class=\"aligncenter size-large is-resized\"><img fetchpriority=\"high\" decoding=\"async\" width=\"1024\" height=\"683\" src=\"https:\/\/www.equalmedia.mx\/site\/wp-content\/uploads\/2026\/03\/Photo-Mar-13-2026-10-01-15-PM-1-1024x683.jpg\" alt=\"\" class=\"wp-image-9092\" style=\"width:796px;height:auto\" srcset=\"https:\/\/www.equalmedia.mx\/site\/wp-content\/uploads\/2026\/03\/Photo-Mar-13-2026-10-01-15-PM-1-1024x683.jpg 1024w, https:\/\/www.equalmedia.mx\/site\/wp-content\/uploads\/2026\/03\/Photo-Mar-13-2026-10-01-15-PM-1-300x200.jpg 300w, https:\/\/www.equalmedia.mx\/site\/wp-content\/uploads\/2026\/03\/Photo-Mar-13-2026-10-01-15-PM-1-768x512.jpg 768w, https:\/\/www.equalmedia.mx\/site\/wp-content\/uploads\/2026\/03\/Photo-Mar-13-2026-10-01-15-PM-1-1536x1024.jpg 1536w, https:\/\/www.equalmedia.mx\/site\/wp-content\/uploads\/2026\/03\/Photo-Mar-13-2026-10-01-15-PM-1-2048x1365.jpg 2048w, https:\/\/www.equalmedia.mx\/site\/wp-content\/uploads\/2026\/03\/Photo-Mar-13-2026-10-01-15-PM-1-600x400.jpg 600w\" sizes=\"(max-width: 1024px) 100vw, 1024px\" \/><figcaption class=\"wp-element-caption\"><em>Los Tucanes en vivo \/ Cortes\u00eda Visi\u00f3n Music Agency<\/em><\/figcaption><\/figure>\n<\/div>\n\n\n<h2 class=\"wp-block-heading\">Una conexi\u00f3n generacional que sigue vigente<\/h2>\n\n\n\n<p>Parte del \u00e9xito de Los Tucanes radica en una f\u00f3rmula que no depende de tendencias pasajeras. Su repertorio conecta con distintas generaciones: desde quienes crecieron con sus corridos cl\u00e1sicos hasta nuevas audiencias que consumen regional mexicano en plataformas digitales y en vivo.<\/p>\n\n\n\n<p>En sus presentaciones, esa conexi\u00f3n se traduce en algo concreto: miles de personas coreando canciones que forman parte del ADN cultural latino en Estados Unidos. No es solo un concierto; es un espacio de identidad compartida.<\/p>\n\n\n\n<figure class=\"wp-block-embed aligncenter is-type-video is-provider-youtube wp-block-embed-youtube wp-embed-aspect-16-9 wp-has-aspect-ratio\"><div class=\"wp-block-embed__wrapper\">\n<iframe title=\"Tucanes Time Tour 2026 \u2013 Lincoln, California \u2013 Los Tucanes De Tijuana\" width=\"1300\" height=\"731\" data-src=\"https:\/\/www.youtube.com\/embed\/aMdVwI5Z4TU?feature=oembed\" frameborder=\"0\" allow=\"accelerometer; autoplay; clipboard-write; encrypted-media; gyroscope; picture-in-picture; web-share\" referrerpolicy=\"strict-origin-when-cross-origin\" allowfullscreen src=\"data:image\/svg+xml;base64,PHN2ZyB3aWR0aD0iMSIgaGVpZ2h0PSIxIiB4bWxucz0iaHR0cDovL3d3dy53My5vcmcvMjAwMC9zdmciPjwvc3ZnPg==\" class=\"lazyload\" data-load-mode=\"1\"><\/iframe>\n<\/div><\/figure>\n\n\n\n<h2 class=\"wp-block-heading\">\u201cTucanes Time Tour 2026\u201d: una gira en expansi\u00f3n<\/h2>\n\n\n\n<p>La gira \u201cTucanes Time Tour 2026\u201d no muestra se\u00f1ales de desaceleraci\u00f3n. Tras estos sold out, la agrupaci\u00f3n se prepara para uno de sus pr\u00f3ximos momentos clave: su participaci\u00f3n en el Sue\u00f1os Festival en Chicago, uno de los eventos m\u00e1s relevantes para la m\u00fasica latina en Estados Unidos.<\/p>\n\n\n\n<p>El tour tambi\u00e9n contempla expansi\u00f3n hacia otros territorios, incluyendo Sudam\u00e9rica y Europa, lo que refuerza una lectura clara: el regional mexicano ya no es un g\u00e9nero regional en sentido geogr\u00e1fico, sino una expresi\u00f3n cultural global.<\/p>\n\n\n\n<h2 class=\"wp-block-heading\">M\u00e1s que nostalgia: un legado activo en la m\u00fasica latina<\/h2>\n\n\n\n<p>Hablar de Los Tucanes de Tijuana es hablar de una de las agrupaciones que ayud\u00f3 a definir el sonido del norte\u00f1o moderno. Su influencia no solo se mide en premios o trayectoria, sino en c\u00f3mo su m\u00fasica ha permeado distintas etapas de la cultura latina contempor\u00e1nea.<\/p>\n\n\n\n<p>En un contexto donde nuevas figuras del regional mexicano dominan la conversaci\u00f3n global, Los Tucanes representan otra capa del fen\u00f3meno: la continuidad. Son prueba de que el g\u00e9nero no empez\u00f3 con el streaming ni con las nuevas generaciones, sino que se construy\u00f3 durante d\u00e9cadas de giras, discos y conexi\u00f3n directa con el p\u00fablico.<\/p>\n\n\n\n<figure class=\"wp-block-embed aligncenter is-type-video is-provider-youtube wp-block-embed-youtube wp-embed-aspect-16-9 wp-has-aspect-ratio\"><div class=\"wp-block-embed__wrapper\">\n<iframe title=\"La Chona - Los Tucanes De Tijuana (Cl\u00e1sicos de Los Tucanes)\" width=\"1300\" height=\"731\" data-src=\"https:\/\/www.youtube.com\/embed\/4gA5iaZ11lU?feature=oembed\" frameborder=\"0\" allow=\"accelerometer; autoplay; clipboard-write; encrypted-media; gyroscope; picture-in-picture; web-share\" referrerpolicy=\"strict-origin-when-cross-origin\" allowfullscreen src=\"data:image\/svg+xml;base64,PHN2ZyB3aWR0aD0iMSIgaGVpZ2h0PSIxIiB4bWxucz0iaHR0cDovL3d3dy53My5vcmcvMjAwMC9zdmciPjwvc3ZnPg==\" class=\"lazyload\" data-load-mode=\"1\"><\/iframe>\n<\/div><\/figure>\n\n\n\n<h2 class=\"wp-block-heading\">El regional mexicano como circuito global<\/h2>\n\n\n\n<p>Lo que est\u00e1 ocurriendo con Los Tucanes de Tijuana es tambi\u00e9n un reflejo del momento que vive el regional mexicano. La capacidad de llenar recintos en distintas ciudades de Estados Unidos evidencia que existe un circuito s\u00f3lido, con audiencias activas y en crecimiento.<\/p>\n\n\n\n<p>Este movimiento no solo se limita a la m\u00fasica: impacta festivales, plataformas digitales, medios y estrategias de la industria del entretenimiento. En ese ecosistema, Los Tucanes siguen ocupando un lugar central.<\/p>\n\n\n\n<p>M\u00e1s all\u00e1 de los n\u00fameros o los sold out, lo que sostienen Los Tucanes de Tijuana es algo m\u00e1s dif\u00edcil de replicar: relevancia cultural a lo largo del tiempo. Su gira 2026 no es un regreso ni una reivindicaci\u00f3n, es una continuidad.<\/p>\n\n\n\n<p>Y en un panorama donde todo parece acelerado y ef\u00edmero, esa permanencia se vuelve, en s\u00ed misma, una forma de impacto.<\/p>\n","protected":false},"excerpt":{"rendered":"<p>Los Tucanes de Tijuana siguen demostrando que su impacto va m\u00e1s all\u00e1 de la nostalgia. Este fin de semana, la agrupaci\u00f3n logr\u00f3 agotar dos presentaciones consecutivas en Estados Unidos como parte de su \u201cTucanes Time Tour 2026\u201d, confirmando su vigencia en una industria donde pocas bandas logran sostener relevancia por d\u00e9cadas. Con shows llenos en [&hellip;]<\/p>\n","protected":false},"author":1,"featured_media":9091,"comment_status":"closed","ping_status":"closed","sticky":false,"template":"","format":"standard","meta":{"footnotes":""},"categories":[3984],"tags":[],"class_list":["post-9090","post","type-post","status-publish","format-standard","has-post-thumbnail","hentry","category-de-gira"],"yoast_head":"<!-- This site is optimized with the Yoast SEO plugin v26.6 - https:\/\/yoast.com\/wordpress\/plugins\/seo\/ -->\n<title>Los Tucanes de Tijuana agotan shows en Estados Unidos y consolidan su gira 2026<\/title>\n<meta name=\"description\" content=\"Los Tucanes de Tijuana logran m\u00faltiples sold out en Estados Unidos y refuerzan el alcance global del regional mexicano con su gira 2026.\" \/>\n<meta name=\"robots\" content=\"index, follow, max-snippet:-1, max-image-preview:large, max-video-preview:-1\" \/>\n<link rel=\"canonical\" href=\"https:\/\/www.equalmedia.mx\/site\/de-gira\/los-tucanes-de-tijuana-gira-2026-sold-out-estados-unidos\/\" \/>\n<meta property=\"og:locale\" content=\"es_ES\" \/>\n<meta property=\"og:type\" content=\"article\" \/>\n<meta property=\"og:title\" content=\"Los Tucanes de Tijuana agotan shows en Estados Unidos y consolidan su gira 2026\" \/>\n<meta property=\"og:description\" content=\"Los Tucanes de Tijuana logran m\u00faltiples sold out en Estados Unidos y refuerzan el alcance global del regional mexicano con su gira 2026.\" \/>\n<meta property=\"og:url\" content=\"https:\/\/www.equalmedia.mx\/site\/de-gira\/los-tucanes-de-tijuana-gira-2026-sold-out-estados-unidos\/\" \/>\n<meta property=\"og:site_name\" content=\"EQUAL MUSIC | Cultura Latina en Movimiento\" \/>\n<meta property=\"article:published_time\" content=\"2026-03-18T21:08:30+00:00\" \/>\n<meta property=\"og:image\" content=\"https:\/\/www.equalmedia.mx\/site\/wp-content\/uploads\/2026\/03\/Photo-Mar-14-2026-10-14-47-PM-scaled.jpg\" \/>\n\t<meta property=\"og:image:width\" content=\"2560\" \/>\n\t<meta property=\"og:image:height\" content=\"1707\" \/>\n\t<meta property=\"og:image:type\" content=\"image\/jpeg\" \/>\n<meta name=\"author\" content=\"Equal Media\" \/>\n<meta name=\"twitter:card\" content=\"summary_large_image\" \/>\n<meta name=\"twitter:label1\" content=\"Escrito por\" \/>\n\t<meta name=\"twitter:data1\" content=\"Equal Media\" \/>\n\t<meta name=\"twitter:label2\" content=\"Tiempo de lectura\" \/>\n\t<meta name=\"twitter:data2\" content=\"4 minutos\" \/>\n<script type=\"application\/ld+json\" class=\"yoast-schema-graph\">{\"@context\":\"https:\/\/schema.org\",\"@graph\":[{\"@type\":\"Article\",\"@id\":\"https:\/\/www.equalmedia.mx\/site\/de-gira\/los-tucanes-de-tijuana-gira-2026-sold-out-estados-unidos\/#article\",\"isPartOf\":{\"@id\":\"https:\/\/www.equalmedia.mx\/site\/de-gira\/los-tucanes-de-tijuana-gira-2026-sold-out-estados-unidos\/\"},\"author\":{\"name\":\"Equal Media\",\"@id\":\"https:\/\/www.equalmedia.mx\/site\/#\/schema\/person\/41b6e60d650a80262fa6b5189bbb9f20\"},\"headline\":\"Los Tucanes de Tijuana mantienen su poder de convocatoria en EE.UU.\",\"datePublished\":\"2026-03-18T21:08:30+00:00\",\"mainEntityOfPage\":{\"@id\":\"https:\/\/www.equalmedia.mx\/site\/de-gira\/los-tucanes-de-tijuana-gira-2026-sold-out-estados-unidos\/\"},\"wordCount\":734,\"publisher\":{\"@id\":\"https:\/\/www.equalmedia.mx\/site\/#organization\"},\"image\":{\"@id\":\"https:\/\/www.equalmedia.mx\/site\/de-gira\/los-tucanes-de-tijuana-gira-2026-sold-out-estados-unidos\/#primaryimage\"},\"thumbnailUrl\":\"https:\/\/www.equalmedia.mx\/site\/wp-content\/uploads\/2026\/03\/Photo-Mar-14-2026-10-14-47-PM-scaled.jpg\",\"articleSection\":[\"De Gira\"],\"inLanguage\":\"es\"},{\"@type\":\"WebPage\",\"@id\":\"https:\/\/www.equalmedia.mx\/site\/de-gira\/los-tucanes-de-tijuana-gira-2026-sold-out-estados-unidos\/\",\"url\":\"https:\/\/www.equalmedia.mx\/site\/de-gira\/los-tucanes-de-tijuana-gira-2026-sold-out-estados-unidos\/\",\"name\":\"Los Tucanes de Tijuana agotan shows en Estados Unidos y consolidan su gira 2026\",\"isPartOf\":{\"@id\":\"https:\/\/www.equalmedia.mx\/site\/#website\"},\"primaryImageOfPage\":{\"@id\":\"https:\/\/www.equalmedia.mx\/site\/de-gira\/los-tucanes-de-tijuana-gira-2026-sold-out-estados-unidos\/#primaryimage\"},\"image\":{\"@id\":\"https:\/\/www.equalmedia.mx\/site\/de-gira\/los-tucanes-de-tijuana-gira-2026-sold-out-estados-unidos\/#primaryimage\"},\"thumbnailUrl\":\"https:\/\/www.equalmedia.mx\/site\/wp-content\/uploads\/2026\/03\/Photo-Mar-14-2026-10-14-47-PM-scaled.jpg\",\"datePublished\":\"2026-03-18T21:08:30+00:00\",\"description\":\"Los Tucanes de Tijuana logran m\u00faltiples sold out en Estados Unidos y refuerzan el alcance global del regional mexicano con su gira 2026.\",\"breadcrumb\":{\"@id\":\"https:\/\/www.equalmedia.mx\/site\/de-gira\/los-tucanes-de-tijuana-gira-2026-sold-out-estados-unidos\/#breadcrumb\"},\"inLanguage\":\"es\",\"potentialAction\":[{\"@type\":\"ReadAction\",\"target\":[\"https:\/\/www.equalmedia.mx\/site\/de-gira\/los-tucanes-de-tijuana-gira-2026-sold-out-estados-unidos\/\"]}]},{\"@type\":\"ImageObject\",\"inLanguage\":\"es\",\"@id\":\"https:\/\/www.equalmedia.mx\/site\/de-gira\/los-tucanes-de-tijuana-gira-2026-sold-out-estados-unidos\/#primaryimage\",\"url\":\"https:\/\/www.equalmedia.mx\/site\/wp-content\/uploads\/2026\/03\/Photo-Mar-14-2026-10-14-47-PM-scaled.jpg\",\"contentUrl\":\"https:\/\/www.equalmedia.mx\/site\/wp-content\/uploads\/2026\/03\/Photo-Mar-14-2026-10-14-47-PM-scaled.jpg\",\"width\":2560,\"height\":1707},{\"@type\":\"BreadcrumbList\",\"@id\":\"https:\/\/www.equalmedia.mx\/site\/de-gira\/los-tucanes-de-tijuana-gira-2026-sold-out-estados-unidos\/#breadcrumb\",\"itemListElement\":[{\"@type\":\"ListItem\",\"position\":1,\"name\":\"Inicio\",\"item\":\"https:\/\/www.equalmedia.mx\/site\/\"},{\"@type\":\"ListItem\",\"position\":2,\"name\":\"Los Tucanes de Tijuana mantienen su poder de convocatoria en EE.UU.\"}]},{\"@type\":\"WebSite\",\"@id\":\"https:\/\/www.equalmedia.mx\/site\/#website\",\"url\":\"https:\/\/www.equalmedia.mx\/site\/\",\"name\":\"EQUAL MUSIC | Cultura Latina en Movimiento\",\"description\":\"Ritmo en movimiento.\",\"publisher\":{\"@id\":\"https:\/\/www.equalmedia.mx\/site\/#organization\"},\"potentialAction\":[{\"@type\":\"SearchAction\",\"target\":{\"@type\":\"EntryPoint\",\"urlTemplate\":\"https:\/\/www.equalmedia.mx\/site\/?s={search_term_string}\"},\"query-input\":{\"@type\":\"PropertyValueSpecification\",\"valueRequired\":true,\"valueName\":\"search_term_string\"}}],\"inLanguage\":\"es\"},{\"@type\":\"Organization\",\"@id\":\"https:\/\/www.equalmedia.mx\/site\/#organization\",\"name\":\"EQUAL MUSIC | Cultura Latina en Movimiento\",\"url\":\"https:\/\/www.equalmedia.mx\/site\/\",\"logo\":{\"@type\":\"ImageObject\",\"inLanguage\":\"es\",\"@id\":\"https:\/\/www.equalmedia.mx\/site\/#\/schema\/logo\/image\/\",\"url\":\"https:\/\/www.equalmedia.mx\/site\/wp-content\/uploads\/2021\/07\/logoblanco.png\",\"contentUrl\":\"https:\/\/www.equalmedia.mx\/site\/wp-content\/uploads\/2021\/07\/logoblanco.png\",\"width\":1920,\"height\":589,\"caption\":\"EQUAL MUSIC | Cultura Latina en Movimiento\"},\"image\":{\"@id\":\"https:\/\/www.equalmedia.mx\/site\/#\/schema\/logo\/image\/\"}},{\"@type\":\"Person\",\"@id\":\"https:\/\/www.equalmedia.mx\/site\/#\/schema\/person\/41b6e60d650a80262fa6b5189bbb9f20\",\"name\":\"Equal Media\",\"image\":{\"@type\":\"ImageObject\",\"inLanguage\":\"es\",\"@id\":\"https:\/\/www.equalmedia.mx\/site\/#\/schema\/person\/image\/\",\"url\":\"https:\/\/secure.gravatar.com\/avatar\/51c3f8f080f557c61349ab37ab35c9f967b3b271510dd8ef0b9b16a3dd5a89e9?s=96&d=mm&r=g\",\"contentUrl\":\"https:\/\/secure.gravatar.com\/avatar\/51c3f8f080f557c61349ab37ab35c9f967b3b271510dd8ef0b9b16a3dd5a89e9?s=96&d=mm&r=g\",\"caption\":\"Equal Media\"},\"description\":\"Equal Media es una productora y agencia de estrategia cultural transmedia que impulsa la visibilidad de la m\u00fasica y cultura latina a trav\u00e9s de contenidos originales, multiplataforma y con enfoque social. Con operaci\u00f3n desde Estados Unidos, M\u00e9xico y Colombia, Equal Media se ha consolidado como un actor clave en la narrativa documental, la curadur\u00eda musical y la creaci\u00f3n de formatos de alto impacto para audiencias latinas globales. Sus producciones incluyen Equal Music Sessions \u2014con m\u00e1s de 300 artistas programados en LATV Network\u2014, la serie Hunters y el documental 4TRO EL3MENTOS. Sus contenidos son emitidos en prime time en EE.UU. v\u00eda LATV y VOD, alcanzando m\u00e1s de 62 millones de hogares en mercados como Nueva York, Los \u00c1ngeles, Miami y Chicago. Equal Media ha estado presente con cobertura original y branded content en eventos como el Media Hub de los Latin Grammys, LAMC (NY), BIME (Bilbao, Bogot\u00e1), Vive Latino (CDMX), MIM LATAM, CAMM, entre otros hubs de la industria. Aliada de plataformas como Keychange, Femnoise, We Make Noise y la Municipalidad de Quilicura (Chile), Equal Media promueve una industria m\u00e1s equitativa, programando de forma activa proyectos liderados por mujeres, comunidades LGBTQ+ y sectores vulnerables. Bajo la direcci\u00f3n de Ulises Sanher \u2014reconocido por la UNAM y otras instituciones acad\u00e9micas por su labor cultural\u2014, Equal Media ha contribuido a formar nuevas audiencias desde la educaci\u00f3n, el activismo y la creatividad. Sanher ha sido invitado como speaker en foros como Circulart (COL), FIMPRO (MEX), Canadian Music Week (CAN), FME (CAN), SIM S\u00e3o Paulo (BR), MUPA (PAN), Corriente (PER) y Brasil Trends Conference. Tambi\u00e9n ha sido jurado externo de los Premios Rolling Stone en Espa\u00f1ol en Miami y ha ofrecido asesor\u00eda creativa en colaboraci\u00f3n con Berklee Valencia y la Asociaci\u00f3n de Supervisores Musicales.\",\"sameAs\":[\"https:\/\/www.equalmedia.mx\/\",\"https:\/\/www.instagram.com\/equal.music\",\"https:\/\/www.linkedin.com\/in\/ulises-sanher\/\",\"https:\/\/www.youtube.com\/@equalmusicworld\"],\"url\":\"https:\/\/www.equalmedia.mx\/site\/author\/admin\/\"}]}<\/script>\n<!-- \/ Yoast SEO plugin. -->","yoast_head_json":{"title":"Los Tucanes de Tijuana agotan shows en Estados Unidos y consolidan su gira 2026","description":"Los Tucanes de Tijuana logran m\u00faltiples sold out en Estados Unidos y refuerzan el alcance global del regional mexicano con su gira 2026.","robots":{"index":"index","follow":"follow","max-snippet":"max-snippet:-1","max-image-preview":"max-image-preview:large","max-video-preview":"max-video-preview:-1"},"canonical":"https:\/\/www.equalmedia.mx\/site\/de-gira\/los-tucanes-de-tijuana-gira-2026-sold-out-estados-unidos\/","og_locale":"es_ES","og_type":"article","og_title":"Los Tucanes de Tijuana agotan shows en Estados Unidos y consolidan su gira 2026","og_description":"Los Tucanes de Tijuana logran m\u00faltiples sold out en Estados Unidos y refuerzan el alcance global del regional mexicano con su gira 2026.","og_url":"https:\/\/www.equalmedia.mx\/site\/de-gira\/los-tucanes-de-tijuana-gira-2026-sold-out-estados-unidos\/","og_site_name":"EQUAL MUSIC | Cultura Latina en Movimiento","article_published_time":"2026-03-18T21:08:30+00:00","og_image":[{"width":2560,"height":1707,"url":"https:\/\/www.equalmedia.mx\/site\/wp-content\/uploads\/2026\/03\/Photo-Mar-14-2026-10-14-47-PM-scaled.jpg","type":"image\/jpeg"}],"author":"Equal Media","twitter_card":"summary_large_image","twitter_misc":{"Escrito por":"Equal Media","Tiempo de lectura":"4 minutos"},"schema":{"@context":"https:\/\/schema.org","@graph":[{"@type":"Article","@id":"https:\/\/www.equalmedia.mx\/site\/de-gira\/los-tucanes-de-tijuana-gira-2026-sold-out-estados-unidos\/#article","isPartOf":{"@id":"https:\/\/www.equalmedia.mx\/site\/de-gira\/los-tucanes-de-tijuana-gira-2026-sold-out-estados-unidos\/"},"author":{"name":"Equal Media","@id":"https:\/\/www.equalmedia.mx\/site\/#\/schema\/person\/41b6e60d650a80262fa6b5189bbb9f20"},"headline":"Los Tucanes de Tijuana mantienen su poder de convocatoria en EE.UU.","datePublished":"2026-03-18T21:08:30+00:00","mainEntityOfPage":{"@id":"https:\/\/www.equalmedia.mx\/site\/de-gira\/los-tucanes-de-tijuana-gira-2026-sold-out-estados-unidos\/"},"wordCount":734,"publisher":{"@id":"https:\/\/www.equalmedia.mx\/site\/#organization"},"image":{"@id":"https:\/\/www.equalmedia.mx\/site\/de-gira\/los-tucanes-de-tijuana-gira-2026-sold-out-estados-unidos\/#primaryimage"},"thumbnailUrl":"https:\/\/www.equalmedia.mx\/site\/wp-content\/uploads\/2026\/03\/Photo-Mar-14-2026-10-14-47-PM-scaled.jpg","articleSection":["De Gira"],"inLanguage":"es"},{"@type":"WebPage","@id":"https:\/\/www.equalmedia.mx\/site\/de-gira\/los-tucanes-de-tijuana-gira-2026-sold-out-estados-unidos\/","url":"https:\/\/www.equalmedia.mx\/site\/de-gira\/los-tucanes-de-tijuana-gira-2026-sold-out-estados-unidos\/","name":"Los Tucanes de Tijuana agotan shows en Estados Unidos y consolidan su gira 2026","isPartOf":{"@id":"https:\/\/www.equalmedia.mx\/site\/#website"},"primaryImageOfPage":{"@id":"https:\/\/www.equalmedia.mx\/site\/de-gira\/los-tucanes-de-tijuana-gira-2026-sold-out-estados-unidos\/#primaryimage"},"image":{"@id":"https:\/\/www.equalmedia.mx\/site\/de-gira\/los-tucanes-de-tijuana-gira-2026-sold-out-estados-unidos\/#primaryimage"},"thumbnailUrl":"https:\/\/www.equalmedia.mx\/site\/wp-content\/uploads\/2026\/03\/Photo-Mar-14-2026-10-14-47-PM-scaled.jpg","datePublished":"2026-03-18T21:08:30+00:00","description":"Los Tucanes de Tijuana logran m\u00faltiples sold out en Estados Unidos y refuerzan el alcance global del regional mexicano con su gira 2026.","breadcrumb":{"@id":"https:\/\/www.equalmedia.mx\/site\/de-gira\/los-tucanes-de-tijuana-gira-2026-sold-out-estados-unidos\/#breadcrumb"},"inLanguage":"es","potentialAction":[{"@type":"ReadAction","target":["https:\/\/www.equalmedia.mx\/site\/de-gira\/los-tucanes-de-tijuana-gira-2026-sold-out-estados-unidos\/"]}]},{"@type":"ImageObject","inLanguage":"es","@id":"https:\/\/www.equalmedia.mx\/site\/de-gira\/los-tucanes-de-tijuana-gira-2026-sold-out-estados-unidos\/#primaryimage","url":"https:\/\/www.equalmedia.mx\/site\/wp-content\/uploads\/2026\/03\/Photo-Mar-14-2026-10-14-47-PM-scaled.jpg","contentUrl":"https:\/\/www.equalmedia.mx\/site\/wp-content\/uploads\/2026\/03\/Photo-Mar-14-2026-10-14-47-PM-scaled.jpg","width":2560,"height":1707},{"@type":"BreadcrumbList","@id":"https:\/\/www.equalmedia.mx\/site\/de-gira\/los-tucanes-de-tijuana-gira-2026-sold-out-estados-unidos\/#breadcrumb","itemListElement":[{"@type":"ListItem","position":1,"name":"Inicio","item":"https:\/\/www.equalmedia.mx\/site\/"},{"@type":"ListItem","position":2,"name":"Los Tucanes de Tijuana mantienen su poder de convocatoria en EE.UU."}]},{"@type":"WebSite","@id":"https:\/\/www.equalmedia.mx\/site\/#website","url":"https:\/\/www.equalmedia.mx\/site\/","name":"EQUAL MUSIC | Cultura Latina en Movimiento","description":"Ritmo en movimiento.","publisher":{"@id":"https:\/\/www.equalmedia.mx\/site\/#organization"},"potentialAction":[{"@type":"SearchAction","target":{"@type":"EntryPoint","urlTemplate":"https:\/\/www.equalmedia.mx\/site\/?s={search_term_string}"},"query-input":{"@type":"PropertyValueSpecification","valueRequired":true,"valueName":"search_term_string"}}],"inLanguage":"es"},{"@type":"Organization","@id":"https:\/\/www.equalmedia.mx\/site\/#organization","name":"EQUAL MUSIC | Cultura Latina en Movimiento","url":"https:\/\/www.equalmedia.mx\/site\/","logo":{"@type":"ImageObject","inLanguage":"es","@id":"https:\/\/www.equalmedia.mx\/site\/#\/schema\/logo\/image\/","url":"https:\/\/www.equalmedia.mx\/site\/wp-content\/uploads\/2021\/07\/logoblanco.png","contentUrl":"https:\/\/www.equalmedia.mx\/site\/wp-content\/uploads\/2021\/07\/logoblanco.png","width":1920,"height":589,"caption":"EQUAL MUSIC | Cultura Latina en Movimiento"},"image":{"@id":"https:\/\/www.equalmedia.mx\/site\/#\/schema\/logo\/image\/"}},{"@type":"Person","@id":"https:\/\/www.equalmedia.mx\/site\/#\/schema\/person\/41b6e60d650a80262fa6b5189bbb9f20","name":"Equal Media","image":{"@type":"ImageObject","inLanguage":"es","@id":"https:\/\/www.equalmedia.mx\/site\/#\/schema\/person\/image\/","url":"https:\/\/secure.gravatar.com\/avatar\/51c3f8f080f557c61349ab37ab35c9f967b3b271510dd8ef0b9b16a3dd5a89e9?s=96&d=mm&r=g","contentUrl":"https:\/\/secure.gravatar.com\/avatar\/51c3f8f080f557c61349ab37ab35c9f967b3b271510dd8ef0b9b16a3dd5a89e9?s=96&d=mm&r=g","caption":"Equal Media"},"description":"Equal Media es una productora y agencia de estrategia cultural transmedia que impulsa la visibilidad de la m\u00fasica y cultura latina a trav\u00e9s de contenidos originales, multiplataforma y con enfoque social. Con operaci\u00f3n desde Estados Unidos, M\u00e9xico y Colombia, Equal Media se ha consolidado como un actor clave en la narrativa documental, la curadur\u00eda musical y la creaci\u00f3n de formatos de alto impacto para audiencias latinas globales. Sus producciones incluyen Equal Music Sessions \u2014con m\u00e1s de 300 artistas programados en LATV Network\u2014, la serie Hunters y el documental 4TRO EL3MENTOS. Sus contenidos son emitidos en prime time en EE.UU. v\u00eda LATV y VOD, alcanzando m\u00e1s de 62 millones de hogares en mercados como Nueva York, Los \u00c1ngeles, Miami y Chicago. Equal Media ha estado presente con cobertura original y branded content en eventos como el Media Hub de los Latin Grammys, LAMC (NY), BIME (Bilbao, Bogot\u00e1), Vive Latino (CDMX), MIM LATAM, CAMM, entre otros hubs de la industria. Aliada de plataformas como Keychange, Femnoise, We Make Noise y la Municipalidad de Quilicura (Chile), Equal Media promueve una industria m\u00e1s equitativa, programando de forma activa proyectos liderados por mujeres, comunidades LGBTQ+ y sectores vulnerables. Bajo la direcci\u00f3n de Ulises Sanher \u2014reconocido por la UNAM y otras instituciones acad\u00e9micas por su labor cultural\u2014, Equal Media ha contribuido a formar nuevas audiencias desde la educaci\u00f3n, el activismo y la creatividad. Sanher ha sido invitado como speaker en foros como Circulart (COL), FIMPRO (MEX), Canadian Music Week (CAN), FME (CAN), SIM S\u00e3o Paulo (BR), MUPA (PAN), Corriente (PER) y Brasil Trends Conference. Tambi\u00e9n ha sido jurado externo de los Premios Rolling Stone en Espa\u00f1ol en Miami y ha ofrecido asesor\u00eda creativa en colaboraci\u00f3n con Berklee Valencia y la Asociaci\u00f3n de Supervisores Musicales.","sameAs":["https:\/\/www.equalmedia.mx\/","https:\/\/www.instagram.com\/equal.music","https:\/\/www.linkedin.com\/in\/ulises-sanher\/","https:\/\/www.youtube.com\/@equalmusicworld"],"url":"https:\/\/www.equalmedia.mx\/site\/author\/admin\/"}]}},"_links":{"self":[{"href":"https:\/\/www.equalmedia.mx\/site\/wp-json\/wp\/v2\/posts\/9090","targetHints":{"allow":["GET"]}}],"collection":[{"href":"https:\/\/www.equalmedia.mx\/site\/wp-json\/wp\/v2\/posts"}],"about":[{"href":"https:\/\/www.equalmedia.mx\/site\/wp-json\/wp\/v2\/types\/post"}],"author":[{"embeddable":true,"href":"https:\/\/www.equalmedia.mx\/site\/wp-json\/wp\/v2\/users\/1"}],"replies":[{"embeddable":true,"href":"https:\/\/www.equalmedia.mx\/site\/wp-json\/wp\/v2\/comments?post=9090"}],"version-history":[{"count":1,"href":"https:\/\/www.equalmedia.mx\/site\/wp-json\/wp\/v2\/posts\/9090\/revisions"}],"predecessor-version":[{"id":9093,"href":"https:\/\/www.equalmedia.mx\/site\/wp-json\/wp\/v2\/posts\/9090\/revisions\/9093"}],"wp:featuredmedia":[{"embeddable":true,"href":"https:\/\/www.equalmedia.mx\/site\/wp-json\/wp\/v2\/media\/9091"}],"wp:attachment":[{"href":"https:\/\/www.equalmedia.mx\/site\/wp-json\/wp\/v2\/media?parent=9090"}],"wp:term":[{"taxonomy":"category","embeddable":true,"href":"https:\/\/www.equalmedia.mx\/site\/wp-json\/wp\/v2\/categories?post=9090"},{"taxonomy":"post_tag","embeddable":true,"href":"https:\/\/www.equalmedia.mx\/site\/wp-json\/wp\/v2\/tags?post=9090"}],"curies":[{"name":"wp","href":"https:\/\/api.w.org\/{rel}","templated":true}]}}