{"id":9266,"date":"2026-05-03T01:30:40","date_gmt":"2026-05-03T01:30:40","guid":{"rendered":"https:\/\/www.equalmedia.mx\/site\/?p=9266"},"modified":"2026-05-03T01:33:03","modified_gmt":"2026-05-03T01:33:03","slug":"milo-j-tiny-desk-npr-2026","status":"publish","type":"post","link":"https:\/\/www.equalmedia.mx\/site\/radar\/milo-j-tiny-desk-npr-2026\/","title":{"rendered":"Milo J lleva su ra\u00edz al Tiny Desk y convierte a NPR en una mesa de mate, memoria y canci\u00f3n latinoamericana"},"content":{"rendered":"\n<p>A los <strong>19 a\u00f1os<\/strong>, <strong>Milo J<\/strong> lleg\u00f3 al <strong>Tiny Desk de NPR<\/strong> con algo m\u00e1s fuerte que una buena presentaci\u00f3n: lleg\u00f3 con una idea de pertenencia. Su set, acompa\u00f1ado por la murga uruguaya <strong>Agarrate Catalina<\/strong>, convirti\u00f3 el escritorio m\u00e1s visible de la m\u00fasica global en una mesa de mate, memoria, barrio y cancionero latinoamericano. No fue solo una sesi\u00f3n impecable. Fue un gesto art\u00edstico y cultural de mucho peso. En un momento donde se publica m\u00fasica a una velocidad imposible de procesar y donde buena parte del mercado empuja hacia lo inmediato, Milo eligi\u00f3 otra cosa: cantar el linaje, honrar la ra\u00edz y dejar que el folklore, la nueva canci\u00f3n, la murga y la zamba respiraran en uno de los formatos m\u00e1s observados del periodismo musical contempor\u00e1neo. Ah\u00ed est\u00e1 la fuerza real de este Tiny Desk: no intenta sonar al trend correcto. Suena a verdad, a identidad y a una sensibilidad que no se puede fabricar.<\/p>\n\n\n\n<figure class=\"wp-block-embed aligncenter is-type-video is-provider-youtube wp-block-embed-youtube wp-embed-aspect-16-9 wp-has-aspect-ratio\"><div class=\"wp-block-embed__wrapper\">\n<iframe title=\"Milo J: Tiny Desk Concert\" width=\"1300\" height=\"731\" data-src=\"https:\/\/www.youtube.com\/embed\/p7YpVl35pac?feature=oembed\" frameborder=\"0\" allow=\"accelerometer; autoplay; clipboard-write; encrypted-media; gyroscope; picture-in-picture; web-share\" referrerpolicy=\"strict-origin-when-cross-origin\" allowfullscreen src=\"data:image\/svg+xml;base64,PHN2ZyB3aWR0aD0iMSIgaGVpZ2h0PSIxIiB4bWxucz0iaHR0cDovL3d3dy53My5vcmcvMjAwMC9zdmciPjwvc3ZnPg==\" class=\"lazyload\" data-load-mode=\"1\"><\/iframe>\n<\/div><\/figure>\n\n\n\n<p>Hay presentaciones que funcionan como vitrina. Otras, m\u00e1s raras, funcionan como declaraci\u00f3n. El <strong>Tiny Desk de Milo J para NPR<\/strong> pertenece sin duda a la segunda categor\u00eda. No solo por la calidad del set ni por el momento de carrera en que llega, sino porque vuelve visible algo que su obra viene diciendo desde hace tiempo: la m\u00fasica que de verdad conecta no siempre es la que mejor entiende el algoritmo, sino la que sabe de d\u00f3nde viene.<\/p>\n\n\n\n<p>Eso es lo que hace tan potente esta presentaci\u00f3n. En un formato donde muchos artistas buscan condensar carisma, repertorio y capacidad de adaptaci\u00f3n, <strong>Milo J<\/strong> eligi\u00f3 llevar otra cosa al centro: <strong>ra\u00edz, memoria, orgullo y pertenencia<\/strong>. No quiso simplificar su lenguaje para hacerlo m\u00e1s exportable. Hizo lo contrario. Llev\u00f3 al escritorio de <strong>NPR<\/strong> una versi\u00f3n todav\u00eda m\u00e1s clara de s\u00ed mismo.<\/p>\n\n\n<div class=\"wp-block-image\">\n<figure class=\"aligncenter size-large is-resized\"><img fetchpriority=\"high\" decoding=\"async\" width=\"819\" height=\"1024\" src=\"https:\/\/www.equalmedia.mx\/site\/wp-content\/uploads\/2026\/05\/334acb10-a76c-e9e1-c137-05441ab1a025-819x1024.jpeg\" alt=\"\" class=\"wp-image-9268\" style=\"width:470px;height:auto\" srcset=\"https:\/\/www.equalmedia.mx\/site\/wp-content\/uploads\/2026\/05\/334acb10-a76c-e9e1-c137-05441ab1a025-819x1024.jpeg 819w, https:\/\/www.equalmedia.mx\/site\/wp-content\/uploads\/2026\/05\/334acb10-a76c-e9e1-c137-05441ab1a025-240x300.jpeg 240w, https:\/\/www.equalmedia.mx\/site\/wp-content\/uploads\/2026\/05\/334acb10-a76c-e9e1-c137-05441ab1a025-768x960.jpeg 768w, https:\/\/www.equalmedia.mx\/site\/wp-content\/uploads\/2026\/05\/334acb10-a76c-e9e1-c137-05441ab1a025-300x375.jpeg 300w, https:\/\/www.equalmedia.mx\/site\/wp-content\/uploads\/2026\/05\/334acb10-a76c-e9e1-c137-05441ab1a025-600x750.jpeg 600w, https:\/\/www.equalmedia.mx\/site\/wp-content\/uploads\/2026\/05\/334acb10-a76c-e9e1-c137-05441ab1a025.jpeg 1024w\" sizes=\"(max-width: 819px) 100vw, 819px\" \/><\/figure>\n<\/div>\n\n\n<h3 class=\"wp-block-heading\">Un Tiny Desk que se volvi\u00f3 mesa larga<\/h3>\n\n\n\n<p>Acompa\u00f1ado por <strong>Agarrate Catalina<\/strong>, Milo arm\u00f3 una sesi\u00f3n que transform\u00f3 el escritorio m\u00e1s famoso de la m\u00fasica en una escena profundamente rioplatense y latinoamericana. No fue solo una colaboraci\u00f3n; fue una conversaci\u00f3n sostenida. La murga uruguaya, una de las expresiones m\u00e1s vivas y emblem\u00e1ticas del g\u00e9nero, apareci\u00f3 aqu\u00ed no como adorno ex\u00f3tico ni como contrapunto curioso, sino como parte estructural del relato musical de Milo. El resultado dej\u00f3 ver algo m\u00e1s grande que una buena qu\u00edmica en vivo: dej\u00f3 ver al <strong>R\u00edo de la Plata<\/strong> como una corriente compartida, donde la canci\u00f3n popular argentina y la murga uruguaya dialogan sin pedir permiso ni explicar demasiado sus fronteras.<\/p>\n\n\n\n<p>Ese gesto importa. Porque en vez de usar el Tiny Desk como escenario para pulir una imagen internacional, Milo lo convirti\u00f3 en una especie de <strong>altar dom\u00e9stico de la canci\u00f3n latinoamericana<\/strong>. Ah\u00ed estuvo el mate, el termo, el bander\u00edn del <strong>Club Deportivo Mor\u00f3n<\/strong>, el <strong>Mart\u00edn Fierro<\/strong>, el pa\u00f1uelo de las <strong>Abuelas de Plaza de Mayo<\/strong>, la mu\u00f1equita con la inscripci\u00f3n <strong>\u201cNunca M\u00e1s\u201d<\/strong>, la bandera argentina, una revista de <strong>Mercedes Sosa<\/strong>, la chapa de las <strong>Islas Malvinas<\/strong>, el vinilo de <strong>Horacio Guarany<\/strong> y el poncho que <strong>Soledad Pastorutti<\/strong> le entreg\u00f3 como legado en <strong>Cosqu\u00edn<\/strong>. Nada de eso apareci\u00f3 como utiler\u00eda. Cada objeto estaba diciendo algo. Cada uno funcion\u00f3 como cita, como procedencia, como declaraci\u00f3n de linaje.<\/p>\n\n\n\n<h3 class=\"wp-block-heading\">La m\u00fasica real no se emula<\/h3>\n\n\n\n<p>Ese es quiz\u00e1 el punto m\u00e1s fuerte de esta sesi\u00f3n. En un momento donde se lanza m\u00fasica todos los d\u00edas y donde muchas veces la conversaci\u00f3n parece organizada por est\u00edmulos instant\u00e1neos, el Tiny Desk de Milo J record\u00f3 algo mucho m\u00e1s b\u00e1sico y m\u00e1s dif\u00edcil de falsificar: <strong>la m\u00fasica hecha desde el coraz\u00f3n no puede emularse<\/strong>. Se puede copiar una textura, una est\u00e9tica, una din\u00e1mica de consumo. Lo que no se puede copiar es el espesor humano que aparece cuando una obra est\u00e1 atravesada por pertenencia, identidad y una necesidad real de decir.<\/p>\n\n\n\n<p>Milo no est\u00e1 cantando su ra\u00edz como un concepto. La est\u00e1 habitando. Y eso cambia todo. Porque cuando entra la ra\u00edz de verdad, entra tambi\u00e9n otra textura emocional: el barrio, la historia familiar, las cicatrices colectivas, la tradici\u00f3n oral, las voces heredadas, el compromiso con la memoria y el orgullo de representar un lugar sin convertirlo en postal. Ese matiz humano no se programa. No se dise\u00f1a en laboratorio. Solo puede salir de alguien que est\u00e1 dispuesto a cargar con lo que canta.<\/p>\n\n\n\n<h3 class=\"wp-block-heading\">El coraz\u00f3n de <em>La vida era m\u00e1s corta<\/em><\/h3>\n\n\n\n<p>La sesi\u00f3n abre con un tramo in\u00e9dito \u2014<strong>\u201cRecord\u00e9\u201d<\/strong> y <strong>\u201cCuestiones\u201d<\/strong>\u2014 y enseguida entra al n\u00facleo de <strong><em>La vida era m\u00e1s corta<\/em><\/strong>, el disco con el que Milo confirm\u00f3 que ya no se lo puede leer como simple fen\u00f3meno precoz, sino como una de las voces m\u00e1s serias y sensibles de la m\u00fasica en espa\u00f1ol reciente. En el Tiny Desk aparecen <strong>\u201cSolifican12\u201d<\/strong>, <strong>\u201cBajo de la piel\u201d<\/strong>, <strong>\u201cNi\u00f1o\u201d<\/strong> y <strong>\u201cLuci\u00e9rnagas\u201d<\/strong>, su colaboraci\u00f3n con <strong>Silvio Rodr\u00edguez<\/strong>, en un recorrido que deja ver con mucha claridad el tipo de universo que viene construyendo.<\/p>\n\n\n\n<p>Ese disco ya hab\u00eda dejado en evidencia una b\u00fasqueda rara y valiosa: traer <strong>folklore, murga, zamba, nueva canci\u00f3n, chamam\u00e9, samba carioca, salsa y aires norte\u00f1os<\/strong> al sonido del siglo XXI sin que nada suene impostado. En esta presentaci\u00f3n, esa b\u00fasqueda se vuelve todav\u00eda m\u00e1s n\u00edtida. El Tiny Desk no reduce ese universo: lo concentra. Y al concentrarlo, demuestra que la apuesta est\u00e9tica de Milo no es decorativa ni oportunista. Es una manera de pensar la canci\u00f3n.<\/p>\n\n\n\n<h3 class=\"wp-block-heading\">Una voz joven cantando el linaje<\/h3>\n\n\n\n<p>Ah\u00ed est\u00e1 lo verdaderamente extraordinario del gesto. A los 19 a\u00f1os, Milo J us\u00f3 uno de los espacios m\u00e1s visibles de la m\u00fasica global no para confirmarse como joven estrella del momento, sino para <strong>cantar el linaje<\/strong>. Para hacer entrar a esa c\u00e1mara una Argentina y una Am\u00e9rica Latina que muchas veces no llegan al centro de la conversaci\u00f3n con esta densidad, esta dignidad y este nivel musical.<\/p>\n\n\n\n<p>En esa mesa larga se sentaron tambi\u00e9n, de forma simb\u00f3lica y sonora, muchas otras voces: <strong>Mercedes Sosa<\/strong>, <strong>Violeta Parra<\/strong>, <strong>Hamlet Lima Quintana<\/strong>, <strong>Jaime D\u00e1valos<\/strong>, <strong>Canario Luna<\/strong>, <strong>Tot\u00f3 La Momposina<\/strong>, junto a contempor\u00e1neos como <strong>Trueno<\/strong>, <strong>Nicki Nicole<\/strong>, <strong>Yami Safdie<\/strong>, <strong>Paula Prieto<\/strong>, <strong>Akriila<\/strong> y otras figuras que forman parte de un paisaje generacional distinto, pero atravesado por preguntas parecidas. Lo que hace Milo J es agarrar todo eso \u2014la tradici\u00f3n, el barrio, el dolor, el amor, las noches, las guitarras, el fastidio, la ternura\u2014 y amasarlo con tierra propia.<\/p>\n\n\n\n<h3 class=\"wp-block-heading\">El valor cultural del gesto<\/h3>\n\n\n\n<p>Por eso este Tiny Desk no deber\u00eda leerse solo como un hito de carrera, aunque lo sea. Tambi\u00e9n deber\u00eda leerse como un gesto cultural importante. Porque aparece en un momento donde cada vez es m\u00e1s urgente distinguir entre la m\u00fasica que simplemente circula y la m\u00fasica que realmente <strong>dice algo sobre el lugar del que viene<\/strong>. Milo eligi\u00f3 usar su momento m\u00e1s visible para mostrar procedencia. Para no quitarle peso a la historia. Para poner a dialogar a la canci\u00f3n popular latinoamericana con el presente sin convertirla en objeto de museo.<\/p>\n\n\n\n<p>Y ah\u00ed est\u00e1 una de las razones por las que esta presentaci\u00f3n pega tan fuerte: porque no se siente como una estrategia de validaci\u00f3n internacional. Se siente como una afirmaci\u00f3n art\u00edstica. El mensaje no es \u201cmiren todo lo que puedo hacer\u201d. El mensaje es otro: <strong>miren de d\u00f3nde vengo, miren a qui\u00e9nes llevo conmigo, miren qu\u00e9 historia canta cuando canto<\/strong>.<\/p>\n\n\n\n<p><strong>\u00bfQu\u00e9 present\u00f3 Milo J en su Tiny Desk?<\/strong><br>Un set que combina material in\u00e9dito y canciones centrales de <em>La vida era m\u00e1s corta<\/em>, acompa\u00f1ado por <strong>Agarrate Catalina<\/strong>.<\/p>\n\n\n\n<p><strong>\u00bfPor qu\u00e9 fue importante la presencia de Agarrate Catalina?<\/strong><br>Porque reforz\u00f3 el di\u00e1logo entre la canci\u00f3n popular argentina y la murga uruguaya como parte de una misma corriente cultural rioplatense.<\/p>\n\n\n\n<p><strong>\u00bfQu\u00e9 volvi\u00f3 especial esta sesi\u00f3n m\u00e1s all\u00e1 de la m\u00fasica?<\/strong><br>La carga simb\u00f3lica del set: mate, objetos ligados a la memoria argentina, referencias al folklore y una puesta que convirti\u00f3 el escritorio en una declaraci\u00f3n de pertenencia.<\/p>\n\n\n\n<p><strong>\u00bfQu\u00e9 confirma este Tiny Desk sobre Milo J?<\/strong><br>Que su proyecto no depende solo del impacto generacional, sino de una identidad art\u00edstica muy clara, conectada con la ra\u00edz y con una tradici\u00f3n latinoamericana viva.<\/p>\n","protected":false},"excerpt":{"rendered":"<p>A los 19 a\u00f1os, Milo J lleg\u00f3 al Tiny Desk de NPR con algo m\u00e1s fuerte que una buena presentaci\u00f3n: lleg\u00f3 con una idea de pertenencia. Su set, acompa\u00f1ado por la murga uruguaya Agarrate Catalina, convirti\u00f3 el escritorio m\u00e1s visible de la m\u00fasica global en una mesa de mate, memoria, barrio y cancionero latinoamericano. No [&hellip;]<\/p>\n","protected":false},"author":1,"featured_media":9267,"comment_status":"closed","ping_status":"closed","sticky":false,"template":"","format":"standard","meta":{"footnotes":""},"categories":[1252],"tags":[4179,4210,4211,1724,1725,4212,1735,2202,1204],"class_list":["post-9266","post","type-post","status-publish","format-standard","has-post-thumbnail","hentry","category-radar","tag-agarrate-catalina-2","tag-cancion-latinoamericana","tag-folklore-argentino","tag-la-vida-era-mas-corta","tag-milo-j","tag-murga-uruguaya","tag-musica-argentina-2","tag-npr","tag-tiny-desk"],"yoast_head":"<!-- This site is optimized with the Yoast SEO plugin v26.6 - https:\/\/yoast.com\/wordpress\/plugins\/seo\/ -->\n<title>Milo J lleva su ra\u00edz al Tiny Desk y convierte a NPR en una mesa de mate, memoria y canci\u00f3n latinoamericana<\/title>\n<meta name=\"description\" content=\"Milo J estren\u00f3 su Tiny Desk para NPR con un set junto a Agarrate Catalina que llev\u00f3 folklore, murga, memoria e identidad latinoamericana al centro de la conversaci\u00f3n global.\" \/>\n<meta name=\"robots\" content=\"index, follow, max-snippet:-1, max-image-preview:large, max-video-preview:-1\" \/>\n<link rel=\"canonical\" href=\"https:\/\/www.equalmedia.mx\/site\/radar\/milo-j-tiny-desk-npr-2026\/\" \/>\n<meta property=\"og:locale\" content=\"es_ES\" \/>\n<meta property=\"og:type\" content=\"article\" \/>\n<meta property=\"og:title\" content=\"Milo J lleva su ra\u00edz al Tiny Desk y convierte a NPR en una mesa de mate, memoria y canci\u00f3n latinoamericana\" \/>\n<meta property=\"og:description\" content=\"Milo J estren\u00f3 su Tiny Desk para NPR con un set junto a Agarrate Catalina que llev\u00f3 folklore, murga, memoria e identidad latinoamericana al centro de la conversaci\u00f3n global.\" \/>\n<meta property=\"og:url\" content=\"https:\/\/www.equalmedia.mx\/site\/radar\/milo-j-tiny-desk-npr-2026\/\" \/>\n<meta property=\"og:site_name\" content=\"EQUAL MUSIC | Cultura Latina en Movimiento\" \/>\n<meta property=\"article:published_time\" content=\"2026-05-03T01:30:40+00:00\" \/>\n<meta property=\"article:modified_time\" content=\"2026-05-03T01:33:03+00:00\" \/>\n<meta property=\"og:image\" content=\"https:\/\/www.equalmedia.mx\/site\/wp-content\/uploads\/2026\/05\/MILO-J-APERTURA-1.jpg\" \/>\n\t<meta property=\"og:image:width\" content=\"1280\" \/>\n\t<meta property=\"og:image:height\" content=\"770\" \/>\n\t<meta property=\"og:image:type\" content=\"image\/jpeg\" \/>\n<meta name=\"author\" content=\"Equal Media\" \/>\n<meta name=\"twitter:card\" content=\"summary_large_image\" \/>\n<meta name=\"twitter:label1\" content=\"Escrito por\" \/>\n\t<meta name=\"twitter:data1\" content=\"Equal Media\" \/>\n\t<meta name=\"twitter:label2\" content=\"Tiempo de lectura\" \/>\n\t<meta name=\"twitter:data2\" content=\"7 minutos\" \/>\n<script type=\"application\/ld+json\" class=\"yoast-schema-graph\">{\"@context\":\"https:\/\/schema.org\",\"@graph\":[{\"@type\":\"Article\",\"@id\":\"https:\/\/www.equalmedia.mx\/site\/radar\/milo-j-tiny-desk-npr-2026\/#article\",\"isPartOf\":{\"@id\":\"https:\/\/www.equalmedia.mx\/site\/radar\/milo-j-tiny-desk-npr-2026\/\"},\"author\":{\"name\":\"Equal Media\",\"@id\":\"https:\/\/www.equalmedia.mx\/site\/#\/schema\/person\/41b6e60d650a80262fa6b5189bbb9f20\"},\"headline\":\"Milo J lleva su ra\u00edz al Tiny Desk y convierte a NPR en una mesa de mate, memoria y canci\u00f3n latinoamericana\",\"datePublished\":\"2026-05-03T01:30:40+00:00\",\"dateModified\":\"2026-05-03T01:33:03+00:00\",\"mainEntityOfPage\":{\"@id\":\"https:\/\/www.equalmedia.mx\/site\/radar\/milo-j-tiny-desk-npr-2026\/\"},\"wordCount\":1498,\"publisher\":{\"@id\":\"https:\/\/www.equalmedia.mx\/site\/#organization\"},\"image\":{\"@id\":\"https:\/\/www.equalmedia.mx\/site\/radar\/milo-j-tiny-desk-npr-2026\/#primaryimage\"},\"thumbnailUrl\":\"https:\/\/www.equalmedia.mx\/site\/wp-content\/uploads\/2026\/05\/MILO-J-APERTURA-1.jpg\",\"keywords\":[\"Agarrate Catalina\",\"canci\u00f3n latinoamericana\",\"folklore argentino\",\"la vida era m\u00e1s corta\",\"milo j\",\"murga uruguaya\",\"m\u00fasica argentina\",\"NPR\",\"Tiny Desk\"],\"articleSection\":[\"Radar\"],\"inLanguage\":\"es\"},{\"@type\":\"WebPage\",\"@id\":\"https:\/\/www.equalmedia.mx\/site\/radar\/milo-j-tiny-desk-npr-2026\/\",\"url\":\"https:\/\/www.equalmedia.mx\/site\/radar\/milo-j-tiny-desk-npr-2026\/\",\"name\":\"Milo J lleva su ra\u00edz al Tiny Desk y convierte a NPR en una mesa de mate, memoria y canci\u00f3n latinoamericana\",\"isPartOf\":{\"@id\":\"https:\/\/www.equalmedia.mx\/site\/#website\"},\"primaryImageOfPage\":{\"@id\":\"https:\/\/www.equalmedia.mx\/site\/radar\/milo-j-tiny-desk-npr-2026\/#primaryimage\"},\"image\":{\"@id\":\"https:\/\/www.equalmedia.mx\/site\/radar\/milo-j-tiny-desk-npr-2026\/#primaryimage\"},\"thumbnailUrl\":\"https:\/\/www.equalmedia.mx\/site\/wp-content\/uploads\/2026\/05\/MILO-J-APERTURA-1.jpg\",\"datePublished\":\"2026-05-03T01:30:40+00:00\",\"dateModified\":\"2026-05-03T01:33:03+00:00\",\"description\":\"Milo J estren\u00f3 su Tiny Desk para NPR con un set junto a Agarrate Catalina que llev\u00f3 folklore, murga, memoria e identidad latinoamericana al centro de la conversaci\u00f3n global.\",\"breadcrumb\":{\"@id\":\"https:\/\/www.equalmedia.mx\/site\/radar\/milo-j-tiny-desk-npr-2026\/#breadcrumb\"},\"inLanguage\":\"es\",\"potentialAction\":[{\"@type\":\"ReadAction\",\"target\":[\"https:\/\/www.equalmedia.mx\/site\/radar\/milo-j-tiny-desk-npr-2026\/\"]}]},{\"@type\":\"ImageObject\",\"inLanguage\":\"es\",\"@id\":\"https:\/\/www.equalmedia.mx\/site\/radar\/milo-j-tiny-desk-npr-2026\/#primaryimage\",\"url\":\"https:\/\/www.equalmedia.mx\/site\/wp-content\/uploads\/2026\/05\/MILO-J-APERTURA-1.jpg\",\"contentUrl\":\"https:\/\/www.equalmedia.mx\/site\/wp-content\/uploads\/2026\/05\/MILO-J-APERTURA-1.jpg\",\"width\":1280,\"height\":770},{\"@type\":\"BreadcrumbList\",\"@id\":\"https:\/\/www.equalmedia.mx\/site\/radar\/milo-j-tiny-desk-npr-2026\/#breadcrumb\",\"itemListElement\":[{\"@type\":\"ListItem\",\"position\":1,\"name\":\"Inicio\",\"item\":\"https:\/\/www.equalmedia.mx\/site\/\"},{\"@type\":\"ListItem\",\"position\":2,\"name\":\"Milo J lleva su ra\u00edz al Tiny Desk y convierte a NPR en una mesa de mate, memoria y canci\u00f3n latinoamericana\"}]},{\"@type\":\"WebSite\",\"@id\":\"https:\/\/www.equalmedia.mx\/site\/#website\",\"url\":\"https:\/\/www.equalmedia.mx\/site\/\",\"name\":\"EQUAL MUSIC | Cultura Latina en Movimiento\",\"description\":\"Ritmo en movimiento.\",\"publisher\":{\"@id\":\"https:\/\/www.equalmedia.mx\/site\/#organization\"},\"potentialAction\":[{\"@type\":\"SearchAction\",\"target\":{\"@type\":\"EntryPoint\",\"urlTemplate\":\"https:\/\/www.equalmedia.mx\/site\/?s={search_term_string}\"},\"query-input\":{\"@type\":\"PropertyValueSpecification\",\"valueRequired\":true,\"valueName\":\"search_term_string\"}}],\"inLanguage\":\"es\"},{\"@type\":\"Organization\",\"@id\":\"https:\/\/www.equalmedia.mx\/site\/#organization\",\"name\":\"EQUAL MUSIC | Cultura Latina en Movimiento\",\"url\":\"https:\/\/www.equalmedia.mx\/site\/\",\"logo\":{\"@type\":\"ImageObject\",\"inLanguage\":\"es\",\"@id\":\"https:\/\/www.equalmedia.mx\/site\/#\/schema\/logo\/image\/\",\"url\":\"https:\/\/www.equalmedia.mx\/site\/wp-content\/uploads\/2021\/07\/logoblanco.png\",\"contentUrl\":\"https:\/\/www.equalmedia.mx\/site\/wp-content\/uploads\/2021\/07\/logoblanco.png\",\"width\":1920,\"height\":589,\"caption\":\"EQUAL MUSIC | Cultura Latina en Movimiento\"},\"image\":{\"@id\":\"https:\/\/www.equalmedia.mx\/site\/#\/schema\/logo\/image\/\"}},{\"@type\":\"Person\",\"@id\":\"https:\/\/www.equalmedia.mx\/site\/#\/schema\/person\/41b6e60d650a80262fa6b5189bbb9f20\",\"name\":\"Equal Media\",\"image\":{\"@type\":\"ImageObject\",\"inLanguage\":\"es\",\"@id\":\"https:\/\/www.equalmedia.mx\/site\/#\/schema\/person\/image\/\",\"url\":\"https:\/\/secure.gravatar.com\/avatar\/51c3f8f080f557c61349ab37ab35c9f967b3b271510dd8ef0b9b16a3dd5a89e9?s=96&d=mm&r=g\",\"contentUrl\":\"https:\/\/secure.gravatar.com\/avatar\/51c3f8f080f557c61349ab37ab35c9f967b3b271510dd8ef0b9b16a3dd5a89e9?s=96&d=mm&r=g\",\"caption\":\"Equal Media\"},\"description\":\"Equal Media es una productora y agencia de estrategia cultural transmedia que impulsa la visibilidad de la m\u00fasica y cultura latina a trav\u00e9s de contenidos originales, multiplataforma y con enfoque social. Con operaci\u00f3n desde Estados Unidos, M\u00e9xico y Colombia, Equal Media se ha consolidado como un actor clave en la narrativa documental, la curadur\u00eda musical y la creaci\u00f3n de formatos de alto impacto para audiencias latinas globales. Sus producciones incluyen Equal Music Sessions \u2014con m\u00e1s de 300 artistas programados en LATV Network\u2014, la serie Hunters y el documental 4TRO EL3MENTOS. Sus contenidos son emitidos en prime time en EE.UU. v\u00eda LATV y VOD, alcanzando m\u00e1s de 62 millones de hogares en mercados como Nueva York, Los \u00c1ngeles, Miami y Chicago. Equal Media ha estado presente con cobertura original y branded content en eventos como el Media Hub de los Latin Grammys, LAMC (NY), BIME (Bilbao, Bogot\u00e1), Vive Latino (CDMX), MIM LATAM, CAMM, entre otros hubs de la industria. Aliada de plataformas como Keychange, Femnoise, We Make Noise y la Municipalidad de Quilicura (Chile), Equal Media promueve una industria m\u00e1s equitativa, programando de forma activa proyectos liderados por mujeres, comunidades LGBTQ+ y sectores vulnerables. Bajo la direcci\u00f3n de Ulises Sanher \u2014reconocido por la UNAM y otras instituciones acad\u00e9micas por su labor cultural\u2014, Equal Media ha contribuido a formar nuevas audiencias desde la educaci\u00f3n, el activismo y la creatividad. Sanher ha sido invitado como speaker en foros como Circulart (COL), FIMPRO (MEX), Canadian Music Week (CAN), FME (CAN), SIM S\u00e3o Paulo (BR), MUPA (PAN), Corriente (PER) y Brasil Trends Conference. Tambi\u00e9n ha sido jurado externo de los Premios Rolling Stone en Espa\u00f1ol en Miami y ha ofrecido asesor\u00eda creativa en colaboraci\u00f3n con Berklee Valencia y la Asociaci\u00f3n de Supervisores Musicales.\",\"sameAs\":[\"https:\/\/www.equalmedia.mx\/\",\"https:\/\/www.instagram.com\/equal.music\",\"https:\/\/www.linkedin.com\/in\/ulises-sanher\/\",\"https:\/\/www.youtube.com\/@equalmusicworld\"],\"url\":\"https:\/\/www.equalmedia.mx\/site\/author\/admin\/\"}]}<\/script>\n<!-- \/ Yoast SEO plugin. -->","yoast_head_json":{"title":"Milo J lleva su ra\u00edz al Tiny Desk y convierte a NPR en una mesa de mate, memoria y canci\u00f3n latinoamericana","description":"Milo J estren\u00f3 su Tiny Desk para NPR con un set junto a Agarrate Catalina que llev\u00f3 folklore, murga, memoria e identidad latinoamericana al centro de la conversaci\u00f3n global.","robots":{"index":"index","follow":"follow","max-snippet":"max-snippet:-1","max-image-preview":"max-image-preview:large","max-video-preview":"max-video-preview:-1"},"canonical":"https:\/\/www.equalmedia.mx\/site\/radar\/milo-j-tiny-desk-npr-2026\/","og_locale":"es_ES","og_type":"article","og_title":"Milo J lleva su ra\u00edz al Tiny Desk y convierte a NPR en una mesa de mate, memoria y canci\u00f3n latinoamericana","og_description":"Milo J estren\u00f3 su Tiny Desk para NPR con un set junto a Agarrate Catalina que llev\u00f3 folklore, murga, memoria e identidad latinoamericana al centro de la conversaci\u00f3n global.","og_url":"https:\/\/www.equalmedia.mx\/site\/radar\/milo-j-tiny-desk-npr-2026\/","og_site_name":"EQUAL MUSIC | Cultura Latina en Movimiento","article_published_time":"2026-05-03T01:30:40+00:00","article_modified_time":"2026-05-03T01:33:03+00:00","og_image":[{"width":1280,"height":770,"url":"https:\/\/www.equalmedia.mx\/site\/wp-content\/uploads\/2026\/05\/MILO-J-APERTURA-1.jpg","type":"image\/jpeg"}],"author":"Equal Media","twitter_card":"summary_large_image","twitter_misc":{"Escrito por":"Equal Media","Tiempo de lectura":"7 minutos"},"schema":{"@context":"https:\/\/schema.org","@graph":[{"@type":"Article","@id":"https:\/\/www.equalmedia.mx\/site\/radar\/milo-j-tiny-desk-npr-2026\/#article","isPartOf":{"@id":"https:\/\/www.equalmedia.mx\/site\/radar\/milo-j-tiny-desk-npr-2026\/"},"author":{"name":"Equal Media","@id":"https:\/\/www.equalmedia.mx\/site\/#\/schema\/person\/41b6e60d650a80262fa6b5189bbb9f20"},"headline":"Milo J lleva su ra\u00edz al Tiny Desk y convierte a NPR en una mesa de mate, memoria y canci\u00f3n latinoamericana","datePublished":"2026-05-03T01:30:40+00:00","dateModified":"2026-05-03T01:33:03+00:00","mainEntityOfPage":{"@id":"https:\/\/www.equalmedia.mx\/site\/radar\/milo-j-tiny-desk-npr-2026\/"},"wordCount":1498,"publisher":{"@id":"https:\/\/www.equalmedia.mx\/site\/#organization"},"image":{"@id":"https:\/\/www.equalmedia.mx\/site\/radar\/milo-j-tiny-desk-npr-2026\/#primaryimage"},"thumbnailUrl":"https:\/\/www.equalmedia.mx\/site\/wp-content\/uploads\/2026\/05\/MILO-J-APERTURA-1.jpg","keywords":["Agarrate Catalina","canci\u00f3n latinoamericana","folklore argentino","la vida era m\u00e1s corta","milo j","murga uruguaya","m\u00fasica argentina","NPR","Tiny Desk"],"articleSection":["Radar"],"inLanguage":"es"},{"@type":"WebPage","@id":"https:\/\/www.equalmedia.mx\/site\/radar\/milo-j-tiny-desk-npr-2026\/","url":"https:\/\/www.equalmedia.mx\/site\/radar\/milo-j-tiny-desk-npr-2026\/","name":"Milo J lleva su ra\u00edz al Tiny Desk y convierte a NPR en una mesa de mate, memoria y canci\u00f3n latinoamericana","isPartOf":{"@id":"https:\/\/www.equalmedia.mx\/site\/#website"},"primaryImageOfPage":{"@id":"https:\/\/www.equalmedia.mx\/site\/radar\/milo-j-tiny-desk-npr-2026\/#primaryimage"},"image":{"@id":"https:\/\/www.equalmedia.mx\/site\/radar\/milo-j-tiny-desk-npr-2026\/#primaryimage"},"thumbnailUrl":"https:\/\/www.equalmedia.mx\/site\/wp-content\/uploads\/2026\/05\/MILO-J-APERTURA-1.jpg","datePublished":"2026-05-03T01:30:40+00:00","dateModified":"2026-05-03T01:33:03+00:00","description":"Milo J estren\u00f3 su Tiny Desk para NPR con un set junto a Agarrate Catalina que llev\u00f3 folklore, murga, memoria e identidad latinoamericana al centro de la conversaci\u00f3n global.","breadcrumb":{"@id":"https:\/\/www.equalmedia.mx\/site\/radar\/milo-j-tiny-desk-npr-2026\/#breadcrumb"},"inLanguage":"es","potentialAction":[{"@type":"ReadAction","target":["https:\/\/www.equalmedia.mx\/site\/radar\/milo-j-tiny-desk-npr-2026\/"]}]},{"@type":"ImageObject","inLanguage":"es","@id":"https:\/\/www.equalmedia.mx\/site\/radar\/milo-j-tiny-desk-npr-2026\/#primaryimage","url":"https:\/\/www.equalmedia.mx\/site\/wp-content\/uploads\/2026\/05\/MILO-J-APERTURA-1.jpg","contentUrl":"https:\/\/www.equalmedia.mx\/site\/wp-content\/uploads\/2026\/05\/MILO-J-APERTURA-1.jpg","width":1280,"height":770},{"@type":"BreadcrumbList","@id":"https:\/\/www.equalmedia.mx\/site\/radar\/milo-j-tiny-desk-npr-2026\/#breadcrumb","itemListElement":[{"@type":"ListItem","position":1,"name":"Inicio","item":"https:\/\/www.equalmedia.mx\/site\/"},{"@type":"ListItem","position":2,"name":"Milo J lleva su ra\u00edz al Tiny Desk y convierte a NPR en una mesa de mate, memoria y canci\u00f3n latinoamericana"}]},{"@type":"WebSite","@id":"https:\/\/www.equalmedia.mx\/site\/#website","url":"https:\/\/www.equalmedia.mx\/site\/","name":"EQUAL MUSIC | Cultura Latina en Movimiento","description":"Ritmo en movimiento.","publisher":{"@id":"https:\/\/www.equalmedia.mx\/site\/#organization"},"potentialAction":[{"@type":"SearchAction","target":{"@type":"EntryPoint","urlTemplate":"https:\/\/www.equalmedia.mx\/site\/?s={search_term_string}"},"query-input":{"@type":"PropertyValueSpecification","valueRequired":true,"valueName":"search_term_string"}}],"inLanguage":"es"},{"@type":"Organization","@id":"https:\/\/www.equalmedia.mx\/site\/#organization","name":"EQUAL MUSIC | Cultura Latina en Movimiento","url":"https:\/\/www.equalmedia.mx\/site\/","logo":{"@type":"ImageObject","inLanguage":"es","@id":"https:\/\/www.equalmedia.mx\/site\/#\/schema\/logo\/image\/","url":"https:\/\/www.equalmedia.mx\/site\/wp-content\/uploads\/2021\/07\/logoblanco.png","contentUrl":"https:\/\/www.equalmedia.mx\/site\/wp-content\/uploads\/2021\/07\/logoblanco.png","width":1920,"height":589,"caption":"EQUAL MUSIC | Cultura Latina en Movimiento"},"image":{"@id":"https:\/\/www.equalmedia.mx\/site\/#\/schema\/logo\/image\/"}},{"@type":"Person","@id":"https:\/\/www.equalmedia.mx\/site\/#\/schema\/person\/41b6e60d650a80262fa6b5189bbb9f20","name":"Equal Media","image":{"@type":"ImageObject","inLanguage":"es","@id":"https:\/\/www.equalmedia.mx\/site\/#\/schema\/person\/image\/","url":"https:\/\/secure.gravatar.com\/avatar\/51c3f8f080f557c61349ab37ab35c9f967b3b271510dd8ef0b9b16a3dd5a89e9?s=96&d=mm&r=g","contentUrl":"https:\/\/secure.gravatar.com\/avatar\/51c3f8f080f557c61349ab37ab35c9f967b3b271510dd8ef0b9b16a3dd5a89e9?s=96&d=mm&r=g","caption":"Equal Media"},"description":"Equal Media es una productora y agencia de estrategia cultural transmedia que impulsa la visibilidad de la m\u00fasica y cultura latina a trav\u00e9s de contenidos originales, multiplataforma y con enfoque social. Con operaci\u00f3n desde Estados Unidos, M\u00e9xico y Colombia, Equal Media se ha consolidado como un actor clave en la narrativa documental, la curadur\u00eda musical y la creaci\u00f3n de formatos de alto impacto para audiencias latinas globales. Sus producciones incluyen Equal Music Sessions \u2014con m\u00e1s de 300 artistas programados en LATV Network\u2014, la serie Hunters y el documental 4TRO EL3MENTOS. Sus contenidos son emitidos en prime time en EE.UU. v\u00eda LATV y VOD, alcanzando m\u00e1s de 62 millones de hogares en mercados como Nueva York, Los \u00c1ngeles, Miami y Chicago. Equal Media ha estado presente con cobertura original y branded content en eventos como el Media Hub de los Latin Grammys, LAMC (NY), BIME (Bilbao, Bogot\u00e1), Vive Latino (CDMX), MIM LATAM, CAMM, entre otros hubs de la industria. Aliada de plataformas como Keychange, Femnoise, We Make Noise y la Municipalidad de Quilicura (Chile), Equal Media promueve una industria m\u00e1s equitativa, programando de forma activa proyectos liderados por mujeres, comunidades LGBTQ+ y sectores vulnerables. Bajo la direcci\u00f3n de Ulises Sanher \u2014reconocido por la UNAM y otras instituciones acad\u00e9micas por su labor cultural\u2014, Equal Media ha contribuido a formar nuevas audiencias desde la educaci\u00f3n, el activismo y la creatividad. Sanher ha sido invitado como speaker en foros como Circulart (COL), FIMPRO (MEX), Canadian Music Week (CAN), FME (CAN), SIM S\u00e3o Paulo (BR), MUPA (PAN), Corriente (PER) y Brasil Trends Conference. Tambi\u00e9n ha sido jurado externo de los Premios Rolling Stone en Espa\u00f1ol en Miami y ha ofrecido asesor\u00eda creativa en colaboraci\u00f3n con Berklee Valencia y la Asociaci\u00f3n de Supervisores Musicales.","sameAs":["https:\/\/www.equalmedia.mx\/","https:\/\/www.instagram.com\/equal.music","https:\/\/www.linkedin.com\/in\/ulises-sanher\/","https:\/\/www.youtube.com\/@equalmusicworld"],"url":"https:\/\/www.equalmedia.mx\/site\/author\/admin\/"}]}},"_links":{"self":[{"href":"https:\/\/www.equalmedia.mx\/site\/wp-json\/wp\/v2\/posts\/9266","targetHints":{"allow":["GET"]}}],"collection":[{"href":"https:\/\/www.equalmedia.mx\/site\/wp-json\/wp\/v2\/posts"}],"about":[{"href":"https:\/\/www.equalmedia.mx\/site\/wp-json\/wp\/v2\/types\/post"}],"author":[{"embeddable":true,"href":"https:\/\/www.equalmedia.mx\/site\/wp-json\/wp\/v2\/users\/1"}],"replies":[{"embeddable":true,"href":"https:\/\/www.equalmedia.mx\/site\/wp-json\/wp\/v2\/comments?post=9266"}],"version-history":[{"count":1,"href":"https:\/\/www.equalmedia.mx\/site\/wp-json\/wp\/v2\/posts\/9266\/revisions"}],"predecessor-version":[{"id":9270,"href":"https:\/\/www.equalmedia.mx\/site\/wp-json\/wp\/v2\/posts\/9266\/revisions\/9270"}],"wp:featuredmedia":[{"embeddable":true,"href":"https:\/\/www.equalmedia.mx\/site\/wp-json\/wp\/v2\/media\/9267"}],"wp:attachment":[{"href":"https:\/\/www.equalmedia.mx\/site\/wp-json\/wp\/v2\/media?parent=9266"}],"wp:term":[{"taxonomy":"category","embeddable":true,"href":"https:\/\/www.equalmedia.mx\/site\/wp-json\/wp\/v2\/categories?post=9266"},{"taxonomy":"post_tag","embeddable":true,"href":"https:\/\/www.equalmedia.mx\/site\/wp-json\/wp\/v2\/tags?post=9266"}],"curies":[{"name":"wp","href":"https:\/\/api.w.org\/{rel}","templated":true}]}}