{"id":9677,"date":"2026-07-20T01:45:26","date_gmt":"2026-07-20T01:45:26","guid":{"rendered":"https:\/\/www.equalmedia.mx\/site\/?p=9677"},"modified":"2026-07-20T01:45:26","modified_gmt":"2026-07-20T01:45:26","slug":"hermanos-espinoza-se-llego-verano","status":"publish","type":"post","link":"https:\/\/www.equalmedia.mx\/site\/resenas\/hermanos-espinoza-se-llego-verano\/","title":{"rendered":"Hermanos Espinoza encuentran madurez e introspecci\u00f3n en Se Lleg\u00f3 el Verano"},"content":{"rendered":"\n<h4 class=\"wp-block-heading has-black-color has-text-color has-link-color wp-elements-fc0e063e26e23f6b42f4bb5b87b81bed\">Hermanos Espinoza condensan en seis canciones un momento de pausa, gratitud y revisi\u00f3n personal. <em>Se Lleg\u00f3 el Verano<\/em> encuentra al d\u00fao de McAllen escribiendo desde una zona m\u00e1s \u00edntima, con letras que evitan las f\u00f3rmulas inmediatas y arreglos donde el acorde\u00f3n recupera una funci\u00f3n narrativa. Grabado en California y desarrollado entre San Diego y Monterrey, el EP confirma una madurez art\u00edstica que acompa\u00f1a su ascenso.<\/h4>\n\n\n\n<h4 class=\"wp-block-heading has-black-color has-text-color has-link-color wp-elements-6ce14fea3098910281ad3c651622eee3\"><a href=\"Por: Ulises Sanher\">Por: Ulises Sanher<\/a><\/h4>\n\n\n\n<p>Seis canciones separan a <strong>Hermanos Espinoza<\/strong> del ruido que ha acompa\u00f1ado su crecimiento durante el \u00faltimo a\u00f1o.<\/p>\n\n\n\n<p><em><strong>Se Lleg\u00f3 el Verano<\/strong><\/em>, publicado el 17 de julio, aparece despu\u00e9s del lanzamiento de <em><strong>Linaje<\/strong><\/em>, meses de entrevistas, presentaciones, noches de trabajo y la preparaci\u00f3n de su primera gira oficial por Estados Unidos. Ese contexto se escucha en el EP como una necesidad de ordenar lo vivido. El d\u00fao reduce la escala, deja espacio entre los instrumentos y concentra la escritura en la memoria, el presente y la manera en que el \u00e9xito modifica la relaci\u00f3n con el pasado.<\/p>\n\n\n\n<p>El t\u00edtulo podr\u00eda sugerir una colecci\u00f3n ligera asociada con la temporada. Las canciones desarrollan una idea m\u00e1s personal del verano: descanso, balance, gratitud y la posibilidad de mirar el camino cuando la velocidad profesional comienza a absorberlo todo.<\/p>\n\n\n\n<p>La playa, las \u00e9pocas dif\u00edciles, el deseo, los afectos y la celebraci\u00f3n aparecen dentro de un repertorio breve que conoce su dimensi\u00f3n. No sobra una canci\u00f3n y tampoco se percibe material agregado para extender artificialmente el proyecto. La duraci\u00f3n favorece su intenci\u00f3n: registrar un estado emocional espec\u00edfico antes de que la carrera vuelva a ponerse en movimiento.<\/p>\n\n\n\n<figure class=\"wp-block-embed aligncenter is-type-video is-provider-youtube wp-block-embed-youtube wp-embed-aspect-16-9 wp-has-aspect-ratio\"><div class=\"wp-block-embed__wrapper\">\n<iframe title=\"LA PLAYA - Hermanos Espinoza (Lyric Video)\" width=\"1300\" height=\"731\" data-src=\"https:\/\/www.youtube.com\/embed\/V0QlRLVz5as?feature=oembed\" frameborder=\"0\" allow=\"accelerometer; autoplay; clipboard-write; encrypted-media; gyroscope; picture-in-picture; web-share\" referrerpolicy=\"strict-origin-when-cross-origin\" allowfullscreen src=\"data:image\/svg+xml;base64,PHN2ZyB3aWR0aD0iMSIgaGVpZ2h0PSIxIiB4bWxucz0iaHR0cDovL3d3dy53My5vcmcvMjAwMC9zdmciPjwvc3ZnPg==\" class=\"lazyload\" data-load-mode=\"1\"><\/iframe>\n<\/div><\/figure>\n\n\n\n<p>En un g\u00e9nero donde muchas canciones pueden terminar sonando parecidas, el d\u00fao decide ir por otro camino y escribir desde lo que realmente han vivido. <em><strong>Se Lleg\u00f3 el Verano<\/strong><\/em> habla de ese momento en el que las metas empiezan a cumplirse, pero los recuerdos de los a\u00f1os dif\u00edciles siguen muy presentes.<\/p>\n\n\n\n<p>Esa mirada le da al EP una profundidad poco com\u00fan para un lanzamiento que, en teor\u00eda, gira alrededor de una temporada asociada con fiesta y ligereza. Aqu\u00ed la celebraci\u00f3n no es superficial: viene acompa\u00f1ada de memoria. La gratitud nace de jornadas largas, incertidumbre y mucho trabajo acumulado. El descanso, entonces, no es casual, sino algo que se gana.<\/p>\n\n\n\n<p>\u201cVacaciones\u201d o \u201cverano\u201d podr\u00edan quedarse en algo bonito pero vac\u00edo. Hermanos Espinoza los usan como punto de partida para hablar de sanar y reconectar. \u201cLa Playa\u201d, que funciona como eje, transmite justo eso: la necesidad de alejarse del ruido para volver a uno mismo y a las personas que han estado ah\u00ed desde el inicio.<\/p>\n\n\n\n<p>Los t\u00edtulos \u2014\u201cLa Playa\u201d, \u201c454\u201d, \u201cVacas Flacas\u201d, \u201cBeb\u00e9\u201d, \u201cGanas\u201d y \u201cQu\u00e9 Maravilla\u201d\u2014 van armando un recorrido entre recuerdos, relaciones y una nueva forma de ver el presente. Se siente escrito por m\u00fasicos que entienden no solo lo que cuesta avanzar, sino tambi\u00e9n lo importante que es detenerse a valorar lo que sigue a su lado.<\/p>\n\n\n<div class=\"wp-block-image\">\n<figure class=\"aligncenter size-large is-resized\"><img fetchpriority=\"high\" decoding=\"async\" width=\"1024\" height=\"1024\" src=\"https:\/\/www.equalmedia.mx\/site\/wp-content\/uploads\/2026\/07\/HE-SE-LLEGO_-EL-VERANO_Tracklist-1-1024x1024.jpg\" alt=\"\" class=\"wp-image-9680\" style=\"width:706px;height:auto\" srcset=\"https:\/\/www.equalmedia.mx\/site\/wp-content\/uploads\/2026\/07\/HE-SE-LLEGO_-EL-VERANO_Tracklist-1-1024x1024.jpg 1024w, https:\/\/www.equalmedia.mx\/site\/wp-content\/uploads\/2026\/07\/HE-SE-LLEGO_-EL-VERANO_Tracklist-1-300x300.jpg 300w, https:\/\/www.equalmedia.mx\/site\/wp-content\/uploads\/2026\/07\/HE-SE-LLEGO_-EL-VERANO_Tracklist-1-150x150.jpg 150w, https:\/\/www.equalmedia.mx\/site\/wp-content\/uploads\/2026\/07\/HE-SE-LLEGO_-EL-VERANO_Tracklist-1-768x768.jpg 768w, https:\/\/www.equalmedia.mx\/site\/wp-content\/uploads\/2026\/07\/HE-SE-LLEGO_-EL-VERANO_Tracklist-1-600x600.jpg 600w, https:\/\/www.equalmedia.mx\/site\/wp-content\/uploads\/2026\/07\/HE-SE-LLEGO_-EL-VERANO_Tracklist-1-100x100.jpg 100w, https:\/\/www.equalmedia.mx\/site\/wp-content\/uploads\/2026\/07\/HE-SE-LLEGO_-EL-VERANO_Tracklist-1.jpg 1200w\" sizes=\"(max-width: 1024px) 100vw, 1024px\" \/><figcaption class=\"wp-element-caption\"><strong><em>Cortes\u00eda Visi\u00f3n Music Agency<\/em><\/strong><\/figcaption><\/figure>\n<\/div>\n\n\n<h2 class=\"wp-block-heading has-black-color has-text-color has-link-color wp-elements-f7ff810245ab699fde2190442727bc43\">El acorde\u00f3n formando parte del centro narrativo<\/h2>\n\n\n\n<p>La experiencia instrumental se hace especialmente visible cuando el acorde\u00f3n formaa parre del control en los arreglos.<\/p>\n\n\n\n<p>En manos menos cuidadosas, el instrumento puede quedar reducido a una marca de g\u00e9nero o a un recurso utilizado para confirmar pertenencia. Hermanos Espinoza le permiten intervenir en la emoci\u00f3n de las canciones. Sus l\u00edneas responden a la voz, completan frases, abren transiciones y sostienen el v\u00ednculo con una tradici\u00f3n norte\u00f1a que forma parte de su identidad.<\/p>\n\n\n\n<p>Los mejores pasajes llegan cuando el acorde\u00f3n tiene espacio para desarrollar una idea mel\u00f3dica. Ah\u00ed aparece la maestr\u00eda: en el fraseo, los acentos y la manera de entrar sin ocupar todos los planos. El instrumento aporta memoria y movimiento, llevando el peso de la tradici\u00f3n dentro de una producci\u00f3n contempor\u00e1nea.<\/p>\n\n\n\n<p>Esa presencia tambi\u00e9n evita que la intimidad vuelva al EP excesivamente contenida. El acorde\u00f3n ofrece dinamismo, cambia la respiraci\u00f3n de las piezas y permite que la emoci\u00f3n se exprese desde la interpretaci\u00f3n, incluso cuando la letra mantiene un tono reflexivo.<\/p>\n\n\n\n<p><em>Se <strong>Lleg\u00f3 el Verano<\/strong><\/em> encuentra parte de su personalidad en esa relaci\u00f3n entre escritura y ejecuci\u00f3n. Las palabras plantean el estado emocional; el acorde\u00f3n lo prolonga y, en varios momentos, lo vuelve m\u00e1s preciso.<\/p>\n\n\n\n<h2 class=\"wp-block-heading has-black-color has-text-color has-link-color wp-elements-4e2531537b54a5620efeee8eaec9a343\">Voz con identidad <\/h2>\n\n\n\n<p>La voz ocupa un lugar igualmente importante dentro de la evoluci\u00f3n del d\u00fao.<\/p>\n\n\n\n<p>Hermanos Espinoza poseen una interpretaci\u00f3n reconocible, con una personalidad que surge del timbre, la dicci\u00f3n y una forma de frasear conectada con la m\u00fasica regional del norte de M\u00e9xico y el sur de Estados Unidos. En este EP, la voz trabaja desde una cercan\u00eda mayor. La emoci\u00f3n se sostiene mediante intenci\u00f3n y control, sin necesidad de exagerar cada l\u00ednea.<\/p>\n\n\n\n<p>La producci\u00f3n permite escuchar esos matices. Las frases quedan al frente y el acompa\u00f1amiento deja espacio suficiente para que respiraciones, ataques y peque\u00f1as inflexiones formen parte del relato.<\/p>\n\n\n\n<p>Esta decisi\u00f3n favorece la escritura introspectiva. Las canciones requieren una interpretaci\u00f3n capaz de comunicar gratitud, cansancio, deseo y memoria dentro de un mismo registro. El d\u00fao encuentra ese equilibrio mediante una voz que conserva firmeza y acepta momentos de vulnerabilidad.<\/p>\n\n\n\n<p>El resultado refuerza la identidad art\u00edstica de Hermanos Espinoza. El crecimiento del proyecto ya no depende \u00fanicamente de canciones con impacto inmediato. Tambi\u00e9n se sostiene en una manera propia de contar y en una interpretaci\u00f3n que comienza a distinguirse dentro de una escena especialmente competitiva.<\/p>\n\n\n\n<figure class=\"wp-block-embed aligncenter is-type-video is-provider-youtube wp-block-embed-youtube wp-embed-aspect-16-9 wp-has-aspect-ratio\"><div class=\"wp-block-embed__wrapper\">\n<iframe title=\"GANAS - Hermanos Espinoza (Lyric Video)\" width=\"1300\" height=\"731\" data-src=\"https:\/\/www.youtube.com\/embed\/edNE8HLX9CQ?feature=oembed\" frameborder=\"0\" allow=\"accelerometer; autoplay; clipboard-write; encrypted-media; gyroscope; picture-in-picture; web-share\" referrerpolicy=\"strict-origin-when-cross-origin\" allowfullscreen src=\"data:image\/svg+xml;base64,PHN2ZyB3aWR0aD0iMSIgaGVpZ2h0PSIxIiB4bWxucz0iaHR0cDovL3d3dy53My5vcmcvMjAwMC9zdmciPjwvc3ZnPg==\" class=\"lazyload\" data-load-mode=\"1\"><\/iframe>\n<\/div><\/figure>\n\n\n\n<h2 class=\"wp-block-heading has-black-color has-text-color has-link-color wp-elements-a2d3f2c971fe06d242d42a7603e32ee3\">Producci\u00f3n c\u00e1lida y cercana<\/h2>\n\n\n\n<p>El EP se grab\u00f3 en California, pero naci\u00f3 entre sesiones en San Diego y Monterrey, y eso se siente desde la primera escucha.<\/p>\n\n\n\n<p>Aqu\u00ed no hay sobreproducci\u00f3n ni ganas de impresionar a la fuerza. Todo suena natural: el acorde\u00f3n respira, las voces est\u00e1n al frente y los arreglos acompa\u00f1an sin estorbar. Es un sonido c\u00e1lido, cercano, de esos que no necesitan volumen alto para conectar.<\/p>\n\n\n\n<p>Las canciones fluyen sin complicarse. Cada elemento est\u00e1 donde debe estar y eso permite que todo avance con soltura. Se mantiene ese pulso regional que los define, pero con una sensibilidad que hace que el EP se sienta fresco y actual sin perder su esencia.<\/p>\n\n\n\n<p>Tambi\u00e9n se nota que saben lo que hacen. No saturan, no exageran. Saben cu\u00e1ndo dejar que una emoci\u00f3n crezca y cu\u00e1ndo soltarla. Esa contenci\u00f3n, lejos de restar, le da m\u00e1s fuerza a lo que cuentan.<\/p>\n\n\n\n<p>Al final, esa sencillez bien trabajada es lo que une todo. Las seis canciones conviven en una misma atm\u00f3sfera, pero cada una tiene su propio car\u00e1cter, su propio momento.<\/p>\n\n\n\n<h2 class=\"wp-block-heading has-black-color has-text-color has-link-color wp-elements-d9a44aab6feafa28107c38d526707e87\">La madurez dentro del regional mexicano<\/h2>\n\n\n\n<p>Hermanos Espinoza llegan a este EP en un momento de expansi\u00f3n para la m\u00fasica mexicana, donde la visibilidad es alta y el ritmo de producci\u00f3n no se detiene.<\/p>\n\n\n\n<p>En ese contexto, el d\u00fao opta por desacelerar y concentrarse en una propuesta m\u00e1s personal. Menos dependencia de f\u00f3rmulas, mayor claridad en la intenci\u00f3n y una narrativa construida desde su propia experiencia.<\/p>\n\n\n\n<p>La decisi\u00f3n resulta acertada. Las canciones se desarrollan sin prisa, abordan la vulnerabilidad, los recuerdos y la gratitud con naturalidad, y evitan los lugares comunes que suelen dominar el g\u00e9nero.<\/p>\n\n\n\n<p>Para una agrupaci\u00f3n joven, este movimiento marca una diferencia. El crecimiento no se limita a cifras o alcance; tambi\u00e9n implica definir una identidad art\u00edstica con mayor precisi\u00f3n.<\/p>\n\n\n\n<p><em>Se Lleg\u00f3 el Verano<\/em> no funciona como cierre, sino como una pausa deliberada dentro de su trayectoria. Un espacio para ordenar ideas antes del siguiente paso.<\/p>\n\n\n\n<p>El EP deja ver una direcci\u00f3n clara y un inter\u00e9s por construir algo que trascienda el impulso inmediato.<\/p>\n\n\n<div class=\"wp-block-image\">\n<figure class=\"aligncenter size-large is-resized\"><img decoding=\"async\" width=\"1024\" height=\"1024\" data-src=\"https:\/\/www.equalmedia.mx\/site\/wp-content\/uploads\/2026\/07\/HE-SE-LLEGO_-EL-VERANO-1-1024x1024.jpg\" alt=\"\" class=\"wp-image-9681 lazyload\" style=\"--smush-placeholder-width: 1024px; --smush-placeholder-aspect-ratio: 1024\/1024;width:752px;height:auto\" data-srcset=\"https:\/\/www.equalmedia.mx\/site\/wp-content\/uploads\/2026\/07\/HE-SE-LLEGO_-EL-VERANO-1-1024x1024.jpg 1024w, https:\/\/www.equalmedia.mx\/site\/wp-content\/uploads\/2026\/07\/HE-SE-LLEGO_-EL-VERANO-1-300x300.jpg 300w, https:\/\/www.equalmedia.mx\/site\/wp-content\/uploads\/2026\/07\/HE-SE-LLEGO_-EL-VERANO-1-150x150.jpg 150w, https:\/\/www.equalmedia.mx\/site\/wp-content\/uploads\/2026\/07\/HE-SE-LLEGO_-EL-VERANO-1-768x768.jpg 768w, https:\/\/www.equalmedia.mx\/site\/wp-content\/uploads\/2026\/07\/HE-SE-LLEGO_-EL-VERANO-1-600x600.jpg 600w, https:\/\/www.equalmedia.mx\/site\/wp-content\/uploads\/2026\/07\/HE-SE-LLEGO_-EL-VERANO-1-100x100.jpg 100w, https:\/\/www.equalmedia.mx\/site\/wp-content\/uploads\/2026\/07\/HE-SE-LLEGO_-EL-VERANO-1.jpg 1200w\" data-sizes=\"(max-width: 1024px) 100vw, 1024px\" src=\"data:image\/svg+xml;base64,PHN2ZyB3aWR0aD0iMSIgaGVpZ2h0PSIxIiB4bWxucz0iaHR0cDovL3d3dy53My5vcmcvMjAwMC9zdmciPjwvc3ZnPg==\" \/><figcaption class=\"wp-element-caption\"><strong><em>Cortes\u00eda Visi\u00f3n Music Agency<\/em><\/strong><\/figcaption><\/figure>\n<\/div>\n\n\n<h2 class=\"wp-block-heading has-black-color has-text-color has-link-color wp-elements-ea42506c8bcd6b7d7c1431e49eedede7\">La brevedad con ambici\u00f3n de permanencia<\/h2>\n\n\n\n<p>Seis canciones permiten que la idea se mantenga concentrada y que el repertorio avance sin relleno. Algunos estados emocionales apenas alcanzan a delinearse antes de que termine. El car\u00e1cter de transici\u00f3n queda claro: este material registra una etapa entre el impacto de <em>Linaje<\/em> y el comienzo de la gira estadounidense.<\/p>\n\n\n\n<p>Esa condici\u00f3n le da forma. <em><strong>Se Lleg\u00f3 el Verano<\/strong><\/em> funciona como una fotograf\u00eda del d\u00fao en el momento preciso en que la velocidad de su carrera los obliga a pensar qu\u00e9 desean conservar.<\/p>\n\n\n\n<p>El proyecto deja preguntas abiertas sobre el siguiente paso: hasta d\u00f3nde llevar\u00e1n la exploraci\u00f3n l\u00edrica, qu\u00e9 posibilidades encontrar\u00e1n en el acorde\u00f3n y c\u00f3mo integrar\u00e1n esta intimidad dentro de un \u00e1lbum de mayor duraci\u00f3n.<\/p>\n\n\n\n<p>Por ahora, el EP cumple su prop\u00f3sito. Documenta un cambio de perspectiva y ofrece seis canciones capaces de acompa\u00f1ar un periodo de descanso, memoria y gratitud.<\/p>\n\n\n\n<h4 class=\"wp-block-heading has-black-color has-text-color has-link-color wp-elements-cac2d592ccba17c5ce09cd15dfb106e0\"><em>Se Lleg\u00f3 el Verano<\/em> Hermanos Espinoza muestran las herramientas para construir una carrera alrededor de la composici\u00f3n, la interpretaci\u00f3n y el conocimiento de su tradici\u00f3n musical.<\/h4>\n\n\n\n<h4 class=\"wp-block-heading has-black-color has-text-color has-link-color wp-elements-c79a0db4b9ec35ea729e38dd46804a91\">La escritura se aleja de las tem\u00e1ticas inmediatas y desarrolla una exploraci\u00f3n personal que aporta espesor al repertorio. El acorde\u00f3n encuentra momentos de aut\u00e9ntico dominio, la voz consolida una personalidad reconocible y la producci\u00f3n mantiene la cercan\u00eda necesaria para que cada elemento conserve claridad.<\/h4>\n\n\n\n<h4 class=\"wp-block-heading has-black-color has-text-color has-link-color wp-elements-b5849139f297a15e2643bfb2d5409aad\">El EP tiene la seguridad de una agrupaci\u00f3n que comprende su lugar dentro del regional mexicano. Tambi\u00e9n conserva la inquietud de dos m\u00fasicos que todav\u00eda est\u00e1n definiendo hasta d\u00f3nde puede llegar su lenguaje.<\/h4>\n\n\n\n<h4 class=\"wp-block-heading has-black-color has-text-color has-link-color wp-elements-e5b941c67eda73216a466a63a6964b3d\">En seis canciones encuentran la forma de celebrar el presente sin perder de vista las jornadas que los llevaron hasta ah\u00ed. El verano de este disco ofrece descanso, memoria y una madurez que comienza a convertirse en identidad.<\/h4>\n\n\n\n<h2 class=\"wp-block-heading has-text-align-center has-black-color has-text-color has-link-color wp-elements-e49038f0969d92d58ec5b51f0f4d0531\">FAQ<\/h2>\n\n\n\n<p><strong>\u00bfQu\u00e9 es <\/strong><em><strong>Se Lleg\u00f3 el Verano<\/strong><\/em><strong> de Hermanos Espinoza?<\/strong><br><em>Se Lleg\u00f3 el Verano<\/em> es un EP de seis canciones originales publicado el 17 de julio de 2026. El proyecto presenta una etapa m\u00e1s \u00edntima del d\u00fao, con letras centradas en la memoria, la gratitud, los afectos, el descanso y el proceso de asimilar su crecimiento profesional.<\/p>\n\n\n\n<p><strong>\u00bfQu\u00e9 canciones incluye el EP?<\/strong><br>El repertorio est\u00e1 integrado por \u201cLa Playa\u201d, \u201c454\u201d, \u201cVacas Flacas\u201d, \u201cBeb\u00e9\u201d, \u201cGanas\u201d y \u201cQu\u00e9 Maravilla\u201d. \u201cLa Playa\u201d fue elegida como pieza principal y plantea la necesidad de desconectarse del ruido cotidiano para recuperar el presente y compartirlo con las personas cercanas.<\/p>\n\n\n\n<p><strong>\u00bfC\u00f3mo suena <\/strong><em><strong>Se Lleg\u00f3 el Verano<\/strong><\/em><strong>?<\/strong><br>El EP mantiene la ra\u00edz del regional mexicano mediante el acorde\u00f3n, una interpretaci\u00f3n vocal reconocible y arreglos de car\u00e1cter ac\u00fastico. La producci\u00f3n es c\u00e1lida y cercana, con ritmos envolventes y suficiente espacio para que la letra y los detalles instrumentales permanezcan al frente.<\/p>\n\n\n\n<p><strong>\u00bfD\u00f3nde fue grabado el EP?<\/strong><br><em>Se Lleg\u00f3 el Verano<\/em> fue grabado en estudios de California. Parte de su proceso creativo se desarroll\u00f3 durante un campamento de composici\u00f3n entre San Diego, California, y Monterrey, Nuevo Le\u00f3n, reflejando la identidad transfronteriza que acompa\u00f1a la trayectoria del d\u00fao.<\/p>\n\n\n\n<p><strong>\u00bfQu\u00e9 relaci\u00f3n tiene el EP con <\/strong><em><strong>Linaje<\/strong><\/em><strong>?<\/strong><br>El proyecto llega despu\u00e9s del \u00e1lbum debut <em>Linaje<\/em> y durante la preparaci\u00f3n de la primera gira oficial de Hermanos Espinoza por Estados Unidos. Funciona como una pausa creativa que documenta su crecimiento, las experiencias acumuladas y el deseo de procesar el momento que atraviesan.<\/p>\n\n\n\n<p><strong>\u00bfCu\u00e1ndo comienza la gira de Hermanos Espinoza?<\/strong><br>El <em>Linaje USA Tour<\/em> comenzar\u00e1 el 24 de julio en SOMA, San Diego. La gira recorrer\u00e1 17 ciudades de Estados Unidos y representa la primera gira oficial del d\u00fao en el pa\u00eds, despu\u00e9s del crecimiento alcanzado con <em>Linaje<\/em> y sus lanzamientos recientes.<\/p>\n","protected":false},"excerpt":{"rendered":"<p>Hermanos Espinoza condensan en seis canciones un momento de pausa, gratitud y revisi\u00f3n personal. Se Lleg\u00f3 el Verano encuentra al d\u00fao de McAllen escribiendo desde una zona m\u00e1s \u00edntima, con letras que evitan las f\u00f3rmulas inmediatas y arreglos donde el acorde\u00f3n recupera una funci\u00f3n narrativa. Grabado en California y desarrollado entre San Diego y Monterrey, [&hellip;]<\/p>\n","protected":false},"author":1,"featured_media":9678,"comment_status":"closed","ping_status":"closed","sticky":false,"template":"","format":"standard","meta":{"footnotes":""},"categories":[2646],"tags":[4676,496,4673,4581,4674,4675,1523,1190,4677],"class_list":["post-9677","post","type-post","status-publish","format-standard","has-post-thumbnail","hentry","category-resenas","tag-acordeon","tag-equal-media","tag-hermanos-espinoza","tag-latin-us","tag-linaje","tag-mcallen","tag-musica-mexicana","tag-regional-mexicano","tag-se-llego-el-verano"],"yoast_head":"<!-- This site is optimized with the Yoast SEO plugin v26.6 - https:\/\/yoast.com\/wordpress\/plugins\/seo\/ -->\n<title>Rese\u00f1a \u00a8Se Lleg\u00f3 el Verano\u00a8 de Hermanos Espinoza<\/title>\n<meta name=\"description\" content=\"Hermanos Espinoza convierten Se Lleg\u00f3 el Verano en un EP \u00edntimo de memoria y madurez dentro del regional mexicano.\" \/>\n<meta name=\"robots\" content=\"index, follow, max-snippet:-1, max-image-preview:large, max-video-preview:-1\" \/>\n<link rel=\"canonical\" href=\"https:\/\/www.equalmedia.mx\/site\/resenas\/hermanos-espinoza-se-llego-verano\/\" \/>\n<meta property=\"og:locale\" content=\"es_ES\" \/>\n<meta property=\"og:type\" content=\"article\" \/>\n<meta property=\"og:title\" content=\"Rese\u00f1a \u00a8Se Lleg\u00f3 el Verano\u00a8 de Hermanos Espinoza\" \/>\n<meta property=\"og:description\" content=\"Hermanos Espinoza convierten Se Lleg\u00f3 el Verano en un EP \u00edntimo de memoria y madurez dentro del regional mexicano.\" \/>\n<meta property=\"og:url\" content=\"https:\/\/www.equalmedia.mx\/site\/resenas\/hermanos-espinoza-se-llego-verano\/\" \/>\n<meta property=\"og:site_name\" content=\"EQUAL MUSIC | Cultura Latina en Movimiento\" \/>\n<meta property=\"article:published_time\" content=\"2026-07-20T01:45:26+00:00\" \/>\n<meta property=\"og:image\" content=\"https:\/\/www.equalmedia.mx\/site\/wp-content\/uploads\/2026\/07\/HE-SE-LLEGO_-EL-VERANO.jpg\" \/>\n\t<meta property=\"og:image:width\" content=\"1200\" \/>\n\t<meta property=\"og:image:height\" content=\"1200\" \/>\n\t<meta property=\"og:image:type\" content=\"image\/jpeg\" \/>\n<meta name=\"author\" content=\"Equal Media\" \/>\n<meta name=\"twitter:card\" content=\"summary_large_image\" \/>\n<meta name=\"twitter:label1\" content=\"Escrito por\" \/>\n\t<meta name=\"twitter:data1\" content=\"Equal Media\" \/>\n\t<meta name=\"twitter:label2\" content=\"Tiempo de lectura\" \/>\n\t<meta name=\"twitter:data2\" content=\"9 minutos\" \/>\n<script type=\"application\/ld+json\" class=\"yoast-schema-graph\">{\"@context\":\"https:\/\/schema.org\",\"@graph\":[{\"@type\":\"Article\",\"@id\":\"https:\/\/www.equalmedia.mx\/site\/resenas\/hermanos-espinoza-se-llego-verano\/#article\",\"isPartOf\":{\"@id\":\"https:\/\/www.equalmedia.mx\/site\/resenas\/hermanos-espinoza-se-llego-verano\/\"},\"author\":{\"name\":\"Equal Media\",\"@id\":\"https:\/\/www.equalmedia.mx\/site\/#\/schema\/person\/41b6e60d650a80262fa6b5189bbb9f20\"},\"headline\":\"Hermanos Espinoza encuentran madurez e introspecci\u00f3n en Se Lleg\u00f3 el Verano\",\"datePublished\":\"2026-07-20T01:45:26+00:00\",\"mainEntityOfPage\":{\"@id\":\"https:\/\/www.equalmedia.mx\/site\/resenas\/hermanos-espinoza-se-llego-verano\/\"},\"wordCount\":2001,\"publisher\":{\"@id\":\"https:\/\/www.equalmedia.mx\/site\/#organization\"},\"image\":{\"@id\":\"https:\/\/www.equalmedia.mx\/site\/resenas\/hermanos-espinoza-se-llego-verano\/#primaryimage\"},\"thumbnailUrl\":\"https:\/\/www.equalmedia.mx\/site\/wp-content\/uploads\/2026\/07\/HE-SE-LLEGO_-EL-VERANO.jpg\",\"keywords\":[\"Acorde\u00f3n\",\"equal media\",\"Hermanos Espinoza\",\"Latin US\",\"Linaje\",\"McAllen\",\"m\u00fasica mexicana\",\"regional mexicano\",\"Se Lleg\u00f3 el Verano\"],\"articleSection\":[\"Rese\u00f1as\"],\"inLanguage\":\"es\"},{\"@type\":\"WebPage\",\"@id\":\"https:\/\/www.equalmedia.mx\/site\/resenas\/hermanos-espinoza-se-llego-verano\/\",\"url\":\"https:\/\/www.equalmedia.mx\/site\/resenas\/hermanos-espinoza-se-llego-verano\/\",\"name\":\"Rese\u00f1a \u00a8Se Lleg\u00f3 el Verano\u00a8 de Hermanos Espinoza\",\"isPartOf\":{\"@id\":\"https:\/\/www.equalmedia.mx\/site\/#website\"},\"primaryImageOfPage\":{\"@id\":\"https:\/\/www.equalmedia.mx\/site\/resenas\/hermanos-espinoza-se-llego-verano\/#primaryimage\"},\"image\":{\"@id\":\"https:\/\/www.equalmedia.mx\/site\/resenas\/hermanos-espinoza-se-llego-verano\/#primaryimage\"},\"thumbnailUrl\":\"https:\/\/www.equalmedia.mx\/site\/wp-content\/uploads\/2026\/07\/HE-SE-LLEGO_-EL-VERANO.jpg\",\"datePublished\":\"2026-07-20T01:45:26+00:00\",\"description\":\"Hermanos Espinoza convierten Se Lleg\u00f3 el Verano en un EP \u00edntimo de memoria y madurez dentro del regional mexicano.\",\"breadcrumb\":{\"@id\":\"https:\/\/www.equalmedia.mx\/site\/resenas\/hermanos-espinoza-se-llego-verano\/#breadcrumb\"},\"inLanguage\":\"es\",\"potentialAction\":[{\"@type\":\"ReadAction\",\"target\":[\"https:\/\/www.equalmedia.mx\/site\/resenas\/hermanos-espinoza-se-llego-verano\/\"]}]},{\"@type\":\"ImageObject\",\"inLanguage\":\"es\",\"@id\":\"https:\/\/www.equalmedia.mx\/site\/resenas\/hermanos-espinoza-se-llego-verano\/#primaryimage\",\"url\":\"https:\/\/www.equalmedia.mx\/site\/wp-content\/uploads\/2026\/07\/HE-SE-LLEGO_-EL-VERANO.jpg\",\"contentUrl\":\"https:\/\/www.equalmedia.mx\/site\/wp-content\/uploads\/2026\/07\/HE-SE-LLEGO_-EL-VERANO.jpg\",\"width\":1200,\"height\":1200},{\"@type\":\"BreadcrumbList\",\"@id\":\"https:\/\/www.equalmedia.mx\/site\/resenas\/hermanos-espinoza-se-llego-verano\/#breadcrumb\",\"itemListElement\":[{\"@type\":\"ListItem\",\"position\":1,\"name\":\"Inicio\",\"item\":\"https:\/\/www.equalmedia.mx\/site\/\"},{\"@type\":\"ListItem\",\"position\":2,\"name\":\"Hermanos Espinoza encuentran madurez e introspecci\u00f3n en Se Lleg\u00f3 el Verano\"}]},{\"@type\":\"WebSite\",\"@id\":\"https:\/\/www.equalmedia.mx\/site\/#website\",\"url\":\"https:\/\/www.equalmedia.mx\/site\/\",\"name\":\"EQUAL MUSIC | Cultura Latina en Movimiento\",\"description\":\"Ritmo en movimiento.\",\"publisher\":{\"@id\":\"https:\/\/www.equalmedia.mx\/site\/#organization\"},\"potentialAction\":[{\"@type\":\"SearchAction\",\"target\":{\"@type\":\"EntryPoint\",\"urlTemplate\":\"https:\/\/www.equalmedia.mx\/site\/?s={search_term_string}\"},\"query-input\":{\"@type\":\"PropertyValueSpecification\",\"valueRequired\":true,\"valueName\":\"search_term_string\"}}],\"inLanguage\":\"es\"},{\"@type\":\"Organization\",\"@id\":\"https:\/\/www.equalmedia.mx\/site\/#organization\",\"name\":\"EQUAL MUSIC | Cultura Latina en Movimiento\",\"url\":\"https:\/\/www.equalmedia.mx\/site\/\",\"logo\":{\"@type\":\"ImageObject\",\"inLanguage\":\"es\",\"@id\":\"https:\/\/www.equalmedia.mx\/site\/#\/schema\/logo\/image\/\",\"url\":\"https:\/\/www.equalmedia.mx\/site\/wp-content\/uploads\/2021\/07\/logoblanco.png\",\"contentUrl\":\"https:\/\/www.equalmedia.mx\/site\/wp-content\/uploads\/2021\/07\/logoblanco.png\",\"width\":1920,\"height\":589,\"caption\":\"EQUAL MUSIC | Cultura Latina en Movimiento\"},\"image\":{\"@id\":\"https:\/\/www.equalmedia.mx\/site\/#\/schema\/logo\/image\/\"}},{\"@type\":\"Person\",\"@id\":\"https:\/\/www.equalmedia.mx\/site\/#\/schema\/person\/41b6e60d650a80262fa6b5189bbb9f20\",\"name\":\"Equal Media\",\"image\":{\"@type\":\"ImageObject\",\"inLanguage\":\"es\",\"@id\":\"https:\/\/www.equalmedia.mx\/site\/#\/schema\/person\/image\/\",\"url\":\"https:\/\/secure.gravatar.com\/avatar\/51c3f8f080f557c61349ab37ab35c9f967b3b271510dd8ef0b9b16a3dd5a89e9?s=96&d=mm&r=g\",\"contentUrl\":\"https:\/\/secure.gravatar.com\/avatar\/51c3f8f080f557c61349ab37ab35c9f967b3b271510dd8ef0b9b16a3dd5a89e9?s=96&d=mm&r=g\",\"caption\":\"Equal Media\"},\"description\":\"Equal Media es una productora y agencia de estrategia cultural transmedia que impulsa la visibilidad de la m\u00fasica y cultura latina a trav\u00e9s de contenidos originales, multiplataforma y con enfoque social. Con operaci\u00f3n desde Estados Unidos, M\u00e9xico y Colombia, Equal Media se ha consolidado como un actor clave en la narrativa documental, la curadur\u00eda musical y la creaci\u00f3n de formatos de alto impacto para audiencias latinas globales. Sus producciones incluyen Equal Music Sessions \u2014con m\u00e1s de 300 artistas programados en LATV Network\u2014, la serie Hunters y el documental 4TRO EL3MENTOS. Sus contenidos son emitidos en prime time en EE.UU. v\u00eda LATV y VOD, alcanzando m\u00e1s de 62 millones de hogares en mercados como Nueva York, Los \u00c1ngeles, Miami y Chicago. Equal Media ha estado presente con cobertura original y branded content en eventos como el Media Hub de los Latin Grammys, LAMC (NY), BIME (Bilbao, Bogot\u00e1), Vive Latino (CDMX), MIM LATAM, CAMM, entre otros hubs de la industria. Aliada de plataformas como Keychange, Femnoise, We Make Noise y la Municipalidad de Quilicura (Chile), Equal Media promueve una industria m\u00e1s equitativa, programando de forma activa proyectos liderados por mujeres, comunidades LGBTQ+ y sectores vulnerables. Bajo la direcci\u00f3n de Ulises Sanher \u2014reconocido por la UNAM y otras instituciones acad\u00e9micas por su labor cultural\u2014, Equal Media ha contribuido a formar nuevas audiencias desde la educaci\u00f3n, el activismo y la creatividad. Sanher ha sido invitado como speaker en foros como Circulart (COL), FIMPRO (MEX), Canadian Music Week (CAN), FME (CAN), SIM S\u00e3o Paulo (BR), MUPA (PAN), Corriente (PER) y Brasil Trends Conference. Tambi\u00e9n ha sido jurado externo de los Premios Rolling Stone en Espa\u00f1ol en Miami y ha ofrecido asesor\u00eda creativa en colaboraci\u00f3n con Berklee Valencia y la Asociaci\u00f3n de Supervisores Musicales.\",\"sameAs\":[\"https:\/\/www.equalmedia.mx\/\",\"https:\/\/www.instagram.com\/equal.music\",\"https:\/\/www.linkedin.com\/in\/ulises-sanher\/\",\"https:\/\/www.youtube.com\/@equalmusicworld\"],\"url\":\"https:\/\/www.equalmedia.mx\/site\/author\/admin\/\"}]}<\/script>\n<!-- \/ Yoast SEO plugin. -->","yoast_head_json":{"title":"Rese\u00f1a \u00a8Se Lleg\u00f3 el Verano\u00a8 de Hermanos Espinoza","description":"Hermanos Espinoza convierten Se Lleg\u00f3 el Verano en un EP \u00edntimo de memoria y madurez dentro del regional mexicano.","robots":{"index":"index","follow":"follow","max-snippet":"max-snippet:-1","max-image-preview":"max-image-preview:large","max-video-preview":"max-video-preview:-1"},"canonical":"https:\/\/www.equalmedia.mx\/site\/resenas\/hermanos-espinoza-se-llego-verano\/","og_locale":"es_ES","og_type":"article","og_title":"Rese\u00f1a \u00a8Se Lleg\u00f3 el Verano\u00a8 de Hermanos Espinoza","og_description":"Hermanos Espinoza convierten Se Lleg\u00f3 el Verano en un EP \u00edntimo de memoria y madurez dentro del regional mexicano.","og_url":"https:\/\/www.equalmedia.mx\/site\/resenas\/hermanos-espinoza-se-llego-verano\/","og_site_name":"EQUAL MUSIC | Cultura Latina en Movimiento","article_published_time":"2026-07-20T01:45:26+00:00","og_image":[{"width":1200,"height":1200,"url":"https:\/\/www.equalmedia.mx\/site\/wp-content\/uploads\/2026\/07\/HE-SE-LLEGO_-EL-VERANO.jpg","type":"image\/jpeg"}],"author":"Equal Media","twitter_card":"summary_large_image","twitter_misc":{"Escrito por":"Equal Media","Tiempo de lectura":"9 minutos"},"schema":{"@context":"https:\/\/schema.org","@graph":[{"@type":"Article","@id":"https:\/\/www.equalmedia.mx\/site\/resenas\/hermanos-espinoza-se-llego-verano\/#article","isPartOf":{"@id":"https:\/\/www.equalmedia.mx\/site\/resenas\/hermanos-espinoza-se-llego-verano\/"},"author":{"name":"Equal Media","@id":"https:\/\/www.equalmedia.mx\/site\/#\/schema\/person\/41b6e60d650a80262fa6b5189bbb9f20"},"headline":"Hermanos Espinoza encuentran madurez e introspecci\u00f3n en Se Lleg\u00f3 el Verano","datePublished":"2026-07-20T01:45:26+00:00","mainEntityOfPage":{"@id":"https:\/\/www.equalmedia.mx\/site\/resenas\/hermanos-espinoza-se-llego-verano\/"},"wordCount":2001,"publisher":{"@id":"https:\/\/www.equalmedia.mx\/site\/#organization"},"image":{"@id":"https:\/\/www.equalmedia.mx\/site\/resenas\/hermanos-espinoza-se-llego-verano\/#primaryimage"},"thumbnailUrl":"https:\/\/www.equalmedia.mx\/site\/wp-content\/uploads\/2026\/07\/HE-SE-LLEGO_-EL-VERANO.jpg","keywords":["Acorde\u00f3n","equal media","Hermanos Espinoza","Latin US","Linaje","McAllen","m\u00fasica mexicana","regional mexicano","Se Lleg\u00f3 el Verano"],"articleSection":["Rese\u00f1as"],"inLanguage":"es"},{"@type":"WebPage","@id":"https:\/\/www.equalmedia.mx\/site\/resenas\/hermanos-espinoza-se-llego-verano\/","url":"https:\/\/www.equalmedia.mx\/site\/resenas\/hermanos-espinoza-se-llego-verano\/","name":"Rese\u00f1a \u00a8Se Lleg\u00f3 el Verano\u00a8 de Hermanos Espinoza","isPartOf":{"@id":"https:\/\/www.equalmedia.mx\/site\/#website"},"primaryImageOfPage":{"@id":"https:\/\/www.equalmedia.mx\/site\/resenas\/hermanos-espinoza-se-llego-verano\/#primaryimage"},"image":{"@id":"https:\/\/www.equalmedia.mx\/site\/resenas\/hermanos-espinoza-se-llego-verano\/#primaryimage"},"thumbnailUrl":"https:\/\/www.equalmedia.mx\/site\/wp-content\/uploads\/2026\/07\/HE-SE-LLEGO_-EL-VERANO.jpg","datePublished":"2026-07-20T01:45:26+00:00","description":"Hermanos Espinoza convierten Se Lleg\u00f3 el Verano en un EP \u00edntimo de memoria y madurez dentro del regional mexicano.","breadcrumb":{"@id":"https:\/\/www.equalmedia.mx\/site\/resenas\/hermanos-espinoza-se-llego-verano\/#breadcrumb"},"inLanguage":"es","potentialAction":[{"@type":"ReadAction","target":["https:\/\/www.equalmedia.mx\/site\/resenas\/hermanos-espinoza-se-llego-verano\/"]}]},{"@type":"ImageObject","inLanguage":"es","@id":"https:\/\/www.equalmedia.mx\/site\/resenas\/hermanos-espinoza-se-llego-verano\/#primaryimage","url":"https:\/\/www.equalmedia.mx\/site\/wp-content\/uploads\/2026\/07\/HE-SE-LLEGO_-EL-VERANO.jpg","contentUrl":"https:\/\/www.equalmedia.mx\/site\/wp-content\/uploads\/2026\/07\/HE-SE-LLEGO_-EL-VERANO.jpg","width":1200,"height":1200},{"@type":"BreadcrumbList","@id":"https:\/\/www.equalmedia.mx\/site\/resenas\/hermanos-espinoza-se-llego-verano\/#breadcrumb","itemListElement":[{"@type":"ListItem","position":1,"name":"Inicio","item":"https:\/\/www.equalmedia.mx\/site\/"},{"@type":"ListItem","position":2,"name":"Hermanos Espinoza encuentran madurez e introspecci\u00f3n en Se Lleg\u00f3 el Verano"}]},{"@type":"WebSite","@id":"https:\/\/www.equalmedia.mx\/site\/#website","url":"https:\/\/www.equalmedia.mx\/site\/","name":"EQUAL MUSIC | Cultura Latina en Movimiento","description":"Ritmo en movimiento.","publisher":{"@id":"https:\/\/www.equalmedia.mx\/site\/#organization"},"potentialAction":[{"@type":"SearchAction","target":{"@type":"EntryPoint","urlTemplate":"https:\/\/www.equalmedia.mx\/site\/?s={search_term_string}"},"query-input":{"@type":"PropertyValueSpecification","valueRequired":true,"valueName":"search_term_string"}}],"inLanguage":"es"},{"@type":"Organization","@id":"https:\/\/www.equalmedia.mx\/site\/#organization","name":"EQUAL MUSIC | Cultura Latina en Movimiento","url":"https:\/\/www.equalmedia.mx\/site\/","logo":{"@type":"ImageObject","inLanguage":"es","@id":"https:\/\/www.equalmedia.mx\/site\/#\/schema\/logo\/image\/","url":"https:\/\/www.equalmedia.mx\/site\/wp-content\/uploads\/2021\/07\/logoblanco.png","contentUrl":"https:\/\/www.equalmedia.mx\/site\/wp-content\/uploads\/2021\/07\/logoblanco.png","width":1920,"height":589,"caption":"EQUAL MUSIC | Cultura Latina en Movimiento"},"image":{"@id":"https:\/\/www.equalmedia.mx\/site\/#\/schema\/logo\/image\/"}},{"@type":"Person","@id":"https:\/\/www.equalmedia.mx\/site\/#\/schema\/person\/41b6e60d650a80262fa6b5189bbb9f20","name":"Equal Media","image":{"@type":"ImageObject","inLanguage":"es","@id":"https:\/\/www.equalmedia.mx\/site\/#\/schema\/person\/image\/","url":"https:\/\/secure.gravatar.com\/avatar\/51c3f8f080f557c61349ab37ab35c9f967b3b271510dd8ef0b9b16a3dd5a89e9?s=96&d=mm&r=g","contentUrl":"https:\/\/secure.gravatar.com\/avatar\/51c3f8f080f557c61349ab37ab35c9f967b3b271510dd8ef0b9b16a3dd5a89e9?s=96&d=mm&r=g","caption":"Equal Media"},"description":"Equal Media es una productora y agencia de estrategia cultural transmedia que impulsa la visibilidad de la m\u00fasica y cultura latina a trav\u00e9s de contenidos originales, multiplataforma y con enfoque social. Con operaci\u00f3n desde Estados Unidos, M\u00e9xico y Colombia, Equal Media se ha consolidado como un actor clave en la narrativa documental, la curadur\u00eda musical y la creaci\u00f3n de formatos de alto impacto para audiencias latinas globales. Sus producciones incluyen Equal Music Sessions \u2014con m\u00e1s de 300 artistas programados en LATV Network\u2014, la serie Hunters y el documental 4TRO EL3MENTOS. Sus contenidos son emitidos en prime time en EE.UU. v\u00eda LATV y VOD, alcanzando m\u00e1s de 62 millones de hogares en mercados como Nueva York, Los \u00c1ngeles, Miami y Chicago. Equal Media ha estado presente con cobertura original y branded content en eventos como el Media Hub de los Latin Grammys, LAMC (NY), BIME (Bilbao, Bogot\u00e1), Vive Latino (CDMX), MIM LATAM, CAMM, entre otros hubs de la industria. Aliada de plataformas como Keychange, Femnoise, We Make Noise y la Municipalidad de Quilicura (Chile), Equal Media promueve una industria m\u00e1s equitativa, programando de forma activa proyectos liderados por mujeres, comunidades LGBTQ+ y sectores vulnerables. Bajo la direcci\u00f3n de Ulises Sanher \u2014reconocido por la UNAM y otras instituciones acad\u00e9micas por su labor cultural\u2014, Equal Media ha contribuido a formar nuevas audiencias desde la educaci\u00f3n, el activismo y la creatividad. Sanher ha sido invitado como speaker en foros como Circulart (COL), FIMPRO (MEX), Canadian Music Week (CAN), FME (CAN), SIM S\u00e3o Paulo (BR), MUPA (PAN), Corriente (PER) y Brasil Trends Conference. Tambi\u00e9n ha sido jurado externo de los Premios Rolling Stone en Espa\u00f1ol en Miami y ha ofrecido asesor\u00eda creativa en colaboraci\u00f3n con Berklee Valencia y la Asociaci\u00f3n de Supervisores Musicales.","sameAs":["https:\/\/www.equalmedia.mx\/","https:\/\/www.instagram.com\/equal.music","https:\/\/www.linkedin.com\/in\/ulises-sanher\/","https:\/\/www.youtube.com\/@equalmusicworld"],"url":"https:\/\/www.equalmedia.mx\/site\/author\/admin\/"}]}},"_links":{"self":[{"href":"https:\/\/www.equalmedia.mx\/site\/wp-json\/wp\/v2\/posts\/9677","targetHints":{"allow":["GET"]}}],"collection":[{"href":"https:\/\/www.equalmedia.mx\/site\/wp-json\/wp\/v2\/posts"}],"about":[{"href":"https:\/\/www.equalmedia.mx\/site\/wp-json\/wp\/v2\/types\/post"}],"author":[{"embeddable":true,"href":"https:\/\/www.equalmedia.mx\/site\/wp-json\/wp\/v2\/users\/1"}],"replies":[{"embeddable":true,"href":"https:\/\/www.equalmedia.mx\/site\/wp-json\/wp\/v2\/comments?post=9677"}],"version-history":[{"count":1,"href":"https:\/\/www.equalmedia.mx\/site\/wp-json\/wp\/v2\/posts\/9677\/revisions"}],"predecessor-version":[{"id":9682,"href":"https:\/\/www.equalmedia.mx\/site\/wp-json\/wp\/v2\/posts\/9677\/revisions\/9682"}],"wp:featuredmedia":[{"embeddable":true,"href":"https:\/\/www.equalmedia.mx\/site\/wp-json\/wp\/v2\/media\/9678"}],"wp:attachment":[{"href":"https:\/\/www.equalmedia.mx\/site\/wp-json\/wp\/v2\/media?parent=9677"}],"wp:term":[{"taxonomy":"category","embeddable":true,"href":"https:\/\/www.equalmedia.mx\/site\/wp-json\/wp\/v2\/categories?post=9677"},{"taxonomy":"post_tag","embeddable":true,"href":"https:\/\/www.equalmedia.mx\/site\/wp-json\/wp\/v2\/tags?post=9677"}],"curies":[{"name":"wp","href":"https:\/\/api.w.org\/{rel}","templated":true}]}}