{"id":9791,"date":"2026-09-01T19:20:32","date_gmt":"2026-09-01T19:20:32","guid":{"rendered":"https:\/\/www.equalmedia.mx\/site\/?p=9791"},"modified":"2026-09-01T19:20:33","modified_gmt":"2026-09-01T19:20:33","slug":"hola-mexico-film-festival-2026-2","status":"publish","type":"post","link":"https:\/\/www.equalmedia.mx\/site\/festival\/hola-mexico-film-festival-2026-2\/","title":{"rendered":"Hola M\u00e9xico Film Festival 2026 convierte Los \u00c1ngeles en vitrina del nuevo cine mexicano"},"content":{"rendered":"\n<h4 class=\"wp-block-heading has-black-color has-text-color has-link-color wp-elements-c7fe5fef0f92cd842eced6af7c89190a\">Del 25 de septiembre al 3 de octubre, Hola M\u00e9xico Film Festival llevar\u00e1 m\u00e1s de 20 largometrajes mexicanos a Hollywood, DTLA, Pico Rivera y Culver City. Su edici\u00f3n 18 combina estrenos recientes, documental, terror, cine familiar, una recuperaci\u00f3n de <em>Los Olvidados<\/em> y dos series de Amazon. Celebrado durante el Mes de la Herencia Hispana, el festival vuelve a colocar a Los \u00c1ngeles como una de las pantallas internacionales m\u00e1s importantes para el cine hecho en M\u00e9xico.<\/h4>\n\n\n\n<p>Durante nueve d\u00edas, <strong>Hollywood, DTLA, Pico Rivera y Culver City<\/strong> compartir\u00e1n algo m\u00e1s que una programaci\u00f3n de cine mexicano. Del 25 de septiembre al 3 de octubre, esas cuatro zonas de Los \u00c1ngeles funcionar\u00e1n como puntos de entrada a pel\u00edculas, documentales, series y cortometrajes que muestran cu\u00e1ntas direcciones puede tomar hoy una historia producida desde M\u00e9xico.<\/p>\n\n\n\n<p>La edici\u00f3n 18 del <strong>Hola M\u00e9xico Film Festival<\/strong>, el festival de cine mexicano m\u00e1s grande fuera del pa\u00eds, vuelve adem\u00e1s durante el Mes de la Herencia Hispana. La coincidencia tiene un peso particular en Los \u00c1ngeles: aqu\u00ed el cine mexicano entra en contacto con una audiencia para la que M\u00e9xico puede ser territorio de origen, memoria familiar, idioma cotidiano o referencia cultural compartida.<\/p>\n\n\n\n<p>La programaci\u00f3n evita reducir esa relaci\u00f3n a una sola imagen del pa\u00eds. Hay ficci\u00f3n contempor\u00e1nea, terror, documental, cine para familias, una pel\u00edcula de concierto de Zo\u00e9, nuevas series y un regreso a Luis Bu\u00f1uel. En conjunto, el festival ofrece algo que suele resultar m\u00e1s \u00fatil que cualquier definici\u00f3n de \u201ccine mexicano\u201d: ver sus distintas generaciones, formatos y obsesiones.<\/p>\n\n\n<div class=\"wp-block-image\">\n<figure class=\"aligncenter size-large is-resized\"><img fetchpriority=\"high\" decoding=\"async\" width=\"768\" height=\"1024\" src=\"https:\/\/www.equalmedia.mx\/site\/wp-content\/uploads\/2026\/09\/PosterHMFF26-2-768x1024.jpeg\" alt=\"\" class=\"wp-image-9794\" style=\"width:618px;height:auto\" srcset=\"https:\/\/www.equalmedia.mx\/site\/wp-content\/uploads\/2026\/09\/PosterHMFF26-2-768x1024.jpeg 768w, https:\/\/www.equalmedia.mx\/site\/wp-content\/uploads\/2026\/09\/PosterHMFF26-2-225x300.jpeg 225w, https:\/\/www.equalmedia.mx\/site\/wp-content\/uploads\/2026\/09\/PosterHMFF26-2-1152x1536.jpeg 1152w, https:\/\/www.equalmedia.mx\/site\/wp-content\/uploads\/2026\/09\/PosterHMFF26-2-300x400.jpeg 300w, https:\/\/www.equalmedia.mx\/site\/wp-content\/uploads\/2026\/09\/PosterHMFF26-2-600x800.jpeg 600w, https:\/\/www.equalmedia.mx\/site\/wp-content\/uploads\/2026\/09\/PosterHMFF26-2.jpeg 1200w\" sizes=\"(max-width: 768px) 100vw, 768px\" \/><\/figure>\n<\/div>\n\n\n<h2 class=\"wp-block-heading has-text-align-center has-black-color has-text-color has-link-color wp-elements-27fe5a4d69c8d5cc136234ff8f881d8a\">De <em>Los Olvidados<\/em> a las pel\u00edculas mexicanas que circulan hoy<\/h2>\n\n\n\n<p>La inauguraci\u00f3n ser\u00e1 en <strong>The Montalb\u00e1n, en Hollywood<\/strong>, con <em>Loco M\u00e9xico M\u00e1gico<\/em>, dirigida por Carlos Santos, acompa\u00f1ada por alfombra roja y una celebraci\u00f3n posterior.<\/p>\n\n\n\n<p>La secci\u00f3n <strong>M\u00e9xico Ahora<\/strong> concentra buena parte de la producci\u00f3n reciente. Ah\u00ed aparecen <em>Juana<\/em>, de Daniel Gim\u00e9nez Cacho; <em>En El Camino<\/em>, de David Pablos; <em>La Peluca<\/em>, de Emiliano Rocha Minter; <em>Sobriedad, Me Est\u00e1s Matando<\/em>, de Ra\u00fal Campos; <em>Una Familia A La Deriva<\/em>, de Alfonso Pineda Ulloa; <em>El Jard\u00edn Que So\u00f1amos<\/em>, de Joaqu\u00edn Del Paso; <em>Bailando Solo<\/em>, de Gilberto Gonz\u00e1lez Penilla; <em>El Conserje<\/em>, de Mauro Mueller y David Figueroa Garc\u00eda; <em>A Toda Madre<\/em>, de Max Del R\u00edo, y <em>Jardines Del Bosque<\/em>, de Alex y Diego Barrag\u00e1n.<\/p>\n\n\n\n<p>El documental abre otra ventana. <em>Llamarse Olimpia<\/em>, de Indira Cato; <em>Flamingos: La Vida Despu\u00e9s Del Meteorito<\/em>, de Lorenzo Hagerman; <em>Azul Oscuro, Azul Celeste<\/em>, de Carlos Carrera y Carlos B\u00e1tiz, y <em>Zo\u00e9: Memorex + Rexsexex Y M\u00e1s<\/em>, dirigido por Rodrigo Guardiola, forman parte de una secci\u00f3n donde memoria social, m\u00fasica e historias personales entran al mismo programa.<\/p>\n\n\n\n<p>Uno de los cruces generacionales m\u00e1s significativos estar\u00e1 alrededor de <strong><em>Los Olvidados<\/em><\/strong>. El festival proyectar\u00e1 una edici\u00f3n remasterizada de la pel\u00edcula de Luis Bu\u00f1uel de 1950, inscrita en el registro Memoria del Mundo de la UNESCO, junto con el estreno en Los \u00c1ngeles de <em>Memoria de Los Olvidados<\/em>, documental de Javier Espada que revisita la obra y cuenta con la participaci\u00f3n de Alejandro Gonz\u00e1lez I\u00f1\u00e1rritu.<\/p>\n\n\n\n<p>Setenta y seis a\u00f1os separan a aquella pel\u00edcula de buena parte de los t\u00edtulos de esta edici\u00f3n. Tenerlas dentro del mismo festival permite ver al cine mexicano como una historia todav\u00eda abierta: obras que ya forman parte del patrimonio conviviendo con pel\u00edculas que apenas comienzan a encontrar audiencia fuera del pa\u00eds.<\/p>\n\n\n\n<figure class=\"wp-block-embed aligncenter is-type-video is-provider-youtube wp-block-embed-youtube wp-embed-aspect-16-9 wp-has-aspect-ratio\"><div class=\"wp-block-embed__wrapper\">\n<iframe title=\"Los Olvidados di Luis Bu\u00f1uel - Official Trailer by Film&amp;Clips\" width=\"1300\" height=\"731\" data-src=\"https:\/\/www.youtube.com\/embed\/DxmJ5Su5nGM?feature=oembed\" frameborder=\"0\" allow=\"accelerometer; autoplay; clipboard-write; encrypted-media; gyroscope; picture-in-picture; web-share\" referrerpolicy=\"strict-origin-when-cross-origin\" allowfullscreen src=\"data:image\/svg+xml;base64,PHN2ZyB3aWR0aD0iMSIgaGVpZ2h0PSIxIiB4bWxucz0iaHR0cDovL3d3dy53My5vcmcvMjAwMC9zdmciPjwvc3ZnPg==\" class=\"lazyload\" data-load-mode=\"1\"><\/iframe>\n<\/div><\/figure>\n\n\n\n<h2 class=\"wp-block-heading has-text-align-center has-black-color has-text-color has-link-color wp-elements-cd43b40c5d8d9219c22c20a7aa5f4c5f\">Amazon lleva las series mexicanas a la pantalla del festival<\/h2>\n\n\n\n<p>El festival tambi\u00e9n est\u00e1 reconociendo un cambio evidente en la producci\u00f3n audiovisual: las historias mexicanas que circulan internacionalmente ya no llegan \u00fanicamente como largometrajes.<\/p>\n\n\n\n<p>El <strong>27 de septiembre, The Culver Theater<\/strong> recibir\u00e1 una serie de estrenos realizada junto con Amazon. Se proyectar\u00e1n dos episodios de <strong><em>El Juicio<\/em><\/strong>, protagonizada por Eugenio Derbez, adem\u00e1s de <strong><em>Prefiero La Muerte<\/em><\/strong>, serie dirigida por Sebasti\u00e1n Sari\u00f1ana.<\/p>\n\n\n\n<p>La incorporaci\u00f3n de televisi\u00f3n y streaming dentro de un festival de cine dice bastante del momento industrial. Directores, actores y equipos mexicanos trabajan cada vez con mayor naturalidad entre pel\u00edculas, series y plataformas, mientras el p\u00fablico encuentra esas historias en salas, servicios digitales y eventos presenciales.<\/p>\n\n\n\n<p>A la selecci\u00f3n se suman territorios m\u00e1s espec\u00edficos. <strong>Nocturno<\/strong> incluye <em>Hablando Con Extra\u00f1os<\/em>, de Adri\u00e1n Garc\u00eda Bogliano; <em>No Me Sigas<\/em>, de Eduardo y Ximena Garc\u00eda Lecuona, y <em>Psic\u00f3pata: El Asesino Del Conejo Blanco<\/em>, de J. Xavier Velasco. <strong>Hola Ni\u00f1os<\/strong> presentar\u00e1 <em>La Marca Del Jaguar<\/em>, dirigida por V\u00edctor Mayorga.<\/p>\n\n\n\n<p>El festival tambi\u00e9n mantendr\u00e1 <strong>Tomorrow\u2019s Filmmakers Today<\/strong>, su programa para cineastas emergentes, con 20 cortometrajes. Esa parte resulta esencial dentro de una muestra que celebra 18 a\u00f1os: junto a autores consolidados, existe una estructura pensada para quienes todav\u00eda est\u00e1n construyendo su entrada a la industria.<\/p>\n\n\n\n<figure class=\"wp-block-embed aligncenter is-type-video is-provider-youtube wp-block-embed-youtube wp-embed-aspect-16-9 wp-has-aspect-ratio\"><div class=\"wp-block-embed__wrapper\">\n<iframe title=\"Loco Mexico Magico | Official Trailer | Hola Mexico Film Festival\" width=\"1300\" height=\"731\" data-src=\"https:\/\/www.youtube.com\/embed\/8d6kzhTAaIg?feature=oembed\" frameborder=\"0\" allow=\"accelerometer; autoplay; clipboard-write; encrypted-media; gyroscope; picture-in-picture; web-share\" referrerpolicy=\"strict-origin-when-cross-origin\" allowfullscreen src=\"data:image\/svg+xml;base64,PHN2ZyB3aWR0aD0iMSIgaGVpZ2h0PSIxIiB4bWxucz0iaHR0cDovL3d3dy53My5vcmcvMjAwMC9zdmciPjwvc3ZnPg==\" class=\"lazyload\" data-load-mode=\"1\"><\/iframe>\n<\/div><\/figure>\n\n\n\n<h2 class=\"wp-block-heading has-text-align-center has-black-color has-text-color has-link-color wp-elements-f5efbcc038901e35939bd166556a4827\">Los \u00c1ngeles como pantalla clave para M\u00e9xico<\/h2>\n\n\n\n<p>Hola M\u00e9xico Film Festival convoca a m\u00e1s de <strong>10,000 cin\u00e9filos<\/strong> y este a\u00f1o presentar\u00e1 m\u00e1s de 20 largometrajes, adem\u00e1s de los 20 cortos de Tomorrow\u2019s Filmmakers Today. Varias de las pel\u00edculas llegar\u00e1n como estrenos en Estados Unidos o en la Costa Oeste.<\/p>\n\n\n\n<p>Ah\u00ed est\u00e1 una de las funciones m\u00e1s interesantes del festival. Una pel\u00edcula mexicana necesita espacios de circulaci\u00f3n despu\u00e9s de terminarse: festivales, distribuidores, prensa, exhibidores y p\u00fablicos capaces de extender su vida m\u00e1s all\u00e1 del mercado nacional. En Los \u00c1ngeles, esa circulaci\u00f3n ocurre adem\u00e1s dentro de una ciudad profundamente conectada con M\u00e9xico.<\/p>\n\n\n\n<p>Durante el Mes de la Herencia Hispana, esa relaci\u00f3n suele condensarse bajo una gran etiqueta cultural. La programaci\u00f3n de Hola M\u00e9xico permite entrar al detalle: Bu\u00f1uel junto a nuevos directores; ficci\u00f3n junto a documental; Zo\u00e9 junto al cine de terror; largometrajes junto a producciones de streaming.<\/p>\n\n\n\n<p>Despu\u00e9s de 18 ediciones, el festival ha construido precisamente ese corredor. Durante nueve d\u00edas, la pregunta deja de ser qu\u00e9 imagen del cine mexicano llega a Estados Unidos. Hay m\u00e1s de veinte respuestas en pantalla.<\/p>\n\n\n\n<h2 class=\"wp-block-heading has-text-align-center has-black-color has-text-color has-link-color wp-elements-e49038f0969d92d58ec5b51f0f4d0531\">FAQ<\/h2>\n\n\n\n<h3 class=\"wp-block-heading\">\u00bfCu\u00e1ndo ser\u00e1 Hola M\u00e9xico Film Festival 2026?<\/h3>\n\n\n\n<p>La edici\u00f3n 18 se realizar\u00e1 <strong>del 25 de septiembre al 3 de octubre de 2026<\/strong> en Los \u00c1ngeles, coincidiendo con el Mes de la Herencia Hispana. Las proyecciones y actividades estar\u00e1n distribuidas entre Hollywood, Downtown Los Angeles, Pico Rivera y Culver City.<\/p>\n\n\n\n<h3 class=\"wp-block-heading\">\u00bfQu\u00e9 pel\u00edculas forman parte del festival?<\/h3>\n\n\n\n<p>La selecci\u00f3n incluye t\u00edtulos como <em>Juana<\/em>, <em>En El Camino<\/em>, <em>La Peluca<\/em>, <em>El Jard\u00edn Que So\u00f1amos<\/em>, <em>Llamarse Olimpia<\/em> y <em>Zo\u00e9: Memorex + Rexsexex Y M\u00e1s<\/em>. Tambi\u00e9n habr\u00e1 terror dentro de Nocturno, cine familiar en Hola Ni\u00f1os y una exhibici\u00f3n remasterizada de <em>Los Olvidados<\/em>.<\/p>\n\n\n\n<h3 class=\"wp-block-heading\">\u00bfQu\u00e9 relaci\u00f3n tendr\u00e1 Amazon con el festival?<\/h3>\n\n\n\n<p>El 27 de septiembre se realizar\u00e1 en The Culver Theater una serie de estrenos junto con Amazon. El programa incluye dos episodios de <em>El Juicio<\/em>, protagonizada por Eugenio Derbez, y la proyecci\u00f3n de <em>Prefiero La Muerte<\/em>, dirigida por Sebasti\u00e1n Sari\u00f1ana.<\/p>\n\n\n\n<h3 class=\"wp-block-heading\">\u00bfQu\u00e9 es Tomorrow\u2019s Filmmakers Today?<\/h3>\n\n\n\n<p>Es el programa de Hola M\u00e9xico Film Festival enfocado en cineastas emergentes. Durante la edici\u00f3n 2026 presentar\u00e1 <strong>20 cortometrajes<\/strong>, sumando nuevas voces a una programaci\u00f3n donde tambi\u00e9n participan realizadores con trayectorias consolidadas dentro del cine mexicano.<\/p>\n\n\n\n<h4 class=\"wp-block-heading has-black-color has-text-color has-link-color wp-elements-bdfd3d5c8ab15367114b9caafe839432\"><a href=\"https:\/\/www.instagram.com\/equal.music\/?hl=es-la\">Consulta la programaci\u00f3n de Hola M\u00e9xico Film Festival y sigue Equal Media para nuestra cobertura del cine mexicano que est\u00e1 circulando entre M\u00e9xico y Estados Unidos.<\/a><\/h4>\n","protected":false},"excerpt":{"rendered":"<p>Del 25 de septiembre al 3 de octubre, Hola M\u00e9xico Film Festival llevar\u00e1 m\u00e1s de 20 largometrajes mexicanos a Hollywood, DTLA, Pico Rivera y Culver City. Su edici\u00f3n 18 combina estrenos recientes, documental, terror, cine familiar, una recuperaci\u00f3n de Los Olvidados y dos series de Amazon. Celebrado durante el Mes de la Herencia Hispana, el [&hellip;]<\/p>\n","protected":false},"author":1,"featured_media":9792,"comment_status":"closed","ping_status":"closed","sticky":false,"template":"","format":"standard","meta":{"footnotes":""},"categories":[606],"tags":[2927,496,4766,4636,4581,4008,1906,4637,2838],"class_list":["post-9791","post","type-post","status-publish","format-standard","has-post-thumbnail","hentry","category-festival","tag-cine-mexicano","tag-equal-media","tag-eugenio-derbez","tag-hola-mexico-film-festival","tag-latin-us","tag-los-angeles-2","tag-luis-bunuel","tag-mes-de-la-herencia-hispana","tag-zoe-2"],"yoast_head":"<!-- This site is optimized with the Yoast SEO plugin v26.6 - https:\/\/yoast.com\/wordpress\/plugins\/seo\/ -->\n<title>Hola M\u00e9xico Film Festival 2026: pel\u00edculas y fechas<\/title>\n<meta name=\"description\" content=\"Hola M\u00e9xico Film Festival celebra su edici\u00f3n 18 en Los \u00c1ngeles del 25 de septiembre al 3 de octubre con m\u00e1s de 20 largometrajes y estrenos de series.\" \/>\n<meta name=\"robots\" content=\"index, follow, max-snippet:-1, max-image-preview:large, max-video-preview:-1\" \/>\n<link rel=\"canonical\" href=\"https:\/\/www.equalmedia.mx\/site\/festival\/hola-mexico-film-festival-2026-2\/\" \/>\n<meta property=\"og:locale\" content=\"es_ES\" \/>\n<meta property=\"og:type\" content=\"article\" \/>\n<meta property=\"og:title\" content=\"Hola M\u00e9xico Film Festival 2026: pel\u00edculas y fechas\" \/>\n<meta property=\"og:description\" content=\"Hola M\u00e9xico Film Festival celebra su edici\u00f3n 18 en Los \u00c1ngeles del 25 de septiembre al 3 de octubre con m\u00e1s de 20 largometrajes y estrenos de series.\" \/>\n<meta property=\"og:url\" content=\"https:\/\/www.equalmedia.mx\/site\/festival\/hola-mexico-film-festival-2026-2\/\" \/>\n<meta property=\"og:site_name\" content=\"EQUAL MUSIC | Cultura Latina en Movimiento\" \/>\n<meta property=\"article:published_time\" content=\"2026-09-01T19:20:32+00:00\" \/>\n<meta property=\"article:modified_time\" content=\"2026-09-01T19:20:33+00:00\" \/>\n<meta property=\"og:image\" content=\"https:\/\/www.equalmedia.mx\/site\/wp-content\/uploads\/2026\/09\/PosterHMFF26.jpeg\" \/>\n\t<meta property=\"og:image:width\" content=\"1200\" \/>\n\t<meta property=\"og:image:height\" content=\"1600\" \/>\n\t<meta property=\"og:image:type\" content=\"image\/jpeg\" \/>\n<meta name=\"author\" content=\"Equal Media\" \/>\n<meta name=\"twitter:card\" content=\"summary_large_image\" \/>\n<meta name=\"twitter:label1\" content=\"Escrito por\" \/>\n\t<meta name=\"twitter:data1\" content=\"Equal Media\" \/>\n\t<meta name=\"twitter:label2\" content=\"Tiempo de lectura\" \/>\n\t<meta name=\"twitter:data2\" content=\"6 minutos\" \/>\n<script type=\"application\/ld+json\" class=\"yoast-schema-graph\">{\"@context\":\"https:\/\/schema.org\",\"@graph\":[{\"@type\":\"Article\",\"@id\":\"https:\/\/www.equalmedia.mx\/site\/festival\/hola-mexico-film-festival-2026-2\/#article\",\"isPartOf\":{\"@id\":\"https:\/\/www.equalmedia.mx\/site\/festival\/hola-mexico-film-festival-2026-2\/\"},\"author\":{\"name\":\"Equal Media\",\"@id\":\"https:\/\/www.equalmedia.mx\/site\/#\/schema\/person\/41b6e60d650a80262fa6b5189bbb9f20\"},\"headline\":\"Hola M\u00e9xico Film Festival 2026 convierte Los \u00c1ngeles en vitrina del nuevo cine mexicano\",\"datePublished\":\"2026-09-01T19:20:32+00:00\",\"dateModified\":\"2026-09-01T19:20:33+00:00\",\"mainEntityOfPage\":{\"@id\":\"https:\/\/www.equalmedia.mx\/site\/festival\/hola-mexico-film-festival-2026-2\/\"},\"wordCount\":1298,\"publisher\":{\"@id\":\"https:\/\/www.equalmedia.mx\/site\/#organization\"},\"image\":{\"@id\":\"https:\/\/www.equalmedia.mx\/site\/festival\/hola-mexico-film-festival-2026-2\/#primaryimage\"},\"thumbnailUrl\":\"https:\/\/www.equalmedia.mx\/site\/wp-content\/uploads\/2026\/09\/PosterHMFF26.jpeg\",\"keywords\":[\"cine mexicano\",\"equal media\",\"Eugenio Derbez\",\"Hola M\u00e9xico Film Festival\",\"Latin US\",\"Los \u00c1ngeles\",\"Luis Bu\u00f1uel\",\"Mes de la Herencia Hispana\",\"Zo\u00e9\"],\"articleSection\":[\"Festival\"],\"inLanguage\":\"es\"},{\"@type\":\"WebPage\",\"@id\":\"https:\/\/www.equalmedia.mx\/site\/festival\/hola-mexico-film-festival-2026-2\/\",\"url\":\"https:\/\/www.equalmedia.mx\/site\/festival\/hola-mexico-film-festival-2026-2\/\",\"name\":\"Hola M\u00e9xico Film Festival 2026: pel\u00edculas y fechas\",\"isPartOf\":{\"@id\":\"https:\/\/www.equalmedia.mx\/site\/#website\"},\"primaryImageOfPage\":{\"@id\":\"https:\/\/www.equalmedia.mx\/site\/festival\/hola-mexico-film-festival-2026-2\/#primaryimage\"},\"image\":{\"@id\":\"https:\/\/www.equalmedia.mx\/site\/festival\/hola-mexico-film-festival-2026-2\/#primaryimage\"},\"thumbnailUrl\":\"https:\/\/www.equalmedia.mx\/site\/wp-content\/uploads\/2026\/09\/PosterHMFF26.jpeg\",\"datePublished\":\"2026-09-01T19:20:32+00:00\",\"dateModified\":\"2026-09-01T19:20:33+00:00\",\"description\":\"Hola M\u00e9xico Film Festival celebra su edici\u00f3n 18 en Los \u00c1ngeles del 25 de septiembre al 3 de octubre con m\u00e1s de 20 largometrajes y estrenos de series.\",\"breadcrumb\":{\"@id\":\"https:\/\/www.equalmedia.mx\/site\/festival\/hola-mexico-film-festival-2026-2\/#breadcrumb\"},\"inLanguage\":\"es\",\"potentialAction\":[{\"@type\":\"ReadAction\",\"target\":[\"https:\/\/www.equalmedia.mx\/site\/festival\/hola-mexico-film-festival-2026-2\/\"]}]},{\"@type\":\"ImageObject\",\"inLanguage\":\"es\",\"@id\":\"https:\/\/www.equalmedia.mx\/site\/festival\/hola-mexico-film-festival-2026-2\/#primaryimage\",\"url\":\"https:\/\/www.equalmedia.mx\/site\/wp-content\/uploads\/2026\/09\/PosterHMFF26.jpeg\",\"contentUrl\":\"https:\/\/www.equalmedia.mx\/site\/wp-content\/uploads\/2026\/09\/PosterHMFF26.jpeg\",\"width\":1200,\"height\":1600},{\"@type\":\"BreadcrumbList\",\"@id\":\"https:\/\/www.equalmedia.mx\/site\/festival\/hola-mexico-film-festival-2026-2\/#breadcrumb\",\"itemListElement\":[{\"@type\":\"ListItem\",\"position\":1,\"name\":\"Inicio\",\"item\":\"https:\/\/www.equalmedia.mx\/site\/\"},{\"@type\":\"ListItem\",\"position\":2,\"name\":\"Hola M\u00e9xico Film Festival 2026 convierte Los \u00c1ngeles en vitrina del nuevo cine mexicano\"}]},{\"@type\":\"WebSite\",\"@id\":\"https:\/\/www.equalmedia.mx\/site\/#website\",\"url\":\"https:\/\/www.equalmedia.mx\/site\/\",\"name\":\"EQUAL MUSIC | Cultura Latina en Movimiento\",\"description\":\"Ritmo en movimiento.\",\"publisher\":{\"@id\":\"https:\/\/www.equalmedia.mx\/site\/#organization\"},\"potentialAction\":[{\"@type\":\"SearchAction\",\"target\":{\"@type\":\"EntryPoint\",\"urlTemplate\":\"https:\/\/www.equalmedia.mx\/site\/?s={search_term_string}\"},\"query-input\":{\"@type\":\"PropertyValueSpecification\",\"valueRequired\":true,\"valueName\":\"search_term_string\"}}],\"inLanguage\":\"es\"},{\"@type\":\"Organization\",\"@id\":\"https:\/\/www.equalmedia.mx\/site\/#organization\",\"name\":\"EQUAL MUSIC | Cultura Latina en Movimiento\",\"url\":\"https:\/\/www.equalmedia.mx\/site\/\",\"logo\":{\"@type\":\"ImageObject\",\"inLanguage\":\"es\",\"@id\":\"https:\/\/www.equalmedia.mx\/site\/#\/schema\/logo\/image\/\",\"url\":\"https:\/\/www.equalmedia.mx\/site\/wp-content\/uploads\/2021\/07\/logoblanco.png\",\"contentUrl\":\"https:\/\/www.equalmedia.mx\/site\/wp-content\/uploads\/2021\/07\/logoblanco.png\",\"width\":1920,\"height\":589,\"caption\":\"EQUAL MUSIC | Cultura Latina en Movimiento\"},\"image\":{\"@id\":\"https:\/\/www.equalmedia.mx\/site\/#\/schema\/logo\/image\/\"}},{\"@type\":\"Person\",\"@id\":\"https:\/\/www.equalmedia.mx\/site\/#\/schema\/person\/41b6e60d650a80262fa6b5189bbb9f20\",\"name\":\"Equal Media\",\"image\":{\"@type\":\"ImageObject\",\"inLanguage\":\"es\",\"@id\":\"https:\/\/www.equalmedia.mx\/site\/#\/schema\/person\/image\/\",\"url\":\"https:\/\/secure.gravatar.com\/avatar\/51c3f8f080f557c61349ab37ab35c9f967b3b271510dd8ef0b9b16a3dd5a89e9?s=96&d=mm&r=g\",\"contentUrl\":\"https:\/\/secure.gravatar.com\/avatar\/51c3f8f080f557c61349ab37ab35c9f967b3b271510dd8ef0b9b16a3dd5a89e9?s=96&d=mm&r=g\",\"caption\":\"Equal Media\"},\"description\":\"Equal Media es una productora y agencia de estrategia cultural transmedia que impulsa la visibilidad de la m\u00fasica y cultura latina a trav\u00e9s de contenidos originales, multiplataforma y con enfoque social. Con operaci\u00f3n desde Estados Unidos, M\u00e9xico y Colombia, Equal Media se ha consolidado como un actor clave en la narrativa documental, la curadur\u00eda musical y la creaci\u00f3n de formatos de alto impacto para audiencias latinas globales. Sus producciones incluyen Equal Music Sessions \u2014con m\u00e1s de 300 artistas programados en LATV Network\u2014, la serie Hunters y el documental 4TRO EL3MENTOS. Sus contenidos son emitidos en prime time en EE.UU. v\u00eda LATV y VOD, alcanzando m\u00e1s de 62 millones de hogares en mercados como Nueva York, Los \u00c1ngeles, Miami y Chicago. Equal Media ha estado presente con cobertura original y branded content en eventos como el Media Hub de los Latin Grammys, LAMC (NY), BIME (Bilbao, Bogot\u00e1), Vive Latino (CDMX), MIM LATAM, CAMM, entre otros hubs de la industria. Aliada de plataformas como Keychange, Femnoise, We Make Noise y la Municipalidad de Quilicura (Chile), Equal Media promueve una industria m\u00e1s equitativa, programando de forma activa proyectos liderados por mujeres, comunidades LGBTQ+ y sectores vulnerables. Bajo la direcci\u00f3n de Ulises Sanher \u2014reconocido por la UNAM y otras instituciones acad\u00e9micas por su labor cultural\u2014, Equal Media ha contribuido a formar nuevas audiencias desde la educaci\u00f3n, el activismo y la creatividad. Sanher ha sido invitado como speaker en foros como Circulart (COL), FIMPRO (MEX), Canadian Music Week (CAN), FME (CAN), SIM S\u00e3o Paulo (BR), MUPA (PAN), Corriente (PER) y Brasil Trends Conference. Tambi\u00e9n ha sido jurado externo de los Premios Rolling Stone en Espa\u00f1ol en Miami y ha ofrecido asesor\u00eda creativa en colaboraci\u00f3n con Berklee Valencia y la Asociaci\u00f3n de Supervisores Musicales.\",\"sameAs\":[\"https:\/\/www.equalmedia.mx\/\",\"https:\/\/www.instagram.com\/equal.music\",\"https:\/\/www.linkedin.com\/in\/ulises-sanher\/\",\"https:\/\/www.youtube.com\/@equalmusicworld\"],\"url\":\"https:\/\/www.equalmedia.mx\/site\/author\/admin\/\"}]}<\/script>\n<!-- \/ Yoast SEO plugin. -->","yoast_head_json":{"title":"Hola M\u00e9xico Film Festival 2026: pel\u00edculas y fechas","description":"Hola M\u00e9xico Film Festival celebra su edici\u00f3n 18 en Los \u00c1ngeles del 25 de septiembre al 3 de octubre con m\u00e1s de 20 largometrajes y estrenos de series.","robots":{"index":"index","follow":"follow","max-snippet":"max-snippet:-1","max-image-preview":"max-image-preview:large","max-video-preview":"max-video-preview:-1"},"canonical":"https:\/\/www.equalmedia.mx\/site\/festival\/hola-mexico-film-festival-2026-2\/","og_locale":"es_ES","og_type":"article","og_title":"Hola M\u00e9xico Film Festival 2026: pel\u00edculas y fechas","og_description":"Hola M\u00e9xico Film Festival celebra su edici\u00f3n 18 en Los \u00c1ngeles del 25 de septiembre al 3 de octubre con m\u00e1s de 20 largometrajes y estrenos de series.","og_url":"https:\/\/www.equalmedia.mx\/site\/festival\/hola-mexico-film-festival-2026-2\/","og_site_name":"EQUAL MUSIC | Cultura Latina en Movimiento","article_published_time":"2026-09-01T19:20:32+00:00","article_modified_time":"2026-09-01T19:20:33+00:00","og_image":[{"width":1200,"height":1600,"url":"https:\/\/www.equalmedia.mx\/site\/wp-content\/uploads\/2026\/09\/PosterHMFF26.jpeg","type":"image\/jpeg"}],"author":"Equal Media","twitter_card":"summary_large_image","twitter_misc":{"Escrito por":"Equal Media","Tiempo de lectura":"6 minutos"},"schema":{"@context":"https:\/\/schema.org","@graph":[{"@type":"Article","@id":"https:\/\/www.equalmedia.mx\/site\/festival\/hola-mexico-film-festival-2026-2\/#article","isPartOf":{"@id":"https:\/\/www.equalmedia.mx\/site\/festival\/hola-mexico-film-festival-2026-2\/"},"author":{"name":"Equal Media","@id":"https:\/\/www.equalmedia.mx\/site\/#\/schema\/person\/41b6e60d650a80262fa6b5189bbb9f20"},"headline":"Hola M\u00e9xico Film Festival 2026 convierte Los \u00c1ngeles en vitrina del nuevo cine mexicano","datePublished":"2026-09-01T19:20:32+00:00","dateModified":"2026-09-01T19:20:33+00:00","mainEntityOfPage":{"@id":"https:\/\/www.equalmedia.mx\/site\/festival\/hola-mexico-film-festival-2026-2\/"},"wordCount":1298,"publisher":{"@id":"https:\/\/www.equalmedia.mx\/site\/#organization"},"image":{"@id":"https:\/\/www.equalmedia.mx\/site\/festival\/hola-mexico-film-festival-2026-2\/#primaryimage"},"thumbnailUrl":"https:\/\/www.equalmedia.mx\/site\/wp-content\/uploads\/2026\/09\/PosterHMFF26.jpeg","keywords":["cine mexicano","equal media","Eugenio Derbez","Hola M\u00e9xico Film Festival","Latin US","Los \u00c1ngeles","Luis Bu\u00f1uel","Mes de la Herencia Hispana","Zo\u00e9"],"articleSection":["Festival"],"inLanguage":"es"},{"@type":"WebPage","@id":"https:\/\/www.equalmedia.mx\/site\/festival\/hola-mexico-film-festival-2026-2\/","url":"https:\/\/www.equalmedia.mx\/site\/festival\/hola-mexico-film-festival-2026-2\/","name":"Hola M\u00e9xico Film Festival 2026: pel\u00edculas y fechas","isPartOf":{"@id":"https:\/\/www.equalmedia.mx\/site\/#website"},"primaryImageOfPage":{"@id":"https:\/\/www.equalmedia.mx\/site\/festival\/hola-mexico-film-festival-2026-2\/#primaryimage"},"image":{"@id":"https:\/\/www.equalmedia.mx\/site\/festival\/hola-mexico-film-festival-2026-2\/#primaryimage"},"thumbnailUrl":"https:\/\/www.equalmedia.mx\/site\/wp-content\/uploads\/2026\/09\/PosterHMFF26.jpeg","datePublished":"2026-09-01T19:20:32+00:00","dateModified":"2026-09-01T19:20:33+00:00","description":"Hola M\u00e9xico Film Festival celebra su edici\u00f3n 18 en Los \u00c1ngeles del 25 de septiembre al 3 de octubre con m\u00e1s de 20 largometrajes y estrenos de series.","breadcrumb":{"@id":"https:\/\/www.equalmedia.mx\/site\/festival\/hola-mexico-film-festival-2026-2\/#breadcrumb"},"inLanguage":"es","potentialAction":[{"@type":"ReadAction","target":["https:\/\/www.equalmedia.mx\/site\/festival\/hola-mexico-film-festival-2026-2\/"]}]},{"@type":"ImageObject","inLanguage":"es","@id":"https:\/\/www.equalmedia.mx\/site\/festival\/hola-mexico-film-festival-2026-2\/#primaryimage","url":"https:\/\/www.equalmedia.mx\/site\/wp-content\/uploads\/2026\/09\/PosterHMFF26.jpeg","contentUrl":"https:\/\/www.equalmedia.mx\/site\/wp-content\/uploads\/2026\/09\/PosterHMFF26.jpeg","width":1200,"height":1600},{"@type":"BreadcrumbList","@id":"https:\/\/www.equalmedia.mx\/site\/festival\/hola-mexico-film-festival-2026-2\/#breadcrumb","itemListElement":[{"@type":"ListItem","position":1,"name":"Inicio","item":"https:\/\/www.equalmedia.mx\/site\/"},{"@type":"ListItem","position":2,"name":"Hola M\u00e9xico Film Festival 2026 convierte Los \u00c1ngeles en vitrina del nuevo cine mexicano"}]},{"@type":"WebSite","@id":"https:\/\/www.equalmedia.mx\/site\/#website","url":"https:\/\/www.equalmedia.mx\/site\/","name":"EQUAL MUSIC | Cultura Latina en Movimiento","description":"Ritmo en movimiento.","publisher":{"@id":"https:\/\/www.equalmedia.mx\/site\/#organization"},"potentialAction":[{"@type":"SearchAction","target":{"@type":"EntryPoint","urlTemplate":"https:\/\/www.equalmedia.mx\/site\/?s={search_term_string}"},"query-input":{"@type":"PropertyValueSpecification","valueRequired":true,"valueName":"search_term_string"}}],"inLanguage":"es"},{"@type":"Organization","@id":"https:\/\/www.equalmedia.mx\/site\/#organization","name":"EQUAL MUSIC | Cultura Latina en Movimiento","url":"https:\/\/www.equalmedia.mx\/site\/","logo":{"@type":"ImageObject","inLanguage":"es","@id":"https:\/\/www.equalmedia.mx\/site\/#\/schema\/logo\/image\/","url":"https:\/\/www.equalmedia.mx\/site\/wp-content\/uploads\/2021\/07\/logoblanco.png","contentUrl":"https:\/\/www.equalmedia.mx\/site\/wp-content\/uploads\/2021\/07\/logoblanco.png","width":1920,"height":589,"caption":"EQUAL MUSIC | Cultura Latina en Movimiento"},"image":{"@id":"https:\/\/www.equalmedia.mx\/site\/#\/schema\/logo\/image\/"}},{"@type":"Person","@id":"https:\/\/www.equalmedia.mx\/site\/#\/schema\/person\/41b6e60d650a80262fa6b5189bbb9f20","name":"Equal Media","image":{"@type":"ImageObject","inLanguage":"es","@id":"https:\/\/www.equalmedia.mx\/site\/#\/schema\/person\/image\/","url":"https:\/\/secure.gravatar.com\/avatar\/51c3f8f080f557c61349ab37ab35c9f967b3b271510dd8ef0b9b16a3dd5a89e9?s=96&d=mm&r=g","contentUrl":"https:\/\/secure.gravatar.com\/avatar\/51c3f8f080f557c61349ab37ab35c9f967b3b271510dd8ef0b9b16a3dd5a89e9?s=96&d=mm&r=g","caption":"Equal Media"},"description":"Equal Media es una productora y agencia de estrategia cultural transmedia que impulsa la visibilidad de la m\u00fasica y cultura latina a trav\u00e9s de contenidos originales, multiplataforma y con enfoque social. Con operaci\u00f3n desde Estados Unidos, M\u00e9xico y Colombia, Equal Media se ha consolidado como un actor clave en la narrativa documental, la curadur\u00eda musical y la creaci\u00f3n de formatos de alto impacto para audiencias latinas globales. Sus producciones incluyen Equal Music Sessions \u2014con m\u00e1s de 300 artistas programados en LATV Network\u2014, la serie Hunters y el documental 4TRO EL3MENTOS. Sus contenidos son emitidos en prime time en EE.UU. v\u00eda LATV y VOD, alcanzando m\u00e1s de 62 millones de hogares en mercados como Nueva York, Los \u00c1ngeles, Miami y Chicago. Equal Media ha estado presente con cobertura original y branded content en eventos como el Media Hub de los Latin Grammys, LAMC (NY), BIME (Bilbao, Bogot\u00e1), Vive Latino (CDMX), MIM LATAM, CAMM, entre otros hubs de la industria. Aliada de plataformas como Keychange, Femnoise, We Make Noise y la Municipalidad de Quilicura (Chile), Equal Media promueve una industria m\u00e1s equitativa, programando de forma activa proyectos liderados por mujeres, comunidades LGBTQ+ y sectores vulnerables. Bajo la direcci\u00f3n de Ulises Sanher \u2014reconocido por la UNAM y otras instituciones acad\u00e9micas por su labor cultural\u2014, Equal Media ha contribuido a formar nuevas audiencias desde la educaci\u00f3n, el activismo y la creatividad. Sanher ha sido invitado como speaker en foros como Circulart (COL), FIMPRO (MEX), Canadian Music Week (CAN), FME (CAN), SIM S\u00e3o Paulo (BR), MUPA (PAN), Corriente (PER) y Brasil Trends Conference. Tambi\u00e9n ha sido jurado externo de los Premios Rolling Stone en Espa\u00f1ol en Miami y ha ofrecido asesor\u00eda creativa en colaboraci\u00f3n con Berklee Valencia y la Asociaci\u00f3n de Supervisores Musicales.","sameAs":["https:\/\/www.equalmedia.mx\/","https:\/\/www.instagram.com\/equal.music","https:\/\/www.linkedin.com\/in\/ulises-sanher\/","https:\/\/www.youtube.com\/@equalmusicworld"],"url":"https:\/\/www.equalmedia.mx\/site\/author\/admin\/"}]}},"_links":{"self":[{"href":"https:\/\/www.equalmedia.mx\/site\/wp-json\/wp\/v2\/posts\/9791","targetHints":{"allow":["GET"]}}],"collection":[{"href":"https:\/\/www.equalmedia.mx\/site\/wp-json\/wp\/v2\/posts"}],"about":[{"href":"https:\/\/www.equalmedia.mx\/site\/wp-json\/wp\/v2\/types\/post"}],"author":[{"embeddable":true,"href":"https:\/\/www.equalmedia.mx\/site\/wp-json\/wp\/v2\/users\/1"}],"replies":[{"embeddable":true,"href":"https:\/\/www.equalmedia.mx\/site\/wp-json\/wp\/v2\/comments?post=9791"}],"version-history":[{"count":1,"href":"https:\/\/www.equalmedia.mx\/site\/wp-json\/wp\/v2\/posts\/9791\/revisions"}],"predecessor-version":[{"id":9795,"href":"https:\/\/www.equalmedia.mx\/site\/wp-json\/wp\/v2\/posts\/9791\/revisions\/9795"}],"wp:featuredmedia":[{"embeddable":true,"href":"https:\/\/www.equalmedia.mx\/site\/wp-json\/wp\/v2\/media\/9792"}],"wp:attachment":[{"href":"https:\/\/www.equalmedia.mx\/site\/wp-json\/wp\/v2\/media?parent=9791"}],"wp:term":[{"taxonomy":"category","embeddable":true,"href":"https:\/\/www.equalmedia.mx\/site\/wp-json\/wp\/v2\/categories?post=9791"},{"taxonomy":"post_tag","embeddable":true,"href":"https:\/\/www.equalmedia.mx\/site\/wp-json\/wp\/v2\/tags?post=9791"}],"curies":[{"name":"wp","href":"https:\/\/api.w.org\/{rel}","templated":true}]}}