{"id":9800,"date":"2026-09-05T02:47:07","date_gmt":"2026-09-05T02:47:07","guid":{"rendered":"https:\/\/www.equalmedia.mx\/site\/?p=9800"},"modified":"2026-09-05T02:47:08","modified_gmt":"2026-09-05T02:47:08","slug":"premios-juventud-2026-ganadores","status":"publish","type":"post","link":"https:\/\/www.equalmedia.mx\/site\/premios\/premios-juventud-2026-ganadores\/","title":{"rendered":"Premios Juventud 2026 cambi\u00f3 de continente y ampli\u00f3 el mapa: todos los ganadores y lo que dej\u00f3 Marbella"},"content":{"rendered":"\n<h4 class=\"wp-block-heading has-black-color has-text-color has-link-color wp-elements-feac8ec643e7751ac282e7e621b0dd3d\">La edici\u00f3n 23 de Premios Juventud fue tambi\u00e9n la primera celebrada en Europa. Los resultados repartieron el protagonismo entre cinco m\u00e1ximos ganadores, mientras Marbella dio mayor visibilidad a Espa\u00f1a dentro de una premiaci\u00f3n donde convivieron urbano, bachata, pop, m\u00fasica mexicana, electr\u00f3nica y cultura digital.<\/h4>\n\n\n\n<p>Premios Juventud celebr\u00f3 el 3 de septiembre de 2026 una edici\u00f3n distinta desde su punto de partida. Por primera vez en sus 23 entregas, la ceremonia se realiz\u00f3 en Europa: <strong>Starlite Marbella, en Andaluc\u00eda<\/strong>, recibi\u00f3 una gala conducida por Alejandra Espinoza, Clarissa Molina y Jes\u00fas V\u00e1zquez, con 338 nominados distribuidos en 50 categor\u00edas elegidas mediante voto del p\u00fablico.<\/p>\n\n\n\n<p>El cambio de sede termin\u00f3 reflej\u00e1ndose tambi\u00e9n dentro de los resultados y del escenario. Espa\u00f1a gan\u00f3 presencia con Aitana, Quevedo y Lola Lolita; la m\u00fasica mexicana apareci\u00f3 repartida entre generaciones y estilos; la bachata concentr\u00f3 tres victorias alrededor del proyecto conjunto de Romeo Santos y Prince Royce; y nombres como Shakira, Bad Bunny y Karol G mantuvieron el peso de los grandes cat\u00e1logos globales.<\/p>\n\n\n\n<p>La noche tampoco produjo un \u00fanico ganador dominante. <strong>Shakira, Aitana, Alejandro Fern\u00e1ndez, Romeo Santos y Prince Royce terminaron con tres premios cada uno<\/strong>, aunque llegaron a esa cifra desde lugares muy distintos. Bad Bunny gan\u00f3 dos, incluido Artista Premios Juventud Masculino, mientras Karol G se llev\u00f3 \u00c1lbum del A\u00f1o con <em>Tropicoqueta<\/em>.<\/p>\n\n\n\n<h2 class=\"wp-block-heading has-text-align-center has-black-color has-text-color has-link-color wp-elements-26935785d9452998639c79efa80cb15b\">Cinco m\u00e1ximos ganadores, cinco formas distintas de ocupar la noche<\/h2>\n\n\n\n<p>Shakira gan\u00f3 <strong>Artista Premios Juventud Femenina<\/strong>, Mejor Canci\u00f3n Pop por \u201cB\u00e9same\u201d junto a Alejandro Sanz y Colaboraci\u00f3n OMG por \u201cDai Dai\u201d con Burna Boy. Aitana convirti\u00f3 la primera edici\u00f3n europea en una noche especialmente fuerte para el pop espa\u00f1ol: <em>Cuarto azul<\/em> fue Mejor \u00c1lbum Pop, \u201cSuperestrella\u201d gan\u00f3 Mejor Euro-Song y la artista comparti\u00f3 Couple Goals con Plex.<\/p>\n\n\n\n<p>Romeo Santos y Prince Royce construyeron sus tres victorias alrededor del mismo proyecto. <em>Better Late Than Never<\/em> gan\u00f3 Mejor \u00c1lbum Tropical; \u201cDardos\u201d, Tropical Hit; y \u201cLokita por m\u00ed\u201d, Tropical Mix. En lugar de dispersarse entre categor\u00edas, su resultado concentr\u00f3 la atenci\u00f3n sobre una colaboraci\u00f3n que coloc\u00f3 nuevamente a la bachata entre los centros musicales de la noche.<\/p>\n\n\n\n<p>Alejandro Fern\u00e1ndez lleg\u00f3 a tres premios atravesando territorios distintos: \u201cMe est\u00e1 doliendo\u201d, junto a Car\u00edn Le\u00f3n, gan\u00f3 Mi Track Favorito; \u201cSin despedida\u201d, con Carlos Rivera, Mejor Canci\u00f3n Pop Balada; y \u201cEl rey\u201d, junto a Vicente Fern\u00e1ndez, Mejor Canci\u00f3n Banda M\u00fasica Mexicana.<\/p>\n\n\n\n<p>Bad Bunny fue elegido <strong>Artista Premios Juventud Masculino<\/strong> y su <em>Deb\u00ed Tirar M\u00e1s Fotos World Tour<\/em> gan\u00f3 Mejor Tour. Karol G obtuvo \u00c1lbum del A\u00f1o por <em>Tropicoqueta<\/em> y comparti\u00f3 con Feid el triunfo de \u201cVerano rosa\u201d como Mejor Canci\u00f3n Urbano Rhythmic. Bizarrap gan\u00f3 Productor del A\u00f1o y, junto a Daddy Yankee, Mejor Urban Track por \u201cBZRP Music Sessions, Vol. 0\/66\u201d.<\/p>\n\n\n\n<p>La m\u00fasica mexicana, por su parte, apareci\u00f3 como un ecosistema m\u00e1s amplio que una sola categor\u00eda. <strong>Car\u00edn Le\u00f3n<\/strong> gan\u00f3 Mejor \u00c1lbum M\u00fasica Mexicana con <em>Palabra de to&#8217;s (seca)<\/em>; <strong>Camila Fern\u00e1ndez<\/strong>, Mariachi por \u201cRetumbando en el cora\u201d; <strong>Calibre 50<\/strong>, Norte\u00f1o con \u201cMe enamor\u00e9 solo\u201d; <strong>Grupo Firme y Grupo Frontera<\/strong>, Mejor Colaboraci\u00f3n con \u201cModo dif\u00edcil\u201d; y <strong>Xavi y Grupo Frontera<\/strong>, Mejor Fusi\u00f3n con \u201cNo capea\u201d. Omar Camacho fue elegido La Nueva Generaci\u00f3n M\u00fasica Mexicana.<\/p>\n\n\n\n<p>El resultado permite observar algo m\u00e1s interesante que una suma de trofeos. Mariachi, norte\u00f1o, banda, colaboraciones h\u00edbridas y nuevos artistas convivieron dentro del mismo bloque mexicano, mientras Humbe gan\u00f3 Mejor Canci\u00f3n Pop \u2013 Nueva Generaci\u00f3n con \u201cMorfina\u201d, demostrando tambi\u00e9n que la presencia mexicana no termina en las categor\u00edas etiquetadas como m\u00fasica mexicana.<\/p>\n\n\n\n<figure class=\"wp-block-embed aligncenter is-type-video is-provider-youtube wp-block-embed-youtube wp-embed-aspect-16-9 wp-has-aspect-ratio\"><div class=\"wp-block-embed__wrapper\">\n<iframe title=\"Los mejores momentos de Premios Juventud 2026\" width=\"1300\" height=\"731\" data-src=\"https:\/\/www.youtube.com\/embed\/39_kTlLX4j8?feature=oembed\" frameborder=\"0\" allow=\"accelerometer; autoplay; clipboard-write; encrypted-media; gyroscope; picture-in-picture; web-share\" referrerpolicy=\"strict-origin-when-cross-origin\" allowfullscreen src=\"data:image\/svg+xml;base64,PHN2ZyB3aWR0aD0iMSIgaGVpZ2h0PSIxIiB4bWxucz0iaHR0cDovL3d3dy53My5vcmcvMjAwMC9zdmciPjwvc3ZnPg==\" class=\"lazyload\" data-load-mode=\"1\"><\/iframe>\n<\/div><\/figure>\n\n\n\n<h2 class=\"wp-block-heading has-text-align-center has-black-color has-text-color has-link-color wp-elements-5fedb76d77b971945639f9fc4e1c69d0\">El escenario cont\u00f3 otra historia: estrenos, cruces y regresos<\/h2>\n\n\n\n<p>La ceremonia utiliz\u00f3 sus performances para construir conexiones menos previsibles. <strong>Camilo present\u00f3 el lanzamiento global de \u201c\u00c1rbol\u201d<\/strong>, adelanto de <em>Para cuando sean mayores<\/em>; Natanael Cano llev\u00f3 a televisi\u00f3n \u201cMar Azul\u201d y \u201cCR7\u201d; y Yandel traslad\u00f3 parte de su repertorio a un formato con orquesta sinf\u00f3nica.<\/p>\n\n\n\n<p>Quevedo y Elvis Crespo debutaron en Premios Juventud durante la misma edici\u00f3n. El espa\u00f1ol recorri\u00f3 \u201cColumbia\u201d, \u201cAl Golpito\u201d y \u201cLa Graciosa\u201d, mientras Crespo particip\u00f3 en \u201cLa Graciosa\u201d y present\u00f3 \u201cPa\u2019 Bailar\u201d. El cruce entre urbano espa\u00f1ol y merengue termin\u00f3 siendo una de las im\u00e1genes que mejor resumieron la intenci\u00f3n internacional de Marbella.<\/p>\n\n\n\n<p><strong>La Oreja de Van Gogh, nuevamente con Amaia Montero como vocalista, debut\u00f3 en la premiaci\u00f3n interpretando \u201cRosas\u201d<\/strong>. La banda tambi\u00e9n recibi\u00f3 el reconocimiento Agente de Cambio junto a Antonio Banderas, Marc Anthony y Yandel.<\/p>\n\n\n\n<p>Marc Anthony recorri\u00f3 \u201cAguanile\u201d, \u201cVali\u00f3 la pena\u201d, \u201cPa&#8217; ya voy\u201d y \u201cVivir mi vida\u201d; \u00c1ngela Aguilar interpret\u00f3 \u201cCielito lindo\u201d acompa\u00f1ada por banda sinf\u00f3nica y mariachi; y Santos Bravos, ganadores de Grupo o D\u00fao Favorito del A\u00f1o y La Nueva Generaci\u00f3n Masculina, debutaron con \u201cVelocidade\u201d.<\/p>\n\n\n\n<p>La llegada a Marbella no redefine por s\u00ed sola el mercado latino, pero s\u00ed hizo visible un cruce que lleva tiempo ocurriendo: artistas de Espa\u00f1a compartiendo categor\u00edas, colaboraciones y escenario con escenas de M\u00e9xico, el Caribe, Sudam\u00e9rica y el mercado latino de Estados Unidos. La primera edici\u00f3n europea de Premios Juventud convirti\u00f3 esa circulaci\u00f3n en parte expl\u00edcita de la premiaci\u00f3n.<\/p>\n\n\n\n<h2 class=\"wp-block-heading has-text-align-center has-black-color has-text-color has-link-color wp-elements-5db7cbbdfc4e1c57c08605e8ffeb9c5c\">Lista completa de ganadores de Premios Juventud 2026<\/h2>\n\n\n\n<p>Premios Juventud entreg\u00f3 reconocimientos en <strong>50 categor\u00edas<\/strong>. Estos son todos los ganadores confirmados en la edici\u00f3n 2026.<\/p>\n\n\n\n<ol class=\"wp-block-list\">\n<li><strong>Artista Premios Juventud Femenina:<\/strong> Shakira<\/li>\n\n\n\n<li><strong>Artista Premios Juventud Masculino:<\/strong> Bad Bunny<\/li>\n\n\n\n<li><strong>\u00c1lbum del A\u00f1o:<\/strong> <em>Tropicoqueta<\/em> \u2014 Karol G<\/li>\n\n\n\n<li><strong>Grupo o D\u00fao Favorito del A\u00f1o:<\/strong> Santos Bravos<\/li>\n\n\n\n<li><strong>La Nueva Generaci\u00f3n Femenina:<\/strong> Aria Vega<\/li>\n\n\n\n<li><strong>La Nueva Generaci\u00f3n Masculina:<\/strong> Santos Bravos<\/li>\n\n\n\n<li><strong>La Nueva Generaci\u00f3n M\u00fasica Mexicana:<\/strong> Omar Camacho<\/li>\n\n\n\n<li><strong>Mi Track Favorito:<\/strong> \u201cMe est\u00e1 doliendo\u201d \u2014 Car\u00edn Le\u00f3n &amp; Alejandro Fern\u00e1ndez<\/li>\n\n\n\n<li><strong>Mejor \u00c1lbum Pop:<\/strong> <em>Cuarto azul<\/em> \u2014 Aitana<\/li>\n\n\n\n<li><strong>Mejor \u00c1lbum Urbano:<\/strong> <em>Do Not Disturb<\/em> \u2014 Young Miko<\/li>\n\n\n\n<li><strong>Mejor \u00c1lbum M\u00fasica Mexicana:<\/strong> <em>Palabra de to&#8217;s (seca)<\/em> \u2014 Car\u00edn Le\u00f3n<\/li>\n\n\n\n<li><strong>Mejor \u00c1lbum Tropical:<\/strong> <em>Better Late Than Never<\/em> \u2014 Romeo Santos &amp; Prince Royce<\/li>\n\n\n\n<li><strong>Mejor Tour:<\/strong> <em>Deb\u00ed Tirar M\u00e1s Fotos World Tour<\/em> \u2014 Bad Bunny<\/li>\n\n\n\n<li><strong>Productor del A\u00f1o:<\/strong> Bizarrap<\/li>\n\n\n\n<li><strong>Mejor Canci\u00f3n Pop:<\/strong> \u201cB\u00e9same\u201d \u2014 Alejandro Sanz &amp; Shakira<\/li>\n\n\n\n<li><strong>Mejor Canci\u00f3n Pop\/Urbano:<\/strong> \u201cBronceador\u201d \u2014 Maluma<\/li>\n\n\n\n<li><strong>Mejor Canci\u00f3n Pop\/Rhythmic:<\/strong> \u201cYo y t\u00fa\u201d \u2014 Ovy On The Drums, Quevedo &amp; Be\u00e9le<\/li>\n\n\n\n<li><strong>Mejor Canci\u00f3n Pop Balada:<\/strong> \u201cSin despedida\u201d \u2014 Carlos Rivera &amp; Alejandro Fern\u00e1ndez<\/li>\n\n\n\n<li><strong>Mejor Canci\u00f3n Pop Rock:<\/strong> \u201cSin ti\u201d \u2014 Morat &amp; Jay Wheeler<\/li>\n\n\n\n<li><strong>Mejor Canci\u00f3n Pop \u2013 Nueva Generaci\u00f3n:<\/strong> \u201cMorfina\u201d \u2014 Humbe<\/li>\n\n\n\n<li><strong>Mejor Euro-Song:<\/strong> \u201cSuperestrella\u201d \u2014 Aitana<\/li>\n\n\n\n<li><strong>Mejor Urban Track:<\/strong> \u201cDaddy Yankee: BZRP Music Sessions, Vol. 0\/66\u201d \u2014 Bizarrap &amp; Daddy Yankee<\/li>\n\n\n\n<li><strong>Mejor Mezcla Urbana:<\/strong> \u201cTonto\u201d \u2014 J Balvin, Ryan Castro &amp; DJ Snake<\/li>\n\n\n\n<li><strong>Mejor Canci\u00f3n Urbano Rhythmic:<\/strong> \u201cVerano rosa\u201d \u2014 Karol G &amp; Feid<\/li>\n\n\n\n<li><strong>Mejor Canci\u00f3n Urbano Trap:<\/strong> \u201cQue sensaci\u00f3n (remix)\u201d \u2014 Jezzy &amp; Arc\u00e1ngel<\/li>\n\n\n\n<li><strong>Mejor Canci\u00f3n Dembow:<\/strong> \u201cSaca punta\u201d \u2014 Arlene MC, Alofoke Music, Jey One &amp; La Mas Doll<\/li>\n\n\n\n<li><strong>Afrobeat Latino del A\u00f1o:<\/strong> \u201cEnemigos\u201d \u2014 Ozuna, Be\u00e9le &amp; Ovy On The Drums<\/li>\n\n\n\n<li><strong>Mejor Dance Track:<\/strong> \u201cYapaque\u201d \u2014 Farruko, Greeicy &amp; Steve Aoki<\/li>\n\n\n\n<li><strong>Tropical Hit:<\/strong> \u201cDardos\u201d \u2014 Romeo Santos &amp; Prince Royce<\/li>\n\n\n\n<li><strong>Tropical Mix:<\/strong> \u201cLokita por m\u00ed\u201d \u2014 Romeo Santos &amp; Prince Royce<\/li>\n\n\n\n<li><strong>Mejor Tema en Cumbia:<\/strong> \u201cCon otra\u201d \u2014 Cazzu<\/li>\n\n\n\n<li><strong>La Mezcla Perfecta:<\/strong> \u201cNo quiero hablar\u201d \u2014 \u00c1ngela Aguilar &amp; Marc Anthony<\/li>\n\n\n\n<li><strong>Girl Power:<\/strong> \u201cFifty Fifty\u201d \u2014 Kenia Os &amp; Lola Indigo<\/li>\n\n\n\n<li><strong>Colaboraci\u00f3n OMG:<\/strong> \u201cDai Dai\u201d \u2014 Shakira &amp; Burna Boy<\/li>\n\n\n\n<li><strong>Mejor Canci\u00f3n Norte\u00f1a M\u00fasica Mexicana:<\/strong> \u201cMe enamor\u00e9 solo\u201d \u2014 Calibre 50<\/li>\n\n\n\n<li><strong>Mejor Canci\u00f3n Mariachi M\u00fasica Mexicana:<\/strong> \u201cRetumbando en el cora\u201d \u2014 Camila Fern\u00e1ndez<\/li>\n\n\n\n<li><strong>Mejor Canci\u00f3n Banda M\u00fasica Mexicana:<\/strong> \u201cEl rey\u201d \u2014 Vicente Fern\u00e1ndez &amp; Alejandro Fern\u00e1ndez<\/li>\n\n\n\n<li><strong>Mejor Colaboraci\u00f3n M\u00fasica Mexicana:<\/strong> \u201cModo dif\u00edcil\u201d \u2014 Grupo Firme &amp; Grupo Frontera<\/li>\n\n\n\n<li><strong>Mejor Fusi\u00f3n M\u00fasica Mexicana:<\/strong> \u201cNo capea\u201d \u2014 Xavi &amp; Grupo Frontera<\/li>\n\n\n\n<li><strong>Creator del A\u00f1o:<\/strong> Stefanny Loaiza<\/li>\n\n\n\n<li><strong>Creator de Espa\u00f1a:<\/strong> Lola Lolita<\/li>\n\n\n\n<li><strong>Podcast del A\u00f1o:<\/strong> <em>Pinky Promise<\/em><\/li>\n\n\n\n<li><strong>Mejor LOL:<\/strong> Jenny Solares<\/li>\n\n\n\n<li><strong>#ModoAvi\u00f3n:<\/strong> Araya Vlogs<\/li>\n\n\n\n<li><strong>#GettingReadyWith:<\/strong> Valeria Villalobos<\/li>\n\n\n\n<li><strong>POV Futbolero:<\/strong> Mercedes Roa<\/li>\n\n\n\n<li><strong>Couple Goals:<\/strong> Aitana y Plex<\/li>\n\n\n\n<li><strong>Mi Actriz Favorita:<\/strong> Angelique Boyer \u2014 <em>Dom\u00e9nica Montero<\/em><\/li>\n\n\n\n<li><strong>Mi Actor Favorito:<\/strong> Gabriel Soto \u2014 <em>Monteverde<\/em><\/li>\n\n\n\n<li><strong>Me Enamoran:<\/strong> Angelique Boyer y Marcus Ornellas \u2014 <em>Dom\u00e9nica Montero<\/em><\/li>\n<\/ol>\n\n\n\n<h1 class=\"wp-block-heading has-text-align-center has-black-color has-text-color has-link-color wp-elements-3ff925b03fa3d785b9d6a4d6ffe6639b\">FAQ<\/h1>\n\n\n\n<h3 class=\"wp-block-heading\">\u00bfQui\u00e9nes fueron los artistas m\u00e1s premiados de Premios Juventud 2026?<\/h3>\n\n\n\n<p>Shakira, Aitana, Alejandro Fern\u00e1ndez, Romeo Santos y Prince Royce fueron los m\u00e1ximos ganadores de la edici\u00f3n con <strong>tres premios cada uno<\/strong>.<\/p>\n\n\n\n<h3 class=\"wp-block-heading\">\u00bfQui\u00e9n gan\u00f3 \u00c1lbum del A\u00f1o en Premios Juventud 2026?<\/h3>\n\n\n\n<p><strong>Karol G<\/strong> gan\u00f3 \u00c1lbum del A\u00f1o por <em>Tropicoqueta<\/em>. Tambi\u00e9n obtuvo Mejor Canci\u00f3n Urbano Rhythmic por \u201cVerano rosa\u201d junto a Feid.<\/p>\n\n\n\n<h3 class=\"wp-block-heading\">\u00bfQui\u00e9n gan\u00f3 Artista Premios Juventud Femenina y Masculino?<\/h3>\n\n\n\n<p><strong>Shakira<\/strong> gan\u00f3 Artista Premios Juventud Femenina y <strong>Bad Bunny<\/strong> fue elegido Artista Premios Juventud Masculino.<\/p>\n\n\n\n<h3 class=\"wp-block-heading\">\u00bfD\u00f3nde se celebraron los Premios Juventud 2026?<\/h3>\n\n\n\n<p>La edici\u00f3n 23 se celebr\u00f3 el <strong>3 de septiembre de 2026 en Starlite Marbella, Andaluc\u00eda, Espa\u00f1a<\/strong>. Fue la primera edici\u00f3n de Premios Juventud realizada en Europa.<\/p>\n\n\n\n<h3 class=\"wp-block-heading\"><\/h3>\n\n\n\n<h4 class=\"wp-block-heading has-black-color has-text-color has-link-color wp-elements-2aa1853ccf5c22c083bc1bac4cbe406b\"><strong><a href=\"https:\/\/www.instagram.com\/equal.music\/?hl=es-la\">Sigue en Equal Media las historias, artistas y movimientos que est\u00e1n redefiniendo la cultura latina global.<\/a><\/strong><\/h4>\n\n\n\n<p><\/p>\n","protected":false},"excerpt":{"rendered":"<p>La edici\u00f3n 23 de Premios Juventud fue tambi\u00e9n la primera celebrada en Europa. Los resultados repartieron el protagonismo entre cinco m\u00e1ximos ganadores, mientras Marbella dio mayor visibilidad a Espa\u00f1a dentro de una premiaci\u00f3n donde convivieron urbano, bachata, pop, m\u00fasica mexicana, electr\u00f3nica y cultura digital. Premios Juventud celebr\u00f3 el 3 de septiembre de 2026 una edici\u00f3n [&hellip;]<\/p>\n","protected":false},"author":1,"featured_media":9801,"comment_status":"closed","ping_status":"closed","sticky":false,"template":"","format":"standard","meta":{"footnotes":""},"categories":[757],"tags":[4775,4772,1206,496,4778,1210,4777,4771,4773,4776,4774,1205],"class_list":["post-9800","post","type-post","status-publish","format-standard","has-post-thumbnail","hentry","category-premios","tag-aitana","tag-alejandro-fernandez","tag-bad-bunny","tag-equal-media","tag-equal-meia","tag-karol-g","tag-marbella","tag-premios-juventud","tag-premios-juventud-2026","tag-prince-royce","tag-romeo-santos","tag-shakira"],"yoast_head":"<!-- This site is optimized with the Yoast SEO plugin v26.6 - https:\/\/yoast.com\/wordpress\/plugins\/seo\/ -->\n<title>Premios Juventud 2026: lista completa de ganadores<\/title>\n<meta name=\"description\" content=\"Premios Juventud 2026 celebr\u00f3 su primera edici\u00f3n en Europa. Consulta la lista completa de ganadores y los momentos clave desde Marbella.\" \/>\n<meta name=\"robots\" content=\"index, follow, max-snippet:-1, max-image-preview:large, max-video-preview:-1\" \/>\n<link rel=\"canonical\" href=\"https:\/\/www.equalmedia.mx\/site\/premios\/premios-juventud-2026-ganadores\/\" \/>\n<meta property=\"og:locale\" content=\"es_ES\" \/>\n<meta property=\"og:type\" content=\"article\" \/>\n<meta property=\"og:title\" content=\"Premios Juventud 2026: lista completa de ganadores\" \/>\n<meta property=\"og:description\" content=\"Premios Juventud 2026 celebr\u00f3 su primera edici\u00f3n en Europa. Consulta la lista completa de ganadores y los momentos clave desde Marbella.\" \/>\n<meta property=\"og:url\" content=\"https:\/\/www.equalmedia.mx\/site\/premios\/premios-juventud-2026-ganadores\/\" \/>\n<meta property=\"og:site_name\" content=\"EQUAL MUSIC | Cultura Latina en Movimiento\" \/>\n<meta property=\"article:published_time\" content=\"2026-09-05T02:47:07+00:00\" \/>\n<meta property=\"article:modified_time\" content=\"2026-09-05T02:47:08+00:00\" \/>\n<meta name=\"author\" content=\"Equal Media\" \/>\n<meta name=\"twitter:card\" content=\"summary_large_image\" \/>\n<meta name=\"twitter:label1\" content=\"Escrito por\" \/>\n\t<meta name=\"twitter:data1\" content=\"Equal Media\" \/>\n\t<meta name=\"twitter:label2\" content=\"Tiempo de lectura\" \/>\n\t<meta name=\"twitter:data2\" content=\"7 minutos\" \/>\n<script type=\"application\/ld+json\" class=\"yoast-schema-graph\">{\"@context\":\"https:\/\/schema.org\",\"@graph\":[{\"@type\":\"Article\",\"@id\":\"https:\/\/www.equalmedia.mx\/site\/premios\/premios-juventud-2026-ganadores\/#article\",\"isPartOf\":{\"@id\":\"https:\/\/www.equalmedia.mx\/site\/premios\/premios-juventud-2026-ganadores\/\"},\"author\":{\"name\":\"Equal Media\",\"@id\":\"https:\/\/www.equalmedia.mx\/site\/#\/schema\/person\/41b6e60d650a80262fa6b5189bbb9f20\"},\"headline\":\"Premios Juventud 2026 cambi\u00f3 de continente y ampli\u00f3 el mapa: todos los ganadores y lo que dej\u00f3 Marbella\",\"datePublished\":\"2026-09-05T02:47:07+00:00\",\"dateModified\":\"2026-09-05T02:47:08+00:00\",\"mainEntityOfPage\":{\"@id\":\"https:\/\/www.equalmedia.mx\/site\/premios\/premios-juventud-2026-ganadores\/\"},\"wordCount\":1538,\"publisher\":{\"@id\":\"https:\/\/www.equalmedia.mx\/site\/#organization\"},\"image\":{\"@id\":\"https:\/\/www.equalmedia.mx\/site\/premios\/premios-juventud-2026-ganadores\/#primaryimage\"},\"thumbnailUrl\":\"https:\/\/www.equalmedia.mx\/site\/wp-content\/uploads\/2026\/09\/6HXCDQY7KNCJFEZPUEZ2M2AVC4.avif\",\"keywords\":[\"Aitana\",\"Alejandro Fern\u00e1ndez\",\"Bad Bunny\",\"equal media\",\"Equal Meia\",\"Karol G\",\"Marbella\",\"Premios Juventud\",\"Premios Juventud 2026\",\"Prince Royce\",\"Romeo Santos\",\"Shakira\"],\"articleSection\":[\"Premios\"],\"inLanguage\":\"es\"},{\"@type\":\"WebPage\",\"@id\":\"https:\/\/www.equalmedia.mx\/site\/premios\/premios-juventud-2026-ganadores\/\",\"url\":\"https:\/\/www.equalmedia.mx\/site\/premios\/premios-juventud-2026-ganadores\/\",\"name\":\"Premios Juventud 2026: lista completa de ganadores\",\"isPartOf\":{\"@id\":\"https:\/\/www.equalmedia.mx\/site\/#website\"},\"primaryImageOfPage\":{\"@id\":\"https:\/\/www.equalmedia.mx\/site\/premios\/premios-juventud-2026-ganadores\/#primaryimage\"},\"image\":{\"@id\":\"https:\/\/www.equalmedia.mx\/site\/premios\/premios-juventud-2026-ganadores\/#primaryimage\"},\"thumbnailUrl\":\"https:\/\/www.equalmedia.mx\/site\/wp-content\/uploads\/2026\/09\/6HXCDQY7KNCJFEZPUEZ2M2AVC4.avif\",\"datePublished\":\"2026-09-05T02:47:07+00:00\",\"dateModified\":\"2026-09-05T02:47:08+00:00\",\"description\":\"Premios Juventud 2026 celebr\u00f3 su primera edici\u00f3n en Europa. Consulta la lista completa de ganadores y los momentos clave desde Marbella.\",\"breadcrumb\":{\"@id\":\"https:\/\/www.equalmedia.mx\/site\/premios\/premios-juventud-2026-ganadores\/#breadcrumb\"},\"inLanguage\":\"es\",\"potentialAction\":[{\"@type\":\"ReadAction\",\"target\":[\"https:\/\/www.equalmedia.mx\/site\/premios\/premios-juventud-2026-ganadores\/\"]}]},{\"@type\":\"ImageObject\",\"inLanguage\":\"es\",\"@id\":\"https:\/\/www.equalmedia.mx\/site\/premios\/premios-juventud-2026-ganadores\/#primaryimage\",\"url\":\"https:\/\/www.equalmedia.mx\/site\/wp-content\/uploads\/2026\/09\/6HXCDQY7KNCJFEZPUEZ2M2AVC4.avif\",\"contentUrl\":\"https:\/\/www.equalmedia.mx\/site\/wp-content\/uploads\/2026\/09\/6HXCDQY7KNCJFEZPUEZ2M2AVC4.avif\",\"width\":1960,\"height\":1470},{\"@type\":\"BreadcrumbList\",\"@id\":\"https:\/\/www.equalmedia.mx\/site\/premios\/premios-juventud-2026-ganadores\/#breadcrumb\",\"itemListElement\":[{\"@type\":\"ListItem\",\"position\":1,\"name\":\"Inicio\",\"item\":\"https:\/\/www.equalmedia.mx\/site\/\"},{\"@type\":\"ListItem\",\"position\":2,\"name\":\"Premios Juventud 2026 cambi\u00f3 de continente y ampli\u00f3 el mapa: todos los ganadores y lo que dej\u00f3 Marbella\"}]},{\"@type\":\"WebSite\",\"@id\":\"https:\/\/www.equalmedia.mx\/site\/#website\",\"url\":\"https:\/\/www.equalmedia.mx\/site\/\",\"name\":\"EQUAL MUSIC | Cultura Latina en Movimiento\",\"description\":\"Ritmo en movimiento.\",\"publisher\":{\"@id\":\"https:\/\/www.equalmedia.mx\/site\/#organization\"},\"potentialAction\":[{\"@type\":\"SearchAction\",\"target\":{\"@type\":\"EntryPoint\",\"urlTemplate\":\"https:\/\/www.equalmedia.mx\/site\/?s={search_term_string}\"},\"query-input\":{\"@type\":\"PropertyValueSpecification\",\"valueRequired\":true,\"valueName\":\"search_term_string\"}}],\"inLanguage\":\"es\"},{\"@type\":\"Organization\",\"@id\":\"https:\/\/www.equalmedia.mx\/site\/#organization\",\"name\":\"EQUAL MUSIC | Cultura Latina en Movimiento\",\"url\":\"https:\/\/www.equalmedia.mx\/site\/\",\"logo\":{\"@type\":\"ImageObject\",\"inLanguage\":\"es\",\"@id\":\"https:\/\/www.equalmedia.mx\/site\/#\/schema\/logo\/image\/\",\"url\":\"https:\/\/www.equalmedia.mx\/site\/wp-content\/uploads\/2021\/07\/logoblanco.png\",\"contentUrl\":\"https:\/\/www.equalmedia.mx\/site\/wp-content\/uploads\/2021\/07\/logoblanco.png\",\"width\":1920,\"height\":589,\"caption\":\"EQUAL MUSIC | Cultura Latina en Movimiento\"},\"image\":{\"@id\":\"https:\/\/www.equalmedia.mx\/site\/#\/schema\/logo\/image\/\"}},{\"@type\":\"Person\",\"@id\":\"https:\/\/www.equalmedia.mx\/site\/#\/schema\/person\/41b6e60d650a80262fa6b5189bbb9f20\",\"name\":\"Equal Media\",\"image\":{\"@type\":\"ImageObject\",\"inLanguage\":\"es\",\"@id\":\"https:\/\/www.equalmedia.mx\/site\/#\/schema\/person\/image\/\",\"url\":\"https:\/\/secure.gravatar.com\/avatar\/51c3f8f080f557c61349ab37ab35c9f967b3b271510dd8ef0b9b16a3dd5a89e9?s=96&d=mm&r=g\",\"contentUrl\":\"https:\/\/secure.gravatar.com\/avatar\/51c3f8f080f557c61349ab37ab35c9f967b3b271510dd8ef0b9b16a3dd5a89e9?s=96&d=mm&r=g\",\"caption\":\"Equal Media\"},\"description\":\"Equal Media es una productora y agencia de estrategia cultural transmedia que impulsa la visibilidad de la m\u00fasica y cultura latina a trav\u00e9s de contenidos originales, multiplataforma y con enfoque social. Con operaci\u00f3n desde Estados Unidos, M\u00e9xico y Colombia, Equal Media se ha consolidado como un actor clave en la narrativa documental, la curadur\u00eda musical y la creaci\u00f3n de formatos de alto impacto para audiencias latinas globales. Sus producciones incluyen Equal Music Sessions \u2014con m\u00e1s de 300 artistas programados en LATV Network\u2014, la serie Hunters y el documental 4TRO EL3MENTOS. Sus contenidos son emitidos en prime time en EE.UU. v\u00eda LATV y VOD, alcanzando m\u00e1s de 62 millones de hogares en mercados como Nueva York, Los \u00c1ngeles, Miami y Chicago. Equal Media ha estado presente con cobertura original y branded content en eventos como el Media Hub de los Latin Grammys, LAMC (NY), BIME (Bilbao, Bogot\u00e1), Vive Latino (CDMX), MIM LATAM, CAMM, entre otros hubs de la industria. Aliada de plataformas como Keychange, Femnoise, We Make Noise y la Municipalidad de Quilicura (Chile), Equal Media promueve una industria m\u00e1s equitativa, programando de forma activa proyectos liderados por mujeres, comunidades LGBTQ+ y sectores vulnerables. Bajo la direcci\u00f3n de Ulises Sanher \u2014reconocido por la UNAM y otras instituciones acad\u00e9micas por su labor cultural\u2014, Equal Media ha contribuido a formar nuevas audiencias desde la educaci\u00f3n, el activismo y la creatividad. Sanher ha sido invitado como speaker en foros como Circulart (COL), FIMPRO (MEX), Canadian Music Week (CAN), FME (CAN), SIM S\u00e3o Paulo (BR), MUPA (PAN), Corriente (PER) y Brasil Trends Conference. Tambi\u00e9n ha sido jurado externo de los Premios Rolling Stone en Espa\u00f1ol en Miami y ha ofrecido asesor\u00eda creativa en colaboraci\u00f3n con Berklee Valencia y la Asociaci\u00f3n de Supervisores Musicales.\",\"sameAs\":[\"https:\/\/www.equalmedia.mx\/\",\"https:\/\/www.instagram.com\/equal.music\",\"https:\/\/www.linkedin.com\/in\/ulises-sanher\/\",\"https:\/\/www.youtube.com\/@equalmusicworld\"],\"url\":\"https:\/\/www.equalmedia.mx\/site\/author\/admin\/\"}]}<\/script>\n<!-- \/ Yoast SEO plugin. -->","yoast_head_json":{"title":"Premios Juventud 2026: lista completa de ganadores","description":"Premios Juventud 2026 celebr\u00f3 su primera edici\u00f3n en Europa. Consulta la lista completa de ganadores y los momentos clave desde Marbella.","robots":{"index":"index","follow":"follow","max-snippet":"max-snippet:-1","max-image-preview":"max-image-preview:large","max-video-preview":"max-video-preview:-1"},"canonical":"https:\/\/www.equalmedia.mx\/site\/premios\/premios-juventud-2026-ganadores\/","og_locale":"es_ES","og_type":"article","og_title":"Premios Juventud 2026: lista completa de ganadores","og_description":"Premios Juventud 2026 celebr\u00f3 su primera edici\u00f3n en Europa. Consulta la lista completa de ganadores y los momentos clave desde Marbella.","og_url":"https:\/\/www.equalmedia.mx\/site\/premios\/premios-juventud-2026-ganadores\/","og_site_name":"EQUAL MUSIC | Cultura Latina en Movimiento","article_published_time":"2026-09-05T02:47:07+00:00","article_modified_time":"2026-09-05T02:47:08+00:00","author":"Equal Media","twitter_card":"summary_large_image","twitter_misc":{"Escrito por":"Equal Media","Tiempo de lectura":"7 minutos"},"schema":{"@context":"https:\/\/schema.org","@graph":[{"@type":"Article","@id":"https:\/\/www.equalmedia.mx\/site\/premios\/premios-juventud-2026-ganadores\/#article","isPartOf":{"@id":"https:\/\/www.equalmedia.mx\/site\/premios\/premios-juventud-2026-ganadores\/"},"author":{"name":"Equal Media","@id":"https:\/\/www.equalmedia.mx\/site\/#\/schema\/person\/41b6e60d650a80262fa6b5189bbb9f20"},"headline":"Premios Juventud 2026 cambi\u00f3 de continente y ampli\u00f3 el mapa: todos los ganadores y lo que dej\u00f3 Marbella","datePublished":"2026-09-05T02:47:07+00:00","dateModified":"2026-09-05T02:47:08+00:00","mainEntityOfPage":{"@id":"https:\/\/www.equalmedia.mx\/site\/premios\/premios-juventud-2026-ganadores\/"},"wordCount":1538,"publisher":{"@id":"https:\/\/www.equalmedia.mx\/site\/#organization"},"image":{"@id":"https:\/\/www.equalmedia.mx\/site\/premios\/premios-juventud-2026-ganadores\/#primaryimage"},"thumbnailUrl":"https:\/\/www.equalmedia.mx\/site\/wp-content\/uploads\/2026\/09\/6HXCDQY7KNCJFEZPUEZ2M2AVC4.avif","keywords":["Aitana","Alejandro Fern\u00e1ndez","Bad Bunny","equal media","Equal Meia","Karol G","Marbella","Premios Juventud","Premios Juventud 2026","Prince Royce","Romeo Santos","Shakira"],"articleSection":["Premios"],"inLanguage":"es"},{"@type":"WebPage","@id":"https:\/\/www.equalmedia.mx\/site\/premios\/premios-juventud-2026-ganadores\/","url":"https:\/\/www.equalmedia.mx\/site\/premios\/premios-juventud-2026-ganadores\/","name":"Premios Juventud 2026: lista completa de ganadores","isPartOf":{"@id":"https:\/\/www.equalmedia.mx\/site\/#website"},"primaryImageOfPage":{"@id":"https:\/\/www.equalmedia.mx\/site\/premios\/premios-juventud-2026-ganadores\/#primaryimage"},"image":{"@id":"https:\/\/www.equalmedia.mx\/site\/premios\/premios-juventud-2026-ganadores\/#primaryimage"},"thumbnailUrl":"https:\/\/www.equalmedia.mx\/site\/wp-content\/uploads\/2026\/09\/6HXCDQY7KNCJFEZPUEZ2M2AVC4.avif","datePublished":"2026-09-05T02:47:07+00:00","dateModified":"2026-09-05T02:47:08+00:00","description":"Premios Juventud 2026 celebr\u00f3 su primera edici\u00f3n en Europa. Consulta la lista completa de ganadores y los momentos clave desde Marbella.","breadcrumb":{"@id":"https:\/\/www.equalmedia.mx\/site\/premios\/premios-juventud-2026-ganadores\/#breadcrumb"},"inLanguage":"es","potentialAction":[{"@type":"ReadAction","target":["https:\/\/www.equalmedia.mx\/site\/premios\/premios-juventud-2026-ganadores\/"]}]},{"@type":"ImageObject","inLanguage":"es","@id":"https:\/\/www.equalmedia.mx\/site\/premios\/premios-juventud-2026-ganadores\/#primaryimage","url":"https:\/\/www.equalmedia.mx\/site\/wp-content\/uploads\/2026\/09\/6HXCDQY7KNCJFEZPUEZ2M2AVC4.avif","contentUrl":"https:\/\/www.equalmedia.mx\/site\/wp-content\/uploads\/2026\/09\/6HXCDQY7KNCJFEZPUEZ2M2AVC4.avif","width":1960,"height":1470},{"@type":"BreadcrumbList","@id":"https:\/\/www.equalmedia.mx\/site\/premios\/premios-juventud-2026-ganadores\/#breadcrumb","itemListElement":[{"@type":"ListItem","position":1,"name":"Inicio","item":"https:\/\/www.equalmedia.mx\/site\/"},{"@type":"ListItem","position":2,"name":"Premios Juventud 2026 cambi\u00f3 de continente y ampli\u00f3 el mapa: todos los ganadores y lo que dej\u00f3 Marbella"}]},{"@type":"WebSite","@id":"https:\/\/www.equalmedia.mx\/site\/#website","url":"https:\/\/www.equalmedia.mx\/site\/","name":"EQUAL MUSIC | Cultura Latina en Movimiento","description":"Ritmo en movimiento.","publisher":{"@id":"https:\/\/www.equalmedia.mx\/site\/#organization"},"potentialAction":[{"@type":"SearchAction","target":{"@type":"EntryPoint","urlTemplate":"https:\/\/www.equalmedia.mx\/site\/?s={search_term_string}"},"query-input":{"@type":"PropertyValueSpecification","valueRequired":true,"valueName":"search_term_string"}}],"inLanguage":"es"},{"@type":"Organization","@id":"https:\/\/www.equalmedia.mx\/site\/#organization","name":"EQUAL MUSIC | Cultura Latina en Movimiento","url":"https:\/\/www.equalmedia.mx\/site\/","logo":{"@type":"ImageObject","inLanguage":"es","@id":"https:\/\/www.equalmedia.mx\/site\/#\/schema\/logo\/image\/","url":"https:\/\/www.equalmedia.mx\/site\/wp-content\/uploads\/2021\/07\/logoblanco.png","contentUrl":"https:\/\/www.equalmedia.mx\/site\/wp-content\/uploads\/2021\/07\/logoblanco.png","width":1920,"height":589,"caption":"EQUAL MUSIC | Cultura Latina en Movimiento"},"image":{"@id":"https:\/\/www.equalmedia.mx\/site\/#\/schema\/logo\/image\/"}},{"@type":"Person","@id":"https:\/\/www.equalmedia.mx\/site\/#\/schema\/person\/41b6e60d650a80262fa6b5189bbb9f20","name":"Equal Media","image":{"@type":"ImageObject","inLanguage":"es","@id":"https:\/\/www.equalmedia.mx\/site\/#\/schema\/person\/image\/","url":"https:\/\/secure.gravatar.com\/avatar\/51c3f8f080f557c61349ab37ab35c9f967b3b271510dd8ef0b9b16a3dd5a89e9?s=96&d=mm&r=g","contentUrl":"https:\/\/secure.gravatar.com\/avatar\/51c3f8f080f557c61349ab37ab35c9f967b3b271510dd8ef0b9b16a3dd5a89e9?s=96&d=mm&r=g","caption":"Equal Media"},"description":"Equal Media es una productora y agencia de estrategia cultural transmedia que impulsa la visibilidad de la m\u00fasica y cultura latina a trav\u00e9s de contenidos originales, multiplataforma y con enfoque social. Con operaci\u00f3n desde Estados Unidos, M\u00e9xico y Colombia, Equal Media se ha consolidado como un actor clave en la narrativa documental, la curadur\u00eda musical y la creaci\u00f3n de formatos de alto impacto para audiencias latinas globales. Sus producciones incluyen Equal Music Sessions \u2014con m\u00e1s de 300 artistas programados en LATV Network\u2014, la serie Hunters y el documental 4TRO EL3MENTOS. Sus contenidos son emitidos en prime time en EE.UU. v\u00eda LATV y VOD, alcanzando m\u00e1s de 62 millones de hogares en mercados como Nueva York, Los \u00c1ngeles, Miami y Chicago. Equal Media ha estado presente con cobertura original y branded content en eventos como el Media Hub de los Latin Grammys, LAMC (NY), BIME (Bilbao, Bogot\u00e1), Vive Latino (CDMX), MIM LATAM, CAMM, entre otros hubs de la industria. Aliada de plataformas como Keychange, Femnoise, We Make Noise y la Municipalidad de Quilicura (Chile), Equal Media promueve una industria m\u00e1s equitativa, programando de forma activa proyectos liderados por mujeres, comunidades LGBTQ+ y sectores vulnerables. Bajo la direcci\u00f3n de Ulises Sanher \u2014reconocido por la UNAM y otras instituciones acad\u00e9micas por su labor cultural\u2014, Equal Media ha contribuido a formar nuevas audiencias desde la educaci\u00f3n, el activismo y la creatividad. Sanher ha sido invitado como speaker en foros como Circulart (COL), FIMPRO (MEX), Canadian Music Week (CAN), FME (CAN), SIM S\u00e3o Paulo (BR), MUPA (PAN), Corriente (PER) y Brasil Trends Conference. Tambi\u00e9n ha sido jurado externo de los Premios Rolling Stone en Espa\u00f1ol en Miami y ha ofrecido asesor\u00eda creativa en colaboraci\u00f3n con Berklee Valencia y la Asociaci\u00f3n de Supervisores Musicales.","sameAs":["https:\/\/www.equalmedia.mx\/","https:\/\/www.instagram.com\/equal.music","https:\/\/www.linkedin.com\/in\/ulises-sanher\/","https:\/\/www.youtube.com\/@equalmusicworld"],"url":"https:\/\/www.equalmedia.mx\/site\/author\/admin\/"}]}},"_links":{"self":[{"href":"https:\/\/www.equalmedia.mx\/site\/wp-json\/wp\/v2\/posts\/9800","targetHints":{"allow":["GET"]}}],"collection":[{"href":"https:\/\/www.equalmedia.mx\/site\/wp-json\/wp\/v2\/posts"}],"about":[{"href":"https:\/\/www.equalmedia.mx\/site\/wp-json\/wp\/v2\/types\/post"}],"author":[{"embeddable":true,"href":"https:\/\/www.equalmedia.mx\/site\/wp-json\/wp\/v2\/users\/1"}],"replies":[{"embeddable":true,"href":"https:\/\/www.equalmedia.mx\/site\/wp-json\/wp\/v2\/comments?post=9800"}],"version-history":[{"count":2,"href":"https:\/\/www.equalmedia.mx\/site\/wp-json\/wp\/v2\/posts\/9800\/revisions"}],"predecessor-version":[{"id":9803,"href":"https:\/\/www.equalmedia.mx\/site\/wp-json\/wp\/v2\/posts\/9800\/revisions\/9803"}],"wp:featuredmedia":[{"embeddable":true,"href":"https:\/\/www.equalmedia.mx\/site\/wp-json\/wp\/v2\/media\/9801"}],"wp:attachment":[{"href":"https:\/\/www.equalmedia.mx\/site\/wp-json\/wp\/v2\/media?parent=9800"}],"wp:term":[{"taxonomy":"category","embeddable":true,"href":"https:\/\/www.equalmedia.mx\/site\/wp-json\/wp\/v2\/categories?post=9800"},{"taxonomy":"post_tag","embeddable":true,"href":"https:\/\/www.equalmedia.mx\/site\/wp-json\/wp\/v2\/tags?post=9800"}],"curies":[{"name":"wp","href":"https:\/\/api.w.org\/{rel}","templated":true}]}}